{"id":18473,"date":"2019-04-26T09:13:19","date_gmt":"2019-04-26T07:13:19","guid":{"rendered":"https:\/\/dev.fbolimpica.es\/montjuic-un-llibre-obert\/"},"modified":"2019-07-17T08:53:22","modified_gmt":"2019-07-17T06:53:22","slug":"montjuic-un-llibre-obert","status":"publish","type":"post","link":"https:\/\/www.fundaciobarcelonaolimpica.es\/ca\/montjuic-un-llibre-obert\/","title":{"rendered":"Montju\u00efc, un llibre obert"},"content":{"rendered":"<p>L\u2019objectiu de l\u2019activitat ha estat donar visibilitat del CEO Samaranch dins de la gent del districte de Sants-Montju\u00efc, tot mostrant les tasques que es realitzen i els fons que hi custodiem.<\/p>\n<p><em>Montju\u00efc, un llibre obert<\/em>\u00a0ha estat organitzada pel Centre C\u00edvic El Sortidor, i a m\u00e9s del CEO Samaranch, han participat el Museu Etnol\u00f2gic i de Cultures del M\u00f3n i la Cartoteca de Catalunya-Institut Cartogr\u00e0fic i Geol\u00f2gic de Catalunya.<\/p>\n","protected":false},"excerpt":{"rendered":"<p>El Centre d\u2019estudis Ol\u00edmpics i de l\u2019Esport Joan Antoni Samaranch (CEO Samaranch) ha obert les seves portes participant en l\u2019activitat Montju\u00efc, un llibre obert. L\u2019activitat ha consistit en un itinerari per tres dels centres de documentaci\u00f3 ubicats a la muntanya, on es fa una tasca de suport per a la recerca i la divulgaci\u00f3 del patrimoni cultural. L&#8217;itinerari ha perm\u00e8s entrar en aquests espais i descobrir els tresors que s\u2019hi amaguen. Alhora, d\u2019un centre a l\u2019altre, s\u2019ha realitzat una passejada per l\u2019interior dels jardins que hi ha a Montju\u00efc.<\/p>\n","protected":false},"author":10,"featured_media":18470,"comment_status":"closed","ping_status":"closed","sticky":false,"template":"","format":"standard","meta":{"_acf_changed":false,"footnotes":""},"categories":[2],"tags":[],"class_list":["post-18473","post","type-post","status-publish","format-standard","has-post-thumbnail","hentry","category-sense-categoria"],"acf":[],"yoast_head":"<!-- This site is optimized with the Yoast SEO plugin v23.7 - https:\/\/yoast.com\/wordpress\/plugins\/seo\/ -->\n<title>Montju\u00efc, un llibre obert - Fundaci\u00f3 Barcelona Ol\u00edmpica<\/title>\n<meta name=\"robots\" content=\"index, follow, max-snippet:-1, max-image-preview:large, max-video-preview:-1\" \/>\n<link rel=\"canonical\" href=\"https:\/\/www.fundaciobarcelonaolimpica.es\/ca\/montjuic-un-llibre-obert\/\" \/>\n<meta property=\"og:locale\" content=\"ca_ES\" \/>\n<meta property=\"og:type\" content=\"article\" \/>\n<meta property=\"og:title\" content=\"Montju\u00efc, un llibre obert - Fundaci\u00f3 Barcelona Ol\u00edmpica\" \/>\n<meta property=\"og:description\" content=\"El Centre d\u2019estudis Ol\u00edmpics i de l\u2019Esport Joan Antoni Samaranch (CEO Samaranch) ha obert les seves portes participant en l\u2019activitat Montju\u00efc, un llibre obert. L\u2019activitat ha consistit en un itinerari per tres dels centres de documentaci\u00f3 ubicats a la muntanya, on es fa una tasca de suport per a la recerca i la divulgaci\u00f3 del patrimoni cultural. L&#039;itinerari ha perm\u00e8s entrar en aquests espais i descobrir els tresors que s\u2019hi amaguen. Alhora, d\u2019un centre a l\u2019altre, s\u2019ha realitzat una passejada per l\u2019interior dels jardins que hi ha a Montju\u00efc.\" \/>\n<meta property=\"og:url\" content=\"https:\/\/www.fundaciobarcelonaolimpica.es\/ca\/montjuic-un-llibre-obert\/\" \/>\n<meta property=\"og:site_name\" content=\"Fundaci\u00f3 Barcelona Ol\u00edmpica\" \/>\n<meta property=\"article:published_time\" content=\"2019-04-26T07:13:19+00:00\" \/>\n<meta property=\"article:modified_time\" content=\"2019-07-17T06:53:22+00:00\" \/>\n<meta property=\"og:image\" content=\"https:\/\/www.fundaciobarcelonaolimpica.es\/wp-content\/uploads\/sites\/3\/2019\/07\/IMG_3685.jpg\" \/>\n\t<meta property=\"og:image:width\" content=\"4032\" \/>\n\t<meta property=\"og:image:height\" content=\"3024\" \/>\n\t<meta property=\"og:image:type\" content=\"image\/jpeg\" \/>\n<meta name=\"author\" content=\"editor\" \/>\n<meta name=\"twitter:card\" content=\"summary_large_image\" \/>\n<meta name=\"twitter:label1\" content=\"Escrit per\" \/>\n\t<meta name=\"twitter:data1\" content=\"editor\" \/>\n<script type=\"application\/ld+json\" class=\"yoast-schema-graph\">{\"@context\":\"https:\/\/schema.org\",\"@graph\":[{\"@type\":\"Article\",\"@id\":\"https:\/\/www.fundaciobarcelonaolimpica.es\/ca\/montjuic-un-llibre-obert\/#article\",\"isPartOf\":{\"@id\":\"https:\/\/www.fundaciobarcelonaolimpica.es\/ca\/montjuic-un-llibre-obert\/\"},\"author\":{\"name\":\"editor\",\"@id\":\"https:\/\/www.fundaciobarcelonaolimpica.es\/ca\/#\/schema\/person\/27fb3ca248933c27f53014c648c3b103\"},\"headline\":\"Montju\u00efc, un llibre obert\",\"datePublished\":\"2019-04-26T07:13:19+00:00\",\"dateModified\":\"2019-07-17T06:53:22+00:00\",\"mainEntityOfPage\":{\"@id\":\"https:\/\/www.fundaciobarcelonaolimpica.es\/ca\/montjuic-un-llibre-obert\/\"},\"wordCount\":84,\"publisher\":{\"@id\":\"https:\/\/www.fundaciobarcelonaolimpica.es\/ca\/#organization\"},\"image\":{\"@id\":\"https:\/\/www.fundaciobarcelonaolimpica.es\/ca\/montjuic-un-llibre-obert\/#primaryimage\"},\"thumbnailUrl\":\"https:\/\/www.fundaciobarcelonaolimpica.es\/wp-content\/uploads\/sites\/3\/2019\/07\/IMG_3685.jpg\",\"inLanguage\":\"ca\"},{\"@type\":\"WebPage\",\"@id\":\"https:\/\/www.fundaciobarcelonaolimpica.es\/ca\/montjuic-un-llibre-obert\/\",\"url\":\"https:\/\/www.fundaciobarcelonaolimpica.es\/ca\/montjuic-un-llibre-obert\/\",\"name\":\"Montju\u00efc, un llibre obert - Fundaci\u00f3 Barcelona Ol\u00edmpica\",\"isPartOf\":{\"@id\":\"https:\/\/www.fundaciobarcelonaolimpica.es\/ca\/#website\"},\"primaryImageOfPage\":{\"@id\":\"https:\/\/www.fundaciobarcelonaolimpica.es\/ca\/montjuic-un-llibre-obert\/#primaryimage\"},\"image\":{\"@id\":\"https:\/\/www.fundaciobarcelonaolimpica.es\/ca\/montjuic-un-llibre-obert\/#primaryimage\"},\"thumbnailUrl\":\"https:\/\/www.fundaciobarcelonaolimpica.es\/wp-content\/uploads\/sites\/3\/2019\/07\/IMG_3685.jpg\",\"datePublished\":\"2019-04-26T07:13:19+00:00\",\"dateModified\":\"2019-07-17T06:53:22+00:00\",\"breadcrumb\":{\"@id\":\"https:\/\/www.fundaciobarcelonaolimpica.es\/ca\/montjuic-un-llibre-obert\/#breadcrumb\"},\"inLanguage\":\"ca\",\"potentialAction\":[{\"@type\":\"ReadAction\",\"target\":[\"https:\/\/www.fundaciobarcelonaolimpica.es\/ca\/montjuic-un-llibre-obert\/\"]}]},{\"@type\":\"ImageObject\",\"inLanguage\":\"ca\",\"@id\":\"https:\/\/www.fundaciobarcelonaolimpica.es\/ca\/montjuic-un-llibre-obert\/#primaryimage\",\"url\":\"https:\/\/www.fundaciobarcelonaolimpica.es\/wp-content\/uploads\/sites\/3\/2019\/07\/IMG_3685.jpg\",\"contentUrl\":\"https:\/\/www.fundaciobarcelonaolimpica.es\/wp-content\/uploads\/sites\/3\/2019\/07\/IMG_3685.jpg\",\"width\":4032,\"height\":3024},{\"@type\":\"BreadcrumbList\",\"@id\":\"https:\/\/www.fundaciobarcelonaolimpica.es\/ca\/montjuic-un-llibre-obert\/#breadcrumb\",\"itemListElement\":[{\"@type\":\"ListItem\",\"position\":1,\"name\":\"FBO\",\"item\":\"https:\/\/www.fundaciobarcelonaolimpica.es\/es\/\"},{\"@type\":\"ListItem\",\"position\":2,\"name\":\"Montju\u00efc, un llibre obert\"}]},{\"@type\":\"WebSite\",\"@id\":\"https:\/\/www.fundaciobarcelonaolimpica.es\/ca\/#website\",\"url\":\"https:\/\/www.fundaciobarcelonaolimpica.es\/ca\/\",\"name\":\"Fundaci\u00f3 Barcelona Ol\u00edmpica\",\"description\":\"Web del Museu Ol\u00edmpic i de l&#039;Esport\",\"publisher\":{\"@id\":\"https:\/\/www.fundaciobarcelonaolimpica.es\/ca\/#organization\"},\"potentialAction\":[{\"@type\":\"SearchAction\",\"target\":{\"@type\":\"EntryPoint\",\"urlTemplate\":\"https:\/\/www.fundaciobarcelonaolimpica.es\/ca\/?s={search_term_string}\"},\"query-input\":{\"@type\":\"PropertyValueSpecification\",\"valueRequired\":true,\"valueName\":\"search_term_string\"}}],\"inLanguage\":\"ca\"},{\"@type\":\"Organization\",\"@id\":\"https:\/\/www.fundaciobarcelonaolimpica.es\/ca\/#organization\",\"name\":\"Fundaci\u00f3 Barcelona Ol\u00edmpica\",\"url\":\"https:\/\/www.fundaciobarcelonaolimpica.es\/ca\/\",\"logo\":{\"@type\":\"ImageObject\",\"inLanguage\":\"ca\",\"@id\":\"https:\/\/www.fundaciobarcelonaolimpica.es\/ca\/#\/schema\/logo\/image\/\",\"url\":\"https:\/\/www.fundaciobarcelonaolimpica.es\/wp-content\/uploads\/sites\/3\/2019\/02\/logo-fundacio.svg\",\"contentUrl\":\"https:\/\/www.fundaciobarcelonaolimpica.es\/wp-content\/uploads\/sites\/3\/2019\/02\/logo-fundacio.svg\",\"caption\":\"Fundaci\u00f3 Barcelona Ol\u00edmpica\"},\"image\":{\"@id\":\"https:\/\/www.fundaciobarcelonaolimpica.es\/ca\/#\/schema\/logo\/image\/\"}},{\"@type\":\"Person\",\"@id\":\"https:\/\/www.fundaciobarcelonaolimpica.es\/ca\/#\/schema\/person\/27fb3ca248933c27f53014c648c3b103\",\"name\":\"editor\",\"url\":\"https:\/\/www.fundaciobarcelonaolimpica.es\/ca\/author\/editor\/\"}]}<\/script>\n<!-- \/ Yoast SEO plugin. -->","yoast_head_json":{"title":"Montju\u00efc, un llibre obert - Fundaci\u00f3 Barcelona Ol\u00edmpica","robots":{"index":"index","follow":"follow","max-snippet":"max-snippet:-1","max-image-preview":"max-image-preview:large","max-video-preview":"max-video-preview:-1"},"canonical":"https:\/\/www.fundaciobarcelonaolimpica.es\/ca\/montjuic-un-llibre-obert\/","og_locale":"ca_ES","og_type":"article","og_title":"Montju\u00efc, un llibre obert - Fundaci\u00f3 Barcelona Ol\u00edmpica","og_description":"El Centre d\u2019estudis Ol\u00edmpics i de l\u2019Esport Joan Antoni Samaranch (CEO Samaranch) ha obert les seves portes participant en l\u2019activitat Montju\u00efc, un llibre obert. L\u2019activitat ha consistit en un itinerari per tres dels centres de documentaci\u00f3 ubicats a la muntanya, on es fa una tasca de suport per a la recerca i la divulgaci\u00f3 del patrimoni cultural. L'itinerari ha perm\u00e8s entrar en aquests espais i descobrir els tresors que s\u2019hi amaguen. Alhora, d\u2019un centre a l\u2019altre, s\u2019ha realitzat una passejada per l\u2019interior dels jardins que hi ha a Montju\u00efc.","og_url":"https:\/\/www.fundaciobarcelonaolimpica.es\/ca\/montjuic-un-llibre-obert\/","og_site_name":"Fundaci\u00f3 Barcelona Ol\u00edmpica","article_published_time":"2019-04-26T07:13:19+00:00","article_modified_time":"2019-07-17T06:53:22+00:00","og_image":[{"width":4032,"height":3024,"url":"https:\/\/www.fundaciobarcelonaolimpica.es\/wp-content\/uploads\/sites\/3\/2019\/07\/IMG_3685.jpg","type":"image\/jpeg"}],"author":"editor","twitter_card":"summary_large_image","twitter_misc":{"Escrit per":"editor"},"schema":{"@context":"https:\/\/schema.org","@graph":[{"@type":"Article","@id":"https:\/\/www.fundaciobarcelonaolimpica.es\/ca\/montjuic-un-llibre-obert\/#article","isPartOf":{"@id":"https:\/\/www.fundaciobarcelonaolimpica.es\/ca\/montjuic-un-llibre-obert\/"},"author":{"name":"editor","@id":"https:\/\/www.fundaciobarcelonaolimpica.es\/ca\/#\/schema\/person\/27fb3ca248933c27f53014c648c3b103"},"headline":"Montju\u00efc, un llibre obert","datePublished":"2019-04-26T07:13:19+00:00","dateModified":"2019-07-17T06:53:22+00:00","mainEntityOfPage":{"@id":"https:\/\/www.fundaciobarcelonaolimpica.es\/ca\/montjuic-un-llibre-obert\/"},"wordCount":84,"publisher":{"@id":"https:\/\/www.fundaciobarcelonaolimpica.es\/ca\/#organization"},"image":{"@id":"https:\/\/www.fundaciobarcelonaolimpica.es\/ca\/montjuic-un-llibre-obert\/#primaryimage"},"thumbnailUrl":"https:\/\/www.fundaciobarcelonaolimpica.es\/wp-content\/uploads\/sites\/3\/2019\/07\/IMG_3685.jpg","inLanguage":"ca"},{"@type":"WebPage","@id":"https:\/\/www.fundaciobarcelonaolimpica.es\/ca\/montjuic-un-llibre-obert\/","url":"https:\/\/www.fundaciobarcelonaolimpica.es\/ca\/montjuic-un-llibre-obert\/","name":"Montju\u00efc, un llibre obert - Fundaci\u00f3 Barcelona Ol\u00edmpica","isPartOf":{"@id":"https:\/\/www.fundaciobarcelonaolimpica.es\/ca\/#website"},"primaryImageOfPage":{"@id":"https:\/\/www.fundaciobarcelonaolimpica.es\/ca\/montjuic-un-llibre-obert\/#primaryimage"},"image":{"@id":"https:\/\/www.fundaciobarcelonaolimpica.es\/ca\/montjuic-un-llibre-obert\/#primaryimage"},"thumbnailUrl":"https:\/\/www.fundaciobarcelonaolimpica.es\/wp-content\/uploads\/sites\/3\/2019\/07\/IMG_3685.jpg","datePublished":"2019-04-26T07:13:19+00:00","dateModified":"2019-07-17T06:53:22+00:00","breadcrumb":{"@id":"https:\/\/www.fundaciobarcelonaolimpica.es\/ca\/montjuic-un-llibre-obert\/#breadcrumb"},"inLanguage":"ca","potentialAction":[{"@type":"ReadAction","target":["https:\/\/www.fundaciobarcelonaolimpica.es\/ca\/montjuic-un-llibre-obert\/"]}]},{"@type":"ImageObject","inLanguage":"ca","@id":"https:\/\/www.fundaciobarcelonaolimpica.es\/ca\/montjuic-un-llibre-obert\/#primaryimage","url":"https:\/\/www.fundaciobarcelonaolimpica.es\/wp-content\/uploads\/sites\/3\/2019\/07\/IMG_3685.jpg","contentUrl":"https:\/\/www.fundaciobarcelonaolimpica.es\/wp-content\/uploads\/sites\/3\/2019\/07\/IMG_3685.jpg","width":4032,"height":3024},{"@type":"BreadcrumbList","@id":"https:\/\/www.fundaciobarcelonaolimpica.es\/ca\/montjuic-un-llibre-obert\/#breadcrumb","itemListElement":[{"@type":"ListItem","position":1,"name":"FBO","item":"https:\/\/www.fundaciobarcelonaolimpica.es\/es\/"},{"@type":"ListItem","position":2,"name":"Montju\u00efc, un llibre obert"}]},{"@type":"WebSite","@id":"https:\/\/www.fundaciobarcelonaolimpica.es\/ca\/#website","url":"https:\/\/www.fundaciobarcelonaolimpica.es\/ca\/","name":"Fundaci\u00f3 Barcelona Ol\u00edmpica","description":"Web del Museu Ol\u00edmpic i de l&#039;Esport","publisher":{"@id":"https:\/\/www.fundaciobarcelonaolimpica.es\/ca\/#organization"},"potentialAction":[{"@type":"SearchAction","target":{"@type":"EntryPoint","urlTemplate":"https:\/\/www.fundaciobarcelonaolimpica.es\/ca\/?s={search_term_string}"},"query-input":{"@type":"PropertyValueSpecification","valueRequired":true,"valueName":"search_term_string"}}],"inLanguage":"ca"},{"@type":"Organization","@id":"https:\/\/www.fundaciobarcelonaolimpica.es\/ca\/#organization","name":"Fundaci\u00f3 Barcelona Ol\u00edmpica","url":"https:\/\/www.fundaciobarcelonaolimpica.es\/ca\/","logo":{"@type":"ImageObject","inLanguage":"ca","@id":"https:\/\/www.fundaciobarcelonaolimpica.es\/ca\/#\/schema\/logo\/image\/","url":"https:\/\/www.fundaciobarcelonaolimpica.es\/wp-content\/uploads\/sites\/3\/2019\/02\/logo-fundacio.svg","contentUrl":"https:\/\/www.fundaciobarcelonaolimpica.es\/wp-content\/uploads\/sites\/3\/2019\/02\/logo-fundacio.svg","caption":"Fundaci\u00f3 Barcelona Ol\u00edmpica"},"image":{"@id":"https:\/\/www.fundaciobarcelonaolimpica.es\/ca\/#\/schema\/logo\/image\/"}},{"@type":"Person","@id":"https:\/\/www.fundaciobarcelonaolimpica.es\/ca\/#\/schema\/person\/27fb3ca248933c27f53014c648c3b103","name":"editor","url":"https:\/\/www.fundaciobarcelonaolimpica.es\/ca\/author\/editor\/"}]}},"_links":{"self":[{"href":"https:\/\/www.fundaciobarcelonaolimpica.es\/ca\/wp-json\/wp\/v2\/posts\/18473"}],"collection":[{"href":"https:\/\/www.fundaciobarcelonaolimpica.es\/ca\/wp-json\/wp\/v2\/posts"}],"about":[{"href":"https:\/\/www.fundaciobarcelonaolimpica.es\/ca\/wp-json\/wp\/v2\/types\/post"}],"author":[{"embeddable":true,"href":"https:\/\/www.fundaciobarcelonaolimpica.es\/ca\/wp-json\/wp\/v2\/users\/10"}],"replies":[{"embeddable":true,"href":"https:\/\/www.fundaciobarcelonaolimpica.es\/ca\/wp-json\/wp\/v2\/comments?post=18473"}],"version-history":[{"count":1,"href":"https:\/\/www.fundaciobarcelonaolimpica.es\/ca\/wp-json\/wp\/v2\/posts\/18473\/revisions"}],"predecessor-version":[{"id":19541,"href":"https:\/\/www.fundaciobarcelonaolimpica.es\/ca\/wp-json\/wp\/v2\/posts\/18473\/revisions\/19541"}],"wp:featuredmedia":[{"embeddable":true,"href":"https:\/\/www.fundaciobarcelonaolimpica.es\/ca\/wp-json\/wp\/v2\/media\/18470"}],"wp:attachment":[{"href":"https:\/\/www.fundaciobarcelonaolimpica.es\/ca\/wp-json\/wp\/v2\/media?parent=18473"}],"wp:term":[{"taxonomy":"category","embeddable":true,"href":"https:\/\/www.fundaciobarcelonaolimpica.es\/ca\/wp-json\/wp\/v2\/categories?post=18473"},{"taxonomy":"post_tag","embeddable":true,"href":"https:\/\/www.fundaciobarcelonaolimpica.es\/ca\/wp-json\/wp\/v2\/tags?post=18473"}],"curies":[{"name":"wp","href":"https:\/\/api.w.org\/{rel}","templated":true}]}}