{"id":18584,"date":"2017-10-26T10:50:54","date_gmt":"2017-10-26T08:50:54","guid":{"rendered":"https:\/\/dev.fbolimpica.es\/pere-miro-director-adjunt-del-cio-obre-la-jornada-del-xii-forum-olimpic-dedicat-al-25-aniversari-de-barcelona92\/"},"modified":"2019-07-16T12:19:38","modified_gmt":"2019-07-16T10:19:38","slug":"pere-miro-director-adjunt-del-cio-obre-la-jornada-del-xii-forum-olimpic-dedicat-al-25-aniversari-de-barcelona92","status":"publish","type":"post","link":"https:\/\/www.fundaciobarcelonaolimpica.es\/ca\/pere-miro-director-adjunt-del-cio-obre-la-jornada-del-xii-forum-olimpic-dedicat-al-25-aniversari-de-barcelona92\/","title":{"rendered":"Pere Mir\u00f3, director adjunt del CIO, obre la jornada del XII F\u00f2rum Ol\u00edmpic dedicat al 25 aniversari de Barcelona\u201992"},"content":{"rendered":"<p>Pere Mir\u00f3 ha destacat la import\u00e0ncia de l&#8217;Agenda 2020 que estableix l&#8217;estrat\u00e8gia a seguir pel Comit\u00e8 Internacional Ol\u00edmpic per al futur del moviment ol\u00edmpic. L&#8217;Agenda 2020 va ser adoptada pel CIO al desembre del 2014 i estableix directrius i objectius dels Jocs Ol\u00edmpics. Aspectes tals com que els Jocs han de ser \u00fatils per a l&#8217;esport i la societat, la sostenibilitat i el medi ambient, i l\u2019\u00fas de les instal\u00b7lacions una vegada finalitzats els Jocs s\u00f3n alguns dels punts m\u00e9s importants que Pere Mir\u00f3 ha destacat en la seva pon\u00e8ncia.<\/p>\n<p>A continuaci\u00f3 Washington Fajardo, arquitecte de Rio de Janeiro, ens ha explicat com des de l&#8217;Ajuntament de Rio es tenia com a objectiu millorar i mantenir el patrimoni hist\u00f2ric de la ciutat, com estableix l&#8217;Agenda 2020. Per aix\u00f2, es van donar grans facilitats als propietaris perqu\u00e8 restauressin les seves cases posant en valor un tresor cultural. Aquesta acci\u00f3 es va inspirar en la campanya \u201cBarcelona, posa\u2019t guapa\u201d que l&#8217;Ajuntament de Barcelona va llan\u00e7ar a la meitat dels anys 80.<\/p>\n<p>Mantenint aquesta l\u00ednia, Enric Tru\u00f1\u00f3, regidor d&#8217;esports de l&#8217;Ajuntament de Barcelona i dels JJOO 1992, ha explicat com amb la finalitat de conscienciar al ciutad\u00e0, es van engegar campanyes com \u201cEsport per a tots\u201d o la de voluntaris pels JJOO; aix\u00f2 va implicar que la ciutadania s&#8217;involucr\u00e9s i adopt\u00e9s els JJOO com a seus i la import\u00e0ncia de l&#8217;esport. Aquest sentiment segueix vigent a Barcelona avui dia.<\/p>\n<p>Llu\u00eds Millet, arquitecte responsable del departament d&#8217;Infraestructures del COOB\u201992, ha descobert algunes de les grans pautes en la reestructuraci\u00f3 de Barcelona i de les infraestructures, un ardu treball que es va fer mirant m\u00e9s enll\u00e0 del \u201992.<\/p>\n<p>La jornada de dijous 26 d&#8217;octubre ha concl\u00f2s amb la taula rodona de ciutats ol\u00edmpiques on Anders Lindstad, professor de la Universitat noruega \u201cLillehammer University College\u201d, Kostas Georgiadis, professor de la universitat grega \u201cPeloponeso University\u201d i delegat de l&#8217;Acad\u00e8mia Ol\u00edmpica Internacional i Simon Cooper, director d&#8217;esports de l\u2019Ajuntament de Londres, coordinats per Josep Roca, responsable de projectes de Barcelona Activa, han tractat aquells aspectes positius i negatius de l&#8217;organitzaci\u00f3 dels Jocs i com s&#8217;estan tractant avui dia per solucionar o potenciar les seves conseq\u00fc\u00e8ncies.<\/p>\n<p>Dem\u00e0, a les 10h a l&#8217;INEFC de Barcelona, comen\u00e7arem amb la taula rodona de &#8220;Gesti\u00f3 actual de subseus del 92&#8221; amb la pres\u00e8ncia de\u00a0Arseni da Palma, director del Canal Ol\u00edmpic de Castelldefels; Miquel Noguer, Alcalde de Banyoles i Daniel Nart, regidor d&#8217;Esports de Terrassa.<\/p>\n","protected":false},"excerpt":{"rendered":"<p>La benvinguda oficial va ser a c\u00e0rrec de David Escud\u00e9, president de la Fundaci\u00f3 Barcelona Ol\u00edmpica i comissionat d&#8217;Esports de l&#8217;Ajuntament de Barcelona; Jordi Sol\u00e0, director de l\u2019INEF Catalunya; Gerard Figueras, Secretari General de l&#8217;Esport de Catalunya; Victoria Cabezas, Secret\u00e0ria General del COE i Gerard Esteva, president de la UFEC.<\/p>\n","protected":false},"author":10,"featured_media":18581,"comment_status":"closed","ping_status":"closed","sticky":false,"template":"","format":"standard","meta":{"_acf_changed":false,"footnotes":""},"categories":[2],"tags":[],"class_list":["post-18584","post","type-post","status-publish","format-standard","has-post-thumbnail","hentry","category-sense-categoria"],"acf":[],"yoast_head":"<!-- This site is optimized with the Yoast SEO plugin v23.7 - https:\/\/yoast.com\/wordpress\/plugins\/seo\/ -->\n<title>Pere Mir\u00f3, director adjunt del CIO, obre la jornada del XII F\u00f2rum Ol\u00edmpic dedicat al 25 aniversari de Barcelona\u201992 - Fundaci\u00f3 Barcelona Ol\u00edmpica<\/title>\n<meta name=\"robots\" content=\"index, follow, max-snippet:-1, max-image-preview:large, max-video-preview:-1\" \/>\n<link rel=\"canonical\" href=\"https:\/\/www.fundaciobarcelonaolimpica.es\/ca\/pere-miro-director-adjunt-del-cio-obre-la-jornada-del-xii-forum-olimpic-dedicat-al-25-aniversari-de-barcelona92\/\" \/>\n<meta property=\"og:locale\" content=\"ca_ES\" \/>\n<meta property=\"og:type\" content=\"article\" \/>\n<meta property=\"og:title\" content=\"Pere Mir\u00f3, director adjunt del CIO, obre la jornada del XII F\u00f2rum Ol\u00edmpic dedicat al 25 aniversari de Barcelona\u201992 - Fundaci\u00f3 Barcelona Ol\u00edmpica\" \/>\n<meta property=\"og:description\" content=\"La benvinguda oficial va ser a c\u00e0rrec de David Escud\u00e9, president de la Fundaci\u00f3 Barcelona Ol\u00edmpica i comissionat d&#039;Esports de l&#039;Ajuntament de Barcelona; Jordi Sol\u00e0, director de l\u2019INEF Catalunya; Gerard Figueras, Secretari General de l&#039;Esport de Catalunya; Victoria Cabezas, Secret\u00e0ria General del COE i Gerard Esteva, president de la UFEC.\" \/>\n<meta property=\"og:url\" content=\"https:\/\/www.fundaciobarcelonaolimpica.es\/ca\/pere-miro-director-adjunt-del-cio-obre-la-jornada-del-xii-forum-olimpic-dedicat-al-25-aniversari-de-barcelona92\/\" \/>\n<meta property=\"og:site_name\" content=\"Fundaci\u00f3 Barcelona Ol\u00edmpica\" \/>\n<meta property=\"article:published_time\" content=\"2017-10-26T08:50:54+00:00\" \/>\n<meta property=\"article:modified_time\" content=\"2019-07-16T10:19:38+00:00\" \/>\n<meta property=\"og:image\" content=\"https:\/\/www.fundaciobarcelonaolimpica.es\/wp-content\/uploads\/sites\/3\/2019\/07\/FORUM_Olimpic-Pere_Miro-3.jpg\" \/>\n\t<meta property=\"og:image:width\" content=\"1000\" \/>\n\t<meta property=\"og:image:height\" content=\"652\" \/>\n\t<meta property=\"og:image:type\" content=\"image\/jpeg\" \/>\n<meta name=\"author\" content=\"editor\" \/>\n<meta name=\"twitter:card\" content=\"summary_large_image\" \/>\n<meta name=\"twitter:label1\" content=\"Escrit per\" \/>\n\t<meta name=\"twitter:data1\" content=\"editor\" \/>\n\t<meta name=\"twitter:label2\" content=\"Temps estimat de lectura\" \/>\n\t<meta name=\"twitter:data2\" content=\"2 minuts\" \/>\n<script type=\"application\/ld+json\" class=\"yoast-schema-graph\">{\"@context\":\"https:\/\/schema.org\",\"@graph\":[{\"@type\":\"Article\",\"@id\":\"https:\/\/www.fundaciobarcelonaolimpica.es\/ca\/pere-miro-director-adjunt-del-cio-obre-la-jornada-del-xii-forum-olimpic-dedicat-al-25-aniversari-de-barcelona92\/#article\",\"isPartOf\":{\"@id\":\"https:\/\/www.fundaciobarcelonaolimpica.es\/ca\/pere-miro-director-adjunt-del-cio-obre-la-jornada-del-xii-forum-olimpic-dedicat-al-25-aniversari-de-barcelona92\/\"},\"author\":{\"name\":\"editor\",\"@id\":\"https:\/\/www.fundaciobarcelonaolimpica.es\/ca\/#\/schema\/person\/27fb3ca248933c27f53014c648c3b103\"},\"headline\":\"Pere Mir\u00f3, director adjunt del CIO, obre la jornada del XII F\u00f2rum Ol\u00edmpic dedicat al 25 aniversari de Barcelona\u201992\",\"datePublished\":\"2017-10-26T08:50:54+00:00\",\"dateModified\":\"2019-07-16T10:19:38+00:00\",\"mainEntityOfPage\":{\"@id\":\"https:\/\/www.fundaciobarcelonaolimpica.es\/ca\/pere-miro-director-adjunt-del-cio-obre-la-jornada-del-xii-forum-olimpic-dedicat-al-25-aniversari-de-barcelona92\/\"},\"wordCount\":441,\"publisher\":{\"@id\":\"https:\/\/www.fundaciobarcelonaolimpica.es\/ca\/#organization\"},\"image\":{\"@id\":\"https:\/\/www.fundaciobarcelonaolimpica.es\/ca\/pere-miro-director-adjunt-del-cio-obre-la-jornada-del-xii-forum-olimpic-dedicat-al-25-aniversari-de-barcelona92\/#primaryimage\"},\"thumbnailUrl\":\"https:\/\/www.fundaciobarcelonaolimpica.es\/wp-content\/uploads\/sites\/3\/2019\/07\/FORUM_Olimpic-Pere_Miro-3.jpg\",\"inLanguage\":\"ca\"},{\"@type\":\"WebPage\",\"@id\":\"https:\/\/www.fundaciobarcelonaolimpica.es\/ca\/pere-miro-director-adjunt-del-cio-obre-la-jornada-del-xii-forum-olimpic-dedicat-al-25-aniversari-de-barcelona92\/\",\"url\":\"https:\/\/www.fundaciobarcelonaolimpica.es\/ca\/pere-miro-director-adjunt-del-cio-obre-la-jornada-del-xii-forum-olimpic-dedicat-al-25-aniversari-de-barcelona92\/\",\"name\":\"Pere Mir\u00f3, director adjunt del CIO, obre la jornada del XII F\u00f2rum Ol\u00edmpic dedicat al 25 aniversari de Barcelona\u201992 - Fundaci\u00f3 Barcelona Ol\u00edmpica\",\"isPartOf\":{\"@id\":\"https:\/\/www.fundaciobarcelonaolimpica.es\/ca\/#website\"},\"primaryImageOfPage\":{\"@id\":\"https:\/\/www.fundaciobarcelonaolimpica.es\/ca\/pere-miro-director-adjunt-del-cio-obre-la-jornada-del-xii-forum-olimpic-dedicat-al-25-aniversari-de-barcelona92\/#primaryimage\"},\"image\":{\"@id\":\"https:\/\/www.fundaciobarcelonaolimpica.es\/ca\/pere-miro-director-adjunt-del-cio-obre-la-jornada-del-xii-forum-olimpic-dedicat-al-25-aniversari-de-barcelona92\/#primaryimage\"},\"thumbnailUrl\":\"https:\/\/www.fundaciobarcelonaolimpica.es\/wp-content\/uploads\/sites\/3\/2019\/07\/FORUM_Olimpic-Pere_Miro-3.jpg\",\"datePublished\":\"2017-10-26T08:50:54+00:00\",\"dateModified\":\"2019-07-16T10:19:38+00:00\",\"breadcrumb\":{\"@id\":\"https:\/\/www.fundaciobarcelonaolimpica.es\/ca\/pere-miro-director-adjunt-del-cio-obre-la-jornada-del-xii-forum-olimpic-dedicat-al-25-aniversari-de-barcelona92\/#breadcrumb\"},\"inLanguage\":\"ca\",\"potentialAction\":[{\"@type\":\"ReadAction\",\"target\":[\"https:\/\/www.fundaciobarcelonaolimpica.es\/ca\/pere-miro-director-adjunt-del-cio-obre-la-jornada-del-xii-forum-olimpic-dedicat-al-25-aniversari-de-barcelona92\/\"]}]},{\"@type\":\"ImageObject\",\"inLanguage\":\"ca\",\"@id\":\"https:\/\/www.fundaciobarcelonaolimpica.es\/ca\/pere-miro-director-adjunt-del-cio-obre-la-jornada-del-xii-forum-olimpic-dedicat-al-25-aniversari-de-barcelona92\/#primaryimage\",\"url\":\"https:\/\/www.fundaciobarcelonaolimpica.es\/wp-content\/uploads\/sites\/3\/2019\/07\/FORUM_Olimpic-Pere_Miro-3.jpg\",\"contentUrl\":\"https:\/\/www.fundaciobarcelonaolimpica.es\/wp-content\/uploads\/sites\/3\/2019\/07\/FORUM_Olimpic-Pere_Miro-3.jpg\",\"width\":1000,\"height\":652},{\"@type\":\"BreadcrumbList\",\"@id\":\"https:\/\/www.fundaciobarcelonaolimpica.es\/ca\/pere-miro-director-adjunt-del-cio-obre-la-jornada-del-xii-forum-olimpic-dedicat-al-25-aniversari-de-barcelona92\/#breadcrumb\",\"itemListElement\":[{\"@type\":\"ListItem\",\"position\":1,\"name\":\"FBO\",\"item\":\"https:\/\/www.fundaciobarcelonaolimpica.es\/es\/\"},{\"@type\":\"ListItem\",\"position\":2,\"name\":\"Pere Mir\u00f3, director adjunt del CIO, obre la jornada del XII F\u00f2rum Ol\u00edmpic dedicat al 25 aniversari de Barcelona\u201992\"}]},{\"@type\":\"WebSite\",\"@id\":\"https:\/\/www.fundaciobarcelonaolimpica.es\/ca\/#website\",\"url\":\"https:\/\/www.fundaciobarcelonaolimpica.es\/ca\/\",\"name\":\"Fundaci\u00f3 Barcelona Ol\u00edmpica\",\"description\":\"Web del Museu Ol\u00edmpic i de l&#039;Esport\",\"publisher\":{\"@id\":\"https:\/\/www.fundaciobarcelonaolimpica.es\/ca\/#organization\"},\"potentialAction\":[{\"@type\":\"SearchAction\",\"target\":{\"@type\":\"EntryPoint\",\"urlTemplate\":\"https:\/\/www.fundaciobarcelonaolimpica.es\/ca\/?s={search_term_string}\"},\"query-input\":{\"@type\":\"PropertyValueSpecification\",\"valueRequired\":true,\"valueName\":\"search_term_string\"}}],\"inLanguage\":\"ca\"},{\"@type\":\"Organization\",\"@id\":\"https:\/\/www.fundaciobarcelonaolimpica.es\/ca\/#organization\",\"name\":\"Fundaci\u00f3 Barcelona Ol\u00edmpica\",\"url\":\"https:\/\/www.fundaciobarcelonaolimpica.es\/ca\/\",\"logo\":{\"@type\":\"ImageObject\",\"inLanguage\":\"ca\",\"@id\":\"https:\/\/www.fundaciobarcelonaolimpica.es\/ca\/#\/schema\/logo\/image\/\",\"url\":\"https:\/\/www.fundaciobarcelonaolimpica.es\/wp-content\/uploads\/sites\/3\/2019\/02\/logo-fundacio.svg\",\"contentUrl\":\"https:\/\/www.fundaciobarcelonaolimpica.es\/wp-content\/uploads\/sites\/3\/2019\/02\/logo-fundacio.svg\",\"caption\":\"Fundaci\u00f3 Barcelona Ol\u00edmpica\"},\"image\":{\"@id\":\"https:\/\/www.fundaciobarcelonaolimpica.es\/ca\/#\/schema\/logo\/image\/\"}},{\"@type\":\"Person\",\"@id\":\"https:\/\/www.fundaciobarcelonaolimpica.es\/ca\/#\/schema\/person\/27fb3ca248933c27f53014c648c3b103\",\"name\":\"editor\",\"url\":\"https:\/\/www.fundaciobarcelonaolimpica.es\/ca\/author\/editor\/\"}]}<\/script>\n<!-- \/ Yoast SEO plugin. -->","yoast_head_json":{"title":"Pere Mir\u00f3, director adjunt del CIO, obre la jornada del XII F\u00f2rum Ol\u00edmpic dedicat al 25 aniversari de Barcelona\u201992 - Fundaci\u00f3 Barcelona Ol\u00edmpica","robots":{"index":"index","follow":"follow","max-snippet":"max-snippet:-1","max-image-preview":"max-image-preview:large","max-video-preview":"max-video-preview:-1"},"canonical":"https:\/\/www.fundaciobarcelonaolimpica.es\/ca\/pere-miro-director-adjunt-del-cio-obre-la-jornada-del-xii-forum-olimpic-dedicat-al-25-aniversari-de-barcelona92\/","og_locale":"ca_ES","og_type":"article","og_title":"Pere Mir\u00f3, director adjunt del CIO, obre la jornada del XII F\u00f2rum Ol\u00edmpic dedicat al 25 aniversari de Barcelona\u201992 - Fundaci\u00f3 Barcelona Ol\u00edmpica","og_description":"La benvinguda oficial va ser a c\u00e0rrec de David Escud\u00e9, president de la Fundaci\u00f3 Barcelona Ol\u00edmpica i comissionat d'Esports de l'Ajuntament de Barcelona; Jordi Sol\u00e0, director de l\u2019INEF Catalunya; Gerard Figueras, Secretari General de l'Esport de Catalunya; Victoria Cabezas, Secret\u00e0ria General del COE i Gerard Esteva, president de la UFEC.","og_url":"https:\/\/www.fundaciobarcelonaolimpica.es\/ca\/pere-miro-director-adjunt-del-cio-obre-la-jornada-del-xii-forum-olimpic-dedicat-al-25-aniversari-de-barcelona92\/","og_site_name":"Fundaci\u00f3 Barcelona Ol\u00edmpica","article_published_time":"2017-10-26T08:50:54+00:00","article_modified_time":"2019-07-16T10:19:38+00:00","og_image":[{"width":1000,"height":652,"url":"https:\/\/www.fundaciobarcelonaolimpica.es\/wp-content\/uploads\/sites\/3\/2019\/07\/FORUM_Olimpic-Pere_Miro-3.jpg","type":"image\/jpeg"}],"author":"editor","twitter_card":"summary_large_image","twitter_misc":{"Escrit per":"editor","Temps estimat de lectura":"2 minuts"},"schema":{"@context":"https:\/\/schema.org","@graph":[{"@type":"Article","@id":"https:\/\/www.fundaciobarcelonaolimpica.es\/ca\/pere-miro-director-adjunt-del-cio-obre-la-jornada-del-xii-forum-olimpic-dedicat-al-25-aniversari-de-barcelona92\/#article","isPartOf":{"@id":"https:\/\/www.fundaciobarcelonaolimpica.es\/ca\/pere-miro-director-adjunt-del-cio-obre-la-jornada-del-xii-forum-olimpic-dedicat-al-25-aniversari-de-barcelona92\/"},"author":{"name":"editor","@id":"https:\/\/www.fundaciobarcelonaolimpica.es\/ca\/#\/schema\/person\/27fb3ca248933c27f53014c648c3b103"},"headline":"Pere Mir\u00f3, director adjunt del CIO, obre la jornada del XII F\u00f2rum Ol\u00edmpic dedicat al 25 aniversari de Barcelona\u201992","datePublished":"2017-10-26T08:50:54+00:00","dateModified":"2019-07-16T10:19:38+00:00","mainEntityOfPage":{"@id":"https:\/\/www.fundaciobarcelonaolimpica.es\/ca\/pere-miro-director-adjunt-del-cio-obre-la-jornada-del-xii-forum-olimpic-dedicat-al-25-aniversari-de-barcelona92\/"},"wordCount":441,"publisher":{"@id":"https:\/\/www.fundaciobarcelonaolimpica.es\/ca\/#organization"},"image":{"@id":"https:\/\/www.fundaciobarcelonaolimpica.es\/ca\/pere-miro-director-adjunt-del-cio-obre-la-jornada-del-xii-forum-olimpic-dedicat-al-25-aniversari-de-barcelona92\/#primaryimage"},"thumbnailUrl":"https:\/\/www.fundaciobarcelonaolimpica.es\/wp-content\/uploads\/sites\/3\/2019\/07\/FORUM_Olimpic-Pere_Miro-3.jpg","inLanguage":"ca"},{"@type":"WebPage","@id":"https:\/\/www.fundaciobarcelonaolimpica.es\/ca\/pere-miro-director-adjunt-del-cio-obre-la-jornada-del-xii-forum-olimpic-dedicat-al-25-aniversari-de-barcelona92\/","url":"https:\/\/www.fundaciobarcelonaolimpica.es\/ca\/pere-miro-director-adjunt-del-cio-obre-la-jornada-del-xii-forum-olimpic-dedicat-al-25-aniversari-de-barcelona92\/","name":"Pere Mir\u00f3, director adjunt del CIO, obre la jornada del XII F\u00f2rum Ol\u00edmpic dedicat al 25 aniversari de Barcelona\u201992 - Fundaci\u00f3 Barcelona Ol\u00edmpica","isPartOf":{"@id":"https:\/\/www.fundaciobarcelonaolimpica.es\/ca\/#website"},"primaryImageOfPage":{"@id":"https:\/\/www.fundaciobarcelonaolimpica.es\/ca\/pere-miro-director-adjunt-del-cio-obre-la-jornada-del-xii-forum-olimpic-dedicat-al-25-aniversari-de-barcelona92\/#primaryimage"},"image":{"@id":"https:\/\/www.fundaciobarcelonaolimpica.es\/ca\/pere-miro-director-adjunt-del-cio-obre-la-jornada-del-xii-forum-olimpic-dedicat-al-25-aniversari-de-barcelona92\/#primaryimage"},"thumbnailUrl":"https:\/\/www.fundaciobarcelonaolimpica.es\/wp-content\/uploads\/sites\/3\/2019\/07\/FORUM_Olimpic-Pere_Miro-3.jpg","datePublished":"2017-10-26T08:50:54+00:00","dateModified":"2019-07-16T10:19:38+00:00","breadcrumb":{"@id":"https:\/\/www.fundaciobarcelonaolimpica.es\/ca\/pere-miro-director-adjunt-del-cio-obre-la-jornada-del-xii-forum-olimpic-dedicat-al-25-aniversari-de-barcelona92\/#breadcrumb"},"inLanguage":"ca","potentialAction":[{"@type":"ReadAction","target":["https:\/\/www.fundaciobarcelonaolimpica.es\/ca\/pere-miro-director-adjunt-del-cio-obre-la-jornada-del-xii-forum-olimpic-dedicat-al-25-aniversari-de-barcelona92\/"]}]},{"@type":"ImageObject","inLanguage":"ca","@id":"https:\/\/www.fundaciobarcelonaolimpica.es\/ca\/pere-miro-director-adjunt-del-cio-obre-la-jornada-del-xii-forum-olimpic-dedicat-al-25-aniversari-de-barcelona92\/#primaryimage","url":"https:\/\/www.fundaciobarcelonaolimpica.es\/wp-content\/uploads\/sites\/3\/2019\/07\/FORUM_Olimpic-Pere_Miro-3.jpg","contentUrl":"https:\/\/www.fundaciobarcelonaolimpica.es\/wp-content\/uploads\/sites\/3\/2019\/07\/FORUM_Olimpic-Pere_Miro-3.jpg","width":1000,"height":652},{"@type":"BreadcrumbList","@id":"https:\/\/www.fundaciobarcelonaolimpica.es\/ca\/pere-miro-director-adjunt-del-cio-obre-la-jornada-del-xii-forum-olimpic-dedicat-al-25-aniversari-de-barcelona92\/#breadcrumb","itemListElement":[{"@type":"ListItem","position":1,"name":"FBO","item":"https:\/\/www.fundaciobarcelonaolimpica.es\/es\/"},{"@type":"ListItem","position":2,"name":"Pere Mir\u00f3, director adjunt del CIO, obre la jornada del XII F\u00f2rum Ol\u00edmpic dedicat al 25 aniversari de Barcelona\u201992"}]},{"@type":"WebSite","@id":"https:\/\/www.fundaciobarcelonaolimpica.es\/ca\/#website","url":"https:\/\/www.fundaciobarcelonaolimpica.es\/ca\/","name":"Fundaci\u00f3 Barcelona Ol\u00edmpica","description":"Web del Museu Ol\u00edmpic i de l&#039;Esport","publisher":{"@id":"https:\/\/www.fundaciobarcelonaolimpica.es\/ca\/#organization"},"potentialAction":[{"@type":"SearchAction","target":{"@type":"EntryPoint","urlTemplate":"https:\/\/www.fundaciobarcelonaolimpica.es\/ca\/?s={search_term_string}"},"query-input":{"@type":"PropertyValueSpecification","valueRequired":true,"valueName":"search_term_string"}}],"inLanguage":"ca"},{"@type":"Organization","@id":"https:\/\/www.fundaciobarcelonaolimpica.es\/ca\/#organization","name":"Fundaci\u00f3 Barcelona Ol\u00edmpica","url":"https:\/\/www.fundaciobarcelonaolimpica.es\/ca\/","logo":{"@type":"ImageObject","inLanguage":"ca","@id":"https:\/\/www.fundaciobarcelonaolimpica.es\/ca\/#\/schema\/logo\/image\/","url":"https:\/\/www.fundaciobarcelonaolimpica.es\/wp-content\/uploads\/sites\/3\/2019\/02\/logo-fundacio.svg","contentUrl":"https:\/\/www.fundaciobarcelonaolimpica.es\/wp-content\/uploads\/sites\/3\/2019\/02\/logo-fundacio.svg","caption":"Fundaci\u00f3 Barcelona Ol\u00edmpica"},"image":{"@id":"https:\/\/www.fundaciobarcelonaolimpica.es\/ca\/#\/schema\/logo\/image\/"}},{"@type":"Person","@id":"https:\/\/www.fundaciobarcelonaolimpica.es\/ca\/#\/schema\/person\/27fb3ca248933c27f53014c648c3b103","name":"editor","url":"https:\/\/www.fundaciobarcelonaolimpica.es\/ca\/author\/editor\/"}]}},"_links":{"self":[{"href":"https:\/\/www.fundaciobarcelonaolimpica.es\/ca\/wp-json\/wp\/v2\/posts\/18584"}],"collection":[{"href":"https:\/\/www.fundaciobarcelonaolimpica.es\/ca\/wp-json\/wp\/v2\/posts"}],"about":[{"href":"https:\/\/www.fundaciobarcelonaolimpica.es\/ca\/wp-json\/wp\/v2\/types\/post"}],"author":[{"embeddable":true,"href":"https:\/\/www.fundaciobarcelonaolimpica.es\/ca\/wp-json\/wp\/v2\/users\/10"}],"replies":[{"embeddable":true,"href":"https:\/\/www.fundaciobarcelonaolimpica.es\/ca\/wp-json\/wp\/v2\/comments?post=18584"}],"version-history":[{"count":2,"href":"https:\/\/www.fundaciobarcelonaolimpica.es\/ca\/wp-json\/wp\/v2\/posts\/18584\/revisions"}],"predecessor-version":[{"id":19275,"href":"https:\/\/www.fundaciobarcelonaolimpica.es\/ca\/wp-json\/wp\/v2\/posts\/18584\/revisions\/19275"}],"wp:featuredmedia":[{"embeddable":true,"href":"https:\/\/www.fundaciobarcelonaolimpica.es\/ca\/wp-json\/wp\/v2\/media\/18581"}],"wp:attachment":[{"href":"https:\/\/www.fundaciobarcelonaolimpica.es\/ca\/wp-json\/wp\/v2\/media?parent=18584"}],"wp:term":[{"taxonomy":"category","embeddable":true,"href":"https:\/\/www.fundaciobarcelonaolimpica.es\/ca\/wp-json\/wp\/v2\/categories?post=18584"},{"taxonomy":"post_tag","embeddable":true,"href":"https:\/\/www.fundaciobarcelonaolimpica.es\/ca\/wp-json\/wp\/v2\/tags?post=18584"}],"curies":[{"name":"wp","href":"https:\/\/api.w.org\/{rel}","templated":true}]}}