{"id":19050,"date":"2013-05-31T16:51:15","date_gmt":"2013-05-31T14:51:15","guid":{"rendered":"https:\/\/dev.fbolimpica.es\/la-fundacio-barcelona-olimpica-fbo-i-la-juan-antonio-samaranch-foundation-jasf-signen-un-acord-de-col%c2%b7laboracio-per-al-desenvolupament-de-projectes-culturals-conjunts-2\/"},"modified":"2019-07-16T16:05:59","modified_gmt":"2019-07-16T14:05:59","slug":"la-fundacio-barcelona-olimpica-fbo-i-la-juan-antonio-samaranch-foundation-jasf-signen-un-acord-de-col%c2%b7laboracio-per-al-desenvolupament-de-projectes-culturals-conjunts-2","status":"publish","type":"post","link":"https:\/\/www.fundaciobarcelonaolimpica.es\/ca\/la-fundacio-barcelona-olimpica-fbo-i-la-juan-antonio-samaranch-foundation-jasf-signen-un-acord-de-col%c2%b7laboracio-per-al-desenvolupament-de-projectes-culturals-conjunts-2\/","title":{"rendered":"La Fundaci\u00f3 Barcelona Ol\u00edmpica (FBO) i la Juan Antonio Samaranch Foundation (JASF) signen un acord de col\u00b7laboraci\u00f3 per al desenvolupament de projectes culturals conjunts."},"content":{"rendered":"<div>\n<p>L&#8217;esport m\u00e9s enll\u00e0 de la competici\u00f3 \u00e9s un instrument pedag\u00f2gic capa\u00e7 d&#8217;esfondrar barreres en pro de la igualtat. Fets com ara la participaci\u00f3 global d&#8217;homes i dones en uns Jocs Ol\u00edmpics \u2013per primera vegada en la hist\u00f2ria els Jocs Ol\u00edmpics de Londres 2012 van comptar amb participaci\u00f3 femenina en les 204 delegacions\u2013 aporten significat al treball que es desenvolupa des de l\u2019FBO i la JASF per a la promoci\u00f3 dels valors ol\u00edmpics i esportius.<\/p>\n<\/div>\n","protected":false},"excerpt":{"rendered":"<p>Ambdues entitats uneixen forces i recursos per al desenvolupament d&#8217;exposicions, mostres, la implantaci\u00f3 de beques, el desenvolupament de programes pedag\u00f2gics i l\u2019increment del fons documental i muse\u00edstic. Tot aix\u00f2, amb l&#8217;objectiu de fomentar i promoure els valors de l\u2019olimpisme i de l&#8217;esport.<\/p>\n","protected":false},"author":10,"featured_media":19047,"comment_status":"closed","ping_status":"closed","sticky":false,"template":"","format":"standard","meta":{"_acf_changed":false,"footnotes":""},"categories":[2],"tags":[],"class_list":["post-19050","post","type-post","status-publish","format-standard","has-post-thumbnail","hentry","category-sense-categoria"],"acf":[],"yoast_head":"<!-- This site is optimized with the Yoast SEO plugin v23.7 - https:\/\/yoast.com\/wordpress\/plugins\/seo\/ -->\n<title>La Fundaci\u00f3 Barcelona Ol\u00edmpica (FBO) i la Juan Antonio Samaranch Foundation (JASF) signen un acord de col\u00b7laboraci\u00f3 per al desenvolupament de projectes culturals conjunts. - Fundaci\u00f3 Barcelona Ol\u00edmpica<\/title>\n<meta name=\"robots\" content=\"index, follow, max-snippet:-1, max-image-preview:large, max-video-preview:-1\" \/>\n<link rel=\"canonical\" href=\"https:\/\/www.fundaciobarcelonaolimpica.es\/ca\/la-fundacio-barcelona-olimpica-fbo-i-la-juan-antonio-samaranch-foundation-jasf-signen-un-acord-de-col\u00b7laboracio-per-al-desenvolupament-de-projectes-culturals-conjunts-2\/\" \/>\n<meta property=\"og:locale\" content=\"ca_ES\" \/>\n<meta property=\"og:type\" content=\"article\" \/>\n<meta property=\"og:title\" content=\"La Fundaci\u00f3 Barcelona Ol\u00edmpica (FBO) i la Juan Antonio Samaranch Foundation (JASF) signen un acord de col\u00b7laboraci\u00f3 per al desenvolupament de projectes culturals conjunts. - Fundaci\u00f3 Barcelona Ol\u00edmpica\" \/>\n<meta property=\"og:description\" content=\"Ambdues entitats uneixen forces i recursos per al desenvolupament d&#039;exposicions, mostres, la implantaci\u00f3 de beques, el desenvolupament de programes pedag\u00f2gics i l\u2019increment del fons documental i muse\u00edstic. Tot aix\u00f2, amb l&#039;objectiu de fomentar i promoure els valors de l\u2019olimpisme i de l&#039;esport.\" \/>\n<meta property=\"og:url\" content=\"https:\/\/www.fundaciobarcelonaolimpica.es\/ca\/la-fundacio-barcelona-olimpica-fbo-i-la-juan-antonio-samaranch-foundation-jasf-signen-un-acord-de-col\u00b7laboracio-per-al-desenvolupament-de-projectes-culturals-conjunts-2\/\" \/>\n<meta property=\"og:site_name\" content=\"Fundaci\u00f3 Barcelona Ol\u00edmpica\" \/>\n<meta property=\"article:published_time\" content=\"2013-05-31T14:51:15+00:00\" \/>\n<meta property=\"article:modified_time\" content=\"2019-07-16T14:05:59+00:00\" \/>\n<meta property=\"og:image\" content=\"https:\/\/www.fundaciobarcelonaolimpica.es\/wp-content\/uploads\/sites\/3\/2019\/07\/Samaranch-Fundation_2.jpg\" \/>\n\t<meta property=\"og:image:width\" content=\"2500\" \/>\n\t<meta property=\"og:image:height\" content=\"1000\" \/>\n\t<meta property=\"og:image:type\" content=\"image\/jpeg\" \/>\n<meta name=\"author\" content=\"editor\" \/>\n<meta name=\"twitter:card\" content=\"summary_large_image\" \/>\n<meta name=\"twitter:label1\" content=\"Escrit per\" \/>\n\t<meta name=\"twitter:data1\" content=\"editor\" \/>\n<script type=\"application\/ld+json\" class=\"yoast-schema-graph\">{\"@context\":\"https:\/\/schema.org\",\"@graph\":[{\"@type\":\"Article\",\"@id\":\"https:\/\/www.fundaciobarcelonaolimpica.es\/ca\/la-fundacio-barcelona-olimpica-fbo-i-la-juan-antonio-samaranch-foundation-jasf-signen-un-acord-de-col%c2%b7laboracio-per-al-desenvolupament-de-projectes-culturals-conjunts-2\/#article\",\"isPartOf\":{\"@id\":\"https:\/\/www.fundaciobarcelonaolimpica.es\/ca\/la-fundacio-barcelona-olimpica-fbo-i-la-juan-antonio-samaranch-foundation-jasf-signen-un-acord-de-col%c2%b7laboracio-per-al-desenvolupament-de-projectes-culturals-conjunts-2\/\"},\"author\":{\"name\":\"editor\",\"@id\":\"https:\/\/www.fundaciobarcelonaolimpica.es\/ca\/#\/schema\/person\/27fb3ca248933c27f53014c648c3b103\"},\"headline\":\"La Fundaci\u00f3 Barcelona Ol\u00edmpica (FBO) i la Juan Antonio Samaranch Foundation (JASF) signen un acord de col\u00b7laboraci\u00f3 per al desenvolupament de projectes culturals conjunts.\",\"datePublished\":\"2013-05-31T14:51:15+00:00\",\"dateModified\":\"2019-07-16T14:05:59+00:00\",\"mainEntityOfPage\":{\"@id\":\"https:\/\/www.fundaciobarcelonaolimpica.es\/ca\/la-fundacio-barcelona-olimpica-fbo-i-la-juan-antonio-samaranch-foundation-jasf-signen-un-acord-de-col%c2%b7laboracio-per-al-desenvolupament-de-projectes-culturals-conjunts-2\/\"},\"wordCount\":105,\"publisher\":{\"@id\":\"https:\/\/www.fundaciobarcelonaolimpica.es\/ca\/#organization\"},\"image\":{\"@id\":\"https:\/\/www.fundaciobarcelonaolimpica.es\/ca\/la-fundacio-barcelona-olimpica-fbo-i-la-juan-antonio-samaranch-foundation-jasf-signen-un-acord-de-col%c2%b7laboracio-per-al-desenvolupament-de-projectes-culturals-conjunts-2\/#primaryimage\"},\"thumbnailUrl\":\"https:\/\/www.fundaciobarcelonaolimpica.es\/wp-content\/uploads\/sites\/3\/2019\/07\/Samaranch-Fundation_2.jpg\",\"inLanguage\":\"ca\"},{\"@type\":\"WebPage\",\"@id\":\"https:\/\/www.fundaciobarcelonaolimpica.es\/ca\/la-fundacio-barcelona-olimpica-fbo-i-la-juan-antonio-samaranch-foundation-jasf-signen-un-acord-de-col%c2%b7laboracio-per-al-desenvolupament-de-projectes-culturals-conjunts-2\/\",\"url\":\"https:\/\/www.fundaciobarcelonaolimpica.es\/ca\/la-fundacio-barcelona-olimpica-fbo-i-la-juan-antonio-samaranch-foundation-jasf-signen-un-acord-de-col%c2%b7laboracio-per-al-desenvolupament-de-projectes-culturals-conjunts-2\/\",\"name\":\"La Fundaci\u00f3 Barcelona Ol\u00edmpica (FBO) i la Juan Antonio Samaranch Foundation (JASF) signen un acord de col\u00b7laboraci\u00f3 per al desenvolupament de projectes culturals conjunts. - Fundaci\u00f3 Barcelona Ol\u00edmpica\",\"isPartOf\":{\"@id\":\"https:\/\/www.fundaciobarcelonaolimpica.es\/ca\/#website\"},\"primaryImageOfPage\":{\"@id\":\"https:\/\/www.fundaciobarcelonaolimpica.es\/ca\/la-fundacio-barcelona-olimpica-fbo-i-la-juan-antonio-samaranch-foundation-jasf-signen-un-acord-de-col%c2%b7laboracio-per-al-desenvolupament-de-projectes-culturals-conjunts-2\/#primaryimage\"},\"image\":{\"@id\":\"https:\/\/www.fundaciobarcelonaolimpica.es\/ca\/la-fundacio-barcelona-olimpica-fbo-i-la-juan-antonio-samaranch-foundation-jasf-signen-un-acord-de-col%c2%b7laboracio-per-al-desenvolupament-de-projectes-culturals-conjunts-2\/#primaryimage\"},\"thumbnailUrl\":\"https:\/\/www.fundaciobarcelonaolimpica.es\/wp-content\/uploads\/sites\/3\/2019\/07\/Samaranch-Fundation_2.jpg\",\"datePublished\":\"2013-05-31T14:51:15+00:00\",\"dateModified\":\"2019-07-16T14:05:59+00:00\",\"breadcrumb\":{\"@id\":\"https:\/\/www.fundaciobarcelonaolimpica.es\/ca\/la-fundacio-barcelona-olimpica-fbo-i-la-juan-antonio-samaranch-foundation-jasf-signen-un-acord-de-col%c2%b7laboracio-per-al-desenvolupament-de-projectes-culturals-conjunts-2\/#breadcrumb\"},\"inLanguage\":\"ca\",\"potentialAction\":[{\"@type\":\"ReadAction\",\"target\":[\"https:\/\/www.fundaciobarcelonaolimpica.es\/ca\/la-fundacio-barcelona-olimpica-fbo-i-la-juan-antonio-samaranch-foundation-jasf-signen-un-acord-de-col%c2%b7laboracio-per-al-desenvolupament-de-projectes-culturals-conjunts-2\/\"]}]},{\"@type\":\"ImageObject\",\"inLanguage\":\"ca\",\"@id\":\"https:\/\/www.fundaciobarcelonaolimpica.es\/ca\/la-fundacio-barcelona-olimpica-fbo-i-la-juan-antonio-samaranch-foundation-jasf-signen-un-acord-de-col%c2%b7laboracio-per-al-desenvolupament-de-projectes-culturals-conjunts-2\/#primaryimage\",\"url\":\"https:\/\/www.fundaciobarcelonaolimpica.es\/wp-content\/uploads\/sites\/3\/2019\/07\/Samaranch-Fundation_2.jpg\",\"contentUrl\":\"https:\/\/www.fundaciobarcelonaolimpica.es\/wp-content\/uploads\/sites\/3\/2019\/07\/Samaranch-Fundation_2.jpg\",\"width\":2500,\"height\":1000},{\"@type\":\"BreadcrumbList\",\"@id\":\"https:\/\/www.fundaciobarcelonaolimpica.es\/ca\/la-fundacio-barcelona-olimpica-fbo-i-la-juan-antonio-samaranch-foundation-jasf-signen-un-acord-de-col%c2%b7laboracio-per-al-desenvolupament-de-projectes-culturals-conjunts-2\/#breadcrumb\",\"itemListElement\":[{\"@type\":\"ListItem\",\"position\":1,\"name\":\"FBO\",\"item\":\"https:\/\/www.fundaciobarcelonaolimpica.es\/es\/\"},{\"@type\":\"ListItem\",\"position\":2,\"name\":\"La Fundaci\u00f3 Barcelona Ol\u00edmpica (FBO) i la Juan Antonio Samaranch Foundation (JASF) signen un acord de col\u00b7laboraci\u00f3 per al desenvolupament de projectes culturals conjunts.\"}]},{\"@type\":\"WebSite\",\"@id\":\"https:\/\/www.fundaciobarcelonaolimpica.es\/ca\/#website\",\"url\":\"https:\/\/www.fundaciobarcelonaolimpica.es\/ca\/\",\"name\":\"Fundaci\u00f3 Barcelona Ol\u00edmpica\",\"description\":\"Web del Museu Ol\u00edmpic i de l&#039;Esport\",\"publisher\":{\"@id\":\"https:\/\/www.fundaciobarcelonaolimpica.es\/ca\/#organization\"},\"potentialAction\":[{\"@type\":\"SearchAction\",\"target\":{\"@type\":\"EntryPoint\",\"urlTemplate\":\"https:\/\/www.fundaciobarcelonaolimpica.es\/ca\/?s={search_term_string}\"},\"query-input\":{\"@type\":\"PropertyValueSpecification\",\"valueRequired\":true,\"valueName\":\"search_term_string\"}}],\"inLanguage\":\"ca\"},{\"@type\":\"Organization\",\"@id\":\"https:\/\/www.fundaciobarcelonaolimpica.es\/ca\/#organization\",\"name\":\"Fundaci\u00f3 Barcelona Ol\u00edmpica\",\"url\":\"https:\/\/www.fundaciobarcelonaolimpica.es\/ca\/\",\"logo\":{\"@type\":\"ImageObject\",\"inLanguage\":\"ca\",\"@id\":\"https:\/\/www.fundaciobarcelonaolimpica.es\/ca\/#\/schema\/logo\/image\/\",\"url\":\"https:\/\/www.fundaciobarcelonaolimpica.es\/wp-content\/uploads\/sites\/3\/2019\/02\/logo-fundacio.svg\",\"contentUrl\":\"https:\/\/www.fundaciobarcelonaolimpica.es\/wp-content\/uploads\/sites\/3\/2019\/02\/logo-fundacio.svg\",\"caption\":\"Fundaci\u00f3 Barcelona Ol\u00edmpica\"},\"image\":{\"@id\":\"https:\/\/www.fundaciobarcelonaolimpica.es\/ca\/#\/schema\/logo\/image\/\"}},{\"@type\":\"Person\",\"@id\":\"https:\/\/www.fundaciobarcelonaolimpica.es\/ca\/#\/schema\/person\/27fb3ca248933c27f53014c648c3b103\",\"name\":\"editor\",\"url\":\"https:\/\/www.fundaciobarcelonaolimpica.es\/ca\/author\/editor\/\"}]}<\/script>\n<!-- \/ Yoast SEO plugin. -->","yoast_head_json":{"title":"La Fundaci\u00f3 Barcelona Ol\u00edmpica (FBO) i la Juan Antonio Samaranch Foundation (JASF) signen un acord de col\u00b7laboraci\u00f3 per al desenvolupament de projectes culturals conjunts. - Fundaci\u00f3 Barcelona Ol\u00edmpica","robots":{"index":"index","follow":"follow","max-snippet":"max-snippet:-1","max-image-preview":"max-image-preview:large","max-video-preview":"max-video-preview:-1"},"canonical":"https:\/\/www.fundaciobarcelonaolimpica.es\/ca\/la-fundacio-barcelona-olimpica-fbo-i-la-juan-antonio-samaranch-foundation-jasf-signen-un-acord-de-col\u00b7laboracio-per-al-desenvolupament-de-projectes-culturals-conjunts-2\/","og_locale":"ca_ES","og_type":"article","og_title":"La Fundaci\u00f3 Barcelona Ol\u00edmpica (FBO) i la Juan Antonio Samaranch Foundation (JASF) signen un acord de col\u00b7laboraci\u00f3 per al desenvolupament de projectes culturals conjunts. - Fundaci\u00f3 Barcelona Ol\u00edmpica","og_description":"Ambdues entitats uneixen forces i recursos per al desenvolupament d'exposicions, mostres, la implantaci\u00f3 de beques, el desenvolupament de programes pedag\u00f2gics i l\u2019increment del fons documental i muse\u00edstic. Tot aix\u00f2, amb l'objectiu de fomentar i promoure els valors de l\u2019olimpisme i de l'esport.","og_url":"https:\/\/www.fundaciobarcelonaolimpica.es\/ca\/la-fundacio-barcelona-olimpica-fbo-i-la-juan-antonio-samaranch-foundation-jasf-signen-un-acord-de-col\u00b7laboracio-per-al-desenvolupament-de-projectes-culturals-conjunts-2\/","og_site_name":"Fundaci\u00f3 Barcelona Ol\u00edmpica","article_published_time":"2013-05-31T14:51:15+00:00","article_modified_time":"2019-07-16T14:05:59+00:00","og_image":[{"width":2500,"height":1000,"url":"https:\/\/www.fundaciobarcelonaolimpica.es\/wp-content\/uploads\/sites\/3\/2019\/07\/Samaranch-Fundation_2.jpg","type":"image\/jpeg"}],"author":"editor","twitter_card":"summary_large_image","twitter_misc":{"Escrit per":"editor"},"schema":{"@context":"https:\/\/schema.org","@graph":[{"@type":"Article","@id":"https:\/\/www.fundaciobarcelonaolimpica.es\/ca\/la-fundacio-barcelona-olimpica-fbo-i-la-juan-antonio-samaranch-foundation-jasf-signen-un-acord-de-col%c2%b7laboracio-per-al-desenvolupament-de-projectes-culturals-conjunts-2\/#article","isPartOf":{"@id":"https:\/\/www.fundaciobarcelonaolimpica.es\/ca\/la-fundacio-barcelona-olimpica-fbo-i-la-juan-antonio-samaranch-foundation-jasf-signen-un-acord-de-col%c2%b7laboracio-per-al-desenvolupament-de-projectes-culturals-conjunts-2\/"},"author":{"name":"editor","@id":"https:\/\/www.fundaciobarcelonaolimpica.es\/ca\/#\/schema\/person\/27fb3ca248933c27f53014c648c3b103"},"headline":"La Fundaci\u00f3 Barcelona Ol\u00edmpica (FBO) i la Juan Antonio Samaranch Foundation (JASF) signen un acord de col\u00b7laboraci\u00f3 per al desenvolupament de projectes culturals conjunts.","datePublished":"2013-05-31T14:51:15+00:00","dateModified":"2019-07-16T14:05:59+00:00","mainEntityOfPage":{"@id":"https:\/\/www.fundaciobarcelonaolimpica.es\/ca\/la-fundacio-barcelona-olimpica-fbo-i-la-juan-antonio-samaranch-foundation-jasf-signen-un-acord-de-col%c2%b7laboracio-per-al-desenvolupament-de-projectes-culturals-conjunts-2\/"},"wordCount":105,"publisher":{"@id":"https:\/\/www.fundaciobarcelonaolimpica.es\/ca\/#organization"},"image":{"@id":"https:\/\/www.fundaciobarcelonaolimpica.es\/ca\/la-fundacio-barcelona-olimpica-fbo-i-la-juan-antonio-samaranch-foundation-jasf-signen-un-acord-de-col%c2%b7laboracio-per-al-desenvolupament-de-projectes-culturals-conjunts-2\/#primaryimage"},"thumbnailUrl":"https:\/\/www.fundaciobarcelonaolimpica.es\/wp-content\/uploads\/sites\/3\/2019\/07\/Samaranch-Fundation_2.jpg","inLanguage":"ca"},{"@type":"WebPage","@id":"https:\/\/www.fundaciobarcelonaolimpica.es\/ca\/la-fundacio-barcelona-olimpica-fbo-i-la-juan-antonio-samaranch-foundation-jasf-signen-un-acord-de-col%c2%b7laboracio-per-al-desenvolupament-de-projectes-culturals-conjunts-2\/","url":"https:\/\/www.fundaciobarcelonaolimpica.es\/ca\/la-fundacio-barcelona-olimpica-fbo-i-la-juan-antonio-samaranch-foundation-jasf-signen-un-acord-de-col%c2%b7laboracio-per-al-desenvolupament-de-projectes-culturals-conjunts-2\/","name":"La Fundaci\u00f3 Barcelona Ol\u00edmpica (FBO) i la Juan Antonio Samaranch Foundation (JASF) signen un acord de col\u00b7laboraci\u00f3 per al desenvolupament de projectes culturals conjunts. - Fundaci\u00f3 Barcelona Ol\u00edmpica","isPartOf":{"@id":"https:\/\/www.fundaciobarcelonaolimpica.es\/ca\/#website"},"primaryImageOfPage":{"@id":"https:\/\/www.fundaciobarcelonaolimpica.es\/ca\/la-fundacio-barcelona-olimpica-fbo-i-la-juan-antonio-samaranch-foundation-jasf-signen-un-acord-de-col%c2%b7laboracio-per-al-desenvolupament-de-projectes-culturals-conjunts-2\/#primaryimage"},"image":{"@id":"https:\/\/www.fundaciobarcelonaolimpica.es\/ca\/la-fundacio-barcelona-olimpica-fbo-i-la-juan-antonio-samaranch-foundation-jasf-signen-un-acord-de-col%c2%b7laboracio-per-al-desenvolupament-de-projectes-culturals-conjunts-2\/#primaryimage"},"thumbnailUrl":"https:\/\/www.fundaciobarcelonaolimpica.es\/wp-content\/uploads\/sites\/3\/2019\/07\/Samaranch-Fundation_2.jpg","datePublished":"2013-05-31T14:51:15+00:00","dateModified":"2019-07-16T14:05:59+00:00","breadcrumb":{"@id":"https:\/\/www.fundaciobarcelonaolimpica.es\/ca\/la-fundacio-barcelona-olimpica-fbo-i-la-juan-antonio-samaranch-foundation-jasf-signen-un-acord-de-col%c2%b7laboracio-per-al-desenvolupament-de-projectes-culturals-conjunts-2\/#breadcrumb"},"inLanguage":"ca","potentialAction":[{"@type":"ReadAction","target":["https:\/\/www.fundaciobarcelonaolimpica.es\/ca\/la-fundacio-barcelona-olimpica-fbo-i-la-juan-antonio-samaranch-foundation-jasf-signen-un-acord-de-col%c2%b7laboracio-per-al-desenvolupament-de-projectes-culturals-conjunts-2\/"]}]},{"@type":"ImageObject","inLanguage":"ca","@id":"https:\/\/www.fundaciobarcelonaolimpica.es\/ca\/la-fundacio-barcelona-olimpica-fbo-i-la-juan-antonio-samaranch-foundation-jasf-signen-un-acord-de-col%c2%b7laboracio-per-al-desenvolupament-de-projectes-culturals-conjunts-2\/#primaryimage","url":"https:\/\/www.fundaciobarcelonaolimpica.es\/wp-content\/uploads\/sites\/3\/2019\/07\/Samaranch-Fundation_2.jpg","contentUrl":"https:\/\/www.fundaciobarcelonaolimpica.es\/wp-content\/uploads\/sites\/3\/2019\/07\/Samaranch-Fundation_2.jpg","width":2500,"height":1000},{"@type":"BreadcrumbList","@id":"https:\/\/www.fundaciobarcelonaolimpica.es\/ca\/la-fundacio-barcelona-olimpica-fbo-i-la-juan-antonio-samaranch-foundation-jasf-signen-un-acord-de-col%c2%b7laboracio-per-al-desenvolupament-de-projectes-culturals-conjunts-2\/#breadcrumb","itemListElement":[{"@type":"ListItem","position":1,"name":"FBO","item":"https:\/\/www.fundaciobarcelonaolimpica.es\/es\/"},{"@type":"ListItem","position":2,"name":"La Fundaci\u00f3 Barcelona Ol\u00edmpica (FBO) i la Juan Antonio Samaranch Foundation (JASF) signen un acord de col\u00b7laboraci\u00f3 per al desenvolupament de projectes culturals conjunts."}]},{"@type":"WebSite","@id":"https:\/\/www.fundaciobarcelonaolimpica.es\/ca\/#website","url":"https:\/\/www.fundaciobarcelonaolimpica.es\/ca\/","name":"Fundaci\u00f3 Barcelona Ol\u00edmpica","description":"Web del Museu Ol\u00edmpic i de l&#039;Esport","publisher":{"@id":"https:\/\/www.fundaciobarcelonaolimpica.es\/ca\/#organization"},"potentialAction":[{"@type":"SearchAction","target":{"@type":"EntryPoint","urlTemplate":"https:\/\/www.fundaciobarcelonaolimpica.es\/ca\/?s={search_term_string}"},"query-input":{"@type":"PropertyValueSpecification","valueRequired":true,"valueName":"search_term_string"}}],"inLanguage":"ca"},{"@type":"Organization","@id":"https:\/\/www.fundaciobarcelonaolimpica.es\/ca\/#organization","name":"Fundaci\u00f3 Barcelona Ol\u00edmpica","url":"https:\/\/www.fundaciobarcelonaolimpica.es\/ca\/","logo":{"@type":"ImageObject","inLanguage":"ca","@id":"https:\/\/www.fundaciobarcelonaolimpica.es\/ca\/#\/schema\/logo\/image\/","url":"https:\/\/www.fundaciobarcelonaolimpica.es\/wp-content\/uploads\/sites\/3\/2019\/02\/logo-fundacio.svg","contentUrl":"https:\/\/www.fundaciobarcelonaolimpica.es\/wp-content\/uploads\/sites\/3\/2019\/02\/logo-fundacio.svg","caption":"Fundaci\u00f3 Barcelona Ol\u00edmpica"},"image":{"@id":"https:\/\/www.fundaciobarcelonaolimpica.es\/ca\/#\/schema\/logo\/image\/"}},{"@type":"Person","@id":"https:\/\/www.fundaciobarcelonaolimpica.es\/ca\/#\/schema\/person\/27fb3ca248933c27f53014c648c3b103","name":"editor","url":"https:\/\/www.fundaciobarcelonaolimpica.es\/ca\/author\/editor\/"}]}},"_links":{"self":[{"href":"https:\/\/www.fundaciobarcelonaolimpica.es\/ca\/wp-json\/wp\/v2\/posts\/19050"}],"collection":[{"href":"https:\/\/www.fundaciobarcelonaolimpica.es\/ca\/wp-json\/wp\/v2\/posts"}],"about":[{"href":"https:\/\/www.fundaciobarcelonaolimpica.es\/ca\/wp-json\/wp\/v2\/types\/post"}],"author":[{"embeddable":true,"href":"https:\/\/www.fundaciobarcelonaolimpica.es\/ca\/wp-json\/wp\/v2\/users\/10"}],"replies":[{"embeddable":true,"href":"https:\/\/www.fundaciobarcelonaolimpica.es\/ca\/wp-json\/wp\/v2\/comments?post=19050"}],"version-history":[{"count":1,"href":"https:\/\/www.fundaciobarcelonaolimpica.es\/ca\/wp-json\/wp\/v2\/posts\/19050\/revisions"}],"predecessor-version":[{"id":19052,"href":"https:\/\/www.fundaciobarcelonaolimpica.es\/ca\/wp-json\/wp\/v2\/posts\/19050\/revisions\/19052"}],"wp:featuredmedia":[{"embeddable":true,"href":"https:\/\/www.fundaciobarcelonaolimpica.es\/ca\/wp-json\/wp\/v2\/media\/19047"}],"wp:attachment":[{"href":"https:\/\/www.fundaciobarcelonaolimpica.es\/ca\/wp-json\/wp\/v2\/media?parent=19050"}],"wp:term":[{"taxonomy":"category","embeddable":true,"href":"https:\/\/www.fundaciobarcelonaolimpica.es\/ca\/wp-json\/wp\/v2\/categories?post=19050"},{"taxonomy":"post_tag","embeddable":true,"href":"https:\/\/www.fundaciobarcelonaolimpica.es\/ca\/wp-json\/wp\/v2\/tags?post=19050"}],"curies":[{"name":"wp","href":"https:\/\/api.w.org\/{rel}","templated":true}]}}