{"id":1947,"date":"2009-11-26T00:00:00","date_gmt":"2009-11-25T23:00:00","guid":{"rendered":"http:\/\/dev.fundaciobarcelonaolimpica.es\/els-gestors-dinstal%c2%b7lacions-esportives\/"},"modified":"2009-11-26T00:00:00","modified_gmt":"2009-11-25T23:00:00","slug":"els-gestors-dinstal%c2%b7lacions-esportives","status":"publish","type":"post","link":"https:\/\/www.fundaciobarcelonaolimpica.es\/ca\/els-gestors-dinstal%c2%b7lacions-esportives\/","title":{"rendered":"Els Gestors d&#8217;Instal\u00b7lacions esportives"},"content":{"rendered":"<p>La confer\u00e8ncia ha estat atentament seguida per personalitats, majorit\u00e0riament de la branca de gesti\u00f3 esportiva, que han aprofitat l&#8217;oportunitat que des del Museu Ol\u00edmpic se&#8217;ls ha ofert. El periodista Sergi Valdivieso ha estat l&#8217;encarregat de dirigir la pon\u00e8ncia.Us recordem que el pr\u00f2xim 10 de dicembre a les 19:00h enb el Museu Ol\u00edmpic i de l&#8217;Esport es realitzar\u00e0 l&#8217;\u00faltima de les confer\u00e8ncies, &#8221; La projecci\u00f3 internacional a trav\u00e9s dels esdeveniments esportius&#8221; amb Joan Porcar, conseller delegat de RPM Racing, Albert Agust\u00ed, conseller delegat de Havas Sport Entertainment i Andor Serra, director general Barcelona World Race. Dins del cicle dedicat a Barcelona us convidem a visitar l&#8217;exposici\u00f3 &#8220;la ciutat de l&#8217;esport: barcelona 1979 -2009&#8221; que estar\u00e0 oberta a tot el p\u00fablic de forma gratu\u00efta des del 8 d&#8217;octubre fins al 10 de gener del 2010 en el Museu Ol\u00edmpic i de l\u2019Esport de Barcelona. Aquesta exposici\u00f3 recull els processos de canvi i desenvolupament, d&#8217;aquests \u00faltims 30 anys, que han fet de Barcelona una ciutat pionera i referent en el m\u00f3n de l\u2019esport. Instal\u00b7lacions, campanya de promoci\u00f3, activitats i m\u00faltiples esdeveniments esportius com els Jocs Ol\u00edmpics del 1992 o els mundials de nataci\u00f3 de 2003, prenen part de l&#8217;exposici\u00f3.<\/p>\n","protected":false},"excerpt":{"rendered":"<p>La confer\u00e8ncia &#8220;Els Gestors d&#8217;instal\u00b7lacions esportives&#8221; &#8211; amb la participaci\u00f3 de Ricard Llorens, vicepresident de UBAE, Alfred Tabuenca, director de proyectes de IGE-BCN  i Pere Andreu, director del Mar\u00edtim Claror &#8211; ha compartit l&#8217;auditori del Museu Ol\u00edmpic i de l&#8217;Esport amb  &#8220;La ensaladera de plata&#8221;, trofeu m\u00e9s prestigi\u00f3s del Tennis Mundial, la COPA DAVIS.<\/p>\n","protected":false},"author":1,"featured_media":0,"comment_status":"open","ping_status":"open","sticky":false,"template":"","format":"standard","meta":{"_acf_changed":false,"footnotes":""},"categories":[37],"tags":[],"class_list":["post-1947","post","type-post","status-publish","format-standard","hentry","category-uncategorized-ca"],"acf":[],"yoast_head":"<!-- This site is optimized with the Yoast SEO plugin v23.7 - https:\/\/yoast.com\/wordpress\/plugins\/seo\/ -->\n<title>Els Gestors d&#039;Instal\u00b7lacions esportives - Fundaci\u00f3 Barcelona Ol\u00edmpica<\/title>\n<meta name=\"robots\" content=\"index, follow, max-snippet:-1, max-image-preview:large, max-video-preview:-1\" \/>\n<link rel=\"canonical\" href=\"https:\/\/www.fundaciobarcelonaolimpica.es\/ca\/els-gestors-dinstal\u00b7lacions-esportives\/\" \/>\n<meta property=\"og:locale\" content=\"ca_ES\" \/>\n<meta property=\"og:type\" content=\"article\" \/>\n<meta property=\"og:title\" content=\"Els Gestors d&#039;Instal\u00b7lacions esportives - Fundaci\u00f3 Barcelona Ol\u00edmpica\" \/>\n<meta property=\"og:description\" content=\"La confer\u00e8ncia &quot;Els Gestors d&#039;instal\u00b7lacions esportives&quot; - amb la participaci\u00f3 de Ricard Llorens, vicepresident de UBAE, Alfred Tabuenca, director de proyectes de IGE-BCN i Pere Andreu, director del Mar\u00edtim Claror - ha compartit l&#039;auditori del Museu Ol\u00edmpic i de l&#039;Esport amb &quot;La ensaladera de plata&quot;, trofeu m\u00e9s prestigi\u00f3s del Tennis Mundial, la COPA DAVIS.\" \/>\n<meta property=\"og:url\" content=\"https:\/\/www.fundaciobarcelonaolimpica.es\/ca\/els-gestors-dinstal\u00b7lacions-esportives\/\" \/>\n<meta property=\"og:site_name\" content=\"Fundaci\u00f3 Barcelona Ol\u00edmpica\" \/>\n<meta property=\"article:published_time\" content=\"2009-11-25T23:00:00+00:00\" \/>\n<meta name=\"author\" content=\"useradmin\" \/>\n<meta name=\"twitter:card\" content=\"summary_large_image\" \/>\n<meta name=\"twitter:label1\" content=\"Escrit per\" \/>\n\t<meta name=\"twitter:data1\" content=\"useradmin\" \/>\n\t<meta name=\"twitter:label2\" content=\"Temps estimat de lectura\" \/>\n\t<meta name=\"twitter:data2\" content=\"1 minut\" \/>\n<script type=\"application\/ld+json\" class=\"yoast-schema-graph\">{\"@context\":\"https:\/\/schema.org\",\"@graph\":[{\"@type\":\"Article\",\"@id\":\"https:\/\/www.fundaciobarcelonaolimpica.es\/ca\/els-gestors-dinstal%c2%b7lacions-esportives\/#article\",\"isPartOf\":{\"@id\":\"https:\/\/www.fundaciobarcelonaolimpica.es\/ca\/els-gestors-dinstal%c2%b7lacions-esportives\/\"},\"author\":{\"name\":\"useradmin\",\"@id\":\"https:\/\/www.fundaciobarcelonaolimpica.es\/ca\/#\/schema\/person\/d05705664e87aa04c6ce53d48133fb39\"},\"headline\":\"Els Gestors d&#8217;Instal\u00b7lacions esportives\",\"datePublished\":\"2009-11-25T23:00:00+00:00\",\"dateModified\":\"2009-11-25T23:00:00+00:00\",\"mainEntityOfPage\":{\"@id\":\"https:\/\/www.fundaciobarcelonaolimpica.es\/ca\/els-gestors-dinstal%c2%b7lacions-esportives\/\"},\"wordCount\":211,\"commentCount\":0,\"publisher\":{\"@id\":\"https:\/\/www.fundaciobarcelonaolimpica.es\/ca\/#organization\"},\"articleSection\":[\"Uncategorized\"],\"inLanguage\":\"ca\",\"potentialAction\":[{\"@type\":\"CommentAction\",\"name\":\"Comment\",\"target\":[\"https:\/\/www.fundaciobarcelonaolimpica.es\/ca\/els-gestors-dinstal%c2%b7lacions-esportives\/#respond\"]}]},{\"@type\":\"WebPage\",\"@id\":\"https:\/\/www.fundaciobarcelonaolimpica.es\/ca\/els-gestors-dinstal%c2%b7lacions-esportives\/\",\"url\":\"https:\/\/www.fundaciobarcelonaolimpica.es\/ca\/els-gestors-dinstal%c2%b7lacions-esportives\/\",\"name\":\"Els Gestors d'Instal\u00b7lacions esportives - Fundaci\u00f3 Barcelona Ol\u00edmpica\",\"isPartOf\":{\"@id\":\"https:\/\/www.fundaciobarcelonaolimpica.es\/ca\/#website\"},\"datePublished\":\"2009-11-25T23:00:00+00:00\",\"dateModified\":\"2009-11-25T23:00:00+00:00\",\"breadcrumb\":{\"@id\":\"https:\/\/www.fundaciobarcelonaolimpica.es\/ca\/els-gestors-dinstal%c2%b7lacions-esportives\/#breadcrumb\"},\"inLanguage\":\"ca\",\"potentialAction\":[{\"@type\":\"ReadAction\",\"target\":[\"https:\/\/www.fundaciobarcelonaolimpica.es\/ca\/els-gestors-dinstal%c2%b7lacions-esportives\/\"]}]},{\"@type\":\"BreadcrumbList\",\"@id\":\"https:\/\/www.fundaciobarcelonaolimpica.es\/ca\/els-gestors-dinstal%c2%b7lacions-esportives\/#breadcrumb\",\"itemListElement\":[{\"@type\":\"ListItem\",\"position\":1,\"name\":\"FBO\",\"item\":\"https:\/\/www.fundaciobarcelonaolimpica.es\/es\/\"},{\"@type\":\"ListItem\",\"position\":2,\"name\":\"Els Gestors d&#8217;Instal\u00b7lacions esportives\"}]},{\"@type\":\"WebSite\",\"@id\":\"https:\/\/www.fundaciobarcelonaolimpica.es\/ca\/#website\",\"url\":\"https:\/\/www.fundaciobarcelonaolimpica.es\/ca\/\",\"name\":\"Fundaci\u00f3 Barcelona Ol\u00edmpica\",\"description\":\"Web del Museu Ol\u00edmpic i de l&#039;Esport\",\"publisher\":{\"@id\":\"https:\/\/www.fundaciobarcelonaolimpica.es\/ca\/#organization\"},\"potentialAction\":[{\"@type\":\"SearchAction\",\"target\":{\"@type\":\"EntryPoint\",\"urlTemplate\":\"https:\/\/www.fundaciobarcelonaolimpica.es\/ca\/?s={search_term_string}\"},\"query-input\":{\"@type\":\"PropertyValueSpecification\",\"valueRequired\":true,\"valueName\":\"search_term_string\"}}],\"inLanguage\":\"ca\"},{\"@type\":\"Organization\",\"@id\":\"https:\/\/www.fundaciobarcelonaolimpica.es\/ca\/#organization\",\"name\":\"Fundaci\u00f3 Barcelona Ol\u00edmpica\",\"url\":\"https:\/\/www.fundaciobarcelonaolimpica.es\/ca\/\",\"logo\":{\"@type\":\"ImageObject\",\"inLanguage\":\"ca\",\"@id\":\"https:\/\/www.fundaciobarcelonaolimpica.es\/ca\/#\/schema\/logo\/image\/\",\"url\":\"https:\/\/www.fundaciobarcelonaolimpica.es\/wp-content\/uploads\/sites\/3\/2019\/02\/logo-fundacio.svg\",\"contentUrl\":\"https:\/\/www.fundaciobarcelonaolimpica.es\/wp-content\/uploads\/sites\/3\/2019\/02\/logo-fundacio.svg\",\"caption\":\"Fundaci\u00f3 Barcelona Ol\u00edmpica\"},\"image\":{\"@id\":\"https:\/\/www.fundaciobarcelonaolimpica.es\/ca\/#\/schema\/logo\/image\/\"}},{\"@type\":\"Person\",\"@id\":\"https:\/\/www.fundaciobarcelonaolimpica.es\/ca\/#\/schema\/person\/d05705664e87aa04c6ce53d48133fb39\",\"name\":\"useradmin\",\"url\":\"https:\/\/www.fundaciobarcelonaolimpica.es\/ca\/author\/useradmin\/\"}]}<\/script>\n<!-- \/ Yoast SEO plugin. -->","yoast_head_json":{"title":"Els Gestors d'Instal\u00b7lacions esportives - Fundaci\u00f3 Barcelona Ol\u00edmpica","robots":{"index":"index","follow":"follow","max-snippet":"max-snippet:-1","max-image-preview":"max-image-preview:large","max-video-preview":"max-video-preview:-1"},"canonical":"https:\/\/www.fundaciobarcelonaolimpica.es\/ca\/els-gestors-dinstal\u00b7lacions-esportives\/","og_locale":"ca_ES","og_type":"article","og_title":"Els Gestors d'Instal\u00b7lacions esportives - Fundaci\u00f3 Barcelona Ol\u00edmpica","og_description":"La confer\u00e8ncia \"Els Gestors d'instal\u00b7lacions esportives\" - amb la participaci\u00f3 de Ricard Llorens, vicepresident de UBAE, Alfred Tabuenca, director de proyectes de IGE-BCN i Pere Andreu, director del Mar\u00edtim Claror - ha compartit l'auditori del Museu Ol\u00edmpic i de l'Esport amb \"La ensaladera de plata\", trofeu m\u00e9s prestigi\u00f3s del Tennis Mundial, la COPA DAVIS.","og_url":"https:\/\/www.fundaciobarcelonaolimpica.es\/ca\/els-gestors-dinstal\u00b7lacions-esportives\/","og_site_name":"Fundaci\u00f3 Barcelona Ol\u00edmpica","article_published_time":"2009-11-25T23:00:00+00:00","author":"useradmin","twitter_card":"summary_large_image","twitter_misc":{"Escrit per":"useradmin","Temps estimat de lectura":"1 minut"},"schema":{"@context":"https:\/\/schema.org","@graph":[{"@type":"Article","@id":"https:\/\/www.fundaciobarcelonaolimpica.es\/ca\/els-gestors-dinstal%c2%b7lacions-esportives\/#article","isPartOf":{"@id":"https:\/\/www.fundaciobarcelonaolimpica.es\/ca\/els-gestors-dinstal%c2%b7lacions-esportives\/"},"author":{"name":"useradmin","@id":"https:\/\/www.fundaciobarcelonaolimpica.es\/ca\/#\/schema\/person\/d05705664e87aa04c6ce53d48133fb39"},"headline":"Els Gestors d&#8217;Instal\u00b7lacions esportives","datePublished":"2009-11-25T23:00:00+00:00","dateModified":"2009-11-25T23:00:00+00:00","mainEntityOfPage":{"@id":"https:\/\/www.fundaciobarcelonaolimpica.es\/ca\/els-gestors-dinstal%c2%b7lacions-esportives\/"},"wordCount":211,"commentCount":0,"publisher":{"@id":"https:\/\/www.fundaciobarcelonaolimpica.es\/ca\/#organization"},"articleSection":["Uncategorized"],"inLanguage":"ca","potentialAction":[{"@type":"CommentAction","name":"Comment","target":["https:\/\/www.fundaciobarcelonaolimpica.es\/ca\/els-gestors-dinstal%c2%b7lacions-esportives\/#respond"]}]},{"@type":"WebPage","@id":"https:\/\/www.fundaciobarcelonaolimpica.es\/ca\/els-gestors-dinstal%c2%b7lacions-esportives\/","url":"https:\/\/www.fundaciobarcelonaolimpica.es\/ca\/els-gestors-dinstal%c2%b7lacions-esportives\/","name":"Els Gestors d'Instal\u00b7lacions esportives - Fundaci\u00f3 Barcelona Ol\u00edmpica","isPartOf":{"@id":"https:\/\/www.fundaciobarcelonaolimpica.es\/ca\/#website"},"datePublished":"2009-11-25T23:00:00+00:00","dateModified":"2009-11-25T23:00:00+00:00","breadcrumb":{"@id":"https:\/\/www.fundaciobarcelonaolimpica.es\/ca\/els-gestors-dinstal%c2%b7lacions-esportives\/#breadcrumb"},"inLanguage":"ca","potentialAction":[{"@type":"ReadAction","target":["https:\/\/www.fundaciobarcelonaolimpica.es\/ca\/els-gestors-dinstal%c2%b7lacions-esportives\/"]}]},{"@type":"BreadcrumbList","@id":"https:\/\/www.fundaciobarcelonaolimpica.es\/ca\/els-gestors-dinstal%c2%b7lacions-esportives\/#breadcrumb","itemListElement":[{"@type":"ListItem","position":1,"name":"FBO","item":"https:\/\/www.fundaciobarcelonaolimpica.es\/es\/"},{"@type":"ListItem","position":2,"name":"Els Gestors d&#8217;Instal\u00b7lacions esportives"}]},{"@type":"WebSite","@id":"https:\/\/www.fundaciobarcelonaolimpica.es\/ca\/#website","url":"https:\/\/www.fundaciobarcelonaolimpica.es\/ca\/","name":"Fundaci\u00f3 Barcelona Ol\u00edmpica","description":"Web del Museu Ol\u00edmpic i de l&#039;Esport","publisher":{"@id":"https:\/\/www.fundaciobarcelonaolimpica.es\/ca\/#organization"},"potentialAction":[{"@type":"SearchAction","target":{"@type":"EntryPoint","urlTemplate":"https:\/\/www.fundaciobarcelonaolimpica.es\/ca\/?s={search_term_string}"},"query-input":{"@type":"PropertyValueSpecification","valueRequired":true,"valueName":"search_term_string"}}],"inLanguage":"ca"},{"@type":"Organization","@id":"https:\/\/www.fundaciobarcelonaolimpica.es\/ca\/#organization","name":"Fundaci\u00f3 Barcelona Ol\u00edmpica","url":"https:\/\/www.fundaciobarcelonaolimpica.es\/ca\/","logo":{"@type":"ImageObject","inLanguage":"ca","@id":"https:\/\/www.fundaciobarcelonaolimpica.es\/ca\/#\/schema\/logo\/image\/","url":"https:\/\/www.fundaciobarcelonaolimpica.es\/wp-content\/uploads\/sites\/3\/2019\/02\/logo-fundacio.svg","contentUrl":"https:\/\/www.fundaciobarcelonaolimpica.es\/wp-content\/uploads\/sites\/3\/2019\/02\/logo-fundacio.svg","caption":"Fundaci\u00f3 Barcelona Ol\u00edmpica"},"image":{"@id":"https:\/\/www.fundaciobarcelonaolimpica.es\/ca\/#\/schema\/logo\/image\/"}},{"@type":"Person","@id":"https:\/\/www.fundaciobarcelonaolimpica.es\/ca\/#\/schema\/person\/d05705664e87aa04c6ce53d48133fb39","name":"useradmin","url":"https:\/\/www.fundaciobarcelonaolimpica.es\/ca\/author\/useradmin\/"}]}},"_links":{"self":[{"href":"https:\/\/www.fundaciobarcelonaolimpica.es\/ca\/wp-json\/wp\/v2\/posts\/1947"}],"collection":[{"href":"https:\/\/www.fundaciobarcelonaolimpica.es\/ca\/wp-json\/wp\/v2\/posts"}],"about":[{"href":"https:\/\/www.fundaciobarcelonaolimpica.es\/ca\/wp-json\/wp\/v2\/types\/post"}],"author":[{"embeddable":true,"href":"https:\/\/www.fundaciobarcelonaolimpica.es\/ca\/wp-json\/wp\/v2\/users\/1"}],"replies":[{"embeddable":true,"href":"https:\/\/www.fundaciobarcelonaolimpica.es\/ca\/wp-json\/wp\/v2\/comments?post=1947"}],"version-history":[{"count":0,"href":"https:\/\/www.fundaciobarcelonaolimpica.es\/ca\/wp-json\/wp\/v2\/posts\/1947\/revisions"}],"wp:attachment":[{"href":"https:\/\/www.fundaciobarcelonaolimpica.es\/ca\/wp-json\/wp\/v2\/media?parent=1947"}],"wp:term":[{"taxonomy":"category","embeddable":true,"href":"https:\/\/www.fundaciobarcelonaolimpica.es\/ca\/wp-json\/wp\/v2\/categories?post=1947"},{"taxonomy":"post_tag","embeddable":true,"href":"https:\/\/www.fundaciobarcelonaolimpica.es\/ca\/wp-json\/wp\/v2\/tags?post=1947"}],"curies":[{"name":"wp","href":"https:\/\/api.w.org\/{rel}","templated":true}]}}