{"id":1949,"date":"2009-11-24T00:00:00","date_gmt":"2009-11-23T23:00:00","guid":{"rendered":"http:\/\/dev.fundaciobarcelonaolimpica.es\/vine-al-museu-olimpic-i-de-lesport-del-24-al-27-de-novembre-i-fes-com-barni-gaudir-de-la-ensaladera-de-plata-loriginal-copa-davis\/"},"modified":"2009-11-24T00:00:00","modified_gmt":"2009-11-23T23:00:00","slug":"vine-al-museu-olimpic-i-de-lesport-del-24-al-27-de-novembre-i-fes-com-barni-gaudir-de-la-ensaladera-de-plata-loriginal-copa-davis","status":"publish","type":"post","link":"https:\/\/www.fundaciobarcelonaolimpica.es\/ca\/vine-al-museu-olimpic-i-de-lesport-del-24-al-27-de-novembre-i-fes-com-barni-gaudir-de-la-ensaladera-de-plata-loriginal-copa-davis\/","title":{"rendered":"Vine al Museu Ol\u00edmpic i de l&#8217;Esport del 24 al 27 de novembre i fes com BARNI, GAUDIR de &#8220;La ensaladera de plata&#8221;, l&#8217;Original COPA DAVIS"},"content":{"rendered":"<p>L&#8217;edici\u00f3 n\u00famero 1 del certamen es va realitzar el 8 d&#8217;agost de 1900 i la seva seu va ser Boston, EUA. La idea va arribar de la m\u00e0 de Dwight Filley Davis, un nord-americ\u00e0 de 21 anys graduat de la Universitat d&#8217;Harvard, que havia proposat el 1899 de realitzar un torneig de tennis entre nacions. Finalment, la United States National Association va acceptar la iniciativa del jove, igual com, posteriorment, ho van fer els anglesos.Davis va manar a confeccionar un trofeu per a l&#8217;ocasi\u00f3. Va rec\u00f3rrer a tres argenters de Boston, qui van fondre m\u00e9s de dues-centes unces del metall preat, i aix\u00ed, van donar forma al premi que es va denominar International Lawn Tennis Challenge Trophy. Encara que en realitat va ser batejada r\u00e0pidament, en honor al seu gestor, com Copa Davis. Aix\u00ed mateix, a partir dels components i la forma del guard\u00f3, se&#8217;l coneix com &#8220;ensaladera de plata&#8221;.El guanyador d&#8217;aquella primera edici\u00f3 del torneig, amb seu en el Longwood Cricket Club, van ser els Estats Units, qui en va v\u00e8ncer per 3-0 als visitants. Els integrants del primer campi\u00f3 de la hist\u00f2ria van ser: el mateix Dwight Davis, Malcom Whitman i Holcombe War.La Copa Davis t\u00e9 109 anys d&#8217;hist\u00f2ria i 97 edicions disputades, de les quals 32 han estat per als Estats Units i 28 per a Austr\u00e0lia. Espanya, per la seva part, ha arribat un total de set vegades a la final: tres derrotes (les tres, curiosament, davant Austr\u00e0lia), tres vict\u00f2ries (davant Austr\u00e0lia el 2000, contra EUA en 2004 i Argentina el 2008). En aquesta 98 edici\u00f3 esperem que el Palau Sant Jordi pugui tornar a veure als integrants de l&#8217;equip espanyol &#8211; Rafael Nadal (2n del R\u00e0nquing mundial), Fernando Verdasco (8\u00e8), David Ferrer (18\u00e8), Feliciano L\u00f3pez (47\u00e8) &#8211; guanyar per quarta vegada \u201cla ensaladera de plata\u201d preada.<\/p>\n","protected":false},"excerpt":{"rendered":"<p>El Museu Ol\u00edmpic i de l&#8217;Esport allotja el trofeu m\u00e9s prestigi\u00f3s del Tennis Mundial, la COPA DAVIS. BARNI, la mascota del Campionat d&#8217;Europa d&#8217;Atletisme 2010, va visitar el Museu Ol\u00edmpic i de l&#8217;Esport i es va fer una magn\u00edfica foto al costat de \u201cla ensaladera de plata\u201d de la COPA DAVIS.<\/p>\n","protected":false},"author":1,"featured_media":0,"comment_status":"open","ping_status":"open","sticky":false,"template":"","format":"standard","meta":{"_acf_changed":false,"footnotes":""},"categories":[37],"tags":[],"class_list":["post-1949","post","type-post","status-publish","format-standard","hentry","category-uncategorized-ca"],"acf":[],"yoast_head":"<!-- This site is optimized with the Yoast SEO plugin v23.7 - https:\/\/yoast.com\/wordpress\/plugins\/seo\/ -->\n<title>Vine al Museu Ol\u00edmpic i de l&#039;Esport del 24 al 27 de novembre i fes com BARNI, GAUDIR de &quot;La ensaladera de plata&quot;, l&#039;Original COPA DAVIS - Fundaci\u00f3 Barcelona Ol\u00edmpica<\/title>\n<meta name=\"robots\" content=\"index, follow, max-snippet:-1, max-image-preview:large, max-video-preview:-1\" \/>\n<link rel=\"canonical\" href=\"https:\/\/www.fundaciobarcelonaolimpica.es\/ca\/vine-al-museu-olimpic-i-de-lesport-del-24-al-27-de-novembre-i-fes-com-barni-gaudir-de-la-ensaladera-de-plata-loriginal-copa-davis\/\" \/>\n<meta property=\"og:locale\" content=\"ca_ES\" \/>\n<meta property=\"og:type\" content=\"article\" \/>\n<meta property=\"og:title\" content=\"Vine al Museu Ol\u00edmpic i de l&#039;Esport del 24 al 27 de novembre i fes com BARNI, GAUDIR de &quot;La ensaladera de plata&quot;, l&#039;Original COPA DAVIS - Fundaci\u00f3 Barcelona Ol\u00edmpica\" \/>\n<meta property=\"og:description\" content=\"El Museu Ol\u00edmpic i de l&#039;Esport allotja el trofeu m\u00e9s prestigi\u00f3s del Tennis Mundial, la COPA DAVIS. BARNI, la mascota del Campionat d&#039;Europa d&#039;Atletisme 2010, va visitar el Museu Ol\u00edmpic i de l&#039;Esport i es va fer una magn\u00edfica foto al costat de \u201cla ensaladera de plata\u201d de la COPA DAVIS.\" \/>\n<meta property=\"og:url\" content=\"https:\/\/www.fundaciobarcelonaolimpica.es\/ca\/vine-al-museu-olimpic-i-de-lesport-del-24-al-27-de-novembre-i-fes-com-barni-gaudir-de-la-ensaladera-de-plata-loriginal-copa-davis\/\" \/>\n<meta property=\"og:site_name\" content=\"Fundaci\u00f3 Barcelona Ol\u00edmpica\" \/>\n<meta property=\"article:published_time\" content=\"2009-11-23T23:00:00+00:00\" \/>\n<meta name=\"author\" content=\"useradmin\" \/>\n<meta name=\"twitter:card\" content=\"summary_large_image\" \/>\n<meta name=\"twitter:label1\" content=\"Escrit per\" \/>\n\t<meta name=\"twitter:data1\" content=\"useradmin\" \/>\n\t<meta name=\"twitter:label2\" content=\"Temps estimat de lectura\" \/>\n\t<meta name=\"twitter:data2\" content=\"2 minuts\" \/>\n<script type=\"application\/ld+json\" class=\"yoast-schema-graph\">{\"@context\":\"https:\/\/schema.org\",\"@graph\":[{\"@type\":\"Article\",\"@id\":\"https:\/\/www.fundaciobarcelonaolimpica.es\/ca\/vine-al-museu-olimpic-i-de-lesport-del-24-al-27-de-novembre-i-fes-com-barni-gaudir-de-la-ensaladera-de-plata-loriginal-copa-davis\/#article\",\"isPartOf\":{\"@id\":\"https:\/\/www.fundaciobarcelonaolimpica.es\/ca\/vine-al-museu-olimpic-i-de-lesport-del-24-al-27-de-novembre-i-fes-com-barni-gaudir-de-la-ensaladera-de-plata-loriginal-copa-davis\/\"},\"author\":{\"name\":\"useradmin\",\"@id\":\"https:\/\/www.fundaciobarcelonaolimpica.es\/ca\/#\/schema\/person\/d05705664e87aa04c6ce53d48133fb39\"},\"headline\":\"Vine al Museu Ol\u00edmpic i de l&#8217;Esport del 24 al 27 de novembre i fes com BARNI, GAUDIR de &#8220;La ensaladera de plata&#8221;, l&#8217;Original COPA DAVIS\",\"datePublished\":\"2009-11-23T23:00:00+00:00\",\"dateModified\":\"2009-11-23T23:00:00+00:00\",\"mainEntityOfPage\":{\"@id\":\"https:\/\/www.fundaciobarcelonaolimpica.es\/ca\/vine-al-museu-olimpic-i-de-lesport-del-24-al-27-de-novembre-i-fes-com-barni-gaudir-de-la-ensaladera-de-plata-loriginal-copa-davis\/\"},\"wordCount\":326,\"commentCount\":0,\"publisher\":{\"@id\":\"https:\/\/www.fundaciobarcelonaolimpica.es\/ca\/#organization\"},\"articleSection\":[\"Uncategorized\"],\"inLanguage\":\"ca\",\"potentialAction\":[{\"@type\":\"CommentAction\",\"name\":\"Comment\",\"target\":[\"https:\/\/www.fundaciobarcelonaolimpica.es\/ca\/vine-al-museu-olimpic-i-de-lesport-del-24-al-27-de-novembre-i-fes-com-barni-gaudir-de-la-ensaladera-de-plata-loriginal-copa-davis\/#respond\"]}]},{\"@type\":\"WebPage\",\"@id\":\"https:\/\/www.fundaciobarcelonaolimpica.es\/ca\/vine-al-museu-olimpic-i-de-lesport-del-24-al-27-de-novembre-i-fes-com-barni-gaudir-de-la-ensaladera-de-plata-loriginal-copa-davis\/\",\"url\":\"https:\/\/www.fundaciobarcelonaolimpica.es\/ca\/vine-al-museu-olimpic-i-de-lesport-del-24-al-27-de-novembre-i-fes-com-barni-gaudir-de-la-ensaladera-de-plata-loriginal-copa-davis\/\",\"name\":\"Vine al Museu Ol\u00edmpic i de l'Esport del 24 al 27 de novembre i fes com BARNI, GAUDIR de \\\"La ensaladera de plata\\\", l'Original COPA DAVIS - Fundaci\u00f3 Barcelona Ol\u00edmpica\",\"isPartOf\":{\"@id\":\"https:\/\/www.fundaciobarcelonaolimpica.es\/ca\/#website\"},\"datePublished\":\"2009-11-23T23:00:00+00:00\",\"dateModified\":\"2009-11-23T23:00:00+00:00\",\"breadcrumb\":{\"@id\":\"https:\/\/www.fundaciobarcelonaolimpica.es\/ca\/vine-al-museu-olimpic-i-de-lesport-del-24-al-27-de-novembre-i-fes-com-barni-gaudir-de-la-ensaladera-de-plata-loriginal-copa-davis\/#breadcrumb\"},\"inLanguage\":\"ca\",\"potentialAction\":[{\"@type\":\"ReadAction\",\"target\":[\"https:\/\/www.fundaciobarcelonaolimpica.es\/ca\/vine-al-museu-olimpic-i-de-lesport-del-24-al-27-de-novembre-i-fes-com-barni-gaudir-de-la-ensaladera-de-plata-loriginal-copa-davis\/\"]}]},{\"@type\":\"BreadcrumbList\",\"@id\":\"https:\/\/www.fundaciobarcelonaolimpica.es\/ca\/vine-al-museu-olimpic-i-de-lesport-del-24-al-27-de-novembre-i-fes-com-barni-gaudir-de-la-ensaladera-de-plata-loriginal-copa-davis\/#breadcrumb\",\"itemListElement\":[{\"@type\":\"ListItem\",\"position\":1,\"name\":\"FBO\",\"item\":\"https:\/\/www.fundaciobarcelonaolimpica.es\/es\/\"},{\"@type\":\"ListItem\",\"position\":2,\"name\":\"Vine al Museu Ol\u00edmpic i de l&#8217;Esport del 24 al 27 de novembre i fes com BARNI, GAUDIR de &#8220;La ensaladera de plata&#8221;, l&#8217;Original COPA DAVIS\"}]},{\"@type\":\"WebSite\",\"@id\":\"https:\/\/www.fundaciobarcelonaolimpica.es\/ca\/#website\",\"url\":\"https:\/\/www.fundaciobarcelonaolimpica.es\/ca\/\",\"name\":\"Fundaci\u00f3 Barcelona Ol\u00edmpica\",\"description\":\"Web del Museu Ol\u00edmpic i de l&#039;Esport\",\"publisher\":{\"@id\":\"https:\/\/www.fundaciobarcelonaolimpica.es\/ca\/#organization\"},\"potentialAction\":[{\"@type\":\"SearchAction\",\"target\":{\"@type\":\"EntryPoint\",\"urlTemplate\":\"https:\/\/www.fundaciobarcelonaolimpica.es\/ca\/?s={search_term_string}\"},\"query-input\":{\"@type\":\"PropertyValueSpecification\",\"valueRequired\":true,\"valueName\":\"search_term_string\"}}],\"inLanguage\":\"ca\"},{\"@type\":\"Organization\",\"@id\":\"https:\/\/www.fundaciobarcelonaolimpica.es\/ca\/#organization\",\"name\":\"Fundaci\u00f3 Barcelona Ol\u00edmpica\",\"url\":\"https:\/\/www.fundaciobarcelonaolimpica.es\/ca\/\",\"logo\":{\"@type\":\"ImageObject\",\"inLanguage\":\"ca\",\"@id\":\"https:\/\/www.fundaciobarcelonaolimpica.es\/ca\/#\/schema\/logo\/image\/\",\"url\":\"https:\/\/www.fundaciobarcelonaolimpica.es\/wp-content\/uploads\/sites\/3\/2019\/02\/logo-fundacio.svg\",\"contentUrl\":\"https:\/\/www.fundaciobarcelonaolimpica.es\/wp-content\/uploads\/sites\/3\/2019\/02\/logo-fundacio.svg\",\"caption\":\"Fundaci\u00f3 Barcelona Ol\u00edmpica\"},\"image\":{\"@id\":\"https:\/\/www.fundaciobarcelonaolimpica.es\/ca\/#\/schema\/logo\/image\/\"}},{\"@type\":\"Person\",\"@id\":\"https:\/\/www.fundaciobarcelonaolimpica.es\/ca\/#\/schema\/person\/d05705664e87aa04c6ce53d48133fb39\",\"name\":\"useradmin\",\"url\":\"https:\/\/www.fundaciobarcelonaolimpica.es\/ca\/author\/useradmin\/\"}]}<\/script>\n<!-- \/ Yoast SEO plugin. -->","yoast_head_json":{"title":"Vine al Museu Ol\u00edmpic i de l'Esport del 24 al 27 de novembre i fes com BARNI, GAUDIR de \"La ensaladera de plata\", l'Original COPA DAVIS - Fundaci\u00f3 Barcelona Ol\u00edmpica","robots":{"index":"index","follow":"follow","max-snippet":"max-snippet:-1","max-image-preview":"max-image-preview:large","max-video-preview":"max-video-preview:-1"},"canonical":"https:\/\/www.fundaciobarcelonaolimpica.es\/ca\/vine-al-museu-olimpic-i-de-lesport-del-24-al-27-de-novembre-i-fes-com-barni-gaudir-de-la-ensaladera-de-plata-loriginal-copa-davis\/","og_locale":"ca_ES","og_type":"article","og_title":"Vine al Museu Ol\u00edmpic i de l'Esport del 24 al 27 de novembre i fes com BARNI, GAUDIR de \"La ensaladera de plata\", l'Original COPA DAVIS - Fundaci\u00f3 Barcelona Ol\u00edmpica","og_description":"El Museu Ol\u00edmpic i de l'Esport allotja el trofeu m\u00e9s prestigi\u00f3s del Tennis Mundial, la COPA DAVIS. BARNI, la mascota del Campionat d'Europa d'Atletisme 2010, va visitar el Museu Ol\u00edmpic i de l'Esport i es va fer una magn\u00edfica foto al costat de \u201cla ensaladera de plata\u201d de la COPA DAVIS.","og_url":"https:\/\/www.fundaciobarcelonaolimpica.es\/ca\/vine-al-museu-olimpic-i-de-lesport-del-24-al-27-de-novembre-i-fes-com-barni-gaudir-de-la-ensaladera-de-plata-loriginal-copa-davis\/","og_site_name":"Fundaci\u00f3 Barcelona Ol\u00edmpica","article_published_time":"2009-11-23T23:00:00+00:00","author":"useradmin","twitter_card":"summary_large_image","twitter_misc":{"Escrit per":"useradmin","Temps estimat de lectura":"2 minuts"},"schema":{"@context":"https:\/\/schema.org","@graph":[{"@type":"Article","@id":"https:\/\/www.fundaciobarcelonaolimpica.es\/ca\/vine-al-museu-olimpic-i-de-lesport-del-24-al-27-de-novembre-i-fes-com-barni-gaudir-de-la-ensaladera-de-plata-loriginal-copa-davis\/#article","isPartOf":{"@id":"https:\/\/www.fundaciobarcelonaolimpica.es\/ca\/vine-al-museu-olimpic-i-de-lesport-del-24-al-27-de-novembre-i-fes-com-barni-gaudir-de-la-ensaladera-de-plata-loriginal-copa-davis\/"},"author":{"name":"useradmin","@id":"https:\/\/www.fundaciobarcelonaolimpica.es\/ca\/#\/schema\/person\/d05705664e87aa04c6ce53d48133fb39"},"headline":"Vine al Museu Ol\u00edmpic i de l&#8217;Esport del 24 al 27 de novembre i fes com BARNI, GAUDIR de &#8220;La ensaladera de plata&#8221;, l&#8217;Original COPA DAVIS","datePublished":"2009-11-23T23:00:00+00:00","dateModified":"2009-11-23T23:00:00+00:00","mainEntityOfPage":{"@id":"https:\/\/www.fundaciobarcelonaolimpica.es\/ca\/vine-al-museu-olimpic-i-de-lesport-del-24-al-27-de-novembre-i-fes-com-barni-gaudir-de-la-ensaladera-de-plata-loriginal-copa-davis\/"},"wordCount":326,"commentCount":0,"publisher":{"@id":"https:\/\/www.fundaciobarcelonaolimpica.es\/ca\/#organization"},"articleSection":["Uncategorized"],"inLanguage":"ca","potentialAction":[{"@type":"CommentAction","name":"Comment","target":["https:\/\/www.fundaciobarcelonaolimpica.es\/ca\/vine-al-museu-olimpic-i-de-lesport-del-24-al-27-de-novembre-i-fes-com-barni-gaudir-de-la-ensaladera-de-plata-loriginal-copa-davis\/#respond"]}]},{"@type":"WebPage","@id":"https:\/\/www.fundaciobarcelonaolimpica.es\/ca\/vine-al-museu-olimpic-i-de-lesport-del-24-al-27-de-novembre-i-fes-com-barni-gaudir-de-la-ensaladera-de-plata-loriginal-copa-davis\/","url":"https:\/\/www.fundaciobarcelonaolimpica.es\/ca\/vine-al-museu-olimpic-i-de-lesport-del-24-al-27-de-novembre-i-fes-com-barni-gaudir-de-la-ensaladera-de-plata-loriginal-copa-davis\/","name":"Vine al Museu Ol\u00edmpic i de l'Esport del 24 al 27 de novembre i fes com BARNI, GAUDIR de \"La ensaladera de plata\", l'Original COPA DAVIS - Fundaci\u00f3 Barcelona Ol\u00edmpica","isPartOf":{"@id":"https:\/\/www.fundaciobarcelonaolimpica.es\/ca\/#website"},"datePublished":"2009-11-23T23:00:00+00:00","dateModified":"2009-11-23T23:00:00+00:00","breadcrumb":{"@id":"https:\/\/www.fundaciobarcelonaolimpica.es\/ca\/vine-al-museu-olimpic-i-de-lesport-del-24-al-27-de-novembre-i-fes-com-barni-gaudir-de-la-ensaladera-de-plata-loriginal-copa-davis\/#breadcrumb"},"inLanguage":"ca","potentialAction":[{"@type":"ReadAction","target":["https:\/\/www.fundaciobarcelonaolimpica.es\/ca\/vine-al-museu-olimpic-i-de-lesport-del-24-al-27-de-novembre-i-fes-com-barni-gaudir-de-la-ensaladera-de-plata-loriginal-copa-davis\/"]}]},{"@type":"BreadcrumbList","@id":"https:\/\/www.fundaciobarcelonaolimpica.es\/ca\/vine-al-museu-olimpic-i-de-lesport-del-24-al-27-de-novembre-i-fes-com-barni-gaudir-de-la-ensaladera-de-plata-loriginal-copa-davis\/#breadcrumb","itemListElement":[{"@type":"ListItem","position":1,"name":"FBO","item":"https:\/\/www.fundaciobarcelonaolimpica.es\/es\/"},{"@type":"ListItem","position":2,"name":"Vine al Museu Ol\u00edmpic i de l&#8217;Esport del 24 al 27 de novembre i fes com BARNI, GAUDIR de &#8220;La ensaladera de plata&#8221;, l&#8217;Original COPA DAVIS"}]},{"@type":"WebSite","@id":"https:\/\/www.fundaciobarcelonaolimpica.es\/ca\/#website","url":"https:\/\/www.fundaciobarcelonaolimpica.es\/ca\/","name":"Fundaci\u00f3 Barcelona Ol\u00edmpica","description":"Web del Museu Ol\u00edmpic i de l&#039;Esport","publisher":{"@id":"https:\/\/www.fundaciobarcelonaolimpica.es\/ca\/#organization"},"potentialAction":[{"@type":"SearchAction","target":{"@type":"EntryPoint","urlTemplate":"https:\/\/www.fundaciobarcelonaolimpica.es\/ca\/?s={search_term_string}"},"query-input":{"@type":"PropertyValueSpecification","valueRequired":true,"valueName":"search_term_string"}}],"inLanguage":"ca"},{"@type":"Organization","@id":"https:\/\/www.fundaciobarcelonaolimpica.es\/ca\/#organization","name":"Fundaci\u00f3 Barcelona Ol\u00edmpica","url":"https:\/\/www.fundaciobarcelonaolimpica.es\/ca\/","logo":{"@type":"ImageObject","inLanguage":"ca","@id":"https:\/\/www.fundaciobarcelonaolimpica.es\/ca\/#\/schema\/logo\/image\/","url":"https:\/\/www.fundaciobarcelonaolimpica.es\/wp-content\/uploads\/sites\/3\/2019\/02\/logo-fundacio.svg","contentUrl":"https:\/\/www.fundaciobarcelonaolimpica.es\/wp-content\/uploads\/sites\/3\/2019\/02\/logo-fundacio.svg","caption":"Fundaci\u00f3 Barcelona Ol\u00edmpica"},"image":{"@id":"https:\/\/www.fundaciobarcelonaolimpica.es\/ca\/#\/schema\/logo\/image\/"}},{"@type":"Person","@id":"https:\/\/www.fundaciobarcelonaolimpica.es\/ca\/#\/schema\/person\/d05705664e87aa04c6ce53d48133fb39","name":"useradmin","url":"https:\/\/www.fundaciobarcelonaolimpica.es\/ca\/author\/useradmin\/"}]}},"_links":{"self":[{"href":"https:\/\/www.fundaciobarcelonaolimpica.es\/ca\/wp-json\/wp\/v2\/posts\/1949"}],"collection":[{"href":"https:\/\/www.fundaciobarcelonaolimpica.es\/ca\/wp-json\/wp\/v2\/posts"}],"about":[{"href":"https:\/\/www.fundaciobarcelonaolimpica.es\/ca\/wp-json\/wp\/v2\/types\/post"}],"author":[{"embeddable":true,"href":"https:\/\/www.fundaciobarcelonaolimpica.es\/ca\/wp-json\/wp\/v2\/users\/1"}],"replies":[{"embeddable":true,"href":"https:\/\/www.fundaciobarcelonaolimpica.es\/ca\/wp-json\/wp\/v2\/comments?post=1949"}],"version-history":[{"count":0,"href":"https:\/\/www.fundaciobarcelonaolimpica.es\/ca\/wp-json\/wp\/v2\/posts\/1949\/revisions"}],"wp:attachment":[{"href":"https:\/\/www.fundaciobarcelonaolimpica.es\/ca\/wp-json\/wp\/v2\/media?parent=1949"}],"wp:term":[{"taxonomy":"category","embeddable":true,"href":"https:\/\/www.fundaciobarcelonaolimpica.es\/ca\/wp-json\/wp\/v2\/categories?post=1949"},{"taxonomy":"post_tag","embeddable":true,"href":"https:\/\/www.fundaciobarcelonaolimpica.es\/ca\/wp-json\/wp\/v2\/tags?post=1949"}],"curies":[{"name":"wp","href":"https:\/\/api.w.org\/{rel}","templated":true}]}}