{"id":20811,"date":"2019-10-15T19:22:18","date_gmt":"2019-10-15T17:22:18","guid":{"rendered":"https:\/\/www.fundaciobarcelonaolimpica.es\/forum-olimpic-giacomo-modolo-responsable-de-proyectes-desport-del-cio\/"},"modified":"2019-10-15T19:34:47","modified_gmt":"2019-10-15T17:34:47","slug":"forum-olimpic-giacomo-modolo-responsable-de-proyectes-desport-del-cio","status":"publish","type":"post","link":"https:\/\/www.fundaciobarcelonaolimpica.es\/ca\/forum-olimpic-giacomo-modolo-responsable-de-proyectes-desport-del-cio\/","title":{"rendered":"F\u00f2rum Ol\u00edmpic: Giacomo Modolo, responsable de proyectes d&#8217;eSport del CIO"},"content":{"rendered":"<p><img fetchpriority=\"high\" decoding=\"async\" class=\"size-medium wp-image-20657 alignleft\" src=\"https:\/\/www.fundaciobarcelonaolimpica.es\/wp-content\/uploads\/sites\/3\/2019\/10\/David-Escude-2-300x189.jpg\" alt=\"\" width=\"300\" height=\"189\" srcset=\"https:\/\/www.fundaciobarcelonaolimpica.es\/wp-content\/uploads\/sites\/3\/2019\/10\/David-Escude-2-300x189.jpg 300w, https:\/\/www.fundaciobarcelonaolimpica.es\/wp-content\/uploads\/sites\/3\/2019\/10\/David-Escude-2-768x484.jpg 768w, https:\/\/www.fundaciobarcelonaolimpica.es\/wp-content\/uploads\/sites\/3\/2019\/10\/David-Escude-2-1024x646.jpg 1024w, https:\/\/www.fundaciobarcelonaolimpica.es\/wp-content\/uploads\/sites\/3\/2019\/10\/David-Escude-2-1320x832.jpg 1320w, https:\/\/www.fundaciobarcelonaolimpica.es\/wp-content\/uploads\/sites\/3\/2019\/10\/David-Escude-2.jpg 1903w\" sizes=\"(max-width: 300px) 100vw, 300px\" \/><\/p>\n<p>La benvinguda oficial ha estat a c\u00e0rrec de David Escud\u00e9, regidor d&#8217;Esports de l&#8217;Ajuntament de Barcelona i diputat provincial de Barcelona i Gerard Esteva, president de la UFEC.<\/p>\n<p>Giacomo Modolo, responsable de projectos de eSport del CIO, ha obert la jornada del XIII F\u00f2rum Ol\u00edmpic dedicat a \u201cL&#8217;impacte de l&#8217;esport i disciplines emergents en un m\u00f3n global\u201d.<\/p>\n<p>Modolo, ha destacat la import\u00e0ncia de l&#8217;Agenda 2020 que estableix l&#8217;estrat\u00e8gia a seguir pel Comit\u00e8 Internacional Ol\u00edmpic per al futur del moviment ol\u00edmpic, destacant diversos elements: els nous esports o disciplines que s&#8217;incorporen al programa ol\u00edmpic i\/o que opten a aquest, l&#8217;equitat de g\u00e8nere en l&#8217;esport en general i ol\u00edmpic en particular, la import\u00e0ncia dels mitjans de difusi\u00f3 i el tractament d&#8217;aquests respecte als esports emergents i equitat de g\u00e8nere i la situaci\u00f3 actual dels eSports en el Moviment Ol\u00edmpic.<\/p>\n<p><strong>Dem\u00e0 tornarem a parlar dels eSport, amb la pres\u00e8ncia del <em>gamer<\/em> Esteban Serrano &#8211; AKAWonder i una taula rodona on es exposaran arguments a favor i en contra dels eSport.<\/strong><\/p>\n<p>La taula rodona del mat\u00ed ha estat moderada pel periodista Joan Manuel Surroca i composta per Blanca Nualart, responsable en mat\u00e8ria de g\u00e8nere i programes esportius transversals del Consell Catal\u00e0 d\u2019Esports; Joan Porcar, CEO de RPM\/MKT; Susana Closa, gerent de l\u2019Institut Barcelona Esports; Kira Men\u00e9n, presidenta de la Federaci\u00f3 Catalana de Corfbol; Susanna Soler, professora de l&#8217;INEF de Catalunya, i la periodista esportiva Maria Guix\u00e0. En la sessi\u00f3 s&#8217;han posat sobre la taula q\u00fcestions com l&#8217;exist\u00e8ncia d\u2019esport mascul\u00ed i femen\u00ed o si el concepte \u00e9s esport practicat per homes o dones, si els esports mixtos s\u00f3n la soluci\u00f3 a l&#8217;equitat, la necessitat d&#8217;un apoderament de la dona en c\u00e0rrecs dins de les entitats i institucions esportives, els models a seguir per a la visibilitat de l&#8217;esportista i, el m\u00e9s important, l&#8217;educaci\u00f3 de base per a l&#8217;equitat, no posar barreres socials al desenvolupament esportiu indiferentment de ser home o dona.<\/p>\n<p>La tarda ha comen\u00e7at amb la pon\u00e8ncia de Maribel Zamora, presidenta de la Federaci\u00f3 Catalana del Voleibol, qui ens ha presentat la realitat dels esports de platja, les seves modalitats i aportacions.<\/p>\n<p>Ra\u00fal Chapado, president de la Real Federaci\u00f3n Espa\u00f1ola de Atletismo, Valerio Cianfoni i Leandre Negre, han format la taula rodona on s&#8217;han plantejat les mesures que s&#8217;han pres dins dels esports, considerats tradicionals, amb la finalitat de no perdre les noves tend\u00e8ncies esportives.<\/p>\n<p>La segona jornada de la tarda l&#8217;ha iniciat Ram\u00f3n Basiana, qui ens ha parlat de l&#8217;\u00faltima experi\u00e8ncia viscuda a Barcelona d&#8217;un gran esdeveniment esportiu, els World Roller Games. I s&#8217;ha tancat la jornada amb la taula rodona composta per Alba Gamell, May Peus i Llu\u00eds Giner representants d&#8217;esports amb modalitats emergents com el tennis platja, l&#8217;escalada de competici\u00f3 o els esports d&#8217;hivern.<\/p>\n","protected":false},"excerpt":{"rendered":"<p>La benvinguda oficial ha estat a c\u00e0rrec de David Escud\u00e9, regidor d&#8217;Esports de l&#8217;Ajuntament de Barcelona i diputat provincial de Barcelona i Gerard Esteva, president de la UFEC. Giacomo Modolo, responsable de projectos de eSport del CIO, ha obert la jornada del XIII F\u00f2rum Ol\u00edmpic dedicat a \u201cL&#8217;impacte de l&#8217;esport i disciplines emergents en un [&hellip;]<\/p>\n","protected":false},"author":11,"featured_media":20727,"comment_status":"closed","ping_status":"closed","sticky":false,"template":"","format":"standard","meta":{"_acf_changed":false,"footnotes":""},"categories":[2],"tags":[],"class_list":["post-20811","post","type-post","status-publish","format-standard","has-post-thumbnail","hentry","category-sense-categoria"],"acf":[],"yoast_head":"<!-- This site is optimized with the Yoast SEO plugin v23.7 - https:\/\/yoast.com\/wordpress\/plugins\/seo\/ -->\n<title>F\u00f2rum Ol\u00edmpic: Giacomo Modolo, responsable de proyectes d&#039;eSport del CIO - Fundaci\u00f3 Barcelona Ol\u00edmpica<\/title>\n<meta name=\"robots\" content=\"index, follow, max-snippet:-1, max-image-preview:large, max-video-preview:-1\" \/>\n<link rel=\"canonical\" href=\"https:\/\/www.fundaciobarcelonaolimpica.es\/ca\/forum-olimpic-giacomo-modolo-responsable-de-proyectes-desport-del-cio\/\" \/>\n<meta property=\"og:locale\" content=\"ca_ES\" \/>\n<meta property=\"og:type\" content=\"article\" \/>\n<meta property=\"og:title\" content=\"F\u00f2rum Ol\u00edmpic: Giacomo Modolo, responsable de proyectes d&#039;eSport del CIO - Fundaci\u00f3 Barcelona Ol\u00edmpica\" \/>\n<meta property=\"og:description\" content=\"La benvinguda oficial ha estat a c\u00e0rrec de David Escud\u00e9, regidor d&#8217;Esports de l&#8217;Ajuntament de Barcelona i diputat provincial de Barcelona i Gerard Esteva, president de la UFEC. Giacomo Modolo, responsable de projectos de eSport del CIO, ha obert la jornada del XIII F\u00f2rum Ol\u00edmpic dedicat a \u201cL&#8217;impacte de l&#8217;esport i disciplines emergents en un [&hellip;]\" \/>\n<meta property=\"og:url\" content=\"https:\/\/www.fundaciobarcelonaolimpica.es\/ca\/forum-olimpic-giacomo-modolo-responsable-de-proyectes-desport-del-cio\/\" \/>\n<meta property=\"og:site_name\" content=\"Fundaci\u00f3 Barcelona Ol\u00edmpica\" \/>\n<meta property=\"article:published_time\" content=\"2019-10-15T17:22:18+00:00\" \/>\n<meta property=\"article:modified_time\" content=\"2019-10-15T17:34:47+00:00\" \/>\n<meta property=\"og:image\" content=\"https:\/\/www.fundaciobarcelonaolimpica.es\/wp-content\/uploads\/sites\/3\/2019\/10\/Forum_olimpicGiacomo-Modolo3.jpg\" \/>\n\t<meta property=\"og:image:width\" content=\"5472\" \/>\n\t<meta property=\"og:image:height\" content=\"3648\" \/>\n\t<meta property=\"og:image:type\" content=\"image\/jpeg\" \/>\n<meta name=\"author\" content=\"Ibone\" \/>\n<meta name=\"twitter:card\" content=\"summary_large_image\" \/>\n<meta name=\"twitter:label1\" content=\"Escrit per\" \/>\n\t<meta name=\"twitter:data1\" content=\"Ibone\" \/>\n\t<meta name=\"twitter:label2\" content=\"Temps estimat de lectura\" \/>\n\t<meta name=\"twitter:data2\" content=\"2 minuts\" \/>\n<script type=\"application\/ld+json\" class=\"yoast-schema-graph\">{\"@context\":\"https:\/\/schema.org\",\"@graph\":[{\"@type\":\"Article\",\"@id\":\"https:\/\/www.fundaciobarcelonaolimpica.es\/ca\/forum-olimpic-giacomo-modolo-responsable-de-proyectes-desport-del-cio\/#article\",\"isPartOf\":{\"@id\":\"https:\/\/www.fundaciobarcelonaolimpica.es\/ca\/forum-olimpic-giacomo-modolo-responsable-de-proyectes-desport-del-cio\/\"},\"author\":{\"name\":\"Ibone\",\"@id\":\"https:\/\/www.fundaciobarcelonaolimpica.es\/ca\/#\/schema\/person\/b792834a53f193977df425a499287aa9\"},\"headline\":\"F\u00f2rum Ol\u00edmpic: Giacomo Modolo, responsable de proyectes d&#8217;eSport del CIO\",\"datePublished\":\"2019-10-15T17:22:18+00:00\",\"dateModified\":\"2019-10-15T17:34:47+00:00\",\"mainEntityOfPage\":{\"@id\":\"https:\/\/www.fundaciobarcelonaolimpica.es\/ca\/forum-olimpic-giacomo-modolo-responsable-de-proyectes-desport-del-cio\/\"},\"wordCount\":502,\"publisher\":{\"@id\":\"https:\/\/www.fundaciobarcelonaolimpica.es\/ca\/#organization\"},\"image\":{\"@id\":\"https:\/\/www.fundaciobarcelonaolimpica.es\/ca\/forum-olimpic-giacomo-modolo-responsable-de-proyectes-desport-del-cio\/#primaryimage\"},\"thumbnailUrl\":\"https:\/\/www.fundaciobarcelonaolimpica.es\/wp-content\/uploads\/sites\/3\/2019\/10\/Forum_olimpicGiacomo-Modolo3.jpg\",\"inLanguage\":\"ca\"},{\"@type\":\"WebPage\",\"@id\":\"https:\/\/www.fundaciobarcelonaolimpica.es\/ca\/forum-olimpic-giacomo-modolo-responsable-de-proyectes-desport-del-cio\/\",\"url\":\"https:\/\/www.fundaciobarcelonaolimpica.es\/ca\/forum-olimpic-giacomo-modolo-responsable-de-proyectes-desport-del-cio\/\",\"name\":\"F\u00f2rum Ol\u00edmpic: Giacomo Modolo, responsable de proyectes d'eSport del CIO - Fundaci\u00f3 Barcelona Ol\u00edmpica\",\"isPartOf\":{\"@id\":\"https:\/\/www.fundaciobarcelonaolimpica.es\/ca\/#website\"},\"primaryImageOfPage\":{\"@id\":\"https:\/\/www.fundaciobarcelonaolimpica.es\/ca\/forum-olimpic-giacomo-modolo-responsable-de-proyectes-desport-del-cio\/#primaryimage\"},\"image\":{\"@id\":\"https:\/\/www.fundaciobarcelonaolimpica.es\/ca\/forum-olimpic-giacomo-modolo-responsable-de-proyectes-desport-del-cio\/#primaryimage\"},\"thumbnailUrl\":\"https:\/\/www.fundaciobarcelonaolimpica.es\/wp-content\/uploads\/sites\/3\/2019\/10\/Forum_olimpicGiacomo-Modolo3.jpg\",\"datePublished\":\"2019-10-15T17:22:18+00:00\",\"dateModified\":\"2019-10-15T17:34:47+00:00\",\"breadcrumb\":{\"@id\":\"https:\/\/www.fundaciobarcelonaolimpica.es\/ca\/forum-olimpic-giacomo-modolo-responsable-de-proyectes-desport-del-cio\/#breadcrumb\"},\"inLanguage\":\"ca\",\"potentialAction\":[{\"@type\":\"ReadAction\",\"target\":[\"https:\/\/www.fundaciobarcelonaolimpica.es\/ca\/forum-olimpic-giacomo-modolo-responsable-de-proyectes-desport-del-cio\/\"]}]},{\"@type\":\"ImageObject\",\"inLanguage\":\"ca\",\"@id\":\"https:\/\/www.fundaciobarcelonaolimpica.es\/ca\/forum-olimpic-giacomo-modolo-responsable-de-proyectes-desport-del-cio\/#primaryimage\",\"url\":\"https:\/\/www.fundaciobarcelonaolimpica.es\/wp-content\/uploads\/sites\/3\/2019\/10\/Forum_olimpicGiacomo-Modolo3.jpg\",\"contentUrl\":\"https:\/\/www.fundaciobarcelonaolimpica.es\/wp-content\/uploads\/sites\/3\/2019\/10\/Forum_olimpicGiacomo-Modolo3.jpg\",\"width\":5472,\"height\":3648},{\"@type\":\"BreadcrumbList\",\"@id\":\"https:\/\/www.fundaciobarcelonaolimpica.es\/ca\/forum-olimpic-giacomo-modolo-responsable-de-proyectes-desport-del-cio\/#breadcrumb\",\"itemListElement\":[{\"@type\":\"ListItem\",\"position\":1,\"name\":\"FBO\",\"item\":\"https:\/\/www.fundaciobarcelonaolimpica.es\/es\/\"},{\"@type\":\"ListItem\",\"position\":2,\"name\":\"F\u00f2rum Ol\u00edmpic: Giacomo Modolo, responsable de proyectes d&#8217;eSport del CIO\"}]},{\"@type\":\"WebSite\",\"@id\":\"https:\/\/www.fundaciobarcelonaolimpica.es\/ca\/#website\",\"url\":\"https:\/\/www.fundaciobarcelonaolimpica.es\/ca\/\",\"name\":\"Fundaci\u00f3 Barcelona Ol\u00edmpica\",\"description\":\"Web del Museu Ol\u00edmpic i de l&#039;Esport\",\"publisher\":{\"@id\":\"https:\/\/www.fundaciobarcelonaolimpica.es\/ca\/#organization\"},\"potentialAction\":[{\"@type\":\"SearchAction\",\"target\":{\"@type\":\"EntryPoint\",\"urlTemplate\":\"https:\/\/www.fundaciobarcelonaolimpica.es\/ca\/?s={search_term_string}\"},\"query-input\":{\"@type\":\"PropertyValueSpecification\",\"valueRequired\":true,\"valueName\":\"search_term_string\"}}],\"inLanguage\":\"ca\"},{\"@type\":\"Organization\",\"@id\":\"https:\/\/www.fundaciobarcelonaolimpica.es\/ca\/#organization\",\"name\":\"Fundaci\u00f3 Barcelona Ol\u00edmpica\",\"url\":\"https:\/\/www.fundaciobarcelonaolimpica.es\/ca\/\",\"logo\":{\"@type\":\"ImageObject\",\"inLanguage\":\"ca\",\"@id\":\"https:\/\/www.fundaciobarcelonaolimpica.es\/ca\/#\/schema\/logo\/image\/\",\"url\":\"https:\/\/www.fundaciobarcelonaolimpica.es\/wp-content\/uploads\/sites\/3\/2019\/02\/logo-fundacio.svg\",\"contentUrl\":\"https:\/\/www.fundaciobarcelonaolimpica.es\/wp-content\/uploads\/sites\/3\/2019\/02\/logo-fundacio.svg\",\"caption\":\"Fundaci\u00f3 Barcelona Ol\u00edmpica\"},\"image\":{\"@id\":\"https:\/\/www.fundaciobarcelonaolimpica.es\/ca\/#\/schema\/logo\/image\/\"}},{\"@type\":\"Person\",\"@id\":\"https:\/\/www.fundaciobarcelonaolimpica.es\/ca\/#\/schema\/person\/b792834a53f193977df425a499287aa9\",\"name\":\"Ibone\",\"url\":\"https:\/\/www.fundaciobarcelonaolimpica.es\/ca\/author\/fbolimpica\/\"}]}<\/script>\n<!-- \/ Yoast SEO plugin. -->","yoast_head_json":{"title":"F\u00f2rum Ol\u00edmpic: Giacomo Modolo, responsable de proyectes d'eSport del CIO - Fundaci\u00f3 Barcelona Ol\u00edmpica","robots":{"index":"index","follow":"follow","max-snippet":"max-snippet:-1","max-image-preview":"max-image-preview:large","max-video-preview":"max-video-preview:-1"},"canonical":"https:\/\/www.fundaciobarcelonaolimpica.es\/ca\/forum-olimpic-giacomo-modolo-responsable-de-proyectes-desport-del-cio\/","og_locale":"ca_ES","og_type":"article","og_title":"F\u00f2rum Ol\u00edmpic: Giacomo Modolo, responsable de proyectes d'eSport del CIO - Fundaci\u00f3 Barcelona Ol\u00edmpica","og_description":"La benvinguda oficial ha estat a c\u00e0rrec de David Escud\u00e9, regidor d&#8217;Esports de l&#8217;Ajuntament de Barcelona i diputat provincial de Barcelona i Gerard Esteva, president de la UFEC. Giacomo Modolo, responsable de projectos de eSport del CIO, ha obert la jornada del XIII F\u00f2rum Ol\u00edmpic dedicat a \u201cL&#8217;impacte de l&#8217;esport i disciplines emergents en un [&hellip;]","og_url":"https:\/\/www.fundaciobarcelonaolimpica.es\/ca\/forum-olimpic-giacomo-modolo-responsable-de-proyectes-desport-del-cio\/","og_site_name":"Fundaci\u00f3 Barcelona Ol\u00edmpica","article_published_time":"2019-10-15T17:22:18+00:00","article_modified_time":"2019-10-15T17:34:47+00:00","og_image":[{"width":5472,"height":3648,"url":"https:\/\/www.fundaciobarcelonaolimpica.es\/wp-content\/uploads\/sites\/3\/2019\/10\/Forum_olimpicGiacomo-Modolo3.jpg","type":"image\/jpeg"}],"author":"Ibone","twitter_card":"summary_large_image","twitter_misc":{"Escrit per":"Ibone","Temps estimat de lectura":"2 minuts"},"schema":{"@context":"https:\/\/schema.org","@graph":[{"@type":"Article","@id":"https:\/\/www.fundaciobarcelonaolimpica.es\/ca\/forum-olimpic-giacomo-modolo-responsable-de-proyectes-desport-del-cio\/#article","isPartOf":{"@id":"https:\/\/www.fundaciobarcelonaolimpica.es\/ca\/forum-olimpic-giacomo-modolo-responsable-de-proyectes-desport-del-cio\/"},"author":{"name":"Ibone","@id":"https:\/\/www.fundaciobarcelonaolimpica.es\/ca\/#\/schema\/person\/b792834a53f193977df425a499287aa9"},"headline":"F\u00f2rum Ol\u00edmpic: Giacomo Modolo, responsable de proyectes d&#8217;eSport del CIO","datePublished":"2019-10-15T17:22:18+00:00","dateModified":"2019-10-15T17:34:47+00:00","mainEntityOfPage":{"@id":"https:\/\/www.fundaciobarcelonaolimpica.es\/ca\/forum-olimpic-giacomo-modolo-responsable-de-proyectes-desport-del-cio\/"},"wordCount":502,"publisher":{"@id":"https:\/\/www.fundaciobarcelonaolimpica.es\/ca\/#organization"},"image":{"@id":"https:\/\/www.fundaciobarcelonaolimpica.es\/ca\/forum-olimpic-giacomo-modolo-responsable-de-proyectes-desport-del-cio\/#primaryimage"},"thumbnailUrl":"https:\/\/www.fundaciobarcelonaolimpica.es\/wp-content\/uploads\/sites\/3\/2019\/10\/Forum_olimpicGiacomo-Modolo3.jpg","inLanguage":"ca"},{"@type":"WebPage","@id":"https:\/\/www.fundaciobarcelonaolimpica.es\/ca\/forum-olimpic-giacomo-modolo-responsable-de-proyectes-desport-del-cio\/","url":"https:\/\/www.fundaciobarcelonaolimpica.es\/ca\/forum-olimpic-giacomo-modolo-responsable-de-proyectes-desport-del-cio\/","name":"F\u00f2rum Ol\u00edmpic: Giacomo Modolo, responsable de proyectes d'eSport del CIO - Fundaci\u00f3 Barcelona Ol\u00edmpica","isPartOf":{"@id":"https:\/\/www.fundaciobarcelonaolimpica.es\/ca\/#website"},"primaryImageOfPage":{"@id":"https:\/\/www.fundaciobarcelonaolimpica.es\/ca\/forum-olimpic-giacomo-modolo-responsable-de-proyectes-desport-del-cio\/#primaryimage"},"image":{"@id":"https:\/\/www.fundaciobarcelonaolimpica.es\/ca\/forum-olimpic-giacomo-modolo-responsable-de-proyectes-desport-del-cio\/#primaryimage"},"thumbnailUrl":"https:\/\/www.fundaciobarcelonaolimpica.es\/wp-content\/uploads\/sites\/3\/2019\/10\/Forum_olimpicGiacomo-Modolo3.jpg","datePublished":"2019-10-15T17:22:18+00:00","dateModified":"2019-10-15T17:34:47+00:00","breadcrumb":{"@id":"https:\/\/www.fundaciobarcelonaolimpica.es\/ca\/forum-olimpic-giacomo-modolo-responsable-de-proyectes-desport-del-cio\/#breadcrumb"},"inLanguage":"ca","potentialAction":[{"@type":"ReadAction","target":["https:\/\/www.fundaciobarcelonaolimpica.es\/ca\/forum-olimpic-giacomo-modolo-responsable-de-proyectes-desport-del-cio\/"]}]},{"@type":"ImageObject","inLanguage":"ca","@id":"https:\/\/www.fundaciobarcelonaolimpica.es\/ca\/forum-olimpic-giacomo-modolo-responsable-de-proyectes-desport-del-cio\/#primaryimage","url":"https:\/\/www.fundaciobarcelonaolimpica.es\/wp-content\/uploads\/sites\/3\/2019\/10\/Forum_olimpicGiacomo-Modolo3.jpg","contentUrl":"https:\/\/www.fundaciobarcelonaolimpica.es\/wp-content\/uploads\/sites\/3\/2019\/10\/Forum_olimpicGiacomo-Modolo3.jpg","width":5472,"height":3648},{"@type":"BreadcrumbList","@id":"https:\/\/www.fundaciobarcelonaolimpica.es\/ca\/forum-olimpic-giacomo-modolo-responsable-de-proyectes-desport-del-cio\/#breadcrumb","itemListElement":[{"@type":"ListItem","position":1,"name":"FBO","item":"https:\/\/www.fundaciobarcelonaolimpica.es\/es\/"},{"@type":"ListItem","position":2,"name":"F\u00f2rum Ol\u00edmpic: Giacomo Modolo, responsable de proyectes d&#8217;eSport del CIO"}]},{"@type":"WebSite","@id":"https:\/\/www.fundaciobarcelonaolimpica.es\/ca\/#website","url":"https:\/\/www.fundaciobarcelonaolimpica.es\/ca\/","name":"Fundaci\u00f3 Barcelona Ol\u00edmpica","description":"Web del Museu Ol\u00edmpic i de l&#039;Esport","publisher":{"@id":"https:\/\/www.fundaciobarcelonaolimpica.es\/ca\/#organization"},"potentialAction":[{"@type":"SearchAction","target":{"@type":"EntryPoint","urlTemplate":"https:\/\/www.fundaciobarcelonaolimpica.es\/ca\/?s={search_term_string}"},"query-input":{"@type":"PropertyValueSpecification","valueRequired":true,"valueName":"search_term_string"}}],"inLanguage":"ca"},{"@type":"Organization","@id":"https:\/\/www.fundaciobarcelonaolimpica.es\/ca\/#organization","name":"Fundaci\u00f3 Barcelona Ol\u00edmpica","url":"https:\/\/www.fundaciobarcelonaolimpica.es\/ca\/","logo":{"@type":"ImageObject","inLanguage":"ca","@id":"https:\/\/www.fundaciobarcelonaolimpica.es\/ca\/#\/schema\/logo\/image\/","url":"https:\/\/www.fundaciobarcelonaolimpica.es\/wp-content\/uploads\/sites\/3\/2019\/02\/logo-fundacio.svg","contentUrl":"https:\/\/www.fundaciobarcelonaolimpica.es\/wp-content\/uploads\/sites\/3\/2019\/02\/logo-fundacio.svg","caption":"Fundaci\u00f3 Barcelona Ol\u00edmpica"},"image":{"@id":"https:\/\/www.fundaciobarcelonaolimpica.es\/ca\/#\/schema\/logo\/image\/"}},{"@type":"Person","@id":"https:\/\/www.fundaciobarcelonaolimpica.es\/ca\/#\/schema\/person\/b792834a53f193977df425a499287aa9","name":"Ibone","url":"https:\/\/www.fundaciobarcelonaolimpica.es\/ca\/author\/fbolimpica\/"}]}},"_links":{"self":[{"href":"https:\/\/www.fundaciobarcelonaolimpica.es\/ca\/wp-json\/wp\/v2\/posts\/20811"}],"collection":[{"href":"https:\/\/www.fundaciobarcelonaolimpica.es\/ca\/wp-json\/wp\/v2\/posts"}],"about":[{"href":"https:\/\/www.fundaciobarcelonaolimpica.es\/ca\/wp-json\/wp\/v2\/types\/post"}],"author":[{"embeddable":true,"href":"https:\/\/www.fundaciobarcelonaolimpica.es\/ca\/wp-json\/wp\/v2\/users\/11"}],"replies":[{"embeddable":true,"href":"https:\/\/www.fundaciobarcelonaolimpica.es\/ca\/wp-json\/wp\/v2\/comments?post=20811"}],"version-history":[{"count":2,"href":"https:\/\/www.fundaciobarcelonaolimpica.es\/ca\/wp-json\/wp\/v2\/posts\/20811\/revisions"}],"predecessor-version":[{"id":20815,"href":"https:\/\/www.fundaciobarcelonaolimpica.es\/ca\/wp-json\/wp\/v2\/posts\/20811\/revisions\/20815"}],"wp:featuredmedia":[{"embeddable":true,"href":"https:\/\/www.fundaciobarcelonaolimpica.es\/ca\/wp-json\/wp\/v2\/media\/20727"}],"wp:attachment":[{"href":"https:\/\/www.fundaciobarcelonaolimpica.es\/ca\/wp-json\/wp\/v2\/media?parent=20811"}],"wp:term":[{"taxonomy":"category","embeddable":true,"href":"https:\/\/www.fundaciobarcelonaolimpica.es\/ca\/wp-json\/wp\/v2\/categories?post=20811"},{"taxonomy":"post_tag","embeddable":true,"href":"https:\/\/www.fundaciobarcelonaolimpica.es\/ca\/wp-json\/wp\/v2\/tags?post=20811"}],"curies":[{"name":"wp","href":"https:\/\/api.w.org\/{rel}","templated":true}]}}