{"id":21570,"date":"2020-07-16T11:17:57","date_gmt":"2020-07-16T09:17:57","guid":{"rendered":"https:\/\/www.fundaciobarcelonaolimpica.es\/joan-antoni-samaranch-i-torello-17-juliol-1920-21-abril-2010\/"},"modified":"2020-07-16T12:30:03","modified_gmt":"2020-07-16T10:30:03","slug":"joan-antoni-samaranch-i-torello-17-juliol-1920-21-abril-2010","status":"publish","type":"post","link":"https:\/\/www.fundaciobarcelonaolimpica.es\/ca\/joan-antoni-samaranch-i-torello-17-juliol-1920-21-abril-2010\/","title":{"rendered":"Joan Antoni Samaranch i Torell\u00f3 (17 juliol 1920 &#8211; 21 abril 2010)"},"content":{"rendered":"<p>El 17 de juliol de 2020 tindr\u00e0 lloc la commemoraci\u00f3 del 100 aniversari del naixement del dirigent esportiu m\u00e9s internacional que ha tingut el nostre pa\u00eds: Joan Antoni Samaranch i Torell\u00f3 (17\/07\/1920-21\/04\/2010).<\/p>\n<p>Samaranch fou empresari, pol\u00edtic i sobretot, un dirigent esportiu que va arribar a la presid\u00e8ncia del Comit\u00e8 Ol\u00edmpic Internacional (1980- 2001) fins a convertir-se de forma vital\u00edcia en el seu president honorari.<\/p>\n<p>Abans de la seva carrera com a President del Comit\u00e8 Ol\u00edmpic Internacional, Samaranch va ocupar el c\u00e0rrec de Regidor d\u2019Esports de l\u2019Ajuntament de Barcelona, sent una figura cabdal en l\u2019organitzaci\u00f3 i celebraci\u00f3 dels II Jocs del Mediterrani de 1955, el primer gran esdeveniment esportiu celebrat a Barcelona, aix\u00ed com en la celebraci\u00f3 d\u2019altres campionats del m\u00f3n. Tamb\u00e9 va ocupar el c\u00e0rrec de delegat Nacional d\u2019Educaci\u00f3 F\u00edsica i Esports i president de la Diputaci\u00f3 Provincial de Barcelona.<\/p>\n<p>Sense cap mena de dubte, la influ\u00e8ncia de Samaranch va jugar un paper clau perqu\u00e8 Barcelona organitzes els Jocs Ol\u00edmpics i Paral\u00edmpics de 1992, tamb\u00e9 va millorar i consolidar el prestigi de la ciutat tant en el m\u00f3n esportiu com ol\u00edmpic. Inoblidable fou el moment quan va pronunciar la frase \u201c<em>\u00c0 la ville de &#8230; Barcelona<\/em>\u201d, el 17 d\u2019octubre de 1986, a Lausana, on es va atorgar de manera oficial els Jocs Ol\u00edmpics i Paral\u00edmpics a la seva ciutat. Jacques Rogge, el seu successor al Comit\u00e8 Ol\u00edmpic Internacional, el va qualificar com \u201c<em>l\u2019arquitecte del moviment ol\u00edmpic<\/em>\u201d.<\/p>\n<p>Cal recon\u00e8ixer que, Joan Antoni Samaranch fou el principal defensor i impulsor de la necessitat i import\u00e0ncia que una ciutat com Barcelona, que havia estat seu dels Jocs Ol\u00edmpics i Paral\u00edmpics de 1992, tingu\u00e9s un centre muse\u00edstic dedicat al m\u00f3n ol\u00edmpic i esportiu, aix\u00ed com tenir un espai de conservaci\u00f3 del llegat dels esmentats Jocs Ol\u00edmpics.<\/p>\n<p>A finals d&#8217;abril de 2010, tot just deu dies despr\u00e9s de la seva mort, en el transcurs del Ple Municipal de l&#8217;Ajuntament de Barcelona, el seu alcalde, Jordi Hereu, va proposar que el Museu Ol\u00edmpic i de l\u2019Esport incorpor\u00e9s el nom de Joan Antoni Samaranch com a agra\u00efment al seu llegat esportiu arrelat a Barcelona.<\/p>\n<p>Una part del seu llegat es troba conservat a la Fundaci\u00f3 Barcelona Ol\u00edmpica, tant al recorregut permanent del Museu Ol\u00edmpic i de l\u2019Esport JA Samaranch com al Centre d\u2019Estudis Ol\u00edmpics i de l\u2019Esport JA Samaranch, on conservem, investiguem i difonem la hist\u00f2ria de l\u2019olimpisme i de l\u2019esport en general. Aquestes dues entitats estan gestionades per la Fundaci\u00f3 Barcelona Ol\u00edmpica, entitat de la qual Samaranch va ser l\u2019impulsor i va formar part del seu Patronat fundacional, pertanyent al mateix fins a la seva mort.<\/p>\n<p>La nostre humil commemoraci\u00f3 a una personalitat que va fer molt per l\u2019esport i per Barcelona.<\/p>\n<p><strong>\u201cQue mai s\u2019apagui la flama ol\u00edmpica que brilla entre nosaltres<\/strong>.\u201d<\/p>\n<p>*Esperem poder informar-vos durant aquest any de la creaci\u00f3 d\u2019un eix cronol\u00f2gic, ubicat a l\u2019espai del Museu Ol\u00edmpic i de l\u2019Esport JA Samaranch dedicat a Joan Antoni Samaranch, on expliqui la seva excepcional traject\u00f2ria esportiva.<\/p>\n","protected":false},"excerpt":{"rendered":"<p>El 17 de juliol de 2020 tindr\u00e0 lloc la commemoraci\u00f3 del 100 aniversari del naixement del dirigent esportiu m\u00e9s internacional que ha tingut el nostre pa\u00eds: Joan Antoni Samaranch i Torell\u00f3 (17\/07\/1920-21\/04\/2010). Samaranch fou empresari, pol\u00edtic i sobretot, un dirigent esportiu que va arribar a la presid\u00e8ncia del Comit\u00e8 Ol\u00edmpic Internacional (1980- 2001) fins a [&hellip;]<\/p>\n","protected":false},"author":11,"featured_media":21564,"comment_status":"closed","ping_status":"closed","sticky":false,"template":"","format":"standard","meta":{"_acf_changed":false,"footnotes":""},"categories":[2],"tags":[],"class_list":["post-21570","post","type-post","status-publish","format-standard","has-post-thumbnail","hentry","category-sense-categoria"],"acf":[],"yoast_head":"<!-- This site is optimized with the Yoast SEO plugin v23.7 - https:\/\/yoast.com\/wordpress\/plugins\/seo\/ -->\n<title>Joan Antoni Samaranch i Torell\u00f3 (17 juliol 1920 - 21 abril 2010) - Fundaci\u00f3 Barcelona Ol\u00edmpica<\/title>\n<meta name=\"robots\" content=\"index, follow, max-snippet:-1, max-image-preview:large, max-video-preview:-1\" \/>\n<link rel=\"canonical\" href=\"https:\/\/www.fundaciobarcelonaolimpica.es\/ca\/joan-antoni-samaranch-i-torello-17-juliol-1920-21-abril-2010\/\" \/>\n<meta property=\"og:locale\" content=\"ca_ES\" \/>\n<meta property=\"og:type\" content=\"article\" \/>\n<meta property=\"og:title\" content=\"Joan Antoni Samaranch i Torell\u00f3 (17 juliol 1920 - 21 abril 2010) - Fundaci\u00f3 Barcelona Ol\u00edmpica\" \/>\n<meta property=\"og:description\" content=\"El 17 de juliol de 2020 tindr\u00e0 lloc la commemoraci\u00f3 del 100 aniversari del naixement del dirigent esportiu m\u00e9s internacional que ha tingut el nostre pa\u00eds: Joan Antoni Samaranch i Torell\u00f3 (17\/07\/1920-21\/04\/2010). Samaranch fou empresari, pol\u00edtic i sobretot, un dirigent esportiu que va arribar a la presid\u00e8ncia del Comit\u00e8 Ol\u00edmpic Internacional (1980- 2001) fins a [&hellip;]\" \/>\n<meta property=\"og:url\" content=\"https:\/\/www.fundaciobarcelonaolimpica.es\/ca\/joan-antoni-samaranch-i-torello-17-juliol-1920-21-abril-2010\/\" \/>\n<meta property=\"og:site_name\" content=\"Fundaci\u00f3 Barcelona Ol\u00edmpica\" \/>\n<meta property=\"article:published_time\" content=\"2020-07-16T09:17:57+00:00\" \/>\n<meta property=\"article:modified_time\" content=\"2020-07-16T10:30:03+00:00\" \/>\n<meta property=\"og:image\" content=\"https:\/\/www.fundaciobarcelonaolimpica.es\/wp-content\/uploads\/sites\/3\/2020\/07\/Samaranch-Aniversario-Museu-Olimpic-04-copy.jpg\" \/>\n\t<meta property=\"og:image:width\" content=\"1984\" \/>\n\t<meta property=\"og:image:height\" content=\"1450\" \/>\n\t<meta property=\"og:image:type\" content=\"image\/jpeg\" \/>\n<meta name=\"author\" content=\"Ibone\" \/>\n<meta name=\"twitter:card\" content=\"summary_large_image\" \/>\n<meta name=\"twitter:label1\" content=\"Escrit per\" \/>\n\t<meta name=\"twitter:data1\" content=\"Ibone\" \/>\n\t<meta name=\"twitter:label2\" content=\"Temps estimat de lectura\" \/>\n\t<meta name=\"twitter:data2\" content=\"3 minuts\" \/>\n<script type=\"application\/ld+json\" class=\"yoast-schema-graph\">{\"@context\":\"https:\/\/schema.org\",\"@graph\":[{\"@type\":\"Article\",\"@id\":\"https:\/\/www.fundaciobarcelonaolimpica.es\/ca\/joan-antoni-samaranch-i-torello-17-juliol-1920-21-abril-2010\/#article\",\"isPartOf\":{\"@id\":\"https:\/\/www.fundaciobarcelonaolimpica.es\/ca\/joan-antoni-samaranch-i-torello-17-juliol-1920-21-abril-2010\/\"},\"author\":{\"name\":\"Ibone\",\"@id\":\"https:\/\/www.fundaciobarcelonaolimpica.es\/ca\/#\/schema\/person\/b792834a53f193977df425a499287aa9\"},\"headline\":\"Joan Antoni Samaranch i Torell\u00f3 (17 juliol 1920 &#8211; 21 abril 2010)\",\"datePublished\":\"2020-07-16T09:17:57+00:00\",\"dateModified\":\"2020-07-16T10:30:03+00:00\",\"mainEntityOfPage\":{\"@id\":\"https:\/\/www.fundaciobarcelonaolimpica.es\/ca\/joan-antoni-samaranch-i-torello-17-juliol-1920-21-abril-2010\/\"},\"wordCount\":548,\"publisher\":{\"@id\":\"https:\/\/www.fundaciobarcelonaolimpica.es\/ca\/#organization\"},\"image\":{\"@id\":\"https:\/\/www.fundaciobarcelonaolimpica.es\/ca\/joan-antoni-samaranch-i-torello-17-juliol-1920-21-abril-2010\/#primaryimage\"},\"thumbnailUrl\":\"https:\/\/www.fundaciobarcelonaolimpica.es\/wp-content\/uploads\/sites\/3\/2020\/07\/Samaranch-Aniversario-Museu-Olimpic-04-copy.jpg\",\"inLanguage\":\"ca\"},{\"@type\":\"WebPage\",\"@id\":\"https:\/\/www.fundaciobarcelonaolimpica.es\/ca\/joan-antoni-samaranch-i-torello-17-juliol-1920-21-abril-2010\/\",\"url\":\"https:\/\/www.fundaciobarcelonaolimpica.es\/ca\/joan-antoni-samaranch-i-torello-17-juliol-1920-21-abril-2010\/\",\"name\":\"Joan Antoni Samaranch i Torell\u00f3 (17 juliol 1920 - 21 abril 2010) - Fundaci\u00f3 Barcelona Ol\u00edmpica\",\"isPartOf\":{\"@id\":\"https:\/\/www.fundaciobarcelonaolimpica.es\/ca\/#website\"},\"primaryImageOfPage\":{\"@id\":\"https:\/\/www.fundaciobarcelonaolimpica.es\/ca\/joan-antoni-samaranch-i-torello-17-juliol-1920-21-abril-2010\/#primaryimage\"},\"image\":{\"@id\":\"https:\/\/www.fundaciobarcelonaolimpica.es\/ca\/joan-antoni-samaranch-i-torello-17-juliol-1920-21-abril-2010\/#primaryimage\"},\"thumbnailUrl\":\"https:\/\/www.fundaciobarcelonaolimpica.es\/wp-content\/uploads\/sites\/3\/2020\/07\/Samaranch-Aniversario-Museu-Olimpic-04-copy.jpg\",\"datePublished\":\"2020-07-16T09:17:57+00:00\",\"dateModified\":\"2020-07-16T10:30:03+00:00\",\"breadcrumb\":{\"@id\":\"https:\/\/www.fundaciobarcelonaolimpica.es\/ca\/joan-antoni-samaranch-i-torello-17-juliol-1920-21-abril-2010\/#breadcrumb\"},\"inLanguage\":\"ca\",\"potentialAction\":[{\"@type\":\"ReadAction\",\"target\":[\"https:\/\/www.fundaciobarcelonaolimpica.es\/ca\/joan-antoni-samaranch-i-torello-17-juliol-1920-21-abril-2010\/\"]}]},{\"@type\":\"ImageObject\",\"inLanguage\":\"ca\",\"@id\":\"https:\/\/www.fundaciobarcelonaolimpica.es\/ca\/joan-antoni-samaranch-i-torello-17-juliol-1920-21-abril-2010\/#primaryimage\",\"url\":\"https:\/\/www.fundaciobarcelonaolimpica.es\/wp-content\/uploads\/sites\/3\/2020\/07\/Samaranch-Aniversario-Museu-Olimpic-04-copy.jpg\",\"contentUrl\":\"https:\/\/www.fundaciobarcelonaolimpica.es\/wp-content\/uploads\/sites\/3\/2020\/07\/Samaranch-Aniversario-Museu-Olimpic-04-copy.jpg\",\"width\":1984,\"height\":1450,\"caption\":\"\u00a9FBO\"},{\"@type\":\"BreadcrumbList\",\"@id\":\"https:\/\/www.fundaciobarcelonaolimpica.es\/ca\/joan-antoni-samaranch-i-torello-17-juliol-1920-21-abril-2010\/#breadcrumb\",\"itemListElement\":[{\"@type\":\"ListItem\",\"position\":1,\"name\":\"FBO\",\"item\":\"https:\/\/www.fundaciobarcelonaolimpica.es\/es\/\"},{\"@type\":\"ListItem\",\"position\":2,\"name\":\"Joan Antoni Samaranch i Torell\u00f3 (17 juliol 1920 &#8211; 21 abril 2010)\"}]},{\"@type\":\"WebSite\",\"@id\":\"https:\/\/www.fundaciobarcelonaolimpica.es\/ca\/#website\",\"url\":\"https:\/\/www.fundaciobarcelonaolimpica.es\/ca\/\",\"name\":\"Fundaci\u00f3 Barcelona Ol\u00edmpica\",\"description\":\"Web del Museu Ol\u00edmpic i de l&#039;Esport\",\"publisher\":{\"@id\":\"https:\/\/www.fundaciobarcelonaolimpica.es\/ca\/#organization\"},\"potentialAction\":[{\"@type\":\"SearchAction\",\"target\":{\"@type\":\"EntryPoint\",\"urlTemplate\":\"https:\/\/www.fundaciobarcelonaolimpica.es\/ca\/?s={search_term_string}\"},\"query-input\":{\"@type\":\"PropertyValueSpecification\",\"valueRequired\":true,\"valueName\":\"search_term_string\"}}],\"inLanguage\":\"ca\"},{\"@type\":\"Organization\",\"@id\":\"https:\/\/www.fundaciobarcelonaolimpica.es\/ca\/#organization\",\"name\":\"Fundaci\u00f3 Barcelona Ol\u00edmpica\",\"url\":\"https:\/\/www.fundaciobarcelonaolimpica.es\/ca\/\",\"logo\":{\"@type\":\"ImageObject\",\"inLanguage\":\"ca\",\"@id\":\"https:\/\/www.fundaciobarcelonaolimpica.es\/ca\/#\/schema\/logo\/image\/\",\"url\":\"https:\/\/www.fundaciobarcelonaolimpica.es\/wp-content\/uploads\/sites\/3\/2019\/02\/logo-fundacio.svg\",\"contentUrl\":\"https:\/\/www.fundaciobarcelonaolimpica.es\/wp-content\/uploads\/sites\/3\/2019\/02\/logo-fundacio.svg\",\"caption\":\"Fundaci\u00f3 Barcelona Ol\u00edmpica\"},\"image\":{\"@id\":\"https:\/\/www.fundaciobarcelonaolimpica.es\/ca\/#\/schema\/logo\/image\/\"}},{\"@type\":\"Person\",\"@id\":\"https:\/\/www.fundaciobarcelonaolimpica.es\/ca\/#\/schema\/person\/b792834a53f193977df425a499287aa9\",\"name\":\"Ibone\",\"url\":\"https:\/\/www.fundaciobarcelonaolimpica.es\/ca\/author\/fbolimpica\/\"}]}<\/script>\n<!-- \/ Yoast SEO plugin. -->","yoast_head_json":{"title":"Joan Antoni Samaranch i Torell\u00f3 (17 juliol 1920 - 21 abril 2010) - Fundaci\u00f3 Barcelona Ol\u00edmpica","robots":{"index":"index","follow":"follow","max-snippet":"max-snippet:-1","max-image-preview":"max-image-preview:large","max-video-preview":"max-video-preview:-1"},"canonical":"https:\/\/www.fundaciobarcelonaolimpica.es\/ca\/joan-antoni-samaranch-i-torello-17-juliol-1920-21-abril-2010\/","og_locale":"ca_ES","og_type":"article","og_title":"Joan Antoni Samaranch i Torell\u00f3 (17 juliol 1920 - 21 abril 2010) - Fundaci\u00f3 Barcelona Ol\u00edmpica","og_description":"El 17 de juliol de 2020 tindr\u00e0 lloc la commemoraci\u00f3 del 100 aniversari del naixement del dirigent esportiu m\u00e9s internacional que ha tingut el nostre pa\u00eds: Joan Antoni Samaranch i Torell\u00f3 (17\/07\/1920-21\/04\/2010). Samaranch fou empresari, pol\u00edtic i sobretot, un dirigent esportiu que va arribar a la presid\u00e8ncia del Comit\u00e8 Ol\u00edmpic Internacional (1980- 2001) fins a [&hellip;]","og_url":"https:\/\/www.fundaciobarcelonaolimpica.es\/ca\/joan-antoni-samaranch-i-torello-17-juliol-1920-21-abril-2010\/","og_site_name":"Fundaci\u00f3 Barcelona Ol\u00edmpica","article_published_time":"2020-07-16T09:17:57+00:00","article_modified_time":"2020-07-16T10:30:03+00:00","og_image":[{"width":1984,"height":1450,"url":"https:\/\/www.fundaciobarcelonaolimpica.es\/wp-content\/uploads\/sites\/3\/2020\/07\/Samaranch-Aniversario-Museu-Olimpic-04-copy.jpg","type":"image\/jpeg"}],"author":"Ibone","twitter_card":"summary_large_image","twitter_misc":{"Escrit per":"Ibone","Temps estimat de lectura":"3 minuts"},"schema":{"@context":"https:\/\/schema.org","@graph":[{"@type":"Article","@id":"https:\/\/www.fundaciobarcelonaolimpica.es\/ca\/joan-antoni-samaranch-i-torello-17-juliol-1920-21-abril-2010\/#article","isPartOf":{"@id":"https:\/\/www.fundaciobarcelonaolimpica.es\/ca\/joan-antoni-samaranch-i-torello-17-juliol-1920-21-abril-2010\/"},"author":{"name":"Ibone","@id":"https:\/\/www.fundaciobarcelonaolimpica.es\/ca\/#\/schema\/person\/b792834a53f193977df425a499287aa9"},"headline":"Joan Antoni Samaranch i Torell\u00f3 (17 juliol 1920 &#8211; 21 abril 2010)","datePublished":"2020-07-16T09:17:57+00:00","dateModified":"2020-07-16T10:30:03+00:00","mainEntityOfPage":{"@id":"https:\/\/www.fundaciobarcelonaolimpica.es\/ca\/joan-antoni-samaranch-i-torello-17-juliol-1920-21-abril-2010\/"},"wordCount":548,"publisher":{"@id":"https:\/\/www.fundaciobarcelonaolimpica.es\/ca\/#organization"},"image":{"@id":"https:\/\/www.fundaciobarcelonaolimpica.es\/ca\/joan-antoni-samaranch-i-torello-17-juliol-1920-21-abril-2010\/#primaryimage"},"thumbnailUrl":"https:\/\/www.fundaciobarcelonaolimpica.es\/wp-content\/uploads\/sites\/3\/2020\/07\/Samaranch-Aniversario-Museu-Olimpic-04-copy.jpg","inLanguage":"ca"},{"@type":"WebPage","@id":"https:\/\/www.fundaciobarcelonaolimpica.es\/ca\/joan-antoni-samaranch-i-torello-17-juliol-1920-21-abril-2010\/","url":"https:\/\/www.fundaciobarcelonaolimpica.es\/ca\/joan-antoni-samaranch-i-torello-17-juliol-1920-21-abril-2010\/","name":"Joan Antoni Samaranch i Torell\u00f3 (17 juliol 1920 - 21 abril 2010) - Fundaci\u00f3 Barcelona Ol\u00edmpica","isPartOf":{"@id":"https:\/\/www.fundaciobarcelonaolimpica.es\/ca\/#website"},"primaryImageOfPage":{"@id":"https:\/\/www.fundaciobarcelonaolimpica.es\/ca\/joan-antoni-samaranch-i-torello-17-juliol-1920-21-abril-2010\/#primaryimage"},"image":{"@id":"https:\/\/www.fundaciobarcelonaolimpica.es\/ca\/joan-antoni-samaranch-i-torello-17-juliol-1920-21-abril-2010\/#primaryimage"},"thumbnailUrl":"https:\/\/www.fundaciobarcelonaolimpica.es\/wp-content\/uploads\/sites\/3\/2020\/07\/Samaranch-Aniversario-Museu-Olimpic-04-copy.jpg","datePublished":"2020-07-16T09:17:57+00:00","dateModified":"2020-07-16T10:30:03+00:00","breadcrumb":{"@id":"https:\/\/www.fundaciobarcelonaolimpica.es\/ca\/joan-antoni-samaranch-i-torello-17-juliol-1920-21-abril-2010\/#breadcrumb"},"inLanguage":"ca","potentialAction":[{"@type":"ReadAction","target":["https:\/\/www.fundaciobarcelonaolimpica.es\/ca\/joan-antoni-samaranch-i-torello-17-juliol-1920-21-abril-2010\/"]}]},{"@type":"ImageObject","inLanguage":"ca","@id":"https:\/\/www.fundaciobarcelonaolimpica.es\/ca\/joan-antoni-samaranch-i-torello-17-juliol-1920-21-abril-2010\/#primaryimage","url":"https:\/\/www.fundaciobarcelonaolimpica.es\/wp-content\/uploads\/sites\/3\/2020\/07\/Samaranch-Aniversario-Museu-Olimpic-04-copy.jpg","contentUrl":"https:\/\/www.fundaciobarcelonaolimpica.es\/wp-content\/uploads\/sites\/3\/2020\/07\/Samaranch-Aniversario-Museu-Olimpic-04-copy.jpg","width":1984,"height":1450,"caption":"\u00a9FBO"},{"@type":"BreadcrumbList","@id":"https:\/\/www.fundaciobarcelonaolimpica.es\/ca\/joan-antoni-samaranch-i-torello-17-juliol-1920-21-abril-2010\/#breadcrumb","itemListElement":[{"@type":"ListItem","position":1,"name":"FBO","item":"https:\/\/www.fundaciobarcelonaolimpica.es\/es\/"},{"@type":"ListItem","position":2,"name":"Joan Antoni Samaranch i Torell\u00f3 (17 juliol 1920 &#8211; 21 abril 2010)"}]},{"@type":"WebSite","@id":"https:\/\/www.fundaciobarcelonaolimpica.es\/ca\/#website","url":"https:\/\/www.fundaciobarcelonaolimpica.es\/ca\/","name":"Fundaci\u00f3 Barcelona Ol\u00edmpica","description":"Web del Museu Ol\u00edmpic i de l&#039;Esport","publisher":{"@id":"https:\/\/www.fundaciobarcelonaolimpica.es\/ca\/#organization"},"potentialAction":[{"@type":"SearchAction","target":{"@type":"EntryPoint","urlTemplate":"https:\/\/www.fundaciobarcelonaolimpica.es\/ca\/?s={search_term_string}"},"query-input":{"@type":"PropertyValueSpecification","valueRequired":true,"valueName":"search_term_string"}}],"inLanguage":"ca"},{"@type":"Organization","@id":"https:\/\/www.fundaciobarcelonaolimpica.es\/ca\/#organization","name":"Fundaci\u00f3 Barcelona Ol\u00edmpica","url":"https:\/\/www.fundaciobarcelonaolimpica.es\/ca\/","logo":{"@type":"ImageObject","inLanguage":"ca","@id":"https:\/\/www.fundaciobarcelonaolimpica.es\/ca\/#\/schema\/logo\/image\/","url":"https:\/\/www.fundaciobarcelonaolimpica.es\/wp-content\/uploads\/sites\/3\/2019\/02\/logo-fundacio.svg","contentUrl":"https:\/\/www.fundaciobarcelonaolimpica.es\/wp-content\/uploads\/sites\/3\/2019\/02\/logo-fundacio.svg","caption":"Fundaci\u00f3 Barcelona Ol\u00edmpica"},"image":{"@id":"https:\/\/www.fundaciobarcelonaolimpica.es\/ca\/#\/schema\/logo\/image\/"}},{"@type":"Person","@id":"https:\/\/www.fundaciobarcelonaolimpica.es\/ca\/#\/schema\/person\/b792834a53f193977df425a499287aa9","name":"Ibone","url":"https:\/\/www.fundaciobarcelonaolimpica.es\/ca\/author\/fbolimpica\/"}]}},"_links":{"self":[{"href":"https:\/\/www.fundaciobarcelonaolimpica.es\/ca\/wp-json\/wp\/v2\/posts\/21570"}],"collection":[{"href":"https:\/\/www.fundaciobarcelonaolimpica.es\/ca\/wp-json\/wp\/v2\/posts"}],"about":[{"href":"https:\/\/www.fundaciobarcelonaolimpica.es\/ca\/wp-json\/wp\/v2\/types\/post"}],"author":[{"embeddable":true,"href":"https:\/\/www.fundaciobarcelonaolimpica.es\/ca\/wp-json\/wp\/v2\/users\/11"}],"replies":[{"embeddable":true,"href":"https:\/\/www.fundaciobarcelonaolimpica.es\/ca\/wp-json\/wp\/v2\/comments?post=21570"}],"version-history":[{"count":1,"href":"https:\/\/www.fundaciobarcelonaolimpica.es\/ca\/wp-json\/wp\/v2\/posts\/21570\/revisions"}],"predecessor-version":[{"id":21572,"href":"https:\/\/www.fundaciobarcelonaolimpica.es\/ca\/wp-json\/wp\/v2\/posts\/21570\/revisions\/21572"}],"wp:featuredmedia":[{"embeddable":true,"href":"https:\/\/www.fundaciobarcelonaolimpica.es\/ca\/wp-json\/wp\/v2\/media\/21564"}],"wp:attachment":[{"href":"https:\/\/www.fundaciobarcelonaolimpica.es\/ca\/wp-json\/wp\/v2\/media?parent=21570"}],"wp:term":[{"taxonomy":"category","embeddable":true,"href":"https:\/\/www.fundaciobarcelonaolimpica.es\/ca\/wp-json\/wp\/v2\/categories?post=21570"},{"taxonomy":"post_tag","embeddable":true,"href":"https:\/\/www.fundaciobarcelonaolimpica.es\/ca\/wp-json\/wp\/v2\/tags?post=21570"}],"curies":[{"name":"wp","href":"https:\/\/api.w.org\/{rel}","templated":true}]}}