{"id":21671,"date":"2020-12-18T10:26:44","date_gmt":"2020-12-18T09:26:44","guid":{"rendered":"https:\/\/www.fundaciobarcelonaolimpica.es\/fallada-2020-del-jurat-de-la-x-del-premi-internacional-art-sobre-paper-fundacio-barcelona-olimpica\/"},"modified":"2020-12-18T10:26:44","modified_gmt":"2020-12-18T09:26:44","slug":"fallada-2020-del-jurat-de-la-x-del-premi-internacional-art-sobre-paper-fundacio-barcelona-olimpica","status":"publish","type":"post","link":"https:\/\/www.fundaciobarcelonaolimpica.es\/ca\/fallada-2020-del-jurat-de-la-x-del-premi-internacional-art-sobre-paper-fundacio-barcelona-olimpica\/","title":{"rendered":"Fallada 2020 del jurat de la X del Premi Internacional Art Sobre Paper Fundaci\u00f3 Barcelona Ol\u00edmpica"},"content":{"rendered":"<p>Reunit el jurat format per: Juli Pernas, representant del Patronat de la Fundaci\u00f3 Barcelona Ol\u00edmpica; Rom\u00e0 Arranz, ex professor de Belles; Raquel Medina, cr\u00edtic de l&#8217;associaci\u00f3 catalana de cr\u00edtics ACCA i internacional AICA; i Anna Comellas, doctora en Belles Arts amb un gran recorregut, s&#8217;ha determinat, despr\u00e9s d&#8217;una renyida final, que els guanyadors d&#8217;aquesta X edici\u00f3 del Premi Internacional Art Sobre Paper Fundaci\u00f3 Barcelona Ol\u00edmpica s\u00f3n:<\/p>\n<p>&nbsp;<\/p>\n<p>1er Premi:\u00a0<em>Salto al Vac\u00edo II: Montserrat Mech\u00f3 VS Yves Klein<\/em>, de Bel\u00e9n Mazuecos.<\/p>\n<p>2on Premi:\u00a0<em>Peveter enc\u00e8s<\/em>, de Mireia Mateo<\/p>\n<p>3er Premi:\u00a0<em>Siempre hay un comienzo para cada historia<\/em>, de Oscar Santasusagna<\/p>\n<p>&nbsp;<\/p>\n<p>Els guanyadors juntament amb els finalistes s&#8217;exposaran a la Sala Temporal del Museu Ol\u00edmpic i de l\u2019Esport Joan Antoni Samaranch a partir del 2 de febrer.<\/p>\n<p>&nbsp;<\/p>\n<p>Recordem que aquest certamen internacional compta amb diversos premis en met\u00e0l\u00b7lic: 2.500\u20ac (1\u00ba premi), 1.800\u20ac (2\u00ba premi) i 1.200\u20ac (3\u00ba premi).<\/p>\n<p>&nbsp;<\/p>\n<p><strong>Finalistes:<\/strong><\/p>\n<p>Aguadas \u2013 Maite Pinto<br \/>\nAtletismo \u2013 Jose Manuel Vela<br \/>\nBailamos juntos de nuevo I \u2013 Juana C\u00e9spedes<br \/>\nCalle V \u2013 Adrian Marmolejo<br \/>\nEl tiempo corre \u2013 \u00c0ngel Alguer\u00f3<br \/>\nEsfor\u00e7 \u2013 Jordi Torrent<br \/>\nEstadi-Ciutat \u2013 Juli Mart\u00ed<br \/>\nGran partido de futbol \u2013 Jes\u00fas Barbeito<br \/>\nHomenaje a Coubertin \u2013 Jes\u00fas Dougnac<br \/>\nI want a canoe \u2013 Sara Moyano<br \/>\nLa antorcha y el fuego \u2013 Miquel Garcia<br \/>\nLa lluita que volem \u2013 Carme Magem<br \/>\nPassi\u00f3 pel futbol (homenatge al pare) \u2013 Rosa Solano<br \/>\nSue\u00f1os ol\u00edmpicos \u2013 Felipe Alarc\u00f3n<br \/>\nThe Ring \u2013 Pedro Pablo Cuadra<\/p>\n","protected":false},"excerpt":{"rendered":"<p>Reunit el jurat format per: Juli Pernas, representant del Patronat de la Fundaci\u00f3 Barcelona Ol\u00edmpica; Rom\u00e0 Arranz, ex professor de Belles; Raquel Medina, cr\u00edtic de l&#8217;associaci\u00f3 catalana de cr\u00edtics ACCA i internacional AICA; i Anna Comellas, doctora en Belles Arts amb un gran recorregut, s&#8217;ha determinat, despr\u00e9s d&#8217;una renyida final, que els guanyadors d&#8217;aquesta X [&hellip;]<\/p>\n","protected":false},"author":11,"featured_media":21667,"comment_status":"closed","ping_status":"closed","sticky":false,"template":"","format":"standard","meta":{"_acf_changed":false,"footnotes":""},"categories":[2],"tags":[],"class_list":["post-21671","post","type-post","status-publish","format-standard","has-post-thumbnail","hentry","category-sense-categoria"],"acf":[],"yoast_head":"<!-- This site is optimized with the Yoast SEO plugin v23.7 - https:\/\/yoast.com\/wordpress\/plugins\/seo\/ -->\n<title>Fallada 2020 del jurat de la X del Premi Internacional Art Sobre Paper Fundaci\u00f3 Barcelona Ol\u00edmpica - Fundaci\u00f3 Barcelona Ol\u00edmpica<\/title>\n<meta name=\"robots\" content=\"index, follow, max-snippet:-1, max-image-preview:large, max-video-preview:-1\" \/>\n<link rel=\"canonical\" href=\"https:\/\/www.fundaciobarcelonaolimpica.es\/ca\/fallada-2020-del-jurat-de-la-x-del-premi-internacional-art-sobre-paper-fundacio-barcelona-olimpica\/\" \/>\n<meta property=\"og:locale\" content=\"ca_ES\" \/>\n<meta property=\"og:type\" content=\"article\" \/>\n<meta property=\"og:title\" content=\"Fallada 2020 del jurat de la X del Premi Internacional Art Sobre Paper Fundaci\u00f3 Barcelona Ol\u00edmpica - Fundaci\u00f3 Barcelona Ol\u00edmpica\" \/>\n<meta property=\"og:description\" content=\"Reunit el jurat format per: Juli Pernas, representant del Patronat de la Fundaci\u00f3 Barcelona Ol\u00edmpica; Rom\u00e0 Arranz, ex professor de Belles; Raquel Medina, cr\u00edtic de l&#8217;associaci\u00f3 catalana de cr\u00edtics ACCA i internacional AICA; i Anna Comellas, doctora en Belles Arts amb un gran recorregut, s&#8217;ha determinat, despr\u00e9s d&#8217;una renyida final, que els guanyadors d&#8217;aquesta X [&hellip;]\" \/>\n<meta property=\"og:url\" content=\"https:\/\/www.fundaciobarcelonaolimpica.es\/ca\/fallada-2020-del-jurat-de-la-x-del-premi-internacional-art-sobre-paper-fundacio-barcelona-olimpica\/\" \/>\n<meta property=\"og:site_name\" content=\"Fundaci\u00f3 Barcelona Ol\u00edmpica\" \/>\n<meta property=\"article:published_time\" content=\"2020-12-18T09:26:44+00:00\" \/>\n<meta property=\"og:image\" content=\"https:\/\/www.fundaciobarcelonaolimpica.es\/wp-content\/uploads\/sites\/3\/2020\/12\/Art-Sobre-Papel-2020-MuseuOlimpicBCN_1.jpg\" \/>\n\t<meta property=\"og:image:width\" content=\"6000\" \/>\n\t<meta property=\"og:image:height\" content=\"4000\" \/>\n\t<meta property=\"og:image:type\" content=\"image\/jpeg\" \/>\n<meta name=\"author\" content=\"Ibone\" \/>\n<meta name=\"twitter:card\" content=\"summary_large_image\" \/>\n<meta name=\"twitter:label1\" content=\"Escrit per\" \/>\n\t<meta name=\"twitter:data1\" content=\"Ibone\" \/>\n\t<meta name=\"twitter:label2\" content=\"Temps estimat de lectura\" \/>\n\t<meta name=\"twitter:data2\" content=\"1 minut\" \/>\n<script type=\"application\/ld+json\" class=\"yoast-schema-graph\">{\"@context\":\"https:\/\/schema.org\",\"@graph\":[{\"@type\":\"Article\",\"@id\":\"https:\/\/www.fundaciobarcelonaolimpica.es\/ca\/fallada-2020-del-jurat-de-la-x-del-premi-internacional-art-sobre-paper-fundacio-barcelona-olimpica\/#article\",\"isPartOf\":{\"@id\":\"https:\/\/www.fundaciobarcelonaolimpica.es\/ca\/fallada-2020-del-jurat-de-la-x-del-premi-internacional-art-sobre-paper-fundacio-barcelona-olimpica\/\"},\"author\":{\"name\":\"Ibone\",\"@id\":\"https:\/\/www.fundaciobarcelonaolimpica.es\/ca\/#\/schema\/person\/b792834a53f193977df425a499287aa9\"},\"headline\":\"Fallada 2020 del jurat de la X del Premi Internacional Art Sobre Paper Fundaci\u00f3 Barcelona Ol\u00edmpica\",\"datePublished\":\"2020-12-18T09:26:44+00:00\",\"dateModified\":\"2020-12-18T09:26:44+00:00\",\"mainEntityOfPage\":{\"@id\":\"https:\/\/www.fundaciobarcelonaolimpica.es\/ca\/fallada-2020-del-jurat-de-la-x-del-premi-internacional-art-sobre-paper-fundacio-barcelona-olimpica\/\"},\"wordCount\":255,\"publisher\":{\"@id\":\"https:\/\/www.fundaciobarcelonaolimpica.es\/ca\/#organization\"},\"image\":{\"@id\":\"https:\/\/www.fundaciobarcelonaolimpica.es\/ca\/fallada-2020-del-jurat-de-la-x-del-premi-internacional-art-sobre-paper-fundacio-barcelona-olimpica\/#primaryimage\"},\"thumbnailUrl\":\"https:\/\/www.fundaciobarcelonaolimpica.es\/wp-content\/uploads\/sites\/3\/2020\/12\/Art-Sobre-Papel-2020-MuseuOlimpicBCN_1.jpg\",\"inLanguage\":\"ca\"},{\"@type\":\"WebPage\",\"@id\":\"https:\/\/www.fundaciobarcelonaolimpica.es\/ca\/fallada-2020-del-jurat-de-la-x-del-premi-internacional-art-sobre-paper-fundacio-barcelona-olimpica\/\",\"url\":\"https:\/\/www.fundaciobarcelonaolimpica.es\/ca\/fallada-2020-del-jurat-de-la-x-del-premi-internacional-art-sobre-paper-fundacio-barcelona-olimpica\/\",\"name\":\"Fallada 2020 del jurat de la X del Premi Internacional Art Sobre Paper Fundaci\u00f3 Barcelona Ol\u00edmpica - Fundaci\u00f3 Barcelona Ol\u00edmpica\",\"isPartOf\":{\"@id\":\"https:\/\/www.fundaciobarcelonaolimpica.es\/ca\/#website\"},\"primaryImageOfPage\":{\"@id\":\"https:\/\/www.fundaciobarcelonaolimpica.es\/ca\/fallada-2020-del-jurat-de-la-x-del-premi-internacional-art-sobre-paper-fundacio-barcelona-olimpica\/#primaryimage\"},\"image\":{\"@id\":\"https:\/\/www.fundaciobarcelonaolimpica.es\/ca\/fallada-2020-del-jurat-de-la-x-del-premi-internacional-art-sobre-paper-fundacio-barcelona-olimpica\/#primaryimage\"},\"thumbnailUrl\":\"https:\/\/www.fundaciobarcelonaolimpica.es\/wp-content\/uploads\/sites\/3\/2020\/12\/Art-Sobre-Papel-2020-MuseuOlimpicBCN_1.jpg\",\"datePublished\":\"2020-12-18T09:26:44+00:00\",\"dateModified\":\"2020-12-18T09:26:44+00:00\",\"breadcrumb\":{\"@id\":\"https:\/\/www.fundaciobarcelonaolimpica.es\/ca\/fallada-2020-del-jurat-de-la-x-del-premi-internacional-art-sobre-paper-fundacio-barcelona-olimpica\/#breadcrumb\"},\"inLanguage\":\"ca\",\"potentialAction\":[{\"@type\":\"ReadAction\",\"target\":[\"https:\/\/www.fundaciobarcelonaolimpica.es\/ca\/fallada-2020-del-jurat-de-la-x-del-premi-internacional-art-sobre-paper-fundacio-barcelona-olimpica\/\"]}]},{\"@type\":\"ImageObject\",\"inLanguage\":\"ca\",\"@id\":\"https:\/\/www.fundaciobarcelonaolimpica.es\/ca\/fallada-2020-del-jurat-de-la-x-del-premi-internacional-art-sobre-paper-fundacio-barcelona-olimpica\/#primaryimage\",\"url\":\"https:\/\/www.fundaciobarcelonaolimpica.es\/wp-content\/uploads\/sites\/3\/2020\/12\/Art-Sobre-Papel-2020-MuseuOlimpicBCN_1.jpg\",\"contentUrl\":\"https:\/\/www.fundaciobarcelonaolimpica.es\/wp-content\/uploads\/sites\/3\/2020\/12\/Art-Sobre-Papel-2020-MuseuOlimpicBCN_1.jpg\",\"width\":6000,\"height\":4000},{\"@type\":\"BreadcrumbList\",\"@id\":\"https:\/\/www.fundaciobarcelonaolimpica.es\/ca\/fallada-2020-del-jurat-de-la-x-del-premi-internacional-art-sobre-paper-fundacio-barcelona-olimpica\/#breadcrumb\",\"itemListElement\":[{\"@type\":\"ListItem\",\"position\":1,\"name\":\"FBO\",\"item\":\"https:\/\/www.fundaciobarcelonaolimpica.es\/es\/\"},{\"@type\":\"ListItem\",\"position\":2,\"name\":\"Fallada 2020 del jurat de la X del Premi Internacional Art Sobre Paper Fundaci\u00f3 Barcelona Ol\u00edmpica\"}]},{\"@type\":\"WebSite\",\"@id\":\"https:\/\/www.fundaciobarcelonaolimpica.es\/ca\/#website\",\"url\":\"https:\/\/www.fundaciobarcelonaolimpica.es\/ca\/\",\"name\":\"Fundaci\u00f3 Barcelona Ol\u00edmpica\",\"description\":\"Web del Museu Ol\u00edmpic i de l&#039;Esport\",\"publisher\":{\"@id\":\"https:\/\/www.fundaciobarcelonaolimpica.es\/ca\/#organization\"},\"potentialAction\":[{\"@type\":\"SearchAction\",\"target\":{\"@type\":\"EntryPoint\",\"urlTemplate\":\"https:\/\/www.fundaciobarcelonaolimpica.es\/ca\/?s={search_term_string}\"},\"query-input\":{\"@type\":\"PropertyValueSpecification\",\"valueRequired\":true,\"valueName\":\"search_term_string\"}}],\"inLanguage\":\"ca\"},{\"@type\":\"Organization\",\"@id\":\"https:\/\/www.fundaciobarcelonaolimpica.es\/ca\/#organization\",\"name\":\"Fundaci\u00f3 Barcelona Ol\u00edmpica\",\"url\":\"https:\/\/www.fundaciobarcelonaolimpica.es\/ca\/\",\"logo\":{\"@type\":\"ImageObject\",\"inLanguage\":\"ca\",\"@id\":\"https:\/\/www.fundaciobarcelonaolimpica.es\/ca\/#\/schema\/logo\/image\/\",\"url\":\"https:\/\/www.fundaciobarcelonaolimpica.es\/wp-content\/uploads\/sites\/3\/2019\/02\/logo-fundacio.svg\",\"contentUrl\":\"https:\/\/www.fundaciobarcelonaolimpica.es\/wp-content\/uploads\/sites\/3\/2019\/02\/logo-fundacio.svg\",\"caption\":\"Fundaci\u00f3 Barcelona Ol\u00edmpica\"},\"image\":{\"@id\":\"https:\/\/www.fundaciobarcelonaolimpica.es\/ca\/#\/schema\/logo\/image\/\"}},{\"@type\":\"Person\",\"@id\":\"https:\/\/www.fundaciobarcelonaolimpica.es\/ca\/#\/schema\/person\/b792834a53f193977df425a499287aa9\",\"name\":\"Ibone\",\"url\":\"https:\/\/www.fundaciobarcelonaolimpica.es\/ca\/author\/fbolimpica\/\"}]}<\/script>\n<!-- \/ Yoast SEO plugin. -->","yoast_head_json":{"title":"Fallada 2020 del jurat de la X del Premi Internacional Art Sobre Paper Fundaci\u00f3 Barcelona Ol\u00edmpica - Fundaci\u00f3 Barcelona Ol\u00edmpica","robots":{"index":"index","follow":"follow","max-snippet":"max-snippet:-1","max-image-preview":"max-image-preview:large","max-video-preview":"max-video-preview:-1"},"canonical":"https:\/\/www.fundaciobarcelonaolimpica.es\/ca\/fallada-2020-del-jurat-de-la-x-del-premi-internacional-art-sobre-paper-fundacio-barcelona-olimpica\/","og_locale":"ca_ES","og_type":"article","og_title":"Fallada 2020 del jurat de la X del Premi Internacional Art Sobre Paper Fundaci\u00f3 Barcelona Ol\u00edmpica - Fundaci\u00f3 Barcelona Ol\u00edmpica","og_description":"Reunit el jurat format per: Juli Pernas, representant del Patronat de la Fundaci\u00f3 Barcelona Ol\u00edmpica; Rom\u00e0 Arranz, ex professor de Belles; Raquel Medina, cr\u00edtic de l&#8217;associaci\u00f3 catalana de cr\u00edtics ACCA i internacional AICA; i Anna Comellas, doctora en Belles Arts amb un gran recorregut, s&#8217;ha determinat, despr\u00e9s d&#8217;una renyida final, que els guanyadors d&#8217;aquesta X [&hellip;]","og_url":"https:\/\/www.fundaciobarcelonaolimpica.es\/ca\/fallada-2020-del-jurat-de-la-x-del-premi-internacional-art-sobre-paper-fundacio-barcelona-olimpica\/","og_site_name":"Fundaci\u00f3 Barcelona Ol\u00edmpica","article_published_time":"2020-12-18T09:26:44+00:00","og_image":[{"width":6000,"height":4000,"url":"https:\/\/www.fundaciobarcelonaolimpica.es\/wp-content\/uploads\/sites\/3\/2020\/12\/Art-Sobre-Papel-2020-MuseuOlimpicBCN_1.jpg","type":"image\/jpeg"}],"author":"Ibone","twitter_card":"summary_large_image","twitter_misc":{"Escrit per":"Ibone","Temps estimat de lectura":"1 minut"},"schema":{"@context":"https:\/\/schema.org","@graph":[{"@type":"Article","@id":"https:\/\/www.fundaciobarcelonaolimpica.es\/ca\/fallada-2020-del-jurat-de-la-x-del-premi-internacional-art-sobre-paper-fundacio-barcelona-olimpica\/#article","isPartOf":{"@id":"https:\/\/www.fundaciobarcelonaolimpica.es\/ca\/fallada-2020-del-jurat-de-la-x-del-premi-internacional-art-sobre-paper-fundacio-barcelona-olimpica\/"},"author":{"name":"Ibone","@id":"https:\/\/www.fundaciobarcelonaolimpica.es\/ca\/#\/schema\/person\/b792834a53f193977df425a499287aa9"},"headline":"Fallada 2020 del jurat de la X del Premi Internacional Art Sobre Paper Fundaci\u00f3 Barcelona Ol\u00edmpica","datePublished":"2020-12-18T09:26:44+00:00","dateModified":"2020-12-18T09:26:44+00:00","mainEntityOfPage":{"@id":"https:\/\/www.fundaciobarcelonaolimpica.es\/ca\/fallada-2020-del-jurat-de-la-x-del-premi-internacional-art-sobre-paper-fundacio-barcelona-olimpica\/"},"wordCount":255,"publisher":{"@id":"https:\/\/www.fundaciobarcelonaolimpica.es\/ca\/#organization"},"image":{"@id":"https:\/\/www.fundaciobarcelonaolimpica.es\/ca\/fallada-2020-del-jurat-de-la-x-del-premi-internacional-art-sobre-paper-fundacio-barcelona-olimpica\/#primaryimage"},"thumbnailUrl":"https:\/\/www.fundaciobarcelonaolimpica.es\/wp-content\/uploads\/sites\/3\/2020\/12\/Art-Sobre-Papel-2020-MuseuOlimpicBCN_1.jpg","inLanguage":"ca"},{"@type":"WebPage","@id":"https:\/\/www.fundaciobarcelonaolimpica.es\/ca\/fallada-2020-del-jurat-de-la-x-del-premi-internacional-art-sobre-paper-fundacio-barcelona-olimpica\/","url":"https:\/\/www.fundaciobarcelonaolimpica.es\/ca\/fallada-2020-del-jurat-de-la-x-del-premi-internacional-art-sobre-paper-fundacio-barcelona-olimpica\/","name":"Fallada 2020 del jurat de la X del Premi Internacional Art Sobre Paper Fundaci\u00f3 Barcelona Ol\u00edmpica - Fundaci\u00f3 Barcelona Ol\u00edmpica","isPartOf":{"@id":"https:\/\/www.fundaciobarcelonaolimpica.es\/ca\/#website"},"primaryImageOfPage":{"@id":"https:\/\/www.fundaciobarcelonaolimpica.es\/ca\/fallada-2020-del-jurat-de-la-x-del-premi-internacional-art-sobre-paper-fundacio-barcelona-olimpica\/#primaryimage"},"image":{"@id":"https:\/\/www.fundaciobarcelonaolimpica.es\/ca\/fallada-2020-del-jurat-de-la-x-del-premi-internacional-art-sobre-paper-fundacio-barcelona-olimpica\/#primaryimage"},"thumbnailUrl":"https:\/\/www.fundaciobarcelonaolimpica.es\/wp-content\/uploads\/sites\/3\/2020\/12\/Art-Sobre-Papel-2020-MuseuOlimpicBCN_1.jpg","datePublished":"2020-12-18T09:26:44+00:00","dateModified":"2020-12-18T09:26:44+00:00","breadcrumb":{"@id":"https:\/\/www.fundaciobarcelonaolimpica.es\/ca\/fallada-2020-del-jurat-de-la-x-del-premi-internacional-art-sobre-paper-fundacio-barcelona-olimpica\/#breadcrumb"},"inLanguage":"ca","potentialAction":[{"@type":"ReadAction","target":["https:\/\/www.fundaciobarcelonaolimpica.es\/ca\/fallada-2020-del-jurat-de-la-x-del-premi-internacional-art-sobre-paper-fundacio-barcelona-olimpica\/"]}]},{"@type":"ImageObject","inLanguage":"ca","@id":"https:\/\/www.fundaciobarcelonaolimpica.es\/ca\/fallada-2020-del-jurat-de-la-x-del-premi-internacional-art-sobre-paper-fundacio-barcelona-olimpica\/#primaryimage","url":"https:\/\/www.fundaciobarcelonaolimpica.es\/wp-content\/uploads\/sites\/3\/2020\/12\/Art-Sobre-Papel-2020-MuseuOlimpicBCN_1.jpg","contentUrl":"https:\/\/www.fundaciobarcelonaolimpica.es\/wp-content\/uploads\/sites\/3\/2020\/12\/Art-Sobre-Papel-2020-MuseuOlimpicBCN_1.jpg","width":6000,"height":4000},{"@type":"BreadcrumbList","@id":"https:\/\/www.fundaciobarcelonaolimpica.es\/ca\/fallada-2020-del-jurat-de-la-x-del-premi-internacional-art-sobre-paper-fundacio-barcelona-olimpica\/#breadcrumb","itemListElement":[{"@type":"ListItem","position":1,"name":"FBO","item":"https:\/\/www.fundaciobarcelonaolimpica.es\/es\/"},{"@type":"ListItem","position":2,"name":"Fallada 2020 del jurat de la X del Premi Internacional Art Sobre Paper Fundaci\u00f3 Barcelona Ol\u00edmpica"}]},{"@type":"WebSite","@id":"https:\/\/www.fundaciobarcelonaolimpica.es\/ca\/#website","url":"https:\/\/www.fundaciobarcelonaolimpica.es\/ca\/","name":"Fundaci\u00f3 Barcelona Ol\u00edmpica","description":"Web del Museu Ol\u00edmpic i de l&#039;Esport","publisher":{"@id":"https:\/\/www.fundaciobarcelonaolimpica.es\/ca\/#organization"},"potentialAction":[{"@type":"SearchAction","target":{"@type":"EntryPoint","urlTemplate":"https:\/\/www.fundaciobarcelonaolimpica.es\/ca\/?s={search_term_string}"},"query-input":{"@type":"PropertyValueSpecification","valueRequired":true,"valueName":"search_term_string"}}],"inLanguage":"ca"},{"@type":"Organization","@id":"https:\/\/www.fundaciobarcelonaolimpica.es\/ca\/#organization","name":"Fundaci\u00f3 Barcelona Ol\u00edmpica","url":"https:\/\/www.fundaciobarcelonaolimpica.es\/ca\/","logo":{"@type":"ImageObject","inLanguage":"ca","@id":"https:\/\/www.fundaciobarcelonaolimpica.es\/ca\/#\/schema\/logo\/image\/","url":"https:\/\/www.fundaciobarcelonaolimpica.es\/wp-content\/uploads\/sites\/3\/2019\/02\/logo-fundacio.svg","contentUrl":"https:\/\/www.fundaciobarcelonaolimpica.es\/wp-content\/uploads\/sites\/3\/2019\/02\/logo-fundacio.svg","caption":"Fundaci\u00f3 Barcelona Ol\u00edmpica"},"image":{"@id":"https:\/\/www.fundaciobarcelonaolimpica.es\/ca\/#\/schema\/logo\/image\/"}},{"@type":"Person","@id":"https:\/\/www.fundaciobarcelonaolimpica.es\/ca\/#\/schema\/person\/b792834a53f193977df425a499287aa9","name":"Ibone","url":"https:\/\/www.fundaciobarcelonaolimpica.es\/ca\/author\/fbolimpica\/"}]}},"_links":{"self":[{"href":"https:\/\/www.fundaciobarcelonaolimpica.es\/ca\/wp-json\/wp\/v2\/posts\/21671"}],"collection":[{"href":"https:\/\/www.fundaciobarcelonaolimpica.es\/ca\/wp-json\/wp\/v2\/posts"}],"about":[{"href":"https:\/\/www.fundaciobarcelonaolimpica.es\/ca\/wp-json\/wp\/v2\/types\/post"}],"author":[{"embeddable":true,"href":"https:\/\/www.fundaciobarcelonaolimpica.es\/ca\/wp-json\/wp\/v2\/users\/11"}],"replies":[{"embeddable":true,"href":"https:\/\/www.fundaciobarcelonaolimpica.es\/ca\/wp-json\/wp\/v2\/comments?post=21671"}],"version-history":[{"count":0,"href":"https:\/\/www.fundaciobarcelonaolimpica.es\/ca\/wp-json\/wp\/v2\/posts\/21671\/revisions"}],"wp:featuredmedia":[{"embeddable":true,"href":"https:\/\/www.fundaciobarcelonaolimpica.es\/ca\/wp-json\/wp\/v2\/media\/21667"}],"wp:attachment":[{"href":"https:\/\/www.fundaciobarcelonaolimpica.es\/ca\/wp-json\/wp\/v2\/media?parent=21671"}],"wp:term":[{"taxonomy":"category","embeddable":true,"href":"https:\/\/www.fundaciobarcelonaolimpica.es\/ca\/wp-json\/wp\/v2\/categories?post=21671"},{"taxonomy":"post_tag","embeddable":true,"href":"https:\/\/www.fundaciobarcelonaolimpica.es\/ca\/wp-json\/wp\/v2\/tags?post=21671"}],"curies":[{"name":"wp","href":"https:\/\/api.w.org\/{rel}","templated":true}]}}