{"id":24419,"date":"2021-11-23T13:12:05","date_gmt":"2021-11-23T12:12:05","guid":{"rendered":"https:\/\/www.fundaciobarcelonaolimpica.es\/juli-pernas-patro-de-la-fundacio-barcelona-olimpica-ha-rebut-juntament-amb-lolo-ibern-la-medalla-dor-al-merit-esportiu-de-la-ciutat-de-barcelona\/"},"modified":"2021-11-23T13:12:05","modified_gmt":"2021-11-23T12:12:05","slug":"juli-pernas-patro-de-la-fundacio-barcelona-olimpica-ha-rebut-juntament-amb-lolo-ibern-la-medalla-dor-al-merit-esportiu-de-la-ciutat-de-barcelona","status":"publish","type":"post","link":"https:\/\/www.fundaciobarcelonaolimpica.es\/ca\/juli-pernas-patro-de-la-fundacio-barcelona-olimpica-ha-rebut-juntament-amb-lolo-ibern-la-medalla-dor-al-merit-esportiu-de-la-ciutat-de-barcelona\/","title":{"rendered":"Juli Pernas, patr\u00f3 de la Fundaci\u00f3 Barcelona Ol\u00edmpica, ha rebut juntament amb Lolo Ibern la medalla d&#8217;or al M\u00e8rit Esportiu de la Ciutat de Barcelona"},"content":{"rendered":"<p>Jaume Collboni i David Escud\u00e9 han estat els encarregats de lliurar la Medalla d\u2019Or al M\u00e8rit Esportiu als homenatjats, en un acte celebrat al sal\u00f3 de Cent de l\u2019Ajuntament de Barcelona.<\/p>\n<p>Tant a Ibern com a Pernas se&#8217;ls ha reconegut per la tasca realitzada al llarg de les seves vides en favor de l&#8217;esport a Barcelona. Juli Pernas ha rebut la medalla per la seva dilatada i prol\u00edfera dedicaci\u00f3 professional des de les responsabilitats municipals lligades a la gesti\u00f3 de l\u2019esport a Barcelona, aix\u00ed com en reconeixement de la traject\u00f2ria esportiva complement\u00e0ria, dedicada fonamentalment a l\u2019esport federat i ol\u00edmpic.<\/p>\n<p>&nbsp;<\/p>\n<p>Juli Pernas L\u00f3pez va iniciar la seva dedicaci\u00f3 a l\u2019Ajuntament de Barcelona l\u2019any 1981, a l\u2019\u00e0rea de Joventut i Esports. Al llarg de la seva traject\u00f2ria ha assumit diferents responsabilitats directives relacionades amb l\u2019esport entre les quals destaca la seva etapa lligada a la promoci\u00f3 esportiva i als esdeveniments. Destaca tamb\u00e9 la seva dedicaci\u00f3 com a director de la Fundaci\u00f3 Barcelona Ol\u00edmpica. Pel que fa a la seva traject\u00f2ria dedicada als esports, els seus han estat el beisbol i el softbol. Va ser president de la federaci\u00f3 catalana (1986-94), i des del 2000 fins al 2020 ha presidit la federaci\u00f3 espanyola. Tamb\u00e9 ha estat comissari t\u00e8cnic de les federacions europees. \u00c9s membre del Comit\u00e8 Ol\u00edmpic Espanyol (presideix la Comissi\u00f3 d\u2019Esport i Medi Ambient) des de 1988, i forma part de l\u2019Acad\u00e8mia Ol\u00edmpica Espanyola.<\/p>\n","protected":false},"excerpt":{"rendered":"<p>Jaume Collboni i David Escud\u00e9 han estat els encarregats de lliurar la Medalla d\u2019Or al M\u00e8rit Esportiu als homenatjats, en un acte celebrat al sal\u00f3 de Cent de l\u2019Ajuntament de Barcelona. Tant a Ibern com a Pernas se&#8217;ls ha reconegut per la tasca realitzada al llarg de les seves vides en favor de l&#8217;esport a [&hellip;]<\/p>\n","protected":false},"author":11,"featured_media":24404,"comment_status":"closed","ping_status":"closed","sticky":false,"template":"","format":"standard","meta":{"_acf_changed":false,"footnotes":""},"categories":[2],"tags":[],"class_list":["post-24419","post","type-post","status-publish","format-standard","has-post-thumbnail","hentry","category-sense-categoria"],"acf":[],"yoast_head":"<!-- This site is optimized with the Yoast SEO plugin v23.7 - https:\/\/yoast.com\/wordpress\/plugins\/seo\/ -->\n<title>Juli Pernas, patr\u00f3 de la Fundaci\u00f3 Barcelona Ol\u00edmpica, ha rebut juntament amb Lolo Ibern la medalla d&#039;or al M\u00e8rit Esportiu de la Ciutat de Barcelona - Fundaci\u00f3 Barcelona Ol\u00edmpica<\/title>\n<meta name=\"robots\" content=\"index, follow, max-snippet:-1, max-image-preview:large, max-video-preview:-1\" \/>\n<link rel=\"canonical\" href=\"https:\/\/www.fundaciobarcelonaolimpica.es\/ca\/juli-pernas-patro-de-la-fundacio-barcelona-olimpica-ha-rebut-juntament-amb-lolo-ibern-la-medalla-dor-al-merit-esportiu-de-la-ciutat-de-barcelona\/\" \/>\n<meta property=\"og:locale\" content=\"ca_ES\" \/>\n<meta property=\"og:type\" content=\"article\" \/>\n<meta property=\"og:title\" content=\"Juli Pernas, patr\u00f3 de la Fundaci\u00f3 Barcelona Ol\u00edmpica, ha rebut juntament amb Lolo Ibern la medalla d&#039;or al M\u00e8rit Esportiu de la Ciutat de Barcelona - Fundaci\u00f3 Barcelona Ol\u00edmpica\" \/>\n<meta property=\"og:description\" content=\"Jaume Collboni i David Escud\u00e9 han estat els encarregats de lliurar la Medalla d\u2019Or al M\u00e8rit Esportiu als homenatjats, en un acte celebrat al sal\u00f3 de Cent de l\u2019Ajuntament de Barcelona. Tant a Ibern com a Pernas se&#8217;ls ha reconegut per la tasca realitzada al llarg de les seves vides en favor de l&#8217;esport a [&hellip;]\" \/>\n<meta property=\"og:url\" content=\"https:\/\/www.fundaciobarcelonaolimpica.es\/ca\/juli-pernas-patro-de-la-fundacio-barcelona-olimpica-ha-rebut-juntament-amb-lolo-ibern-la-medalla-dor-al-merit-esportiu-de-la-ciutat-de-barcelona\/\" \/>\n<meta property=\"og:site_name\" content=\"Fundaci\u00f3 Barcelona Ol\u00edmpica\" \/>\n<meta property=\"article:published_time\" content=\"2021-11-23T12:12:05+00:00\" \/>\n<meta property=\"og:image\" content=\"https:\/\/www.fundaciobarcelonaolimpica.es\/wp-content\/uploads\/sites\/3\/2021\/11\/IMG_4665-scaled.jpg\" \/>\n\t<meta property=\"og:image:width\" content=\"2560\" \/>\n\t<meta property=\"og:image:height\" content=\"1768\" \/>\n\t<meta property=\"og:image:type\" content=\"image\/jpeg\" \/>\n<meta name=\"author\" content=\"Ibone\" \/>\n<meta name=\"twitter:card\" content=\"summary_large_image\" \/>\n<meta name=\"twitter:label1\" content=\"Escrit per\" \/>\n\t<meta name=\"twitter:data1\" content=\"Ibone\" \/>\n\t<meta name=\"twitter:label2\" content=\"Temps estimat de lectura\" \/>\n\t<meta name=\"twitter:data2\" content=\"1 minut\" \/>\n<script type=\"application\/ld+json\" class=\"yoast-schema-graph\">{\"@context\":\"https:\/\/schema.org\",\"@graph\":[{\"@type\":\"Article\",\"@id\":\"https:\/\/www.fundaciobarcelonaolimpica.es\/ca\/juli-pernas-patro-de-la-fundacio-barcelona-olimpica-ha-rebut-juntament-amb-lolo-ibern-la-medalla-dor-al-merit-esportiu-de-la-ciutat-de-barcelona\/#article\",\"isPartOf\":{\"@id\":\"https:\/\/www.fundaciobarcelonaolimpica.es\/ca\/juli-pernas-patro-de-la-fundacio-barcelona-olimpica-ha-rebut-juntament-amb-lolo-ibern-la-medalla-dor-al-merit-esportiu-de-la-ciutat-de-barcelona\/\"},\"author\":{\"name\":\"Ibone\",\"@id\":\"https:\/\/www.fundaciobarcelonaolimpica.es\/ca\/#\/schema\/person\/b792834a53f193977df425a499287aa9\"},\"headline\":\"Juli Pernas, patr\u00f3 de la Fundaci\u00f3 Barcelona Ol\u00edmpica, ha rebut juntament amb Lolo Ibern la medalla d&#8217;or al M\u00e8rit Esportiu de la Ciutat de Barcelona\",\"datePublished\":\"2021-11-23T12:12:05+00:00\",\"dateModified\":\"2021-11-23T12:12:05+00:00\",\"mainEntityOfPage\":{\"@id\":\"https:\/\/www.fundaciobarcelonaolimpica.es\/ca\/juli-pernas-patro-de-la-fundacio-barcelona-olimpica-ha-rebut-juntament-amb-lolo-ibern-la-medalla-dor-al-merit-esportiu-de-la-ciutat-de-barcelona\/\"},\"wordCount\":279,\"publisher\":{\"@id\":\"https:\/\/www.fundaciobarcelonaolimpica.es\/ca\/#organization\"},\"image\":{\"@id\":\"https:\/\/www.fundaciobarcelonaolimpica.es\/ca\/juli-pernas-patro-de-la-fundacio-barcelona-olimpica-ha-rebut-juntament-amb-lolo-ibern-la-medalla-dor-al-merit-esportiu-de-la-ciutat-de-barcelona\/#primaryimage\"},\"thumbnailUrl\":\"https:\/\/www.fundaciobarcelonaolimpica.es\/wp-content\/uploads\/sites\/3\/2021\/11\/IMG_4665-scaled.jpg\",\"inLanguage\":\"ca\"},{\"@type\":\"WebPage\",\"@id\":\"https:\/\/www.fundaciobarcelonaolimpica.es\/ca\/juli-pernas-patro-de-la-fundacio-barcelona-olimpica-ha-rebut-juntament-amb-lolo-ibern-la-medalla-dor-al-merit-esportiu-de-la-ciutat-de-barcelona\/\",\"url\":\"https:\/\/www.fundaciobarcelonaolimpica.es\/ca\/juli-pernas-patro-de-la-fundacio-barcelona-olimpica-ha-rebut-juntament-amb-lolo-ibern-la-medalla-dor-al-merit-esportiu-de-la-ciutat-de-barcelona\/\",\"name\":\"Juli Pernas, patr\u00f3 de la Fundaci\u00f3 Barcelona Ol\u00edmpica, ha rebut juntament amb Lolo Ibern la medalla d'or al M\u00e8rit Esportiu de la Ciutat de Barcelona - Fundaci\u00f3 Barcelona Ol\u00edmpica\",\"isPartOf\":{\"@id\":\"https:\/\/www.fundaciobarcelonaolimpica.es\/ca\/#website\"},\"primaryImageOfPage\":{\"@id\":\"https:\/\/www.fundaciobarcelonaolimpica.es\/ca\/juli-pernas-patro-de-la-fundacio-barcelona-olimpica-ha-rebut-juntament-amb-lolo-ibern-la-medalla-dor-al-merit-esportiu-de-la-ciutat-de-barcelona\/#primaryimage\"},\"image\":{\"@id\":\"https:\/\/www.fundaciobarcelonaolimpica.es\/ca\/juli-pernas-patro-de-la-fundacio-barcelona-olimpica-ha-rebut-juntament-amb-lolo-ibern-la-medalla-dor-al-merit-esportiu-de-la-ciutat-de-barcelona\/#primaryimage\"},\"thumbnailUrl\":\"https:\/\/www.fundaciobarcelonaolimpica.es\/wp-content\/uploads\/sites\/3\/2021\/11\/IMG_4665-scaled.jpg\",\"datePublished\":\"2021-11-23T12:12:05+00:00\",\"dateModified\":\"2021-11-23T12:12:05+00:00\",\"breadcrumb\":{\"@id\":\"https:\/\/www.fundaciobarcelonaolimpica.es\/ca\/juli-pernas-patro-de-la-fundacio-barcelona-olimpica-ha-rebut-juntament-amb-lolo-ibern-la-medalla-dor-al-merit-esportiu-de-la-ciutat-de-barcelona\/#breadcrumb\"},\"inLanguage\":\"ca\",\"potentialAction\":[{\"@type\":\"ReadAction\",\"target\":[\"https:\/\/www.fundaciobarcelonaolimpica.es\/ca\/juli-pernas-patro-de-la-fundacio-barcelona-olimpica-ha-rebut-juntament-amb-lolo-ibern-la-medalla-dor-al-merit-esportiu-de-la-ciutat-de-barcelona\/\"]}]},{\"@type\":\"ImageObject\",\"inLanguage\":\"ca\",\"@id\":\"https:\/\/www.fundaciobarcelonaolimpica.es\/ca\/juli-pernas-patro-de-la-fundacio-barcelona-olimpica-ha-rebut-juntament-amb-lolo-ibern-la-medalla-dor-al-merit-esportiu-de-la-ciutat-de-barcelona\/#primaryimage\",\"url\":\"https:\/\/www.fundaciobarcelonaolimpica.es\/wp-content\/uploads\/sites\/3\/2021\/11\/IMG_4665-scaled.jpg\",\"contentUrl\":\"https:\/\/www.fundaciobarcelonaolimpica.es\/wp-content\/uploads\/sites\/3\/2021\/11\/IMG_4665-scaled.jpg\",\"width\":2560,\"height\":1768},{\"@type\":\"BreadcrumbList\",\"@id\":\"https:\/\/www.fundaciobarcelonaolimpica.es\/ca\/juli-pernas-patro-de-la-fundacio-barcelona-olimpica-ha-rebut-juntament-amb-lolo-ibern-la-medalla-dor-al-merit-esportiu-de-la-ciutat-de-barcelona\/#breadcrumb\",\"itemListElement\":[{\"@type\":\"ListItem\",\"position\":1,\"name\":\"FBO\",\"item\":\"https:\/\/www.fundaciobarcelonaolimpica.es\/es\/\"},{\"@type\":\"ListItem\",\"position\":2,\"name\":\"Juli Pernas, patr\u00f3 de la Fundaci\u00f3 Barcelona Ol\u00edmpica, ha rebut juntament amb Lolo Ibern la medalla d&#8217;or al M\u00e8rit Esportiu de la Ciutat de Barcelona\"}]},{\"@type\":\"WebSite\",\"@id\":\"https:\/\/www.fundaciobarcelonaolimpica.es\/ca\/#website\",\"url\":\"https:\/\/www.fundaciobarcelonaolimpica.es\/ca\/\",\"name\":\"Fundaci\u00f3 Barcelona Ol\u00edmpica\",\"description\":\"Web del Museu Ol\u00edmpic i de l&#039;Esport\",\"publisher\":{\"@id\":\"https:\/\/www.fundaciobarcelonaolimpica.es\/ca\/#organization\"},\"potentialAction\":[{\"@type\":\"SearchAction\",\"target\":{\"@type\":\"EntryPoint\",\"urlTemplate\":\"https:\/\/www.fundaciobarcelonaolimpica.es\/ca\/?s={search_term_string}\"},\"query-input\":{\"@type\":\"PropertyValueSpecification\",\"valueRequired\":true,\"valueName\":\"search_term_string\"}}],\"inLanguage\":\"ca\"},{\"@type\":\"Organization\",\"@id\":\"https:\/\/www.fundaciobarcelonaolimpica.es\/ca\/#organization\",\"name\":\"Fundaci\u00f3 Barcelona Ol\u00edmpica\",\"url\":\"https:\/\/www.fundaciobarcelonaolimpica.es\/ca\/\",\"logo\":{\"@type\":\"ImageObject\",\"inLanguage\":\"ca\",\"@id\":\"https:\/\/www.fundaciobarcelonaolimpica.es\/ca\/#\/schema\/logo\/image\/\",\"url\":\"https:\/\/www.fundaciobarcelonaolimpica.es\/wp-content\/uploads\/sites\/3\/2019\/02\/logo-fundacio.svg\",\"contentUrl\":\"https:\/\/www.fundaciobarcelonaolimpica.es\/wp-content\/uploads\/sites\/3\/2019\/02\/logo-fundacio.svg\",\"caption\":\"Fundaci\u00f3 Barcelona Ol\u00edmpica\"},\"image\":{\"@id\":\"https:\/\/www.fundaciobarcelonaolimpica.es\/ca\/#\/schema\/logo\/image\/\"}},{\"@type\":\"Person\",\"@id\":\"https:\/\/www.fundaciobarcelonaolimpica.es\/ca\/#\/schema\/person\/b792834a53f193977df425a499287aa9\",\"name\":\"Ibone\",\"url\":\"https:\/\/www.fundaciobarcelonaolimpica.es\/ca\/author\/fbolimpica\/\"}]}<\/script>\n<!-- \/ Yoast SEO plugin. -->","yoast_head_json":{"title":"Juli Pernas, patr\u00f3 de la Fundaci\u00f3 Barcelona Ol\u00edmpica, ha rebut juntament amb Lolo Ibern la medalla d'or al M\u00e8rit Esportiu de la Ciutat de Barcelona - Fundaci\u00f3 Barcelona Ol\u00edmpica","robots":{"index":"index","follow":"follow","max-snippet":"max-snippet:-1","max-image-preview":"max-image-preview:large","max-video-preview":"max-video-preview:-1"},"canonical":"https:\/\/www.fundaciobarcelonaolimpica.es\/ca\/juli-pernas-patro-de-la-fundacio-barcelona-olimpica-ha-rebut-juntament-amb-lolo-ibern-la-medalla-dor-al-merit-esportiu-de-la-ciutat-de-barcelona\/","og_locale":"ca_ES","og_type":"article","og_title":"Juli Pernas, patr\u00f3 de la Fundaci\u00f3 Barcelona Ol\u00edmpica, ha rebut juntament amb Lolo Ibern la medalla d'or al M\u00e8rit Esportiu de la Ciutat de Barcelona - Fundaci\u00f3 Barcelona Ol\u00edmpica","og_description":"Jaume Collboni i David Escud\u00e9 han estat els encarregats de lliurar la Medalla d\u2019Or al M\u00e8rit Esportiu als homenatjats, en un acte celebrat al sal\u00f3 de Cent de l\u2019Ajuntament de Barcelona. Tant a Ibern com a Pernas se&#8217;ls ha reconegut per la tasca realitzada al llarg de les seves vides en favor de l&#8217;esport a [&hellip;]","og_url":"https:\/\/www.fundaciobarcelonaolimpica.es\/ca\/juli-pernas-patro-de-la-fundacio-barcelona-olimpica-ha-rebut-juntament-amb-lolo-ibern-la-medalla-dor-al-merit-esportiu-de-la-ciutat-de-barcelona\/","og_site_name":"Fundaci\u00f3 Barcelona Ol\u00edmpica","article_published_time":"2021-11-23T12:12:05+00:00","og_image":[{"width":2560,"height":1768,"url":"https:\/\/www.fundaciobarcelonaolimpica.es\/wp-content\/uploads\/sites\/3\/2021\/11\/IMG_4665-scaled.jpg","type":"image\/jpeg"}],"author":"Ibone","twitter_card":"summary_large_image","twitter_misc":{"Escrit per":"Ibone","Temps estimat de lectura":"1 minut"},"schema":{"@context":"https:\/\/schema.org","@graph":[{"@type":"Article","@id":"https:\/\/www.fundaciobarcelonaolimpica.es\/ca\/juli-pernas-patro-de-la-fundacio-barcelona-olimpica-ha-rebut-juntament-amb-lolo-ibern-la-medalla-dor-al-merit-esportiu-de-la-ciutat-de-barcelona\/#article","isPartOf":{"@id":"https:\/\/www.fundaciobarcelonaolimpica.es\/ca\/juli-pernas-patro-de-la-fundacio-barcelona-olimpica-ha-rebut-juntament-amb-lolo-ibern-la-medalla-dor-al-merit-esportiu-de-la-ciutat-de-barcelona\/"},"author":{"name":"Ibone","@id":"https:\/\/www.fundaciobarcelonaolimpica.es\/ca\/#\/schema\/person\/b792834a53f193977df425a499287aa9"},"headline":"Juli Pernas, patr\u00f3 de la Fundaci\u00f3 Barcelona Ol\u00edmpica, ha rebut juntament amb Lolo Ibern la medalla d&#8217;or al M\u00e8rit Esportiu de la Ciutat de Barcelona","datePublished":"2021-11-23T12:12:05+00:00","dateModified":"2021-11-23T12:12:05+00:00","mainEntityOfPage":{"@id":"https:\/\/www.fundaciobarcelonaolimpica.es\/ca\/juli-pernas-patro-de-la-fundacio-barcelona-olimpica-ha-rebut-juntament-amb-lolo-ibern-la-medalla-dor-al-merit-esportiu-de-la-ciutat-de-barcelona\/"},"wordCount":279,"publisher":{"@id":"https:\/\/www.fundaciobarcelonaolimpica.es\/ca\/#organization"},"image":{"@id":"https:\/\/www.fundaciobarcelonaolimpica.es\/ca\/juli-pernas-patro-de-la-fundacio-barcelona-olimpica-ha-rebut-juntament-amb-lolo-ibern-la-medalla-dor-al-merit-esportiu-de-la-ciutat-de-barcelona\/#primaryimage"},"thumbnailUrl":"https:\/\/www.fundaciobarcelonaolimpica.es\/wp-content\/uploads\/sites\/3\/2021\/11\/IMG_4665-scaled.jpg","inLanguage":"ca"},{"@type":"WebPage","@id":"https:\/\/www.fundaciobarcelonaolimpica.es\/ca\/juli-pernas-patro-de-la-fundacio-barcelona-olimpica-ha-rebut-juntament-amb-lolo-ibern-la-medalla-dor-al-merit-esportiu-de-la-ciutat-de-barcelona\/","url":"https:\/\/www.fundaciobarcelonaolimpica.es\/ca\/juli-pernas-patro-de-la-fundacio-barcelona-olimpica-ha-rebut-juntament-amb-lolo-ibern-la-medalla-dor-al-merit-esportiu-de-la-ciutat-de-barcelona\/","name":"Juli Pernas, patr\u00f3 de la Fundaci\u00f3 Barcelona Ol\u00edmpica, ha rebut juntament amb Lolo Ibern la medalla d'or al M\u00e8rit Esportiu de la Ciutat de Barcelona - Fundaci\u00f3 Barcelona Ol\u00edmpica","isPartOf":{"@id":"https:\/\/www.fundaciobarcelonaolimpica.es\/ca\/#website"},"primaryImageOfPage":{"@id":"https:\/\/www.fundaciobarcelonaolimpica.es\/ca\/juli-pernas-patro-de-la-fundacio-barcelona-olimpica-ha-rebut-juntament-amb-lolo-ibern-la-medalla-dor-al-merit-esportiu-de-la-ciutat-de-barcelona\/#primaryimage"},"image":{"@id":"https:\/\/www.fundaciobarcelonaolimpica.es\/ca\/juli-pernas-patro-de-la-fundacio-barcelona-olimpica-ha-rebut-juntament-amb-lolo-ibern-la-medalla-dor-al-merit-esportiu-de-la-ciutat-de-barcelona\/#primaryimage"},"thumbnailUrl":"https:\/\/www.fundaciobarcelonaolimpica.es\/wp-content\/uploads\/sites\/3\/2021\/11\/IMG_4665-scaled.jpg","datePublished":"2021-11-23T12:12:05+00:00","dateModified":"2021-11-23T12:12:05+00:00","breadcrumb":{"@id":"https:\/\/www.fundaciobarcelonaolimpica.es\/ca\/juli-pernas-patro-de-la-fundacio-barcelona-olimpica-ha-rebut-juntament-amb-lolo-ibern-la-medalla-dor-al-merit-esportiu-de-la-ciutat-de-barcelona\/#breadcrumb"},"inLanguage":"ca","potentialAction":[{"@type":"ReadAction","target":["https:\/\/www.fundaciobarcelonaolimpica.es\/ca\/juli-pernas-patro-de-la-fundacio-barcelona-olimpica-ha-rebut-juntament-amb-lolo-ibern-la-medalla-dor-al-merit-esportiu-de-la-ciutat-de-barcelona\/"]}]},{"@type":"ImageObject","inLanguage":"ca","@id":"https:\/\/www.fundaciobarcelonaolimpica.es\/ca\/juli-pernas-patro-de-la-fundacio-barcelona-olimpica-ha-rebut-juntament-amb-lolo-ibern-la-medalla-dor-al-merit-esportiu-de-la-ciutat-de-barcelona\/#primaryimage","url":"https:\/\/www.fundaciobarcelonaolimpica.es\/wp-content\/uploads\/sites\/3\/2021\/11\/IMG_4665-scaled.jpg","contentUrl":"https:\/\/www.fundaciobarcelonaolimpica.es\/wp-content\/uploads\/sites\/3\/2021\/11\/IMG_4665-scaled.jpg","width":2560,"height":1768},{"@type":"BreadcrumbList","@id":"https:\/\/www.fundaciobarcelonaolimpica.es\/ca\/juli-pernas-patro-de-la-fundacio-barcelona-olimpica-ha-rebut-juntament-amb-lolo-ibern-la-medalla-dor-al-merit-esportiu-de-la-ciutat-de-barcelona\/#breadcrumb","itemListElement":[{"@type":"ListItem","position":1,"name":"FBO","item":"https:\/\/www.fundaciobarcelonaolimpica.es\/es\/"},{"@type":"ListItem","position":2,"name":"Juli Pernas, patr\u00f3 de la Fundaci\u00f3 Barcelona Ol\u00edmpica, ha rebut juntament amb Lolo Ibern la medalla d&#8217;or al M\u00e8rit Esportiu de la Ciutat de Barcelona"}]},{"@type":"WebSite","@id":"https:\/\/www.fundaciobarcelonaolimpica.es\/ca\/#website","url":"https:\/\/www.fundaciobarcelonaolimpica.es\/ca\/","name":"Fundaci\u00f3 Barcelona Ol\u00edmpica","description":"Web del Museu Ol\u00edmpic i de l&#039;Esport","publisher":{"@id":"https:\/\/www.fundaciobarcelonaolimpica.es\/ca\/#organization"},"potentialAction":[{"@type":"SearchAction","target":{"@type":"EntryPoint","urlTemplate":"https:\/\/www.fundaciobarcelonaolimpica.es\/ca\/?s={search_term_string}"},"query-input":{"@type":"PropertyValueSpecification","valueRequired":true,"valueName":"search_term_string"}}],"inLanguage":"ca"},{"@type":"Organization","@id":"https:\/\/www.fundaciobarcelonaolimpica.es\/ca\/#organization","name":"Fundaci\u00f3 Barcelona Ol\u00edmpica","url":"https:\/\/www.fundaciobarcelonaolimpica.es\/ca\/","logo":{"@type":"ImageObject","inLanguage":"ca","@id":"https:\/\/www.fundaciobarcelonaolimpica.es\/ca\/#\/schema\/logo\/image\/","url":"https:\/\/www.fundaciobarcelonaolimpica.es\/wp-content\/uploads\/sites\/3\/2019\/02\/logo-fundacio.svg","contentUrl":"https:\/\/www.fundaciobarcelonaolimpica.es\/wp-content\/uploads\/sites\/3\/2019\/02\/logo-fundacio.svg","caption":"Fundaci\u00f3 Barcelona Ol\u00edmpica"},"image":{"@id":"https:\/\/www.fundaciobarcelonaolimpica.es\/ca\/#\/schema\/logo\/image\/"}},{"@type":"Person","@id":"https:\/\/www.fundaciobarcelonaolimpica.es\/ca\/#\/schema\/person\/b792834a53f193977df425a499287aa9","name":"Ibone","url":"https:\/\/www.fundaciobarcelonaolimpica.es\/ca\/author\/fbolimpica\/"}]}},"_links":{"self":[{"href":"https:\/\/www.fundaciobarcelonaolimpica.es\/ca\/wp-json\/wp\/v2\/posts\/24419"}],"collection":[{"href":"https:\/\/www.fundaciobarcelonaolimpica.es\/ca\/wp-json\/wp\/v2\/posts"}],"about":[{"href":"https:\/\/www.fundaciobarcelonaolimpica.es\/ca\/wp-json\/wp\/v2\/types\/post"}],"author":[{"embeddable":true,"href":"https:\/\/www.fundaciobarcelonaolimpica.es\/ca\/wp-json\/wp\/v2\/users\/11"}],"replies":[{"embeddable":true,"href":"https:\/\/www.fundaciobarcelonaolimpica.es\/ca\/wp-json\/wp\/v2\/comments?post=24419"}],"version-history":[{"count":0,"href":"https:\/\/www.fundaciobarcelonaolimpica.es\/ca\/wp-json\/wp\/v2\/posts\/24419\/revisions"}],"wp:featuredmedia":[{"embeddable":true,"href":"https:\/\/www.fundaciobarcelonaolimpica.es\/ca\/wp-json\/wp\/v2\/media\/24404"}],"wp:attachment":[{"href":"https:\/\/www.fundaciobarcelonaolimpica.es\/ca\/wp-json\/wp\/v2\/media?parent=24419"}],"wp:term":[{"taxonomy":"category","embeddable":true,"href":"https:\/\/www.fundaciobarcelonaolimpica.es\/ca\/wp-json\/wp\/v2\/categories?post=24419"},{"taxonomy":"post_tag","embeddable":true,"href":"https:\/\/www.fundaciobarcelonaolimpica.es\/ca\/wp-json\/wp\/v2\/tags?post=24419"}],"curies":[{"name":"wp","href":"https:\/\/api.w.org\/{rel}","templated":true}]}}