{"id":25096,"date":"2022-04-06T17:31:29","date_gmt":"2022-04-06T15:31:29","guid":{"rendered":"https:\/\/www.fundaciobarcelonaolimpica.es\/julio-pernas-membre-del-patronat-de-la-fundacio-barcelona-olimpica-nomenat-membre-de-la-comissio-per-a-la-reial-academia-olimpica-espanyola-%e2%80%a8%e2%80%a8\/"},"modified":"2022-04-06T17:31:29","modified_gmt":"2022-04-06T15:31:29","slug":"julio-pernas-membre-del-patronat-de-la-fundacio-barcelona-olimpica-nomenat-membre-de-la-comissio-per-a-la-reial-academia-olimpica-espanyola-%e2%80%a8%e2%80%a8","status":"publish","type":"post","link":"https:\/\/www.fundaciobarcelonaolimpica.es\/ca\/julio-pernas-membre-del-patronat-de-la-fundacio-barcelona-olimpica-nomenat-membre-de-la-comissio-per-a-la-reial-academia-olimpica-espanyola-%e2%80%a8%e2%80%a8\/","title":{"rendered":"Julio Pernas, membre del patronat de la Fundaci\u00f3 Barcelona Ol\u00edmpica, nomenat membre de la Comissi\u00f3 per a la Reial Acad\u00e8mia Ol\u00edmpica Espanyola.\u2028\u2028"},"content":{"rendered":"<p>La Reial Acad\u00e8mia Ol\u00edmpica Espanyola es crea en 1968, sota el paraigua del Comit\u00e8 Ol\u00edmpic Espanyol, seguint els passos del Comit\u00e8 Internacional Ol\u00edmpic, que en 1961 va crear l&#8217;Acad\u00e8mia Ol\u00edmpica Internacional.\u2028\u2028<\/p>\n<p>Les Acad\u00e8mies Ol\u00edmpiques tenen com a objectiu difondre els valors i ideals de l&#8217;Olimpisme i de l&#8217;educaci\u00f3 ol\u00edmpica. \u2028\u2028<\/p>\n<p>En l&#8217;actualitat, la Reial Acad\u00e8mia Ol\u00edmpica Espanyola est\u00e0 presidida per Ra\u00fal Chapado, president de la Reial Federaci\u00f3 Espanyola d&#8217;Atletisme. \u2028<\/p>\n<p>Julio Pernas, \u00e9s llicenciat en Filosofia i Lletres (Hist\u00f2ria de l&#8217;Art) per la Universitat de Barcelona. La seva traject\u00f2ria professional es va iniciar en l&#8217;\u00e0rea de Joventut i Esports de l&#8217;Ajuntament de Barcelona a la fi de 1981. Durant m\u00e9s de 25 anys ha ocupat diversos c\u00e0rrecs directius \u2013cap de servei, cap d&#8217;Unitat i director-, per\u00f2 sempre assumint la responsabilitat i coordinaci\u00f3 del departament d&#8217;actes esportius i les campanyes de promoci\u00f3 esportiva. Des del 2009 fins al 2020 va ser director de la Fundaci\u00f3 Barcelona Ol\u00edmpica. Despr\u00e9s de la retirada de la seva carrera professional, en 2021 va ser nomenat membre del patronat de la Fundaci\u00f3 Barcelona Ol\u00edmpica.\u2028\u00c9s membre del Comit\u00e8 Ol\u00edmpic Espanyol des del 1988, on ha ocupat diversos c\u00e0rrecs, sent l&#8217;actualitat president de la Comissi\u00f3 d&#8217;Esport i Medi Ambient i membre de la Comissi\u00f3 per a l&#8217;Acad\u00e8mia Ol\u00edmpica Espanyola.<\/p>\n","protected":false},"excerpt":{"rendered":"<p>La Reial Acad\u00e8mia Ol\u00edmpica Espanyola es crea en 1968, sota el paraigua del Comit\u00e8 Ol\u00edmpic Espanyol, seguint els passos del Comit\u00e8 Internacional Ol\u00edmpic, que en 1961 va crear l&#8217;Acad\u00e8mia Ol\u00edmpica Internacional.\u2028\u2028 Les Acad\u00e8mies Ol\u00edmpiques tenen com a objectiu difondre els valors i ideals de l&#8217;Olimpisme i de l&#8217;educaci\u00f3 ol\u00edmpica. \u2028\u2028 En l&#8217;actualitat, la Reial Acad\u00e8mia [&hellip;]<\/p>\n","protected":false},"author":11,"featured_media":25093,"comment_status":"closed","ping_status":"closed","sticky":false,"template":"","format":"standard","meta":{"_acf_changed":false,"footnotes":""},"categories":[2],"tags":[],"class_list":["post-25096","post","type-post","status-publish","format-standard","has-post-thumbnail","hentry","category-sense-categoria"],"acf":[],"yoast_head":"<!-- This site is optimized with the Yoast SEO plugin v23.7 - https:\/\/yoast.com\/wordpress\/plugins\/seo\/ -->\n<title>Julio Pernas, membre del patronat de la Fundaci\u00f3 Barcelona Ol\u00edmpica, nomenat membre de la Comissi\u00f3 per a la Reial Acad\u00e8mia Ol\u00edmpica Espanyola.\u2028\u2028 - Fundaci\u00f3 Barcelona Ol\u00edmpica<\/title>\n<meta name=\"robots\" content=\"index, follow, max-snippet:-1, max-image-preview:large, max-video-preview:-1\" \/>\n<link rel=\"canonical\" href=\"https:\/\/www.fundaciobarcelonaolimpica.es\/ca\/julio-pernas-membre-del-patronat-de-la-fundacio-barcelona-olimpica-nomenat-membre-de-la-comissio-per-a-la-reial-academia-olimpica-espanyola-\u2028\u2028\/\" \/>\n<meta property=\"og:locale\" content=\"ca_ES\" \/>\n<meta property=\"og:type\" content=\"article\" \/>\n<meta property=\"og:title\" content=\"Julio Pernas, membre del patronat de la Fundaci\u00f3 Barcelona Ol\u00edmpica, nomenat membre de la Comissi\u00f3 per a la Reial Acad\u00e8mia Ol\u00edmpica Espanyola.\u2028\u2028 - Fundaci\u00f3 Barcelona Ol\u00edmpica\" \/>\n<meta property=\"og:description\" content=\"La Reial Acad\u00e8mia Ol\u00edmpica Espanyola es crea en 1968, sota el paraigua del Comit\u00e8 Ol\u00edmpic Espanyol, seguint els passos del Comit\u00e8 Internacional Ol\u00edmpic, que en 1961 va crear l&#8217;Acad\u00e8mia Ol\u00edmpica Internacional.\u2028\u2028 Les Acad\u00e8mies Ol\u00edmpiques tenen com a objectiu difondre els valors i ideals de l&#8217;Olimpisme i de l&#8217;educaci\u00f3 ol\u00edmpica. \u2028\u2028 En l&#8217;actualitat, la Reial Acad\u00e8mia [&hellip;]\" \/>\n<meta property=\"og:url\" content=\"https:\/\/www.fundaciobarcelonaolimpica.es\/ca\/julio-pernas-membre-del-patronat-de-la-fundacio-barcelona-olimpica-nomenat-membre-de-la-comissio-per-a-la-reial-academia-olimpica-espanyola-\u2028\u2028\/\" \/>\n<meta property=\"og:site_name\" content=\"Fundaci\u00f3 Barcelona Ol\u00edmpica\" \/>\n<meta property=\"article:published_time\" content=\"2022-04-06T15:31:29+00:00\" \/>\n<meta property=\"og:image\" content=\"https:\/\/www.fundaciobarcelonaolimpica.es\/wp-content\/uploads\/sites\/3\/2022\/04\/09-2017-JULI_PERNAS_OK-scaled.jpeg\" \/>\n\t<meta property=\"og:image:width\" content=\"2560\" \/>\n\t<meta property=\"og:image:height\" content=\"1871\" \/>\n\t<meta property=\"og:image:type\" content=\"image\/jpeg\" \/>\n<meta name=\"author\" content=\"Ibone\" \/>\n<meta name=\"twitter:card\" content=\"summary_large_image\" \/>\n<meta name=\"twitter:label1\" content=\"Escrit per\" \/>\n\t<meta name=\"twitter:data1\" content=\"Ibone\" \/>\n\t<meta name=\"twitter:label2\" content=\"Temps estimat de lectura\" \/>\n\t<meta name=\"twitter:data2\" content=\"1 minut\" \/>\n<script type=\"application\/ld+json\" class=\"yoast-schema-graph\">{\"@context\":\"https:\/\/schema.org\",\"@graph\":[{\"@type\":\"Article\",\"@id\":\"https:\/\/www.fundaciobarcelonaolimpica.es\/ca\/julio-pernas-membre-del-patronat-de-la-fundacio-barcelona-olimpica-nomenat-membre-de-la-comissio-per-a-la-reial-academia-olimpica-espanyola-%e2%80%a8%e2%80%a8\/#article\",\"isPartOf\":{\"@id\":\"https:\/\/www.fundaciobarcelonaolimpica.es\/ca\/julio-pernas-membre-del-patronat-de-la-fundacio-barcelona-olimpica-nomenat-membre-de-la-comissio-per-a-la-reial-academia-olimpica-espanyola-%e2%80%a8%e2%80%a8\/\"},\"author\":{\"name\":\"Ibone\",\"@id\":\"https:\/\/www.fundaciobarcelonaolimpica.es\/ca\/#\/schema\/person\/b792834a53f193977df425a499287aa9\"},\"headline\":\"Julio Pernas, membre del patronat de la Fundaci\u00f3 Barcelona Ol\u00edmpica, nomenat membre de la Comissi\u00f3 per a la Reial Acad\u00e8mia Ol\u00edmpica Espanyola.\\u2028\\u2028\",\"datePublished\":\"2022-04-06T15:31:29+00:00\",\"dateModified\":\"2022-04-06T15:31:29+00:00\",\"mainEntityOfPage\":{\"@id\":\"https:\/\/www.fundaciobarcelonaolimpica.es\/ca\/julio-pernas-membre-del-patronat-de-la-fundacio-barcelona-olimpica-nomenat-membre-de-la-comissio-per-a-la-reial-academia-olimpica-espanyola-%e2%80%a8%e2%80%a8\/\"},\"wordCount\":251,\"publisher\":{\"@id\":\"https:\/\/www.fundaciobarcelonaolimpica.es\/ca\/#organization\"},\"image\":{\"@id\":\"https:\/\/www.fundaciobarcelonaolimpica.es\/ca\/julio-pernas-membre-del-patronat-de-la-fundacio-barcelona-olimpica-nomenat-membre-de-la-comissio-per-a-la-reial-academia-olimpica-espanyola-%e2%80%a8%e2%80%a8\/#primaryimage\"},\"thumbnailUrl\":\"https:\/\/www.fundaciobarcelonaolimpica.es\/wp-content\/uploads\/sites\/3\/2022\/04\/09-2017-JULI_PERNAS_OK-scaled.jpeg\",\"inLanguage\":\"ca\"},{\"@type\":\"WebPage\",\"@id\":\"https:\/\/www.fundaciobarcelonaolimpica.es\/ca\/julio-pernas-membre-del-patronat-de-la-fundacio-barcelona-olimpica-nomenat-membre-de-la-comissio-per-a-la-reial-academia-olimpica-espanyola-%e2%80%a8%e2%80%a8\/\",\"url\":\"https:\/\/www.fundaciobarcelonaolimpica.es\/ca\/julio-pernas-membre-del-patronat-de-la-fundacio-barcelona-olimpica-nomenat-membre-de-la-comissio-per-a-la-reial-academia-olimpica-espanyola-%e2%80%a8%e2%80%a8\/\",\"name\":\"Julio Pernas, membre del patronat de la Fundaci\u00f3 Barcelona Ol\u00edmpica, nomenat membre de la Comissi\u00f3 per a la Reial Acad\u00e8mia Ol\u00edmpica Espanyola.\\u2028\\u2028 - Fundaci\u00f3 Barcelona Ol\u00edmpica\",\"isPartOf\":{\"@id\":\"https:\/\/www.fundaciobarcelonaolimpica.es\/ca\/#website\"},\"primaryImageOfPage\":{\"@id\":\"https:\/\/www.fundaciobarcelonaolimpica.es\/ca\/julio-pernas-membre-del-patronat-de-la-fundacio-barcelona-olimpica-nomenat-membre-de-la-comissio-per-a-la-reial-academia-olimpica-espanyola-%e2%80%a8%e2%80%a8\/#primaryimage\"},\"image\":{\"@id\":\"https:\/\/www.fundaciobarcelonaolimpica.es\/ca\/julio-pernas-membre-del-patronat-de-la-fundacio-barcelona-olimpica-nomenat-membre-de-la-comissio-per-a-la-reial-academia-olimpica-espanyola-%e2%80%a8%e2%80%a8\/#primaryimage\"},\"thumbnailUrl\":\"https:\/\/www.fundaciobarcelonaolimpica.es\/wp-content\/uploads\/sites\/3\/2022\/04\/09-2017-JULI_PERNAS_OK-scaled.jpeg\",\"datePublished\":\"2022-04-06T15:31:29+00:00\",\"dateModified\":\"2022-04-06T15:31:29+00:00\",\"breadcrumb\":{\"@id\":\"https:\/\/www.fundaciobarcelonaolimpica.es\/ca\/julio-pernas-membre-del-patronat-de-la-fundacio-barcelona-olimpica-nomenat-membre-de-la-comissio-per-a-la-reial-academia-olimpica-espanyola-%e2%80%a8%e2%80%a8\/#breadcrumb\"},\"inLanguage\":\"ca\",\"potentialAction\":[{\"@type\":\"ReadAction\",\"target\":[\"https:\/\/www.fundaciobarcelonaolimpica.es\/ca\/julio-pernas-membre-del-patronat-de-la-fundacio-barcelona-olimpica-nomenat-membre-de-la-comissio-per-a-la-reial-academia-olimpica-espanyola-%e2%80%a8%e2%80%a8\/\"]}]},{\"@type\":\"ImageObject\",\"inLanguage\":\"ca\",\"@id\":\"https:\/\/www.fundaciobarcelonaolimpica.es\/ca\/julio-pernas-membre-del-patronat-de-la-fundacio-barcelona-olimpica-nomenat-membre-de-la-comissio-per-a-la-reial-academia-olimpica-espanyola-%e2%80%a8%e2%80%a8\/#primaryimage\",\"url\":\"https:\/\/www.fundaciobarcelonaolimpica.es\/wp-content\/uploads\/sites\/3\/2022\/04\/09-2017-JULI_PERNAS_OK-scaled.jpeg\",\"contentUrl\":\"https:\/\/www.fundaciobarcelonaolimpica.es\/wp-content\/uploads\/sites\/3\/2022\/04\/09-2017-JULI_PERNAS_OK-scaled.jpeg\",\"width\":2560,\"height\":1871},{\"@type\":\"BreadcrumbList\",\"@id\":\"https:\/\/www.fundaciobarcelonaolimpica.es\/ca\/julio-pernas-membre-del-patronat-de-la-fundacio-barcelona-olimpica-nomenat-membre-de-la-comissio-per-a-la-reial-academia-olimpica-espanyola-%e2%80%a8%e2%80%a8\/#breadcrumb\",\"itemListElement\":[{\"@type\":\"ListItem\",\"position\":1,\"name\":\"FBO\",\"item\":\"https:\/\/www.fundaciobarcelonaolimpica.es\/es\/\"},{\"@type\":\"ListItem\",\"position\":2,\"name\":\"Julio Pernas, membre del patronat de la Fundaci\u00f3 Barcelona Ol\u00edmpica, nomenat membre de la Comissi\u00f3 per a la Reial Acad\u00e8mia Ol\u00edmpica Espanyola.\\u2028\\u2028\"}]},{\"@type\":\"WebSite\",\"@id\":\"https:\/\/www.fundaciobarcelonaolimpica.es\/ca\/#website\",\"url\":\"https:\/\/www.fundaciobarcelonaolimpica.es\/ca\/\",\"name\":\"Fundaci\u00f3 Barcelona Ol\u00edmpica\",\"description\":\"Web del Museu Ol\u00edmpic i de l&#039;Esport\",\"publisher\":{\"@id\":\"https:\/\/www.fundaciobarcelonaolimpica.es\/ca\/#organization\"},\"potentialAction\":[{\"@type\":\"SearchAction\",\"target\":{\"@type\":\"EntryPoint\",\"urlTemplate\":\"https:\/\/www.fundaciobarcelonaolimpica.es\/ca\/?s={search_term_string}\"},\"query-input\":{\"@type\":\"PropertyValueSpecification\",\"valueRequired\":true,\"valueName\":\"search_term_string\"}}],\"inLanguage\":\"ca\"},{\"@type\":\"Organization\",\"@id\":\"https:\/\/www.fundaciobarcelonaolimpica.es\/ca\/#organization\",\"name\":\"Fundaci\u00f3 Barcelona Ol\u00edmpica\",\"url\":\"https:\/\/www.fundaciobarcelonaolimpica.es\/ca\/\",\"logo\":{\"@type\":\"ImageObject\",\"inLanguage\":\"ca\",\"@id\":\"https:\/\/www.fundaciobarcelonaolimpica.es\/ca\/#\/schema\/logo\/image\/\",\"url\":\"https:\/\/www.fundaciobarcelonaolimpica.es\/wp-content\/uploads\/sites\/3\/2019\/02\/logo-fundacio.svg\",\"contentUrl\":\"https:\/\/www.fundaciobarcelonaolimpica.es\/wp-content\/uploads\/sites\/3\/2019\/02\/logo-fundacio.svg\",\"caption\":\"Fundaci\u00f3 Barcelona Ol\u00edmpica\"},\"image\":{\"@id\":\"https:\/\/www.fundaciobarcelonaolimpica.es\/ca\/#\/schema\/logo\/image\/\"}},{\"@type\":\"Person\",\"@id\":\"https:\/\/www.fundaciobarcelonaolimpica.es\/ca\/#\/schema\/person\/b792834a53f193977df425a499287aa9\",\"name\":\"Ibone\",\"url\":\"https:\/\/www.fundaciobarcelonaolimpica.es\/ca\/author\/fbolimpica\/\"}]}<\/script>\n<!-- \/ Yoast SEO plugin. -->","yoast_head_json":{"title":"Julio Pernas, membre del patronat de la Fundaci\u00f3 Barcelona Ol\u00edmpica, nomenat membre de la Comissi\u00f3 per a la Reial Acad\u00e8mia Ol\u00edmpica Espanyola.\u2028\u2028 - Fundaci\u00f3 Barcelona Ol\u00edmpica","robots":{"index":"index","follow":"follow","max-snippet":"max-snippet:-1","max-image-preview":"max-image-preview:large","max-video-preview":"max-video-preview:-1"},"canonical":"https:\/\/www.fundaciobarcelonaolimpica.es\/ca\/julio-pernas-membre-del-patronat-de-la-fundacio-barcelona-olimpica-nomenat-membre-de-la-comissio-per-a-la-reial-academia-olimpica-espanyola-\u2028\u2028\/","og_locale":"ca_ES","og_type":"article","og_title":"Julio Pernas, membre del patronat de la Fundaci\u00f3 Barcelona Ol\u00edmpica, nomenat membre de la Comissi\u00f3 per a la Reial Acad\u00e8mia Ol\u00edmpica Espanyola.\u2028\u2028 - Fundaci\u00f3 Barcelona Ol\u00edmpica","og_description":"La Reial Acad\u00e8mia Ol\u00edmpica Espanyola es crea en 1968, sota el paraigua del Comit\u00e8 Ol\u00edmpic Espanyol, seguint els passos del Comit\u00e8 Internacional Ol\u00edmpic, que en 1961 va crear l&#8217;Acad\u00e8mia Ol\u00edmpica Internacional.\u2028\u2028 Les Acad\u00e8mies Ol\u00edmpiques tenen com a objectiu difondre els valors i ideals de l&#8217;Olimpisme i de l&#8217;educaci\u00f3 ol\u00edmpica. \u2028\u2028 En l&#8217;actualitat, la Reial Acad\u00e8mia [&hellip;]","og_url":"https:\/\/www.fundaciobarcelonaolimpica.es\/ca\/julio-pernas-membre-del-patronat-de-la-fundacio-barcelona-olimpica-nomenat-membre-de-la-comissio-per-a-la-reial-academia-olimpica-espanyola-\u2028\u2028\/","og_site_name":"Fundaci\u00f3 Barcelona Ol\u00edmpica","article_published_time":"2022-04-06T15:31:29+00:00","og_image":[{"width":2560,"height":1871,"url":"https:\/\/www.fundaciobarcelonaolimpica.es\/wp-content\/uploads\/sites\/3\/2022\/04\/09-2017-JULI_PERNAS_OK-scaled.jpeg","type":"image\/jpeg"}],"author":"Ibone","twitter_card":"summary_large_image","twitter_misc":{"Escrit per":"Ibone","Temps estimat de lectura":"1 minut"},"schema":{"@context":"https:\/\/schema.org","@graph":[{"@type":"Article","@id":"https:\/\/www.fundaciobarcelonaolimpica.es\/ca\/julio-pernas-membre-del-patronat-de-la-fundacio-barcelona-olimpica-nomenat-membre-de-la-comissio-per-a-la-reial-academia-olimpica-espanyola-%e2%80%a8%e2%80%a8\/#article","isPartOf":{"@id":"https:\/\/www.fundaciobarcelonaolimpica.es\/ca\/julio-pernas-membre-del-patronat-de-la-fundacio-barcelona-olimpica-nomenat-membre-de-la-comissio-per-a-la-reial-academia-olimpica-espanyola-%e2%80%a8%e2%80%a8\/"},"author":{"name":"Ibone","@id":"https:\/\/www.fundaciobarcelonaolimpica.es\/ca\/#\/schema\/person\/b792834a53f193977df425a499287aa9"},"headline":"Julio Pernas, membre del patronat de la Fundaci\u00f3 Barcelona Ol\u00edmpica, nomenat membre de la Comissi\u00f3 per a la Reial Acad\u00e8mia Ol\u00edmpica Espanyola.\u2028\u2028","datePublished":"2022-04-06T15:31:29+00:00","dateModified":"2022-04-06T15:31:29+00:00","mainEntityOfPage":{"@id":"https:\/\/www.fundaciobarcelonaolimpica.es\/ca\/julio-pernas-membre-del-patronat-de-la-fundacio-barcelona-olimpica-nomenat-membre-de-la-comissio-per-a-la-reial-academia-olimpica-espanyola-%e2%80%a8%e2%80%a8\/"},"wordCount":251,"publisher":{"@id":"https:\/\/www.fundaciobarcelonaolimpica.es\/ca\/#organization"},"image":{"@id":"https:\/\/www.fundaciobarcelonaolimpica.es\/ca\/julio-pernas-membre-del-patronat-de-la-fundacio-barcelona-olimpica-nomenat-membre-de-la-comissio-per-a-la-reial-academia-olimpica-espanyola-%e2%80%a8%e2%80%a8\/#primaryimage"},"thumbnailUrl":"https:\/\/www.fundaciobarcelonaolimpica.es\/wp-content\/uploads\/sites\/3\/2022\/04\/09-2017-JULI_PERNAS_OK-scaled.jpeg","inLanguage":"ca"},{"@type":"WebPage","@id":"https:\/\/www.fundaciobarcelonaolimpica.es\/ca\/julio-pernas-membre-del-patronat-de-la-fundacio-barcelona-olimpica-nomenat-membre-de-la-comissio-per-a-la-reial-academia-olimpica-espanyola-%e2%80%a8%e2%80%a8\/","url":"https:\/\/www.fundaciobarcelonaolimpica.es\/ca\/julio-pernas-membre-del-patronat-de-la-fundacio-barcelona-olimpica-nomenat-membre-de-la-comissio-per-a-la-reial-academia-olimpica-espanyola-%e2%80%a8%e2%80%a8\/","name":"Julio Pernas, membre del patronat de la Fundaci\u00f3 Barcelona Ol\u00edmpica, nomenat membre de la Comissi\u00f3 per a la Reial Acad\u00e8mia Ol\u00edmpica Espanyola.\u2028\u2028 - Fundaci\u00f3 Barcelona Ol\u00edmpica","isPartOf":{"@id":"https:\/\/www.fundaciobarcelonaolimpica.es\/ca\/#website"},"primaryImageOfPage":{"@id":"https:\/\/www.fundaciobarcelonaolimpica.es\/ca\/julio-pernas-membre-del-patronat-de-la-fundacio-barcelona-olimpica-nomenat-membre-de-la-comissio-per-a-la-reial-academia-olimpica-espanyola-%e2%80%a8%e2%80%a8\/#primaryimage"},"image":{"@id":"https:\/\/www.fundaciobarcelonaolimpica.es\/ca\/julio-pernas-membre-del-patronat-de-la-fundacio-barcelona-olimpica-nomenat-membre-de-la-comissio-per-a-la-reial-academia-olimpica-espanyola-%e2%80%a8%e2%80%a8\/#primaryimage"},"thumbnailUrl":"https:\/\/www.fundaciobarcelonaolimpica.es\/wp-content\/uploads\/sites\/3\/2022\/04\/09-2017-JULI_PERNAS_OK-scaled.jpeg","datePublished":"2022-04-06T15:31:29+00:00","dateModified":"2022-04-06T15:31:29+00:00","breadcrumb":{"@id":"https:\/\/www.fundaciobarcelonaolimpica.es\/ca\/julio-pernas-membre-del-patronat-de-la-fundacio-barcelona-olimpica-nomenat-membre-de-la-comissio-per-a-la-reial-academia-olimpica-espanyola-%e2%80%a8%e2%80%a8\/#breadcrumb"},"inLanguage":"ca","potentialAction":[{"@type":"ReadAction","target":["https:\/\/www.fundaciobarcelonaolimpica.es\/ca\/julio-pernas-membre-del-patronat-de-la-fundacio-barcelona-olimpica-nomenat-membre-de-la-comissio-per-a-la-reial-academia-olimpica-espanyola-%e2%80%a8%e2%80%a8\/"]}]},{"@type":"ImageObject","inLanguage":"ca","@id":"https:\/\/www.fundaciobarcelonaolimpica.es\/ca\/julio-pernas-membre-del-patronat-de-la-fundacio-barcelona-olimpica-nomenat-membre-de-la-comissio-per-a-la-reial-academia-olimpica-espanyola-%e2%80%a8%e2%80%a8\/#primaryimage","url":"https:\/\/www.fundaciobarcelonaolimpica.es\/wp-content\/uploads\/sites\/3\/2022\/04\/09-2017-JULI_PERNAS_OK-scaled.jpeg","contentUrl":"https:\/\/www.fundaciobarcelonaolimpica.es\/wp-content\/uploads\/sites\/3\/2022\/04\/09-2017-JULI_PERNAS_OK-scaled.jpeg","width":2560,"height":1871},{"@type":"BreadcrumbList","@id":"https:\/\/www.fundaciobarcelonaolimpica.es\/ca\/julio-pernas-membre-del-patronat-de-la-fundacio-barcelona-olimpica-nomenat-membre-de-la-comissio-per-a-la-reial-academia-olimpica-espanyola-%e2%80%a8%e2%80%a8\/#breadcrumb","itemListElement":[{"@type":"ListItem","position":1,"name":"FBO","item":"https:\/\/www.fundaciobarcelonaolimpica.es\/es\/"},{"@type":"ListItem","position":2,"name":"Julio Pernas, membre del patronat de la Fundaci\u00f3 Barcelona Ol\u00edmpica, nomenat membre de la Comissi\u00f3 per a la Reial Acad\u00e8mia Ol\u00edmpica Espanyola.\u2028\u2028"}]},{"@type":"WebSite","@id":"https:\/\/www.fundaciobarcelonaolimpica.es\/ca\/#website","url":"https:\/\/www.fundaciobarcelonaolimpica.es\/ca\/","name":"Fundaci\u00f3 Barcelona Ol\u00edmpica","description":"Web del Museu Ol\u00edmpic i de l&#039;Esport","publisher":{"@id":"https:\/\/www.fundaciobarcelonaolimpica.es\/ca\/#organization"},"potentialAction":[{"@type":"SearchAction","target":{"@type":"EntryPoint","urlTemplate":"https:\/\/www.fundaciobarcelonaolimpica.es\/ca\/?s={search_term_string}"},"query-input":{"@type":"PropertyValueSpecification","valueRequired":true,"valueName":"search_term_string"}}],"inLanguage":"ca"},{"@type":"Organization","@id":"https:\/\/www.fundaciobarcelonaolimpica.es\/ca\/#organization","name":"Fundaci\u00f3 Barcelona Ol\u00edmpica","url":"https:\/\/www.fundaciobarcelonaolimpica.es\/ca\/","logo":{"@type":"ImageObject","inLanguage":"ca","@id":"https:\/\/www.fundaciobarcelonaolimpica.es\/ca\/#\/schema\/logo\/image\/","url":"https:\/\/www.fundaciobarcelonaolimpica.es\/wp-content\/uploads\/sites\/3\/2019\/02\/logo-fundacio.svg","contentUrl":"https:\/\/www.fundaciobarcelonaolimpica.es\/wp-content\/uploads\/sites\/3\/2019\/02\/logo-fundacio.svg","caption":"Fundaci\u00f3 Barcelona Ol\u00edmpica"},"image":{"@id":"https:\/\/www.fundaciobarcelonaolimpica.es\/ca\/#\/schema\/logo\/image\/"}},{"@type":"Person","@id":"https:\/\/www.fundaciobarcelonaolimpica.es\/ca\/#\/schema\/person\/b792834a53f193977df425a499287aa9","name":"Ibone","url":"https:\/\/www.fundaciobarcelonaolimpica.es\/ca\/author\/fbolimpica\/"}]}},"_links":{"self":[{"href":"https:\/\/www.fundaciobarcelonaolimpica.es\/ca\/wp-json\/wp\/v2\/posts\/25096"}],"collection":[{"href":"https:\/\/www.fundaciobarcelonaolimpica.es\/ca\/wp-json\/wp\/v2\/posts"}],"about":[{"href":"https:\/\/www.fundaciobarcelonaolimpica.es\/ca\/wp-json\/wp\/v2\/types\/post"}],"author":[{"embeddable":true,"href":"https:\/\/www.fundaciobarcelonaolimpica.es\/ca\/wp-json\/wp\/v2\/users\/11"}],"replies":[{"embeddable":true,"href":"https:\/\/www.fundaciobarcelonaolimpica.es\/ca\/wp-json\/wp\/v2\/comments?post=25096"}],"version-history":[{"count":0,"href":"https:\/\/www.fundaciobarcelonaolimpica.es\/ca\/wp-json\/wp\/v2\/posts\/25096\/revisions"}],"wp:featuredmedia":[{"embeddable":true,"href":"https:\/\/www.fundaciobarcelonaolimpica.es\/ca\/wp-json\/wp\/v2\/media\/25093"}],"wp:attachment":[{"href":"https:\/\/www.fundaciobarcelonaolimpica.es\/ca\/wp-json\/wp\/v2\/media?parent=25096"}],"wp:term":[{"taxonomy":"category","embeddable":true,"href":"https:\/\/www.fundaciobarcelonaolimpica.es\/ca\/wp-json\/wp\/v2\/categories?post=25096"},{"taxonomy":"post_tag","embeddable":true,"href":"https:\/\/www.fundaciobarcelonaolimpica.es\/ca\/wp-json\/wp\/v2\/tags?post=25096"}],"curies":[{"name":"wp","href":"https:\/\/api.w.org\/{rel}","templated":true}]}}