{"id":26127,"date":"2022-10-03T11:00:30","date_gmt":"2022-10-03T09:00:30","guid":{"rendered":"https:\/\/www.fundaciobarcelonaolimpica.es\/ja-tenim-els-finalistes-per-a-la-xi-edicio-del-premi-internacional-fundacio-barcelona-olimpica-art-sobre-paper\/"},"modified":"2022-10-03T11:00:50","modified_gmt":"2022-10-03T09:00:50","slug":"ja-tenim-els-finalistes-per-a-la-xi-edicio-del-premi-internacional-fundacio-barcelona-olimpica-art-sobre-paper","status":"publish","type":"post","link":"https:\/\/www.fundaciobarcelonaolimpica.es\/ca\/ja-tenim-els-finalistes-per-a-la-xi-edicio-del-premi-internacional-fundacio-barcelona-olimpica-art-sobre-paper\/","title":{"rendered":"Ja tenim els finalistes per a la XI Edici\u00f3 del Premi Internacional Fundaci\u00f3 Barcelona Ol\u00edmpica &#8211; Art Sobre Paper"},"content":{"rendered":"<p>Reunit el jurat format per:<\/p>\n<ul>\n<li>Rom\u00e0 Arranz, professor de l\u2019Escola Massana, Centre d\u2019Art i Disseny.\u2028<\/li>\n<li>Raquel Medina, cr\u00edtica d\u2019art membre d\u2019ACCA-AICA.\u2028<\/li>\n<li>Ver\u00f3nica Trillo, membre de la Federaci\u00f3 Espanyola de Patinatge.\u2028<\/li>\n<li>V\u00e0ngelis Villar, membre de la Fundaci\u00f3 Barcelona Ol\u00edmpica.\u2028<\/li>\n<li>Francesc Terr\u00f3n, director de la Fundaci\u00f3 Barcelona Ol\u00edmpica i del Museu Ol\u00edmpic i de l\u2019Esport.<\/li>\n<\/ul>\n<p>Se han seleccionado 12 obras finalistas de las 43 recibidas procedentes de 7 nacionalidades diferentes.<\/p>\n<p>Una vez recibidas las obras f\u00edsicamente el jurado se reunir\u00e1 de nuevo para determinar las ganadoras.<\/p>\n<p>En la convocatoria del premio especial Arte sobre Skate, con 1000\u20ac en premios, se han recibido 6 skates y se han seleccionado 4. Tambi\u00e9n estar\u00e1n expuestos en la exposici\u00f3n temporal que se llevar\u00e1 a cabo el primer trimestre de 2023, en el Museu Ol\u00edmpic i de l\u2019Esport JA Samaranch.<\/p>\n","protected":false},"excerpt":{"rendered":"<p>Reunit el jurat format per: Rom\u00e0 Arranz, professor de l\u2019Escola Massana, Centre d\u2019Art i Disseny.\u2028 Raquel Medina, cr\u00edtica d\u2019art membre d\u2019ACCA-AICA.\u2028 Ver\u00f3nica Trillo, membre de la Federaci\u00f3 Espanyola de Patinatge.\u2028 V\u00e0ngelis Villar, membre de la Fundaci\u00f3 Barcelona Ol\u00edmpica.\u2028 Francesc Terr\u00f3n, director de la Fundaci\u00f3 Barcelona Ol\u00edmpica i del Museu Ol\u00edmpic i de l\u2019Esport. Se han [&hellip;]<\/p>\n","protected":false},"author":11,"featured_media":26121,"comment_status":"closed","ping_status":"closed","sticky":false,"template":"","format":"standard","meta":{"_acf_changed":false,"footnotes":""},"categories":[2],"tags":[],"class_list":["post-26127","post","type-post","status-publish","format-standard","has-post-thumbnail","hentry","category-sense-categoria"],"acf":[],"yoast_head":"<!-- This site is optimized with the Yoast SEO plugin v23.7 - https:\/\/yoast.com\/wordpress\/plugins\/seo\/ -->\n<title>Ja tenim els finalistes per a la XI Edici\u00f3 del Premi Internacional Fundaci\u00f3 Barcelona Ol\u00edmpica - Art Sobre Paper - Fundaci\u00f3 Barcelona Ol\u00edmpica<\/title>\n<meta name=\"robots\" content=\"index, follow, max-snippet:-1, max-image-preview:large, max-video-preview:-1\" \/>\n<link rel=\"canonical\" href=\"https:\/\/www.fundaciobarcelonaolimpica.es\/ca\/ja-tenim-els-finalistes-per-a-la-xi-edicio-del-premi-internacional-fundacio-barcelona-olimpica-art-sobre-paper\/\" \/>\n<meta property=\"og:locale\" content=\"ca_ES\" \/>\n<meta property=\"og:type\" content=\"article\" \/>\n<meta property=\"og:title\" content=\"Ja tenim els finalistes per a la XI Edici\u00f3 del Premi Internacional Fundaci\u00f3 Barcelona Ol\u00edmpica - Art Sobre Paper - Fundaci\u00f3 Barcelona Ol\u00edmpica\" \/>\n<meta property=\"og:description\" content=\"Reunit el jurat format per: Rom\u00e0 Arranz, professor de l\u2019Escola Massana, Centre d\u2019Art i Disseny.\u2028 Raquel Medina, cr\u00edtica d\u2019art membre d\u2019ACCA-AICA.\u2028 Ver\u00f3nica Trillo, membre de la Federaci\u00f3 Espanyola de Patinatge.\u2028 V\u00e0ngelis Villar, membre de la Fundaci\u00f3 Barcelona Ol\u00edmpica.\u2028 Francesc Terr\u00f3n, director de la Fundaci\u00f3 Barcelona Ol\u00edmpica i del Museu Ol\u00edmpic i de l\u2019Esport. Se han [&hellip;]\" \/>\n<meta property=\"og:url\" content=\"https:\/\/www.fundaciobarcelonaolimpica.es\/ca\/ja-tenim-els-finalistes-per-a-la-xi-edicio-del-premi-internacional-fundacio-barcelona-olimpica-art-sobre-paper\/\" \/>\n<meta property=\"og:site_name\" content=\"Fundaci\u00f3 Barcelona Ol\u00edmpica\" \/>\n<meta property=\"article:published_time\" content=\"2022-10-03T09:00:30+00:00\" \/>\n<meta property=\"article:modified_time\" content=\"2022-10-03T09:00:50+00:00\" \/>\n<meta property=\"og:image\" content=\"https:\/\/www.fundaciobarcelonaolimpica.es\/wp-content\/uploads\/sites\/3\/2022\/10\/Art-sobre-papel-MusueOlimpicBCN_1.jpg\" \/>\n\t<meta property=\"og:image:width\" content=\"1910\" \/>\n\t<meta property=\"og:image:height\" content=\"923\" \/>\n\t<meta property=\"og:image:type\" content=\"image\/jpeg\" \/>\n<meta name=\"author\" content=\"Ibone\" \/>\n<meta name=\"twitter:card\" content=\"summary_large_image\" \/>\n<meta name=\"twitter:label1\" content=\"Escrit per\" \/>\n\t<meta name=\"twitter:data1\" content=\"Ibone\" \/>\n\t<meta name=\"twitter:label2\" content=\"Temps estimat de lectura\" \/>\n\t<meta name=\"twitter:data2\" content=\"1 minut\" \/>\n<script type=\"application\/ld+json\" class=\"yoast-schema-graph\">{\"@context\":\"https:\/\/schema.org\",\"@graph\":[{\"@type\":\"Article\",\"@id\":\"https:\/\/www.fundaciobarcelonaolimpica.es\/ca\/ja-tenim-els-finalistes-per-a-la-xi-edicio-del-premi-internacional-fundacio-barcelona-olimpica-art-sobre-paper\/#article\",\"isPartOf\":{\"@id\":\"https:\/\/www.fundaciobarcelonaolimpica.es\/ca\/ja-tenim-els-finalistes-per-a-la-xi-edicio-del-premi-internacional-fundacio-barcelona-olimpica-art-sobre-paper\/\"},\"author\":{\"name\":\"Ibone\",\"@id\":\"https:\/\/www.fundaciobarcelonaolimpica.es\/ca\/#\/schema\/person\/b792834a53f193977df425a499287aa9\"},\"headline\":\"Ja tenim els finalistes per a la XI Edici\u00f3 del Premi Internacional Fundaci\u00f3 Barcelona Ol\u00edmpica &#8211; Art Sobre Paper\",\"datePublished\":\"2022-10-03T09:00:30+00:00\",\"dateModified\":\"2022-10-03T09:00:50+00:00\",\"mainEntityOfPage\":{\"@id\":\"https:\/\/www.fundaciobarcelonaolimpica.es\/ca\/ja-tenim-els-finalistes-per-a-la-xi-edicio-del-premi-internacional-fundacio-barcelona-olimpica-art-sobre-paper\/\"},\"wordCount\":164,\"publisher\":{\"@id\":\"https:\/\/www.fundaciobarcelonaolimpica.es\/ca\/#organization\"},\"image\":{\"@id\":\"https:\/\/www.fundaciobarcelonaolimpica.es\/ca\/ja-tenim-els-finalistes-per-a-la-xi-edicio-del-premi-internacional-fundacio-barcelona-olimpica-art-sobre-paper\/#primaryimage\"},\"thumbnailUrl\":\"https:\/\/www.fundaciobarcelonaolimpica.es\/wp-content\/uploads\/sites\/3\/2022\/10\/Art-sobre-papel-MusueOlimpicBCN_1.jpg\",\"inLanguage\":\"ca\"},{\"@type\":\"WebPage\",\"@id\":\"https:\/\/www.fundaciobarcelonaolimpica.es\/ca\/ja-tenim-els-finalistes-per-a-la-xi-edicio-del-premi-internacional-fundacio-barcelona-olimpica-art-sobre-paper\/\",\"url\":\"https:\/\/www.fundaciobarcelonaolimpica.es\/ca\/ja-tenim-els-finalistes-per-a-la-xi-edicio-del-premi-internacional-fundacio-barcelona-olimpica-art-sobre-paper\/\",\"name\":\"Ja tenim els finalistes per a la XI Edici\u00f3 del Premi Internacional Fundaci\u00f3 Barcelona Ol\u00edmpica - Art Sobre Paper - Fundaci\u00f3 Barcelona Ol\u00edmpica\",\"isPartOf\":{\"@id\":\"https:\/\/www.fundaciobarcelonaolimpica.es\/ca\/#website\"},\"primaryImageOfPage\":{\"@id\":\"https:\/\/www.fundaciobarcelonaolimpica.es\/ca\/ja-tenim-els-finalistes-per-a-la-xi-edicio-del-premi-internacional-fundacio-barcelona-olimpica-art-sobre-paper\/#primaryimage\"},\"image\":{\"@id\":\"https:\/\/www.fundaciobarcelonaolimpica.es\/ca\/ja-tenim-els-finalistes-per-a-la-xi-edicio-del-premi-internacional-fundacio-barcelona-olimpica-art-sobre-paper\/#primaryimage\"},\"thumbnailUrl\":\"https:\/\/www.fundaciobarcelonaolimpica.es\/wp-content\/uploads\/sites\/3\/2022\/10\/Art-sobre-papel-MusueOlimpicBCN_1.jpg\",\"datePublished\":\"2022-10-03T09:00:30+00:00\",\"dateModified\":\"2022-10-03T09:00:50+00:00\",\"breadcrumb\":{\"@id\":\"https:\/\/www.fundaciobarcelonaolimpica.es\/ca\/ja-tenim-els-finalistes-per-a-la-xi-edicio-del-premi-internacional-fundacio-barcelona-olimpica-art-sobre-paper\/#breadcrumb\"},\"inLanguage\":\"ca\",\"potentialAction\":[{\"@type\":\"ReadAction\",\"target\":[\"https:\/\/www.fundaciobarcelonaolimpica.es\/ca\/ja-tenim-els-finalistes-per-a-la-xi-edicio-del-premi-internacional-fundacio-barcelona-olimpica-art-sobre-paper\/\"]}]},{\"@type\":\"ImageObject\",\"inLanguage\":\"ca\",\"@id\":\"https:\/\/www.fundaciobarcelonaolimpica.es\/ca\/ja-tenim-els-finalistes-per-a-la-xi-edicio-del-premi-internacional-fundacio-barcelona-olimpica-art-sobre-paper\/#primaryimage\",\"url\":\"https:\/\/www.fundaciobarcelonaolimpica.es\/wp-content\/uploads\/sites\/3\/2022\/10\/Art-sobre-papel-MusueOlimpicBCN_1.jpg\",\"contentUrl\":\"https:\/\/www.fundaciobarcelonaolimpica.es\/wp-content\/uploads\/sites\/3\/2022\/10\/Art-sobre-papel-MusueOlimpicBCN_1.jpg\",\"width\":1910,\"height\":923},{\"@type\":\"BreadcrumbList\",\"@id\":\"https:\/\/www.fundaciobarcelonaolimpica.es\/ca\/ja-tenim-els-finalistes-per-a-la-xi-edicio-del-premi-internacional-fundacio-barcelona-olimpica-art-sobre-paper\/#breadcrumb\",\"itemListElement\":[{\"@type\":\"ListItem\",\"position\":1,\"name\":\"FBO\",\"item\":\"https:\/\/www.fundaciobarcelonaolimpica.es\/es\/\"},{\"@type\":\"ListItem\",\"position\":2,\"name\":\"Ja tenim els finalistes per a la XI Edici\u00f3 del Premi Internacional Fundaci\u00f3 Barcelona Ol\u00edmpica &#8211; Art Sobre Paper\"}]},{\"@type\":\"WebSite\",\"@id\":\"https:\/\/www.fundaciobarcelonaolimpica.es\/ca\/#website\",\"url\":\"https:\/\/www.fundaciobarcelonaolimpica.es\/ca\/\",\"name\":\"Fundaci\u00f3 Barcelona Ol\u00edmpica\",\"description\":\"Web del Museu Ol\u00edmpic i de l&#039;Esport\",\"publisher\":{\"@id\":\"https:\/\/www.fundaciobarcelonaolimpica.es\/ca\/#organization\"},\"potentialAction\":[{\"@type\":\"SearchAction\",\"target\":{\"@type\":\"EntryPoint\",\"urlTemplate\":\"https:\/\/www.fundaciobarcelonaolimpica.es\/ca\/?s={search_term_string}\"},\"query-input\":{\"@type\":\"PropertyValueSpecification\",\"valueRequired\":true,\"valueName\":\"search_term_string\"}}],\"inLanguage\":\"ca\"},{\"@type\":\"Organization\",\"@id\":\"https:\/\/www.fundaciobarcelonaolimpica.es\/ca\/#organization\",\"name\":\"Fundaci\u00f3 Barcelona Ol\u00edmpica\",\"url\":\"https:\/\/www.fundaciobarcelonaolimpica.es\/ca\/\",\"logo\":{\"@type\":\"ImageObject\",\"inLanguage\":\"ca\",\"@id\":\"https:\/\/www.fundaciobarcelonaolimpica.es\/ca\/#\/schema\/logo\/image\/\",\"url\":\"https:\/\/www.fundaciobarcelonaolimpica.es\/wp-content\/uploads\/sites\/3\/2019\/02\/logo-fundacio.svg\",\"contentUrl\":\"https:\/\/www.fundaciobarcelonaolimpica.es\/wp-content\/uploads\/sites\/3\/2019\/02\/logo-fundacio.svg\",\"caption\":\"Fundaci\u00f3 Barcelona Ol\u00edmpica\"},\"image\":{\"@id\":\"https:\/\/www.fundaciobarcelonaolimpica.es\/ca\/#\/schema\/logo\/image\/\"}},{\"@type\":\"Person\",\"@id\":\"https:\/\/www.fundaciobarcelonaolimpica.es\/ca\/#\/schema\/person\/b792834a53f193977df425a499287aa9\",\"name\":\"Ibone\",\"url\":\"https:\/\/www.fundaciobarcelonaolimpica.es\/ca\/author\/fbolimpica\/\"}]}<\/script>\n<!-- \/ Yoast SEO plugin. -->","yoast_head_json":{"title":"Ja tenim els finalistes per a la XI Edici\u00f3 del Premi Internacional Fundaci\u00f3 Barcelona Ol\u00edmpica - Art Sobre Paper - Fundaci\u00f3 Barcelona Ol\u00edmpica","robots":{"index":"index","follow":"follow","max-snippet":"max-snippet:-1","max-image-preview":"max-image-preview:large","max-video-preview":"max-video-preview:-1"},"canonical":"https:\/\/www.fundaciobarcelonaolimpica.es\/ca\/ja-tenim-els-finalistes-per-a-la-xi-edicio-del-premi-internacional-fundacio-barcelona-olimpica-art-sobre-paper\/","og_locale":"ca_ES","og_type":"article","og_title":"Ja tenim els finalistes per a la XI Edici\u00f3 del Premi Internacional Fundaci\u00f3 Barcelona Ol\u00edmpica - Art Sobre Paper - Fundaci\u00f3 Barcelona Ol\u00edmpica","og_description":"Reunit el jurat format per: Rom\u00e0 Arranz, professor de l\u2019Escola Massana, Centre d\u2019Art i Disseny.\u2028 Raquel Medina, cr\u00edtica d\u2019art membre d\u2019ACCA-AICA.\u2028 Ver\u00f3nica Trillo, membre de la Federaci\u00f3 Espanyola de Patinatge.\u2028 V\u00e0ngelis Villar, membre de la Fundaci\u00f3 Barcelona Ol\u00edmpica.\u2028 Francesc Terr\u00f3n, director de la Fundaci\u00f3 Barcelona Ol\u00edmpica i del Museu Ol\u00edmpic i de l\u2019Esport. Se han [&hellip;]","og_url":"https:\/\/www.fundaciobarcelonaolimpica.es\/ca\/ja-tenim-els-finalistes-per-a-la-xi-edicio-del-premi-internacional-fundacio-barcelona-olimpica-art-sobre-paper\/","og_site_name":"Fundaci\u00f3 Barcelona Ol\u00edmpica","article_published_time":"2022-10-03T09:00:30+00:00","article_modified_time":"2022-10-03T09:00:50+00:00","og_image":[{"width":1910,"height":923,"url":"https:\/\/www.fundaciobarcelonaolimpica.es\/wp-content\/uploads\/sites\/3\/2022\/10\/Art-sobre-papel-MusueOlimpicBCN_1.jpg","type":"image\/jpeg"}],"author":"Ibone","twitter_card":"summary_large_image","twitter_misc":{"Escrit per":"Ibone","Temps estimat de lectura":"1 minut"},"schema":{"@context":"https:\/\/schema.org","@graph":[{"@type":"Article","@id":"https:\/\/www.fundaciobarcelonaolimpica.es\/ca\/ja-tenim-els-finalistes-per-a-la-xi-edicio-del-premi-internacional-fundacio-barcelona-olimpica-art-sobre-paper\/#article","isPartOf":{"@id":"https:\/\/www.fundaciobarcelonaolimpica.es\/ca\/ja-tenim-els-finalistes-per-a-la-xi-edicio-del-premi-internacional-fundacio-barcelona-olimpica-art-sobre-paper\/"},"author":{"name":"Ibone","@id":"https:\/\/www.fundaciobarcelonaolimpica.es\/ca\/#\/schema\/person\/b792834a53f193977df425a499287aa9"},"headline":"Ja tenim els finalistes per a la XI Edici\u00f3 del Premi Internacional Fundaci\u00f3 Barcelona Ol\u00edmpica &#8211; Art Sobre Paper","datePublished":"2022-10-03T09:00:30+00:00","dateModified":"2022-10-03T09:00:50+00:00","mainEntityOfPage":{"@id":"https:\/\/www.fundaciobarcelonaolimpica.es\/ca\/ja-tenim-els-finalistes-per-a-la-xi-edicio-del-premi-internacional-fundacio-barcelona-olimpica-art-sobre-paper\/"},"wordCount":164,"publisher":{"@id":"https:\/\/www.fundaciobarcelonaolimpica.es\/ca\/#organization"},"image":{"@id":"https:\/\/www.fundaciobarcelonaolimpica.es\/ca\/ja-tenim-els-finalistes-per-a-la-xi-edicio-del-premi-internacional-fundacio-barcelona-olimpica-art-sobre-paper\/#primaryimage"},"thumbnailUrl":"https:\/\/www.fundaciobarcelonaolimpica.es\/wp-content\/uploads\/sites\/3\/2022\/10\/Art-sobre-papel-MusueOlimpicBCN_1.jpg","inLanguage":"ca"},{"@type":"WebPage","@id":"https:\/\/www.fundaciobarcelonaolimpica.es\/ca\/ja-tenim-els-finalistes-per-a-la-xi-edicio-del-premi-internacional-fundacio-barcelona-olimpica-art-sobre-paper\/","url":"https:\/\/www.fundaciobarcelonaolimpica.es\/ca\/ja-tenim-els-finalistes-per-a-la-xi-edicio-del-premi-internacional-fundacio-barcelona-olimpica-art-sobre-paper\/","name":"Ja tenim els finalistes per a la XI Edici\u00f3 del Premi Internacional Fundaci\u00f3 Barcelona Ol\u00edmpica - Art Sobre Paper - Fundaci\u00f3 Barcelona Ol\u00edmpica","isPartOf":{"@id":"https:\/\/www.fundaciobarcelonaolimpica.es\/ca\/#website"},"primaryImageOfPage":{"@id":"https:\/\/www.fundaciobarcelonaolimpica.es\/ca\/ja-tenim-els-finalistes-per-a-la-xi-edicio-del-premi-internacional-fundacio-barcelona-olimpica-art-sobre-paper\/#primaryimage"},"image":{"@id":"https:\/\/www.fundaciobarcelonaolimpica.es\/ca\/ja-tenim-els-finalistes-per-a-la-xi-edicio-del-premi-internacional-fundacio-barcelona-olimpica-art-sobre-paper\/#primaryimage"},"thumbnailUrl":"https:\/\/www.fundaciobarcelonaolimpica.es\/wp-content\/uploads\/sites\/3\/2022\/10\/Art-sobre-papel-MusueOlimpicBCN_1.jpg","datePublished":"2022-10-03T09:00:30+00:00","dateModified":"2022-10-03T09:00:50+00:00","breadcrumb":{"@id":"https:\/\/www.fundaciobarcelonaolimpica.es\/ca\/ja-tenim-els-finalistes-per-a-la-xi-edicio-del-premi-internacional-fundacio-barcelona-olimpica-art-sobre-paper\/#breadcrumb"},"inLanguage":"ca","potentialAction":[{"@type":"ReadAction","target":["https:\/\/www.fundaciobarcelonaolimpica.es\/ca\/ja-tenim-els-finalistes-per-a-la-xi-edicio-del-premi-internacional-fundacio-barcelona-olimpica-art-sobre-paper\/"]}]},{"@type":"ImageObject","inLanguage":"ca","@id":"https:\/\/www.fundaciobarcelonaolimpica.es\/ca\/ja-tenim-els-finalistes-per-a-la-xi-edicio-del-premi-internacional-fundacio-barcelona-olimpica-art-sobre-paper\/#primaryimage","url":"https:\/\/www.fundaciobarcelonaolimpica.es\/wp-content\/uploads\/sites\/3\/2022\/10\/Art-sobre-papel-MusueOlimpicBCN_1.jpg","contentUrl":"https:\/\/www.fundaciobarcelonaolimpica.es\/wp-content\/uploads\/sites\/3\/2022\/10\/Art-sobre-papel-MusueOlimpicBCN_1.jpg","width":1910,"height":923},{"@type":"BreadcrumbList","@id":"https:\/\/www.fundaciobarcelonaolimpica.es\/ca\/ja-tenim-els-finalistes-per-a-la-xi-edicio-del-premi-internacional-fundacio-barcelona-olimpica-art-sobre-paper\/#breadcrumb","itemListElement":[{"@type":"ListItem","position":1,"name":"FBO","item":"https:\/\/www.fundaciobarcelonaolimpica.es\/es\/"},{"@type":"ListItem","position":2,"name":"Ja tenim els finalistes per a la XI Edici\u00f3 del Premi Internacional Fundaci\u00f3 Barcelona Ol\u00edmpica &#8211; Art Sobre Paper"}]},{"@type":"WebSite","@id":"https:\/\/www.fundaciobarcelonaolimpica.es\/ca\/#website","url":"https:\/\/www.fundaciobarcelonaolimpica.es\/ca\/","name":"Fundaci\u00f3 Barcelona Ol\u00edmpica","description":"Web del Museu Ol\u00edmpic i de l&#039;Esport","publisher":{"@id":"https:\/\/www.fundaciobarcelonaolimpica.es\/ca\/#organization"},"potentialAction":[{"@type":"SearchAction","target":{"@type":"EntryPoint","urlTemplate":"https:\/\/www.fundaciobarcelonaolimpica.es\/ca\/?s={search_term_string}"},"query-input":{"@type":"PropertyValueSpecification","valueRequired":true,"valueName":"search_term_string"}}],"inLanguage":"ca"},{"@type":"Organization","@id":"https:\/\/www.fundaciobarcelonaolimpica.es\/ca\/#organization","name":"Fundaci\u00f3 Barcelona Ol\u00edmpica","url":"https:\/\/www.fundaciobarcelonaolimpica.es\/ca\/","logo":{"@type":"ImageObject","inLanguage":"ca","@id":"https:\/\/www.fundaciobarcelonaolimpica.es\/ca\/#\/schema\/logo\/image\/","url":"https:\/\/www.fundaciobarcelonaolimpica.es\/wp-content\/uploads\/sites\/3\/2019\/02\/logo-fundacio.svg","contentUrl":"https:\/\/www.fundaciobarcelonaolimpica.es\/wp-content\/uploads\/sites\/3\/2019\/02\/logo-fundacio.svg","caption":"Fundaci\u00f3 Barcelona Ol\u00edmpica"},"image":{"@id":"https:\/\/www.fundaciobarcelonaolimpica.es\/ca\/#\/schema\/logo\/image\/"}},{"@type":"Person","@id":"https:\/\/www.fundaciobarcelonaolimpica.es\/ca\/#\/schema\/person\/b792834a53f193977df425a499287aa9","name":"Ibone","url":"https:\/\/www.fundaciobarcelonaolimpica.es\/ca\/author\/fbolimpica\/"}]}},"_links":{"self":[{"href":"https:\/\/www.fundaciobarcelonaolimpica.es\/ca\/wp-json\/wp\/v2\/posts\/26127"}],"collection":[{"href":"https:\/\/www.fundaciobarcelonaolimpica.es\/ca\/wp-json\/wp\/v2\/posts"}],"about":[{"href":"https:\/\/www.fundaciobarcelonaolimpica.es\/ca\/wp-json\/wp\/v2\/types\/post"}],"author":[{"embeddable":true,"href":"https:\/\/www.fundaciobarcelonaolimpica.es\/ca\/wp-json\/wp\/v2\/users\/11"}],"replies":[{"embeddable":true,"href":"https:\/\/www.fundaciobarcelonaolimpica.es\/ca\/wp-json\/wp\/v2\/comments?post=26127"}],"version-history":[{"count":2,"href":"https:\/\/www.fundaciobarcelonaolimpica.es\/ca\/wp-json\/wp\/v2\/posts\/26127\/revisions"}],"predecessor-version":[{"id":26129,"href":"https:\/\/www.fundaciobarcelonaolimpica.es\/ca\/wp-json\/wp\/v2\/posts\/26127\/revisions\/26129"}],"wp:featuredmedia":[{"embeddable":true,"href":"https:\/\/www.fundaciobarcelonaolimpica.es\/ca\/wp-json\/wp\/v2\/media\/26121"}],"wp:attachment":[{"href":"https:\/\/www.fundaciobarcelonaolimpica.es\/ca\/wp-json\/wp\/v2\/media?parent=26127"}],"wp:term":[{"taxonomy":"category","embeddable":true,"href":"https:\/\/www.fundaciobarcelonaolimpica.es\/ca\/wp-json\/wp\/v2\/categories?post=26127"},{"taxonomy":"post_tag","embeddable":true,"href":"https:\/\/www.fundaciobarcelonaolimpica.es\/ca\/wp-json\/wp\/v2\/tags?post=26127"}],"curies":[{"name":"wp","href":"https:\/\/api.w.org\/{rel}","templated":true}]}}