{"id":26139,"date":"2022-09-27T16:52:33","date_gmt":"2022-09-27T14:52:33","guid":{"rendered":"https:\/\/www.fundaciobarcelonaolimpica.es\/derartu-tulu-i-elana-meyer-es-reuneixen-a-barcelona-30-anys-despres-de-la-final-olimpica-de-10-000-m\/"},"modified":"2022-10-03T17:22:31","modified_gmt":"2022-10-03T15:22:31","slug":"derartu-tulu-i-elana-meyer-es-reuneixen-a-barcelona-30-anys-despres-de-la-final-olimpica-de-10-000-m","status":"publish","type":"post","link":"https:\/\/www.fundaciobarcelonaolimpica.es\/ca\/derartu-tulu-i-elana-meyer-es-reuneixen-a-barcelona-30-anys-despres-de-la-final-olimpica-de-10-000-m\/","title":{"rendered":"Derartu Tulu i Elana Meyer es reuneixen a Barcelona 30 anys despr\u00e9s de la final ol\u00edmpica de 10.000 m"},"content":{"rendered":"<p>Trenta anys despr\u00e9s de la seva \u00e8pica 10.000m, i la molt simb\u00f2lica volta de vict\u00f2ria, Derartu Tulu -la primera dona negra africana que va guanyar una medalla d&#8217;or ol\u00edmpica- i Elana Meyer -que va guanyar la primera medalla per Sud-\u00e0frica quan van ser readmesos als Jocs Ol\u00edmpics el 1992 despr\u00e9s d&#8217;una prohibici\u00f3 de 32 anys- es van retrobar a Barcelona.<br \/>\n\u2028\u2028Elana Meyer va donar al Museu Ol\u00edmpic i de l\u2019Esport Joan Antoni Samaranch la bandera neutral amb la qual dirigia la llegend\u00e0ria &#8220;volta 26&#8221;, que seria el moment definitori dels Jocs de Barcelona de 1992.\u2028\u2028Totes dues atletes van signar la bandera, i Elana va escriure sobre ella: \u2028\u2028<br \/>\n\u201cEl s\u00edmbol del poder dels valors dels Jocs Ol\u00edmpics!\u2028<br \/>\nAmistats, Pau, Perseveran\u00e7a \u2028\u2028\u2028\u201d<br \/>\nAquests moments de profunda amistat, de ponts de construcci\u00f3 i de connexi\u00f3 espont\u00e0nia a trav\u00e9s de l&#8217;esport es van manifestar a Barcelona en 2022, igual que en 1992.<\/p>\n","protected":false},"excerpt":{"rendered":"<p>Trenta anys despr\u00e9s de la seva \u00e8pica 10.000m, i la molt simb\u00f2lica volta de vict\u00f2ria, Derartu Tulu -la primera dona negra africana que va guanyar una medalla d&#8217;or ol\u00edmpica- i Elana Meyer -que va guanyar la primera medalla per Sud-\u00e0frica quan van ser readmesos als Jocs Ol\u00edmpics el 1992 despr\u00e9s d&#8217;una prohibici\u00f3 de 32 anys- [&hellip;]<\/p>\n","protected":false},"author":11,"featured_media":26113,"comment_status":"closed","ping_status":"closed","sticky":false,"template":"","format":"standard","meta":{"_acf_changed":false,"footnotes":""},"categories":[2],"tags":[],"class_list":["post-26139","post","type-post","status-publish","format-standard","has-post-thumbnail","hentry","category-sense-categoria"],"acf":[],"yoast_head":"<!-- This site is optimized with the Yoast SEO plugin v23.7 - https:\/\/yoast.com\/wordpress\/plugins\/seo\/ -->\n<title>Derartu Tulu i Elana Meyer es reuneixen a Barcelona 30 anys despr\u00e9s de la final ol\u00edmpica de 10.000 m - Fundaci\u00f3 Barcelona Ol\u00edmpica<\/title>\n<meta name=\"robots\" content=\"index, follow, max-snippet:-1, max-image-preview:large, max-video-preview:-1\" \/>\n<link rel=\"canonical\" href=\"https:\/\/www.fundaciobarcelonaolimpica.es\/ca\/derartu-tulu-i-elana-meyer-es-reuneixen-a-barcelona-30-anys-despres-de-la-final-olimpica-de-10-000-m\/\" \/>\n<meta property=\"og:locale\" content=\"ca_ES\" \/>\n<meta property=\"og:type\" content=\"article\" \/>\n<meta property=\"og:title\" content=\"Derartu Tulu i Elana Meyer es reuneixen a Barcelona 30 anys despr\u00e9s de la final ol\u00edmpica de 10.000 m - Fundaci\u00f3 Barcelona Ol\u00edmpica\" \/>\n<meta property=\"og:description\" content=\"Trenta anys despr\u00e9s de la seva \u00e8pica 10.000m, i la molt simb\u00f2lica volta de vict\u00f2ria, Derartu Tulu -la primera dona negra africana que va guanyar una medalla d&#8217;or ol\u00edmpica- i Elana Meyer -que va guanyar la primera medalla per Sud-\u00e0frica quan van ser readmesos als Jocs Ol\u00edmpics el 1992 despr\u00e9s d&#8217;una prohibici\u00f3 de 32 anys- [&hellip;]\" \/>\n<meta property=\"og:url\" content=\"https:\/\/www.fundaciobarcelonaolimpica.es\/ca\/derartu-tulu-i-elana-meyer-es-reuneixen-a-barcelona-30-anys-despres-de-la-final-olimpica-de-10-000-m\/\" \/>\n<meta property=\"og:site_name\" content=\"Fundaci\u00f3 Barcelona Ol\u00edmpica\" \/>\n<meta property=\"article:published_time\" content=\"2022-09-27T14:52:33+00:00\" \/>\n<meta property=\"article:modified_time\" content=\"2022-10-03T15:22:31+00:00\" \/>\n<meta property=\"og:image\" content=\"https:\/\/www.fundaciobarcelonaolimpica.es\/wp-content\/uploads\/sites\/3\/2022\/09\/Derartu-Tulu-Elana-Mayer-MusueOlimpicBCN_6.jpg\" \/>\n\t<meta property=\"og:image:width\" content=\"1681\" \/>\n\t<meta property=\"og:image:height\" content=\"1080\" \/>\n\t<meta property=\"og:image:type\" content=\"image\/jpeg\" \/>\n<meta name=\"author\" content=\"Ibone\" \/>\n<meta name=\"twitter:card\" content=\"summary_large_image\" \/>\n<meta name=\"twitter:label1\" content=\"Escrit per\" \/>\n\t<meta name=\"twitter:data1\" content=\"Ibone\" \/>\n\t<meta name=\"twitter:label2\" content=\"Temps estimat de lectura\" \/>\n\t<meta name=\"twitter:data2\" content=\"1 minut\" \/>\n<script type=\"application\/ld+json\" class=\"yoast-schema-graph\">{\"@context\":\"https:\/\/schema.org\",\"@graph\":[{\"@type\":\"Article\",\"@id\":\"https:\/\/www.fundaciobarcelonaolimpica.es\/ca\/derartu-tulu-i-elana-meyer-es-reuneixen-a-barcelona-30-anys-despres-de-la-final-olimpica-de-10-000-m\/#article\",\"isPartOf\":{\"@id\":\"https:\/\/www.fundaciobarcelonaolimpica.es\/ca\/derartu-tulu-i-elana-meyer-es-reuneixen-a-barcelona-30-anys-despres-de-la-final-olimpica-de-10-000-m\/\"},\"author\":{\"name\":\"Ibone\",\"@id\":\"https:\/\/www.fundaciobarcelonaolimpica.es\/ca\/#\/schema\/person\/b792834a53f193977df425a499287aa9\"},\"headline\":\"Derartu Tulu i Elana Meyer es reuneixen a Barcelona 30 anys despr\u00e9s de la final ol\u00edmpica de 10.000 m\",\"datePublished\":\"2022-09-27T14:52:33+00:00\",\"dateModified\":\"2022-10-03T15:22:31+00:00\",\"mainEntityOfPage\":{\"@id\":\"https:\/\/www.fundaciobarcelonaolimpica.es\/ca\/derartu-tulu-i-elana-meyer-es-reuneixen-a-barcelona-30-anys-despres-de-la-final-olimpica-de-10-000-m\/\"},\"wordCount\":176,\"publisher\":{\"@id\":\"https:\/\/www.fundaciobarcelonaolimpica.es\/ca\/#organization\"},\"image\":{\"@id\":\"https:\/\/www.fundaciobarcelonaolimpica.es\/ca\/derartu-tulu-i-elana-meyer-es-reuneixen-a-barcelona-30-anys-despres-de-la-final-olimpica-de-10-000-m\/#primaryimage\"},\"thumbnailUrl\":\"https:\/\/www.fundaciobarcelonaolimpica.es\/wp-content\/uploads\/sites\/3\/2022\/09\/Derartu-Tulu-Elana-Mayer-MusueOlimpicBCN_6.jpg\",\"inLanguage\":\"ca\"},{\"@type\":\"WebPage\",\"@id\":\"https:\/\/www.fundaciobarcelonaolimpica.es\/ca\/derartu-tulu-i-elana-meyer-es-reuneixen-a-barcelona-30-anys-despres-de-la-final-olimpica-de-10-000-m\/\",\"url\":\"https:\/\/www.fundaciobarcelonaolimpica.es\/ca\/derartu-tulu-i-elana-meyer-es-reuneixen-a-barcelona-30-anys-despres-de-la-final-olimpica-de-10-000-m\/\",\"name\":\"Derartu Tulu i Elana Meyer es reuneixen a Barcelona 30 anys despr\u00e9s de la final ol\u00edmpica de 10.000 m - Fundaci\u00f3 Barcelona Ol\u00edmpica\",\"isPartOf\":{\"@id\":\"https:\/\/www.fundaciobarcelonaolimpica.es\/ca\/#website\"},\"primaryImageOfPage\":{\"@id\":\"https:\/\/www.fundaciobarcelonaolimpica.es\/ca\/derartu-tulu-i-elana-meyer-es-reuneixen-a-barcelona-30-anys-despres-de-la-final-olimpica-de-10-000-m\/#primaryimage\"},\"image\":{\"@id\":\"https:\/\/www.fundaciobarcelonaolimpica.es\/ca\/derartu-tulu-i-elana-meyer-es-reuneixen-a-barcelona-30-anys-despres-de-la-final-olimpica-de-10-000-m\/#primaryimage\"},\"thumbnailUrl\":\"https:\/\/www.fundaciobarcelonaolimpica.es\/wp-content\/uploads\/sites\/3\/2022\/09\/Derartu-Tulu-Elana-Mayer-MusueOlimpicBCN_6.jpg\",\"datePublished\":\"2022-09-27T14:52:33+00:00\",\"dateModified\":\"2022-10-03T15:22:31+00:00\",\"breadcrumb\":{\"@id\":\"https:\/\/www.fundaciobarcelonaolimpica.es\/ca\/derartu-tulu-i-elana-meyer-es-reuneixen-a-barcelona-30-anys-despres-de-la-final-olimpica-de-10-000-m\/#breadcrumb\"},\"inLanguage\":\"ca\",\"potentialAction\":[{\"@type\":\"ReadAction\",\"target\":[\"https:\/\/www.fundaciobarcelonaolimpica.es\/ca\/derartu-tulu-i-elana-meyer-es-reuneixen-a-barcelona-30-anys-despres-de-la-final-olimpica-de-10-000-m\/\"]}]},{\"@type\":\"ImageObject\",\"inLanguage\":\"ca\",\"@id\":\"https:\/\/www.fundaciobarcelonaolimpica.es\/ca\/derartu-tulu-i-elana-meyer-es-reuneixen-a-barcelona-30-anys-despres-de-la-final-olimpica-de-10-000-m\/#primaryimage\",\"url\":\"https:\/\/www.fundaciobarcelonaolimpica.es\/wp-content\/uploads\/sites\/3\/2022\/09\/Derartu-Tulu-Elana-Mayer-MusueOlimpicBCN_6.jpg\",\"contentUrl\":\"https:\/\/www.fundaciobarcelonaolimpica.es\/wp-content\/uploads\/sites\/3\/2022\/09\/Derartu-Tulu-Elana-Mayer-MusueOlimpicBCN_6.jpg\",\"width\":1681,\"height\":1080},{\"@type\":\"BreadcrumbList\",\"@id\":\"https:\/\/www.fundaciobarcelonaolimpica.es\/ca\/derartu-tulu-i-elana-meyer-es-reuneixen-a-barcelona-30-anys-despres-de-la-final-olimpica-de-10-000-m\/#breadcrumb\",\"itemListElement\":[{\"@type\":\"ListItem\",\"position\":1,\"name\":\"FBO\",\"item\":\"https:\/\/www.fundaciobarcelonaolimpica.es\/es\/\"},{\"@type\":\"ListItem\",\"position\":2,\"name\":\"Derartu Tulu i Elana Meyer es reuneixen a Barcelona 30 anys despr\u00e9s de la final ol\u00edmpica de 10.000 m\"}]},{\"@type\":\"WebSite\",\"@id\":\"https:\/\/www.fundaciobarcelonaolimpica.es\/ca\/#website\",\"url\":\"https:\/\/www.fundaciobarcelonaolimpica.es\/ca\/\",\"name\":\"Fundaci\u00f3 Barcelona Ol\u00edmpica\",\"description\":\"Web del Museu Ol\u00edmpic i de l&#039;Esport\",\"publisher\":{\"@id\":\"https:\/\/www.fundaciobarcelonaolimpica.es\/ca\/#organization\"},\"potentialAction\":[{\"@type\":\"SearchAction\",\"target\":{\"@type\":\"EntryPoint\",\"urlTemplate\":\"https:\/\/www.fundaciobarcelonaolimpica.es\/ca\/?s={search_term_string}\"},\"query-input\":{\"@type\":\"PropertyValueSpecification\",\"valueRequired\":true,\"valueName\":\"search_term_string\"}}],\"inLanguage\":\"ca\"},{\"@type\":\"Organization\",\"@id\":\"https:\/\/www.fundaciobarcelonaolimpica.es\/ca\/#organization\",\"name\":\"Fundaci\u00f3 Barcelona Ol\u00edmpica\",\"url\":\"https:\/\/www.fundaciobarcelonaolimpica.es\/ca\/\",\"logo\":{\"@type\":\"ImageObject\",\"inLanguage\":\"ca\",\"@id\":\"https:\/\/www.fundaciobarcelonaolimpica.es\/ca\/#\/schema\/logo\/image\/\",\"url\":\"https:\/\/www.fundaciobarcelonaolimpica.es\/wp-content\/uploads\/sites\/3\/2019\/02\/logo-fundacio.svg\",\"contentUrl\":\"https:\/\/www.fundaciobarcelonaolimpica.es\/wp-content\/uploads\/sites\/3\/2019\/02\/logo-fundacio.svg\",\"caption\":\"Fundaci\u00f3 Barcelona Ol\u00edmpica\"},\"image\":{\"@id\":\"https:\/\/www.fundaciobarcelonaolimpica.es\/ca\/#\/schema\/logo\/image\/\"}},{\"@type\":\"Person\",\"@id\":\"https:\/\/www.fundaciobarcelonaolimpica.es\/ca\/#\/schema\/person\/b792834a53f193977df425a499287aa9\",\"name\":\"Ibone\",\"url\":\"https:\/\/www.fundaciobarcelonaolimpica.es\/ca\/author\/fbolimpica\/\"}]}<\/script>\n<!-- \/ Yoast SEO plugin. -->","yoast_head_json":{"title":"Derartu Tulu i Elana Meyer es reuneixen a Barcelona 30 anys despr\u00e9s de la final ol\u00edmpica de 10.000 m - Fundaci\u00f3 Barcelona Ol\u00edmpica","robots":{"index":"index","follow":"follow","max-snippet":"max-snippet:-1","max-image-preview":"max-image-preview:large","max-video-preview":"max-video-preview:-1"},"canonical":"https:\/\/www.fundaciobarcelonaolimpica.es\/ca\/derartu-tulu-i-elana-meyer-es-reuneixen-a-barcelona-30-anys-despres-de-la-final-olimpica-de-10-000-m\/","og_locale":"ca_ES","og_type":"article","og_title":"Derartu Tulu i Elana Meyer es reuneixen a Barcelona 30 anys despr\u00e9s de la final ol\u00edmpica de 10.000 m - Fundaci\u00f3 Barcelona Ol\u00edmpica","og_description":"Trenta anys despr\u00e9s de la seva \u00e8pica 10.000m, i la molt simb\u00f2lica volta de vict\u00f2ria, Derartu Tulu -la primera dona negra africana que va guanyar una medalla d&#8217;or ol\u00edmpica- i Elana Meyer -que va guanyar la primera medalla per Sud-\u00e0frica quan van ser readmesos als Jocs Ol\u00edmpics el 1992 despr\u00e9s d&#8217;una prohibici\u00f3 de 32 anys- [&hellip;]","og_url":"https:\/\/www.fundaciobarcelonaolimpica.es\/ca\/derartu-tulu-i-elana-meyer-es-reuneixen-a-barcelona-30-anys-despres-de-la-final-olimpica-de-10-000-m\/","og_site_name":"Fundaci\u00f3 Barcelona Ol\u00edmpica","article_published_time":"2022-09-27T14:52:33+00:00","article_modified_time":"2022-10-03T15:22:31+00:00","og_image":[{"width":1681,"height":1080,"url":"https:\/\/www.fundaciobarcelonaolimpica.es\/wp-content\/uploads\/sites\/3\/2022\/09\/Derartu-Tulu-Elana-Mayer-MusueOlimpicBCN_6.jpg","type":"image\/jpeg"}],"author":"Ibone","twitter_card":"summary_large_image","twitter_misc":{"Escrit per":"Ibone","Temps estimat de lectura":"1 minut"},"schema":{"@context":"https:\/\/schema.org","@graph":[{"@type":"Article","@id":"https:\/\/www.fundaciobarcelonaolimpica.es\/ca\/derartu-tulu-i-elana-meyer-es-reuneixen-a-barcelona-30-anys-despres-de-la-final-olimpica-de-10-000-m\/#article","isPartOf":{"@id":"https:\/\/www.fundaciobarcelonaolimpica.es\/ca\/derartu-tulu-i-elana-meyer-es-reuneixen-a-barcelona-30-anys-despres-de-la-final-olimpica-de-10-000-m\/"},"author":{"name":"Ibone","@id":"https:\/\/www.fundaciobarcelonaolimpica.es\/ca\/#\/schema\/person\/b792834a53f193977df425a499287aa9"},"headline":"Derartu Tulu i Elana Meyer es reuneixen a Barcelona 30 anys despr\u00e9s de la final ol\u00edmpica de 10.000 m","datePublished":"2022-09-27T14:52:33+00:00","dateModified":"2022-10-03T15:22:31+00:00","mainEntityOfPage":{"@id":"https:\/\/www.fundaciobarcelonaolimpica.es\/ca\/derartu-tulu-i-elana-meyer-es-reuneixen-a-barcelona-30-anys-despres-de-la-final-olimpica-de-10-000-m\/"},"wordCount":176,"publisher":{"@id":"https:\/\/www.fundaciobarcelonaolimpica.es\/ca\/#organization"},"image":{"@id":"https:\/\/www.fundaciobarcelonaolimpica.es\/ca\/derartu-tulu-i-elana-meyer-es-reuneixen-a-barcelona-30-anys-despres-de-la-final-olimpica-de-10-000-m\/#primaryimage"},"thumbnailUrl":"https:\/\/www.fundaciobarcelonaolimpica.es\/wp-content\/uploads\/sites\/3\/2022\/09\/Derartu-Tulu-Elana-Mayer-MusueOlimpicBCN_6.jpg","inLanguage":"ca"},{"@type":"WebPage","@id":"https:\/\/www.fundaciobarcelonaolimpica.es\/ca\/derartu-tulu-i-elana-meyer-es-reuneixen-a-barcelona-30-anys-despres-de-la-final-olimpica-de-10-000-m\/","url":"https:\/\/www.fundaciobarcelonaolimpica.es\/ca\/derartu-tulu-i-elana-meyer-es-reuneixen-a-barcelona-30-anys-despres-de-la-final-olimpica-de-10-000-m\/","name":"Derartu Tulu i Elana Meyer es reuneixen a Barcelona 30 anys despr\u00e9s de la final ol\u00edmpica de 10.000 m - Fundaci\u00f3 Barcelona Ol\u00edmpica","isPartOf":{"@id":"https:\/\/www.fundaciobarcelonaolimpica.es\/ca\/#website"},"primaryImageOfPage":{"@id":"https:\/\/www.fundaciobarcelonaolimpica.es\/ca\/derartu-tulu-i-elana-meyer-es-reuneixen-a-barcelona-30-anys-despres-de-la-final-olimpica-de-10-000-m\/#primaryimage"},"image":{"@id":"https:\/\/www.fundaciobarcelonaolimpica.es\/ca\/derartu-tulu-i-elana-meyer-es-reuneixen-a-barcelona-30-anys-despres-de-la-final-olimpica-de-10-000-m\/#primaryimage"},"thumbnailUrl":"https:\/\/www.fundaciobarcelonaolimpica.es\/wp-content\/uploads\/sites\/3\/2022\/09\/Derartu-Tulu-Elana-Mayer-MusueOlimpicBCN_6.jpg","datePublished":"2022-09-27T14:52:33+00:00","dateModified":"2022-10-03T15:22:31+00:00","breadcrumb":{"@id":"https:\/\/www.fundaciobarcelonaolimpica.es\/ca\/derartu-tulu-i-elana-meyer-es-reuneixen-a-barcelona-30-anys-despres-de-la-final-olimpica-de-10-000-m\/#breadcrumb"},"inLanguage":"ca","potentialAction":[{"@type":"ReadAction","target":["https:\/\/www.fundaciobarcelonaolimpica.es\/ca\/derartu-tulu-i-elana-meyer-es-reuneixen-a-barcelona-30-anys-despres-de-la-final-olimpica-de-10-000-m\/"]}]},{"@type":"ImageObject","inLanguage":"ca","@id":"https:\/\/www.fundaciobarcelonaolimpica.es\/ca\/derartu-tulu-i-elana-meyer-es-reuneixen-a-barcelona-30-anys-despres-de-la-final-olimpica-de-10-000-m\/#primaryimage","url":"https:\/\/www.fundaciobarcelonaolimpica.es\/wp-content\/uploads\/sites\/3\/2022\/09\/Derartu-Tulu-Elana-Mayer-MusueOlimpicBCN_6.jpg","contentUrl":"https:\/\/www.fundaciobarcelonaolimpica.es\/wp-content\/uploads\/sites\/3\/2022\/09\/Derartu-Tulu-Elana-Mayer-MusueOlimpicBCN_6.jpg","width":1681,"height":1080},{"@type":"BreadcrumbList","@id":"https:\/\/www.fundaciobarcelonaolimpica.es\/ca\/derartu-tulu-i-elana-meyer-es-reuneixen-a-barcelona-30-anys-despres-de-la-final-olimpica-de-10-000-m\/#breadcrumb","itemListElement":[{"@type":"ListItem","position":1,"name":"FBO","item":"https:\/\/www.fundaciobarcelonaolimpica.es\/es\/"},{"@type":"ListItem","position":2,"name":"Derartu Tulu i Elana Meyer es reuneixen a Barcelona 30 anys despr\u00e9s de la final ol\u00edmpica de 10.000 m"}]},{"@type":"WebSite","@id":"https:\/\/www.fundaciobarcelonaolimpica.es\/ca\/#website","url":"https:\/\/www.fundaciobarcelonaolimpica.es\/ca\/","name":"Fundaci\u00f3 Barcelona Ol\u00edmpica","description":"Web del Museu Ol\u00edmpic i de l&#039;Esport","publisher":{"@id":"https:\/\/www.fundaciobarcelonaolimpica.es\/ca\/#organization"},"potentialAction":[{"@type":"SearchAction","target":{"@type":"EntryPoint","urlTemplate":"https:\/\/www.fundaciobarcelonaolimpica.es\/ca\/?s={search_term_string}"},"query-input":{"@type":"PropertyValueSpecification","valueRequired":true,"valueName":"search_term_string"}}],"inLanguage":"ca"},{"@type":"Organization","@id":"https:\/\/www.fundaciobarcelonaolimpica.es\/ca\/#organization","name":"Fundaci\u00f3 Barcelona Ol\u00edmpica","url":"https:\/\/www.fundaciobarcelonaolimpica.es\/ca\/","logo":{"@type":"ImageObject","inLanguage":"ca","@id":"https:\/\/www.fundaciobarcelonaolimpica.es\/ca\/#\/schema\/logo\/image\/","url":"https:\/\/www.fundaciobarcelonaolimpica.es\/wp-content\/uploads\/sites\/3\/2019\/02\/logo-fundacio.svg","contentUrl":"https:\/\/www.fundaciobarcelonaolimpica.es\/wp-content\/uploads\/sites\/3\/2019\/02\/logo-fundacio.svg","caption":"Fundaci\u00f3 Barcelona Ol\u00edmpica"},"image":{"@id":"https:\/\/www.fundaciobarcelonaolimpica.es\/ca\/#\/schema\/logo\/image\/"}},{"@type":"Person","@id":"https:\/\/www.fundaciobarcelonaolimpica.es\/ca\/#\/schema\/person\/b792834a53f193977df425a499287aa9","name":"Ibone","url":"https:\/\/www.fundaciobarcelonaolimpica.es\/ca\/author\/fbolimpica\/"}]}},"_links":{"self":[{"href":"https:\/\/www.fundaciobarcelonaolimpica.es\/ca\/wp-json\/wp\/v2\/posts\/26139"}],"collection":[{"href":"https:\/\/www.fundaciobarcelonaolimpica.es\/ca\/wp-json\/wp\/v2\/posts"}],"about":[{"href":"https:\/\/www.fundaciobarcelonaolimpica.es\/ca\/wp-json\/wp\/v2\/types\/post"}],"author":[{"embeddable":true,"href":"https:\/\/www.fundaciobarcelonaolimpica.es\/ca\/wp-json\/wp\/v2\/users\/11"}],"replies":[{"embeddable":true,"href":"https:\/\/www.fundaciobarcelonaolimpica.es\/ca\/wp-json\/wp\/v2\/comments?post=26139"}],"version-history":[{"count":1,"href":"https:\/\/www.fundaciobarcelonaolimpica.es\/ca\/wp-json\/wp\/v2\/posts\/26139\/revisions"}],"predecessor-version":[{"id":26141,"href":"https:\/\/www.fundaciobarcelonaolimpica.es\/ca\/wp-json\/wp\/v2\/posts\/26139\/revisions\/26141"}],"wp:featuredmedia":[{"embeddable":true,"href":"https:\/\/www.fundaciobarcelonaolimpica.es\/ca\/wp-json\/wp\/v2\/media\/26113"}],"wp:attachment":[{"href":"https:\/\/www.fundaciobarcelonaolimpica.es\/ca\/wp-json\/wp\/v2\/media?parent=26139"}],"wp:term":[{"taxonomy":"category","embeddable":true,"href":"https:\/\/www.fundaciobarcelonaolimpica.es\/ca\/wp-json\/wp\/v2\/categories?post=26139"},{"taxonomy":"post_tag","embeddable":true,"href":"https:\/\/www.fundaciobarcelonaolimpica.es\/ca\/wp-json\/wp\/v2\/tags?post=26139"}],"curies":[{"name":"wp","href":"https:\/\/api.w.org\/{rel}","templated":true}]}}