{"id":27736,"date":"2023-04-12T20:38:31","date_gmt":"2023-04-12T18:38:31","guid":{"rendered":"https:\/\/www.fundaciobarcelonaolimpica.es\/?p=27736"},"modified":"2023-04-12T20:54:58","modified_gmt":"2023-04-12T18:54:58","slug":"la-copa-america-barcelona-2024-grans-esdeveniments-a-la-ciutat-de-barcelona","status":"publish","type":"post","link":"https:\/\/www.fundaciobarcelonaolimpica.es\/ca\/la-copa-america-barcelona-2024-grans-esdeveniments-a-la-ciutat-de-barcelona\/","title":{"rendered":"La Copa Am\u00e8rica Barcelona 2024. Grans esdeveniments a la ciutat de Barcelona"},"content":{"rendered":"<p>La jornada <strong>\u201cLa Copa Am\u00e8rica Barcelona 2024. Grans esdeveniments a la ciutat de Barcelona\u201d<\/strong> del cicle de confer\u00e8ncies <strong>\u201cEl valor de l\u2019esport en el segle XXI\u201d<\/strong> s\u2019ha realitzat en les instal\u00b7lacions del Museu Ol\u00edmpic i ha estat retransmesa en l\u2019instagram de la Fundaci\u00f3 Barcelona Ol\u00edmpica.<\/p>\n<p><strong>David Escud\u00e9<\/strong>, president de la Fundaci\u00f3 Barcelona Ol\u00edmpica i regidor d\u2019Esports, ha estat l&#8217;encarregat de donar la benvinguda a aquesta nova jornada de l\u2019\u201cEl valor de l&#8217;esport en el segle XXI\u201d i ha destacat la import\u00e0ncia d&#8217;aquestes jornades, on es posen sobre la taula temes d&#8217;actualitat amb professionals del sector i la interacci\u00f3 directa de la ciutadania.<\/p>\n<p>La jornada, coordinada pel periodista de TV3 Jordi Fandi\u00f1o, ha comptat amb les intervencions d\u2019<strong>Ignasi Armengol i Villa<\/strong>, director general de la Fundaci\u00f3 Barcelona Capital N\u00e0utica i <strong>Jordi Puig Alsina<\/strong>, president del Reial Club N\u00e0utic de Barcelona.<\/p>\n<p>L\u2019acte ha comptat amb la pres\u00e8ncia de <strong>Xavier Torres,<\/strong> president de la Federaci\u00f3 Catalana de Vela.<\/p>\n<p>El di\u00e0leg entre els ponents i les intervencions del p\u00fablic del Museu Ol\u00edmpic ha refor\u00e7at la idea del comprom\u00eds de l&#8217;organitzaci\u00f3 i de les institucions p\u00fabliques amb la Copa Am\u00e8rica.<\/p>\n<p><strong>David Escud\u00e9,<\/strong> regidor d\u2019Esport, ha destacat el fet de potenciar la ciutat de Barcelona com referent mundial dels esports de mar.<\/p>\n<p>Per la seva part <strong>Jordi Puig,<\/strong> president del Reial Club N\u00e0utic de Barcelona veu en La Copa Am\u00e8rica una gran oportunitat per acostar l&#8217;apassionant m\u00f3n de la n\u00e0utica a la ciutat.<\/p>\n<p><strong>Ignasi Armengol<\/strong>, director general de la Fundaci\u00f3 Barcelona Capital N\u00e0utica, ha destacat que des de Barcelona Capital N\u00e0utica volen convertir Barcelona i Catalunya en referents n\u00e0utics, a trav\u00e9s de la promoci\u00f3 de la n\u00e0utica, l\u2019esport, la sostenibilitat, la innovaci\u00f3, la formaci\u00f3, l\u2019economia blava i la cultura del mar.<\/p>\n<p>Una confer\u00e8ncia molt interessant que pr\u00f2ximament podeu gaudir al <a href=\"https:\/\/www.youtube.com\/channel\/UCgKI2RTztZbmweLYjePyasQ\">canal YouTube de la Fundaci\u00f3 Barcelona Ol\u00edmpica<\/a>.<\/p>\n<p>Si desitja rebre butlletins i comunicacions de la Fundaci\u00f3 Barcelona Ol\u00edmpica i el Museu Ol\u00edmpic de Barcelona.<a href=\"https:\/\/www.fundaciobarcelonaolimpica.es\/ca\/acceptar-newletter\/\"> Aqu\u00ed<\/a><\/p>\n<p><strong>El cicle de confer\u00e8ncies \u201cEl valor de l\u2019Esport en el segle XXI\u201d est\u00e0 organitzada per la Fundaci\u00f3 Barcelona Ol\u00edmpica en col\u00b7laboraci\u00f3 amb l\u2019Institut Barcelona Esports.\u00a0<\/strong><\/p>\n","protected":false},"excerpt":{"rendered":"<p>La jornada \u201cLa Copa Am\u00e8rica Barcelona 2024. Grans esdeveniments a la ciutat de Barcelona\u201d del cicle de confer\u00e8ncies \u201cEl valor de l\u2019esport en el segle XXI\u201d s\u2019ha realitzat en les instal\u00b7lacions del Museu Ol\u00edmpic i ha estat retransmesa en l\u2019instagram de la Fundaci\u00f3 Barcelona Ol\u00edmpica. David Escud\u00e9, president de la Fundaci\u00f3 Barcelona Ol\u00edmpica i regidor [&hellip;]<\/p>\n","protected":false},"author":11,"featured_media":27756,"comment_status":"closed","ping_status":"closed","sticky":false,"template":"","format":"standard","meta":{"_acf_changed":false,"footnotes":""},"categories":[2],"tags":[],"class_list":["post-27736","post","type-post","status-publish","format-standard","has-post-thumbnail","hentry","category-sense-categoria"],"acf":[],"yoast_head":"<!-- This site is optimized with the Yoast SEO plugin v23.7 - https:\/\/yoast.com\/wordpress\/plugins\/seo\/ -->\n<title>La Copa Am\u00e8rica Barcelona 2024. Grans esdeveniments a la ciutat de Barcelona - Fundaci\u00f3 Barcelona Ol\u00edmpica<\/title>\n<meta name=\"robots\" content=\"index, follow, max-snippet:-1, max-image-preview:large, max-video-preview:-1\" \/>\n<link rel=\"canonical\" href=\"https:\/\/www.fundaciobarcelonaolimpica.es\/es\/la-copa-america-barcelona-2024-grandes-eventos-en-la-ciudad-de-barcelona\/\" \/>\n<meta property=\"og:locale\" content=\"ca_ES\" \/>\n<meta property=\"og:type\" content=\"article\" \/>\n<meta property=\"og:title\" content=\"La Copa Am\u00e8rica Barcelona 2024. Grans esdeveniments a la ciutat de Barcelona - Fundaci\u00f3 Barcelona Ol\u00edmpica\" \/>\n<meta property=\"og:description\" content=\"La jornada \u201cLa Copa Am\u00e8rica Barcelona 2024. Grans esdeveniments a la ciutat de Barcelona\u201d del cicle de confer\u00e8ncies \u201cEl valor de l\u2019esport en el segle XXI\u201d s\u2019ha realitzat en les instal\u00b7lacions del Museu Ol\u00edmpic i ha estat retransmesa en l\u2019instagram de la Fundaci\u00f3 Barcelona Ol\u00edmpica. David Escud\u00e9, president de la Fundaci\u00f3 Barcelona Ol\u00edmpica i regidor [&hellip;]\" \/>\n<meta property=\"og:url\" content=\"https:\/\/www.fundaciobarcelonaolimpica.es\/es\/la-copa-america-barcelona-2024-grandes-eventos-en-la-ciudad-de-barcelona\/\" \/>\n<meta property=\"og:site_name\" content=\"Fundaci\u00f3 Barcelona Ol\u00edmpica\" \/>\n<meta property=\"article:published_time\" content=\"2023-04-12T18:38:31+00:00\" \/>\n<meta property=\"article:modified_time\" content=\"2023-04-12T18:54:58+00:00\" \/>\n<meta property=\"og:image\" content=\"https:\/\/www.fundaciobarcelonaolimpica.es\/wp-content\/uploads\/sites\/3\/2023\/04\/La-copa-america-Escude-Puig-armengol-MuseuOlimpicBCN-scaled.jpg\" \/>\n\t<meta property=\"og:image:width\" content=\"2560\" \/>\n\t<meta property=\"og:image:height\" content=\"1878\" \/>\n\t<meta property=\"og:image:type\" content=\"image\/jpeg\" \/>\n<meta name=\"author\" content=\"Ibone\" \/>\n<meta name=\"twitter:card\" content=\"summary_large_image\" \/>\n<meta name=\"twitter:label1\" content=\"Escrit per\" \/>\n\t<meta name=\"twitter:data1\" content=\"Ibone\" \/>\n\t<meta name=\"twitter:label2\" content=\"Temps estimat de lectura\" \/>\n\t<meta name=\"twitter:data2\" content=\"2 minuts\" \/>\n<script type=\"application\/ld+json\" class=\"yoast-schema-graph\">{\"@context\":\"https:\/\/schema.org\",\"@graph\":[{\"@type\":\"Article\",\"@id\":\"https:\/\/www.fundaciobarcelonaolimpica.es\/es\/la-copa-america-barcelona-2024-grandes-eventos-en-la-ciudad-de-barcelona\/#article\",\"isPartOf\":{\"@id\":\"https:\/\/www.fundaciobarcelonaolimpica.es\/es\/la-copa-america-barcelona-2024-grandes-eventos-en-la-ciudad-de-barcelona\/\"},\"author\":{\"name\":\"Ibone\",\"@id\":\"https:\/\/www.fundaciobarcelonaolimpica.es\/ca\/#\/schema\/person\/b792834a53f193977df425a499287aa9\"},\"headline\":\"La Copa Am\u00e8rica Barcelona 2024. Grans esdeveniments a la ciutat de Barcelona\",\"datePublished\":\"2023-04-12T18:38:31+00:00\",\"dateModified\":\"2023-04-12T18:54:58+00:00\",\"mainEntityOfPage\":{\"@id\":\"https:\/\/www.fundaciobarcelonaolimpica.es\/es\/la-copa-america-barcelona-2024-grandes-eventos-en-la-ciudad-de-barcelona\/\"},\"wordCount\":402,\"publisher\":{\"@id\":\"https:\/\/www.fundaciobarcelonaolimpica.es\/ca\/#organization\"},\"image\":{\"@id\":\"https:\/\/www.fundaciobarcelonaolimpica.es\/es\/la-copa-america-barcelona-2024-grandes-eventos-en-la-ciudad-de-barcelona\/#primaryimage\"},\"thumbnailUrl\":\"https:\/\/www.fundaciobarcelonaolimpica.es\/wp-content\/uploads\/sites\/3\/2023\/04\/La-copa-america-Escude-Puig-armengol-MuseuOlimpicBCN-scaled.jpg\",\"inLanguage\":\"ca\"},{\"@type\":\"WebPage\",\"@id\":\"https:\/\/www.fundaciobarcelonaolimpica.es\/es\/la-copa-america-barcelona-2024-grandes-eventos-en-la-ciudad-de-barcelona\/\",\"url\":\"https:\/\/www.fundaciobarcelonaolimpica.es\/es\/la-copa-america-barcelona-2024-grandes-eventos-en-la-ciudad-de-barcelona\/\",\"name\":\"La Copa Am\u00e8rica Barcelona 2024. Grans esdeveniments a la ciutat de Barcelona - Fundaci\u00f3 Barcelona Ol\u00edmpica\",\"isPartOf\":{\"@id\":\"https:\/\/www.fundaciobarcelonaolimpica.es\/ca\/#website\"},\"primaryImageOfPage\":{\"@id\":\"https:\/\/www.fundaciobarcelonaolimpica.es\/es\/la-copa-america-barcelona-2024-grandes-eventos-en-la-ciudad-de-barcelona\/#primaryimage\"},\"image\":{\"@id\":\"https:\/\/www.fundaciobarcelonaolimpica.es\/es\/la-copa-america-barcelona-2024-grandes-eventos-en-la-ciudad-de-barcelona\/#primaryimage\"},\"thumbnailUrl\":\"https:\/\/www.fundaciobarcelonaolimpica.es\/wp-content\/uploads\/sites\/3\/2023\/04\/La-copa-america-Escude-Puig-armengol-MuseuOlimpicBCN-scaled.jpg\",\"datePublished\":\"2023-04-12T18:38:31+00:00\",\"dateModified\":\"2023-04-12T18:54:58+00:00\",\"breadcrumb\":{\"@id\":\"https:\/\/www.fundaciobarcelonaolimpica.es\/es\/la-copa-america-barcelona-2024-grandes-eventos-en-la-ciudad-de-barcelona\/#breadcrumb\"},\"inLanguage\":\"ca\",\"potentialAction\":[{\"@type\":\"ReadAction\",\"target\":[\"https:\/\/www.fundaciobarcelonaolimpica.es\/es\/la-copa-america-barcelona-2024-grandes-eventos-en-la-ciudad-de-barcelona\/\"]}]},{\"@type\":\"ImageObject\",\"inLanguage\":\"ca\",\"@id\":\"https:\/\/www.fundaciobarcelonaolimpica.es\/es\/la-copa-america-barcelona-2024-grandes-eventos-en-la-ciudad-de-barcelona\/#primaryimage\",\"url\":\"https:\/\/www.fundaciobarcelonaolimpica.es\/wp-content\/uploads\/sites\/3\/2023\/04\/La-copa-america-Escude-Puig-armengol-MuseuOlimpicBCN-scaled.jpg\",\"contentUrl\":\"https:\/\/www.fundaciobarcelonaolimpica.es\/wp-content\/uploads\/sites\/3\/2023\/04\/La-copa-america-Escude-Puig-armengol-MuseuOlimpicBCN-scaled.jpg\",\"width\":2560,\"height\":1878},{\"@type\":\"BreadcrumbList\",\"@id\":\"https:\/\/www.fundaciobarcelonaolimpica.es\/es\/la-copa-america-barcelona-2024-grandes-eventos-en-la-ciudad-de-barcelona\/#breadcrumb\",\"itemListElement\":[{\"@type\":\"ListItem\",\"position\":1,\"name\":\"FBO\",\"item\":\"https:\/\/www.fundaciobarcelonaolimpica.es\/es\/\"},{\"@type\":\"ListItem\",\"position\":2,\"name\":\"La Copa Am\u00e8rica Barcelona 2024. Grans esdeveniments a la ciutat de Barcelona\"}]},{\"@type\":\"WebSite\",\"@id\":\"https:\/\/www.fundaciobarcelonaolimpica.es\/ca\/#website\",\"url\":\"https:\/\/www.fundaciobarcelonaolimpica.es\/ca\/\",\"name\":\"Fundaci\u00f3 Barcelona Ol\u00edmpica\",\"description\":\"Web del Museu Ol\u00edmpic i de l&#039;Esport\",\"publisher\":{\"@id\":\"https:\/\/www.fundaciobarcelonaolimpica.es\/ca\/#organization\"},\"potentialAction\":[{\"@type\":\"SearchAction\",\"target\":{\"@type\":\"EntryPoint\",\"urlTemplate\":\"https:\/\/www.fundaciobarcelonaolimpica.es\/ca\/?s={search_term_string}\"},\"query-input\":{\"@type\":\"PropertyValueSpecification\",\"valueRequired\":true,\"valueName\":\"search_term_string\"}}],\"inLanguage\":\"ca\"},{\"@type\":\"Organization\",\"@id\":\"https:\/\/www.fundaciobarcelonaolimpica.es\/ca\/#organization\",\"name\":\"Fundaci\u00f3 Barcelona Ol\u00edmpica\",\"url\":\"https:\/\/www.fundaciobarcelonaolimpica.es\/ca\/\",\"logo\":{\"@type\":\"ImageObject\",\"inLanguage\":\"ca\",\"@id\":\"https:\/\/www.fundaciobarcelonaolimpica.es\/ca\/#\/schema\/logo\/image\/\",\"url\":\"https:\/\/www.fundaciobarcelonaolimpica.es\/wp-content\/uploads\/sites\/3\/2019\/02\/logo-fundacio.svg\",\"contentUrl\":\"https:\/\/www.fundaciobarcelonaolimpica.es\/wp-content\/uploads\/sites\/3\/2019\/02\/logo-fundacio.svg\",\"caption\":\"Fundaci\u00f3 Barcelona Ol\u00edmpica\"},\"image\":{\"@id\":\"https:\/\/www.fundaciobarcelonaolimpica.es\/ca\/#\/schema\/logo\/image\/\"}},{\"@type\":\"Person\",\"@id\":\"https:\/\/www.fundaciobarcelonaolimpica.es\/ca\/#\/schema\/person\/b792834a53f193977df425a499287aa9\",\"name\":\"Ibone\",\"url\":\"https:\/\/www.fundaciobarcelonaolimpica.es\/ca\/author\/fbolimpica\/\"}]}<\/script>\n<!-- \/ Yoast SEO plugin. -->","yoast_head_json":{"title":"La Copa Am\u00e8rica Barcelona 2024. Grans esdeveniments a la ciutat de Barcelona - Fundaci\u00f3 Barcelona Ol\u00edmpica","robots":{"index":"index","follow":"follow","max-snippet":"max-snippet:-1","max-image-preview":"max-image-preview:large","max-video-preview":"max-video-preview:-1"},"canonical":"https:\/\/www.fundaciobarcelonaolimpica.es\/es\/la-copa-america-barcelona-2024-grandes-eventos-en-la-ciudad-de-barcelona\/","og_locale":"ca_ES","og_type":"article","og_title":"La Copa Am\u00e8rica Barcelona 2024. Grans esdeveniments a la ciutat de Barcelona - Fundaci\u00f3 Barcelona Ol\u00edmpica","og_description":"La jornada \u201cLa Copa Am\u00e8rica Barcelona 2024. Grans esdeveniments a la ciutat de Barcelona\u201d del cicle de confer\u00e8ncies \u201cEl valor de l\u2019esport en el segle XXI\u201d s\u2019ha realitzat en les instal\u00b7lacions del Museu Ol\u00edmpic i ha estat retransmesa en l\u2019instagram de la Fundaci\u00f3 Barcelona Ol\u00edmpica. David Escud\u00e9, president de la Fundaci\u00f3 Barcelona Ol\u00edmpica i regidor [&hellip;]","og_url":"https:\/\/www.fundaciobarcelonaolimpica.es\/es\/la-copa-america-barcelona-2024-grandes-eventos-en-la-ciudad-de-barcelona\/","og_site_name":"Fundaci\u00f3 Barcelona Ol\u00edmpica","article_published_time":"2023-04-12T18:38:31+00:00","article_modified_time":"2023-04-12T18:54:58+00:00","og_image":[{"width":2560,"height":1878,"url":"https:\/\/www.fundaciobarcelonaolimpica.es\/wp-content\/uploads\/sites\/3\/2023\/04\/La-copa-america-Escude-Puig-armengol-MuseuOlimpicBCN-scaled.jpg","type":"image\/jpeg"}],"author":"Ibone","twitter_card":"summary_large_image","twitter_misc":{"Escrit per":"Ibone","Temps estimat de lectura":"2 minuts"},"schema":{"@context":"https:\/\/schema.org","@graph":[{"@type":"Article","@id":"https:\/\/www.fundaciobarcelonaolimpica.es\/es\/la-copa-america-barcelona-2024-grandes-eventos-en-la-ciudad-de-barcelona\/#article","isPartOf":{"@id":"https:\/\/www.fundaciobarcelonaolimpica.es\/es\/la-copa-america-barcelona-2024-grandes-eventos-en-la-ciudad-de-barcelona\/"},"author":{"name":"Ibone","@id":"https:\/\/www.fundaciobarcelonaolimpica.es\/ca\/#\/schema\/person\/b792834a53f193977df425a499287aa9"},"headline":"La Copa Am\u00e8rica Barcelona 2024. Grans esdeveniments a la ciutat de Barcelona","datePublished":"2023-04-12T18:38:31+00:00","dateModified":"2023-04-12T18:54:58+00:00","mainEntityOfPage":{"@id":"https:\/\/www.fundaciobarcelonaolimpica.es\/es\/la-copa-america-barcelona-2024-grandes-eventos-en-la-ciudad-de-barcelona\/"},"wordCount":402,"publisher":{"@id":"https:\/\/www.fundaciobarcelonaolimpica.es\/ca\/#organization"},"image":{"@id":"https:\/\/www.fundaciobarcelonaolimpica.es\/es\/la-copa-america-barcelona-2024-grandes-eventos-en-la-ciudad-de-barcelona\/#primaryimage"},"thumbnailUrl":"https:\/\/www.fundaciobarcelonaolimpica.es\/wp-content\/uploads\/sites\/3\/2023\/04\/La-copa-america-Escude-Puig-armengol-MuseuOlimpicBCN-scaled.jpg","inLanguage":"ca"},{"@type":"WebPage","@id":"https:\/\/www.fundaciobarcelonaolimpica.es\/es\/la-copa-america-barcelona-2024-grandes-eventos-en-la-ciudad-de-barcelona\/","url":"https:\/\/www.fundaciobarcelonaolimpica.es\/es\/la-copa-america-barcelona-2024-grandes-eventos-en-la-ciudad-de-barcelona\/","name":"La Copa Am\u00e8rica Barcelona 2024. Grans esdeveniments a la ciutat de Barcelona - Fundaci\u00f3 Barcelona Ol\u00edmpica","isPartOf":{"@id":"https:\/\/www.fundaciobarcelonaolimpica.es\/ca\/#website"},"primaryImageOfPage":{"@id":"https:\/\/www.fundaciobarcelonaolimpica.es\/es\/la-copa-america-barcelona-2024-grandes-eventos-en-la-ciudad-de-barcelona\/#primaryimage"},"image":{"@id":"https:\/\/www.fundaciobarcelonaolimpica.es\/es\/la-copa-america-barcelona-2024-grandes-eventos-en-la-ciudad-de-barcelona\/#primaryimage"},"thumbnailUrl":"https:\/\/www.fundaciobarcelonaolimpica.es\/wp-content\/uploads\/sites\/3\/2023\/04\/La-copa-america-Escude-Puig-armengol-MuseuOlimpicBCN-scaled.jpg","datePublished":"2023-04-12T18:38:31+00:00","dateModified":"2023-04-12T18:54:58+00:00","breadcrumb":{"@id":"https:\/\/www.fundaciobarcelonaolimpica.es\/es\/la-copa-america-barcelona-2024-grandes-eventos-en-la-ciudad-de-barcelona\/#breadcrumb"},"inLanguage":"ca","potentialAction":[{"@type":"ReadAction","target":["https:\/\/www.fundaciobarcelonaolimpica.es\/es\/la-copa-america-barcelona-2024-grandes-eventos-en-la-ciudad-de-barcelona\/"]}]},{"@type":"ImageObject","inLanguage":"ca","@id":"https:\/\/www.fundaciobarcelonaolimpica.es\/es\/la-copa-america-barcelona-2024-grandes-eventos-en-la-ciudad-de-barcelona\/#primaryimage","url":"https:\/\/www.fundaciobarcelonaolimpica.es\/wp-content\/uploads\/sites\/3\/2023\/04\/La-copa-america-Escude-Puig-armengol-MuseuOlimpicBCN-scaled.jpg","contentUrl":"https:\/\/www.fundaciobarcelonaolimpica.es\/wp-content\/uploads\/sites\/3\/2023\/04\/La-copa-america-Escude-Puig-armengol-MuseuOlimpicBCN-scaled.jpg","width":2560,"height":1878},{"@type":"BreadcrumbList","@id":"https:\/\/www.fundaciobarcelonaolimpica.es\/es\/la-copa-america-barcelona-2024-grandes-eventos-en-la-ciudad-de-barcelona\/#breadcrumb","itemListElement":[{"@type":"ListItem","position":1,"name":"FBO","item":"https:\/\/www.fundaciobarcelonaolimpica.es\/es\/"},{"@type":"ListItem","position":2,"name":"La Copa Am\u00e8rica Barcelona 2024. Grans esdeveniments a la ciutat de Barcelona"}]},{"@type":"WebSite","@id":"https:\/\/www.fundaciobarcelonaolimpica.es\/ca\/#website","url":"https:\/\/www.fundaciobarcelonaolimpica.es\/ca\/","name":"Fundaci\u00f3 Barcelona Ol\u00edmpica","description":"Web del Museu Ol\u00edmpic i de l&#039;Esport","publisher":{"@id":"https:\/\/www.fundaciobarcelonaolimpica.es\/ca\/#organization"},"potentialAction":[{"@type":"SearchAction","target":{"@type":"EntryPoint","urlTemplate":"https:\/\/www.fundaciobarcelonaolimpica.es\/ca\/?s={search_term_string}"},"query-input":{"@type":"PropertyValueSpecification","valueRequired":true,"valueName":"search_term_string"}}],"inLanguage":"ca"},{"@type":"Organization","@id":"https:\/\/www.fundaciobarcelonaolimpica.es\/ca\/#organization","name":"Fundaci\u00f3 Barcelona Ol\u00edmpica","url":"https:\/\/www.fundaciobarcelonaolimpica.es\/ca\/","logo":{"@type":"ImageObject","inLanguage":"ca","@id":"https:\/\/www.fundaciobarcelonaolimpica.es\/ca\/#\/schema\/logo\/image\/","url":"https:\/\/www.fundaciobarcelonaolimpica.es\/wp-content\/uploads\/sites\/3\/2019\/02\/logo-fundacio.svg","contentUrl":"https:\/\/www.fundaciobarcelonaolimpica.es\/wp-content\/uploads\/sites\/3\/2019\/02\/logo-fundacio.svg","caption":"Fundaci\u00f3 Barcelona Ol\u00edmpica"},"image":{"@id":"https:\/\/www.fundaciobarcelonaolimpica.es\/ca\/#\/schema\/logo\/image\/"}},{"@type":"Person","@id":"https:\/\/www.fundaciobarcelonaolimpica.es\/ca\/#\/schema\/person\/b792834a53f193977df425a499287aa9","name":"Ibone","url":"https:\/\/www.fundaciobarcelonaolimpica.es\/ca\/author\/fbolimpica\/"}]}},"_links":{"self":[{"href":"https:\/\/www.fundaciobarcelonaolimpica.es\/ca\/wp-json\/wp\/v2\/posts\/27736"}],"collection":[{"href":"https:\/\/www.fundaciobarcelonaolimpica.es\/ca\/wp-json\/wp\/v2\/posts"}],"about":[{"href":"https:\/\/www.fundaciobarcelonaolimpica.es\/ca\/wp-json\/wp\/v2\/types\/post"}],"author":[{"embeddable":true,"href":"https:\/\/www.fundaciobarcelonaolimpica.es\/ca\/wp-json\/wp\/v2\/users\/11"}],"replies":[{"embeddable":true,"href":"https:\/\/www.fundaciobarcelonaolimpica.es\/ca\/wp-json\/wp\/v2\/comments?post=27736"}],"version-history":[{"count":2,"href":"https:\/\/www.fundaciobarcelonaolimpica.es\/ca\/wp-json\/wp\/v2\/posts\/27736\/revisions"}],"predecessor-version":[{"id":27761,"href":"https:\/\/www.fundaciobarcelonaolimpica.es\/ca\/wp-json\/wp\/v2\/posts\/27736\/revisions\/27761"}],"wp:featuredmedia":[{"embeddable":true,"href":"https:\/\/www.fundaciobarcelonaolimpica.es\/ca\/wp-json\/wp\/v2\/media\/27756"}],"wp:attachment":[{"href":"https:\/\/www.fundaciobarcelonaolimpica.es\/ca\/wp-json\/wp\/v2\/media?parent=27736"}],"wp:term":[{"taxonomy":"category","embeddable":true,"href":"https:\/\/www.fundaciobarcelonaolimpica.es\/ca\/wp-json\/wp\/v2\/categories?post=27736"},{"taxonomy":"post_tag","embeddable":true,"href":"https:\/\/www.fundaciobarcelonaolimpica.es\/ca\/wp-json\/wp\/v2\/tags?post=27736"}],"curies":[{"name":"wp","href":"https:\/\/api.w.org\/{rel}","templated":true}]}}