{"id":29469,"date":"2023-11-21T20:36:02","date_gmt":"2023-11-21T19:36:02","guid":{"rendered":"https:\/\/www.fundaciobarcelonaolimpica.es\/esportistes-i-salut-mental-primera-sessio-de-la-xv-edicio-del-forum-olimpic-memorial-roma-cuyas\/"},"modified":"2023-11-21T20:37:10","modified_gmt":"2023-11-21T19:37:10","slug":"esportistes-i-salut-mental-primera-sessio-de-la-xv-edicio-del-forum-olimpic-memorial-roma-cuyas","status":"publish","type":"post","link":"https:\/\/www.fundaciobarcelonaolimpica.es\/ca\/esportistes-i-salut-mental-primera-sessio-de-la-xv-edicio-del-forum-olimpic-memorial-roma-cuyas\/","title":{"rendered":"Esportistes i Salut Mental, primera sessi\u00f3 de la XV edici\u00f3 del F\u00f2rum Ol\u00edmpic \u2013 Memorial Rom\u00e0 Cuy\u00e0s."},"content":{"rendered":"<p>La primera edici\u00f3 del F\u00f2rum Ol\u00edmpic dedicat a l\u2019esport i la salut mental s\u2019ha centrat en els i les esportistes.<\/p>\n<p>&nbsp;<\/p>\n<p>David Escud\u00e9, president de la Fundaci\u00f3 Barcelona Ol\u00edmpica i regidor d\u2019Esports de l\u2019Ajuntament de Barcelona, ha estat l\u2019encarregat de donar la benvinguda a l\u2019auditori del Museu Ol\u00edmpic i de l\u2019Esport JA Samaranch, on s\u2019havien reunit personalitats del m\u00f3n de l\u2019esport, entitats esportives i patrons de la Fundaci\u00f3 Barcelona Ol\u00edmpica.<\/p>\n<p>&nbsp;<\/p>\n<p>Alejandro Blanco, president del Comit\u00e8 Ol\u00edmpic Espanyol, s\u2019ha connectat a la sessi\u00f3 a trav\u00e9s d\u2019una videoconfer\u00e8ncia per agrair a la Fundaci\u00f3 Barcelona Ol\u00edmpica el seu comprom\u00eds amb l\u2019esport.<\/p>\n<p>&nbsp;<\/p>\n<p>Per part seva, Thomas Bach, president del Comit\u00e8 Ol\u00edmpic Internacional, i Pau Gasol i Joan Antoni Samaranch, a trav\u00e9s de v\u00eddeos, han transm\u00e8s el seu suport a aquestes jornades, que posen de manifest la cura de la salut mental.<\/p>\n<p>&nbsp;<\/p>\n<p>La primera de les pon\u00e8ncies ha estat a c\u00e0rrec del medallista paral\u00edmpic Sergio Garrote, que ha parlat de la import\u00e0ncia de l\u2019esport a la seva vida i de com per a ell va ser i continua sent una eina per al benestar mental.<\/p>\n<p>&nbsp;<\/p>\n<p>Despr\u00e9s de la intervenci\u00f3 de Sergio Garrote s\u2019ha desenvolupat la taula rodona formada pels i les esportistes ol\u00edmpics Iris Ti\u00f3, Jordi Sans, Almudena Cid i Gervasi Deferr. Aquesta taula, moderada per la periodista Paloma del R\u00edo, ens ha destacat l\u2019evoluci\u00f3 del tractament de la salut mental en l\u2019esport a trav\u00e9s de tres generacions diferents d\u2019esportistes.<\/p>\n<p>&nbsp;<\/p>\n<p>Aquesta primera jornada del F\u00f2rum Ol\u00edmpic \u2013 Memorial Rom\u00e0 Cuy\u00e0s ha homenatjat Paloma del R\u00edo per la seva llarga traject\u00f2ria com a periodista esportiva i la seva gran labor en els mitjans de comunicaci\u00f3.<\/p>\n<p>&nbsp;<\/p>\n<p>La<strong> 1a sessi\u00f3: Esportistes i Salut Mental <\/strong>de la XV edici\u00f3 del F\u00f2rum Ol\u00edmpic \u2013 Memorial Rom\u00e0 Cuy\u00e0s: Esport i Salut Mental est\u00e0 disponible al Canal de YouTube: <a href=\"https:\/\/www.youtube.com\/live\/Z5-6kG0llV0?si=zKrTS0PotTS8NcJ8\">Fundaci\u00f3 Barcelona Ol\u00edmpica \u2013 Museu Ol\u00edmpic BCN \u2013 Esportistes i Salut Mental<\/a><\/p>\n<p>&nbsp;<\/p>\n<p>La<strong> 2a sessi\u00f3 tractar\u00e0 sobre les Entitats i la Salut Mental.<\/strong> Es podr\u00e0 seguir dem\u00e0 dimecres des de les 10.00\u00a0h fins a les 13.30\u00a0h al nostre canal de YouTube: <a href=\"https:\/\/www.youtube.com\/live\/yAnCEuNqFzY?si=8oS4kVHGYQFW5teg\">Fundaci\u00f3 Barcelona Ol\u00edmpica \u2013 Museu Ol\u00edmpic BCN \u2013 Entitats i Salut Mental<\/a><\/p>\n<p>&nbsp;<\/p>\n<p>La<strong> 3a sessi\u00f3 ser\u00e0 sobre Equips i Salut Mental<\/strong>. Tamb\u00e9 es podr\u00e0 seguir dem\u00e0 dimecres des de les 17.00\u00a0h fins a les 20.00\u00a0h trav\u00e9s del nostre canal de YouTube: <a href=\"https:\/\/www.youtube.com\/live\/Ih2iwlIHOwk?si=hPIBGWFBNH7zo1ci\">Fundaci\u00f3 Barcelona Ol\u00edmpica \u2013 Museu Ol\u00edmpic BCN \u2013 Equips i Salut Mental<\/a><\/p>\n<p>&nbsp;<\/p>\n<p><a href=\"https:\/\/www.fundaciobarcelonaolimpica.es\/ca\/forum-olimpic-2023-esport-i-salut-mental\/\">Informaci\u00f3 general del F\u00f2rum Ol\u00edmpic<\/a><\/p>\n","protected":false},"excerpt":{"rendered":"<p>La primera edici\u00f3 del F\u00f2rum Ol\u00edmpic dedicat a l\u2019esport i la salut mental s\u2019ha centrat en els i les esportistes. &nbsp; David Escud\u00e9, president de la Fundaci\u00f3 Barcelona Ol\u00edmpica i regidor d\u2019Esports de l\u2019Ajuntament de Barcelona, ha estat l\u2019encarregat de donar la benvinguda a l\u2019auditori del Museu Ol\u00edmpic i de l\u2019Esport JA Samaranch, on s\u2019havien [&hellip;]<\/p>\n","protected":false},"author":11,"featured_media":29435,"comment_status":"closed","ping_status":"closed","sticky":false,"template":"","format":"standard","meta":{"_acf_changed":false,"footnotes":""},"categories":[2],"tags":[],"class_list":["post-29469","post","type-post","status-publish","format-standard","has-post-thumbnail","hentry","category-sense-categoria"],"acf":[],"yoast_head":"<!-- This site is optimized with the Yoast SEO plugin v23.7 - https:\/\/yoast.com\/wordpress\/plugins\/seo\/ -->\n<title>Esportistes i Salut Mental, primera sessi\u00f3 de la XV edici\u00f3 del F\u00f2rum Ol\u00edmpic \u2013 Memorial Rom\u00e0 Cuy\u00e0s. - Fundaci\u00f3 Barcelona Ol\u00edmpica<\/title>\n<meta name=\"robots\" content=\"index, follow, max-snippet:-1, max-image-preview:large, max-video-preview:-1\" \/>\n<link rel=\"canonical\" href=\"https:\/\/www.fundaciobarcelonaolimpica.es\/es\/deportistas-y-salud-mental-primera-sesion-de-la-xv-edicion-del-forum-olimpic-memorial-roma-cuyas\/\" \/>\n<meta property=\"og:locale\" content=\"ca_ES\" \/>\n<meta property=\"og:type\" content=\"article\" \/>\n<meta property=\"og:title\" content=\"Esportistes i Salut Mental, primera sessi\u00f3 de la XV edici\u00f3 del F\u00f2rum Ol\u00edmpic \u2013 Memorial Rom\u00e0 Cuy\u00e0s. - Fundaci\u00f3 Barcelona Ol\u00edmpica\" \/>\n<meta property=\"og:description\" content=\"La primera edici\u00f3 del F\u00f2rum Ol\u00edmpic dedicat a l\u2019esport i la salut mental s\u2019ha centrat en els i les esportistes. &nbsp; David Escud\u00e9, president de la Fundaci\u00f3 Barcelona Ol\u00edmpica i regidor d\u2019Esports de l\u2019Ajuntament de Barcelona, ha estat l\u2019encarregat de donar la benvinguda a l\u2019auditori del Museu Ol\u00edmpic i de l\u2019Esport JA Samaranch, on s\u2019havien [&hellip;]\" \/>\n<meta property=\"og:url\" content=\"https:\/\/www.fundaciobarcelonaolimpica.es\/es\/deportistas-y-salud-mental-primera-sesion-de-la-xv-edicion-del-forum-olimpic-memorial-roma-cuyas\/\" \/>\n<meta property=\"og:site_name\" content=\"Fundaci\u00f3 Barcelona Ol\u00edmpica\" \/>\n<meta property=\"article:published_time\" content=\"2023-11-21T19:36:02+00:00\" \/>\n<meta property=\"article:modified_time\" content=\"2023-11-21T19:37:10+00:00\" \/>\n<meta property=\"og:image\" content=\"https:\/\/www.fundaciobarcelonaolimpica.es\/wp-content\/uploads\/sites\/3\/2023\/11\/Forum-olimpic-deporte-y-salud-mental-23-scaled.jpg\" \/>\n\t<meta property=\"og:image:width\" content=\"2560\" \/>\n\t<meta property=\"og:image:height\" content=\"1707\" \/>\n\t<meta property=\"og:image:type\" content=\"image\/jpeg\" \/>\n<meta name=\"author\" content=\"Ibone\" \/>\n<meta name=\"twitter:card\" content=\"summary_large_image\" \/>\n<meta name=\"twitter:label1\" content=\"Escrit per\" \/>\n\t<meta name=\"twitter:data1\" content=\"Ibone\" \/>\n\t<meta name=\"twitter:label2\" content=\"Temps estimat de lectura\" \/>\n\t<meta name=\"twitter:data2\" content=\"2 minuts\" \/>\n<script type=\"application\/ld+json\" class=\"yoast-schema-graph\">{\"@context\":\"https:\/\/schema.org\",\"@graph\":[{\"@type\":\"Article\",\"@id\":\"https:\/\/www.fundaciobarcelonaolimpica.es\/es\/deportistas-y-salud-mental-primera-sesion-de-la-xv-edicion-del-forum-olimpic-memorial-roma-cuyas\/#article\",\"isPartOf\":{\"@id\":\"https:\/\/www.fundaciobarcelonaolimpica.es\/es\/deportistas-y-salud-mental-primera-sesion-de-la-xv-edicion-del-forum-olimpic-memorial-roma-cuyas\/\"},\"author\":{\"name\":\"Ibone\",\"@id\":\"https:\/\/www.fundaciobarcelonaolimpica.es\/ca\/#\/schema\/person\/b792834a53f193977df425a499287aa9\"},\"headline\":\"Esportistes i Salut Mental, primera sessi\u00f3 de la XV edici\u00f3 del F\u00f2rum Ol\u00edmpic \u2013 Memorial Rom\u00e0 Cuy\u00e0s.\",\"datePublished\":\"2023-11-21T19:36:02+00:00\",\"dateModified\":\"2023-11-21T19:37:10+00:00\",\"mainEntityOfPage\":{\"@id\":\"https:\/\/www.fundaciobarcelonaolimpica.es\/es\/deportistas-y-salud-mental-primera-sesion-de-la-xv-edicion-del-forum-olimpic-memorial-roma-cuyas\/\"},\"wordCount\":473,\"publisher\":{\"@id\":\"https:\/\/www.fundaciobarcelonaolimpica.es\/ca\/#organization\"},\"image\":{\"@id\":\"https:\/\/www.fundaciobarcelonaolimpica.es\/es\/deportistas-y-salud-mental-primera-sesion-de-la-xv-edicion-del-forum-olimpic-memorial-roma-cuyas\/#primaryimage\"},\"thumbnailUrl\":\"https:\/\/www.fundaciobarcelonaolimpica.es\/wp-content\/uploads\/sites\/3\/2023\/11\/Forum-olimpic-deporte-y-salud-mental-23-scaled.jpg\",\"inLanguage\":\"ca\"},{\"@type\":\"WebPage\",\"@id\":\"https:\/\/www.fundaciobarcelonaolimpica.es\/es\/deportistas-y-salud-mental-primera-sesion-de-la-xv-edicion-del-forum-olimpic-memorial-roma-cuyas\/\",\"url\":\"https:\/\/www.fundaciobarcelonaolimpica.es\/es\/deportistas-y-salud-mental-primera-sesion-de-la-xv-edicion-del-forum-olimpic-memorial-roma-cuyas\/\",\"name\":\"Esportistes i Salut Mental, primera sessi\u00f3 de la XV edici\u00f3 del F\u00f2rum Ol\u00edmpic \u2013 Memorial Rom\u00e0 Cuy\u00e0s. - Fundaci\u00f3 Barcelona Ol\u00edmpica\",\"isPartOf\":{\"@id\":\"https:\/\/www.fundaciobarcelonaolimpica.es\/ca\/#website\"},\"primaryImageOfPage\":{\"@id\":\"https:\/\/www.fundaciobarcelonaolimpica.es\/es\/deportistas-y-salud-mental-primera-sesion-de-la-xv-edicion-del-forum-olimpic-memorial-roma-cuyas\/#primaryimage\"},\"image\":{\"@id\":\"https:\/\/www.fundaciobarcelonaolimpica.es\/es\/deportistas-y-salud-mental-primera-sesion-de-la-xv-edicion-del-forum-olimpic-memorial-roma-cuyas\/#primaryimage\"},\"thumbnailUrl\":\"https:\/\/www.fundaciobarcelonaolimpica.es\/wp-content\/uploads\/sites\/3\/2023\/11\/Forum-olimpic-deporte-y-salud-mental-23-scaled.jpg\",\"datePublished\":\"2023-11-21T19:36:02+00:00\",\"dateModified\":\"2023-11-21T19:37:10+00:00\",\"breadcrumb\":{\"@id\":\"https:\/\/www.fundaciobarcelonaolimpica.es\/es\/deportistas-y-salud-mental-primera-sesion-de-la-xv-edicion-del-forum-olimpic-memorial-roma-cuyas\/#breadcrumb\"},\"inLanguage\":\"ca\",\"potentialAction\":[{\"@type\":\"ReadAction\",\"target\":[\"https:\/\/www.fundaciobarcelonaolimpica.es\/es\/deportistas-y-salud-mental-primera-sesion-de-la-xv-edicion-del-forum-olimpic-memorial-roma-cuyas\/\"]}]},{\"@type\":\"ImageObject\",\"inLanguage\":\"ca\",\"@id\":\"https:\/\/www.fundaciobarcelonaolimpica.es\/es\/deportistas-y-salud-mental-primera-sesion-de-la-xv-edicion-del-forum-olimpic-memorial-roma-cuyas\/#primaryimage\",\"url\":\"https:\/\/www.fundaciobarcelonaolimpica.es\/wp-content\/uploads\/sites\/3\/2023\/11\/Forum-olimpic-deporte-y-salud-mental-23-scaled.jpg\",\"contentUrl\":\"https:\/\/www.fundaciobarcelonaolimpica.es\/wp-content\/uploads\/sites\/3\/2023\/11\/Forum-olimpic-deporte-y-salud-mental-23-scaled.jpg\",\"width\":2560,\"height\":1707},{\"@type\":\"BreadcrumbList\",\"@id\":\"https:\/\/www.fundaciobarcelonaolimpica.es\/es\/deportistas-y-salud-mental-primera-sesion-de-la-xv-edicion-del-forum-olimpic-memorial-roma-cuyas\/#breadcrumb\",\"itemListElement\":[{\"@type\":\"ListItem\",\"position\":1,\"name\":\"FBO\",\"item\":\"https:\/\/www.fundaciobarcelonaolimpica.es\/es\/\"},{\"@type\":\"ListItem\",\"position\":2,\"name\":\"Esportistes i Salut Mental, primera sessi\u00f3 de la XV edici\u00f3 del F\u00f2rum Ol\u00edmpic \u2013 Memorial Rom\u00e0 Cuy\u00e0s.\"}]},{\"@type\":\"WebSite\",\"@id\":\"https:\/\/www.fundaciobarcelonaolimpica.es\/ca\/#website\",\"url\":\"https:\/\/www.fundaciobarcelonaolimpica.es\/ca\/\",\"name\":\"Fundaci\u00f3 Barcelona Ol\u00edmpica\",\"description\":\"Web del Museu Ol\u00edmpic i de l&#039;Esport\",\"publisher\":{\"@id\":\"https:\/\/www.fundaciobarcelonaolimpica.es\/ca\/#organization\"},\"potentialAction\":[{\"@type\":\"SearchAction\",\"target\":{\"@type\":\"EntryPoint\",\"urlTemplate\":\"https:\/\/www.fundaciobarcelonaolimpica.es\/ca\/?s={search_term_string}\"},\"query-input\":{\"@type\":\"PropertyValueSpecification\",\"valueRequired\":true,\"valueName\":\"search_term_string\"}}],\"inLanguage\":\"ca\"},{\"@type\":\"Organization\",\"@id\":\"https:\/\/www.fundaciobarcelonaolimpica.es\/ca\/#organization\",\"name\":\"Fundaci\u00f3 Barcelona Ol\u00edmpica\",\"url\":\"https:\/\/www.fundaciobarcelonaolimpica.es\/ca\/\",\"logo\":{\"@type\":\"ImageObject\",\"inLanguage\":\"ca\",\"@id\":\"https:\/\/www.fundaciobarcelonaolimpica.es\/ca\/#\/schema\/logo\/image\/\",\"url\":\"https:\/\/www.fundaciobarcelonaolimpica.es\/wp-content\/uploads\/sites\/3\/2019\/02\/logo-fundacio.svg\",\"contentUrl\":\"https:\/\/www.fundaciobarcelonaolimpica.es\/wp-content\/uploads\/sites\/3\/2019\/02\/logo-fundacio.svg\",\"caption\":\"Fundaci\u00f3 Barcelona Ol\u00edmpica\"},\"image\":{\"@id\":\"https:\/\/www.fundaciobarcelonaolimpica.es\/ca\/#\/schema\/logo\/image\/\"}},{\"@type\":\"Person\",\"@id\":\"https:\/\/www.fundaciobarcelonaolimpica.es\/ca\/#\/schema\/person\/b792834a53f193977df425a499287aa9\",\"name\":\"Ibone\",\"url\":\"https:\/\/www.fundaciobarcelonaolimpica.es\/ca\/author\/fbolimpica\/\"}]}<\/script>\n<!-- \/ Yoast SEO plugin. -->","yoast_head_json":{"title":"Esportistes i Salut Mental, primera sessi\u00f3 de la XV edici\u00f3 del F\u00f2rum Ol\u00edmpic \u2013 Memorial Rom\u00e0 Cuy\u00e0s. - Fundaci\u00f3 Barcelona Ol\u00edmpica","robots":{"index":"index","follow":"follow","max-snippet":"max-snippet:-1","max-image-preview":"max-image-preview:large","max-video-preview":"max-video-preview:-1"},"canonical":"https:\/\/www.fundaciobarcelonaolimpica.es\/es\/deportistas-y-salud-mental-primera-sesion-de-la-xv-edicion-del-forum-olimpic-memorial-roma-cuyas\/","og_locale":"ca_ES","og_type":"article","og_title":"Esportistes i Salut Mental, primera sessi\u00f3 de la XV edici\u00f3 del F\u00f2rum Ol\u00edmpic \u2013 Memorial Rom\u00e0 Cuy\u00e0s. - Fundaci\u00f3 Barcelona Ol\u00edmpica","og_description":"La primera edici\u00f3 del F\u00f2rum Ol\u00edmpic dedicat a l\u2019esport i la salut mental s\u2019ha centrat en els i les esportistes. &nbsp; David Escud\u00e9, president de la Fundaci\u00f3 Barcelona Ol\u00edmpica i regidor d\u2019Esports de l\u2019Ajuntament de Barcelona, ha estat l\u2019encarregat de donar la benvinguda a l\u2019auditori del Museu Ol\u00edmpic i de l\u2019Esport JA Samaranch, on s\u2019havien [&hellip;]","og_url":"https:\/\/www.fundaciobarcelonaolimpica.es\/es\/deportistas-y-salud-mental-primera-sesion-de-la-xv-edicion-del-forum-olimpic-memorial-roma-cuyas\/","og_site_name":"Fundaci\u00f3 Barcelona Ol\u00edmpica","article_published_time":"2023-11-21T19:36:02+00:00","article_modified_time":"2023-11-21T19:37:10+00:00","og_image":[{"width":2560,"height":1707,"url":"https:\/\/www.fundaciobarcelonaolimpica.es\/wp-content\/uploads\/sites\/3\/2023\/11\/Forum-olimpic-deporte-y-salud-mental-23-scaled.jpg","type":"image\/jpeg"}],"author":"Ibone","twitter_card":"summary_large_image","twitter_misc":{"Escrit per":"Ibone","Temps estimat de lectura":"2 minuts"},"schema":{"@context":"https:\/\/schema.org","@graph":[{"@type":"Article","@id":"https:\/\/www.fundaciobarcelonaolimpica.es\/es\/deportistas-y-salud-mental-primera-sesion-de-la-xv-edicion-del-forum-olimpic-memorial-roma-cuyas\/#article","isPartOf":{"@id":"https:\/\/www.fundaciobarcelonaolimpica.es\/es\/deportistas-y-salud-mental-primera-sesion-de-la-xv-edicion-del-forum-olimpic-memorial-roma-cuyas\/"},"author":{"name":"Ibone","@id":"https:\/\/www.fundaciobarcelonaolimpica.es\/ca\/#\/schema\/person\/b792834a53f193977df425a499287aa9"},"headline":"Esportistes i Salut Mental, primera sessi\u00f3 de la XV edici\u00f3 del F\u00f2rum Ol\u00edmpic \u2013 Memorial Rom\u00e0 Cuy\u00e0s.","datePublished":"2023-11-21T19:36:02+00:00","dateModified":"2023-11-21T19:37:10+00:00","mainEntityOfPage":{"@id":"https:\/\/www.fundaciobarcelonaolimpica.es\/es\/deportistas-y-salud-mental-primera-sesion-de-la-xv-edicion-del-forum-olimpic-memorial-roma-cuyas\/"},"wordCount":473,"publisher":{"@id":"https:\/\/www.fundaciobarcelonaolimpica.es\/ca\/#organization"},"image":{"@id":"https:\/\/www.fundaciobarcelonaolimpica.es\/es\/deportistas-y-salud-mental-primera-sesion-de-la-xv-edicion-del-forum-olimpic-memorial-roma-cuyas\/#primaryimage"},"thumbnailUrl":"https:\/\/www.fundaciobarcelonaolimpica.es\/wp-content\/uploads\/sites\/3\/2023\/11\/Forum-olimpic-deporte-y-salud-mental-23-scaled.jpg","inLanguage":"ca"},{"@type":"WebPage","@id":"https:\/\/www.fundaciobarcelonaolimpica.es\/es\/deportistas-y-salud-mental-primera-sesion-de-la-xv-edicion-del-forum-olimpic-memorial-roma-cuyas\/","url":"https:\/\/www.fundaciobarcelonaolimpica.es\/es\/deportistas-y-salud-mental-primera-sesion-de-la-xv-edicion-del-forum-olimpic-memorial-roma-cuyas\/","name":"Esportistes i Salut Mental, primera sessi\u00f3 de la XV edici\u00f3 del F\u00f2rum Ol\u00edmpic \u2013 Memorial Rom\u00e0 Cuy\u00e0s. - Fundaci\u00f3 Barcelona Ol\u00edmpica","isPartOf":{"@id":"https:\/\/www.fundaciobarcelonaolimpica.es\/ca\/#website"},"primaryImageOfPage":{"@id":"https:\/\/www.fundaciobarcelonaolimpica.es\/es\/deportistas-y-salud-mental-primera-sesion-de-la-xv-edicion-del-forum-olimpic-memorial-roma-cuyas\/#primaryimage"},"image":{"@id":"https:\/\/www.fundaciobarcelonaolimpica.es\/es\/deportistas-y-salud-mental-primera-sesion-de-la-xv-edicion-del-forum-olimpic-memorial-roma-cuyas\/#primaryimage"},"thumbnailUrl":"https:\/\/www.fundaciobarcelonaolimpica.es\/wp-content\/uploads\/sites\/3\/2023\/11\/Forum-olimpic-deporte-y-salud-mental-23-scaled.jpg","datePublished":"2023-11-21T19:36:02+00:00","dateModified":"2023-11-21T19:37:10+00:00","breadcrumb":{"@id":"https:\/\/www.fundaciobarcelonaolimpica.es\/es\/deportistas-y-salud-mental-primera-sesion-de-la-xv-edicion-del-forum-olimpic-memorial-roma-cuyas\/#breadcrumb"},"inLanguage":"ca","potentialAction":[{"@type":"ReadAction","target":["https:\/\/www.fundaciobarcelonaolimpica.es\/es\/deportistas-y-salud-mental-primera-sesion-de-la-xv-edicion-del-forum-olimpic-memorial-roma-cuyas\/"]}]},{"@type":"ImageObject","inLanguage":"ca","@id":"https:\/\/www.fundaciobarcelonaolimpica.es\/es\/deportistas-y-salud-mental-primera-sesion-de-la-xv-edicion-del-forum-olimpic-memorial-roma-cuyas\/#primaryimage","url":"https:\/\/www.fundaciobarcelonaolimpica.es\/wp-content\/uploads\/sites\/3\/2023\/11\/Forum-olimpic-deporte-y-salud-mental-23-scaled.jpg","contentUrl":"https:\/\/www.fundaciobarcelonaolimpica.es\/wp-content\/uploads\/sites\/3\/2023\/11\/Forum-olimpic-deporte-y-salud-mental-23-scaled.jpg","width":2560,"height":1707},{"@type":"BreadcrumbList","@id":"https:\/\/www.fundaciobarcelonaolimpica.es\/es\/deportistas-y-salud-mental-primera-sesion-de-la-xv-edicion-del-forum-olimpic-memorial-roma-cuyas\/#breadcrumb","itemListElement":[{"@type":"ListItem","position":1,"name":"FBO","item":"https:\/\/www.fundaciobarcelonaolimpica.es\/es\/"},{"@type":"ListItem","position":2,"name":"Esportistes i Salut Mental, primera sessi\u00f3 de la XV edici\u00f3 del F\u00f2rum Ol\u00edmpic \u2013 Memorial Rom\u00e0 Cuy\u00e0s."}]},{"@type":"WebSite","@id":"https:\/\/www.fundaciobarcelonaolimpica.es\/ca\/#website","url":"https:\/\/www.fundaciobarcelonaolimpica.es\/ca\/","name":"Fundaci\u00f3 Barcelona Ol\u00edmpica","description":"Web del Museu Ol\u00edmpic i de l&#039;Esport","publisher":{"@id":"https:\/\/www.fundaciobarcelonaolimpica.es\/ca\/#organization"},"potentialAction":[{"@type":"SearchAction","target":{"@type":"EntryPoint","urlTemplate":"https:\/\/www.fundaciobarcelonaolimpica.es\/ca\/?s={search_term_string}"},"query-input":{"@type":"PropertyValueSpecification","valueRequired":true,"valueName":"search_term_string"}}],"inLanguage":"ca"},{"@type":"Organization","@id":"https:\/\/www.fundaciobarcelonaolimpica.es\/ca\/#organization","name":"Fundaci\u00f3 Barcelona Ol\u00edmpica","url":"https:\/\/www.fundaciobarcelonaolimpica.es\/ca\/","logo":{"@type":"ImageObject","inLanguage":"ca","@id":"https:\/\/www.fundaciobarcelonaolimpica.es\/ca\/#\/schema\/logo\/image\/","url":"https:\/\/www.fundaciobarcelonaolimpica.es\/wp-content\/uploads\/sites\/3\/2019\/02\/logo-fundacio.svg","contentUrl":"https:\/\/www.fundaciobarcelonaolimpica.es\/wp-content\/uploads\/sites\/3\/2019\/02\/logo-fundacio.svg","caption":"Fundaci\u00f3 Barcelona Ol\u00edmpica"},"image":{"@id":"https:\/\/www.fundaciobarcelonaolimpica.es\/ca\/#\/schema\/logo\/image\/"}},{"@type":"Person","@id":"https:\/\/www.fundaciobarcelonaolimpica.es\/ca\/#\/schema\/person\/b792834a53f193977df425a499287aa9","name":"Ibone","url":"https:\/\/www.fundaciobarcelonaolimpica.es\/ca\/author\/fbolimpica\/"}]}},"_links":{"self":[{"href":"https:\/\/www.fundaciobarcelonaolimpica.es\/ca\/wp-json\/wp\/v2\/posts\/29469"}],"collection":[{"href":"https:\/\/www.fundaciobarcelonaolimpica.es\/ca\/wp-json\/wp\/v2\/posts"}],"about":[{"href":"https:\/\/www.fundaciobarcelonaolimpica.es\/ca\/wp-json\/wp\/v2\/types\/post"}],"author":[{"embeddable":true,"href":"https:\/\/www.fundaciobarcelonaolimpica.es\/ca\/wp-json\/wp\/v2\/users\/11"}],"replies":[{"embeddable":true,"href":"https:\/\/www.fundaciobarcelonaolimpica.es\/ca\/wp-json\/wp\/v2\/comments?post=29469"}],"version-history":[{"count":1,"href":"https:\/\/www.fundaciobarcelonaolimpica.es\/ca\/wp-json\/wp\/v2\/posts\/29469\/revisions"}],"predecessor-version":[{"id":29470,"href":"https:\/\/www.fundaciobarcelonaolimpica.es\/ca\/wp-json\/wp\/v2\/posts\/29469\/revisions\/29470"}],"wp:featuredmedia":[{"embeddable":true,"href":"https:\/\/www.fundaciobarcelonaolimpica.es\/ca\/wp-json\/wp\/v2\/media\/29435"}],"wp:attachment":[{"href":"https:\/\/www.fundaciobarcelonaolimpica.es\/ca\/wp-json\/wp\/v2\/media?parent=29469"}],"wp:term":[{"taxonomy":"category","embeddable":true,"href":"https:\/\/www.fundaciobarcelonaolimpica.es\/ca\/wp-json\/wp\/v2\/categories?post=29469"},{"taxonomy":"post_tag","embeddable":true,"href":"https:\/\/www.fundaciobarcelonaolimpica.es\/ca\/wp-json\/wp\/v2\/tags?post=29469"}],"curies":[{"name":"wp","href":"https:\/\/api.w.org\/{rel}","templated":true}]}}