{"id":30718,"date":"2024-12-02T16:55:36","date_gmt":"2024-12-02T15:55:36","guid":{"rendered":"https:\/\/www.fundaciobarcelonaolimpica.es\/el-museu-olimpic-i-de-lesport-ja-samaranch-acull-la-presentacio-del-llibre-barcelona-paco-godia-i-el-motor-una-ciutat-i-un-pilot-agermanats-per-una-passio-comuna\/"},"modified":"2024-12-02T17:01:26","modified_gmt":"2024-12-02T16:01:26","slug":"el-museu-olimpic-i-de-lesport-ja-samaranch-acull-la-presentacio-del-llibre-barcelona-paco-godia-i-el-motor-una-ciutat-i-un-pilot-agermanats-per-una-passio-comuna","status":"publish","type":"post","link":"https:\/\/www.fundaciobarcelonaolimpica.es\/ca\/el-museu-olimpic-i-de-lesport-ja-samaranch-acull-la-presentacio-del-llibre-barcelona-paco-godia-i-el-motor-una-ciutat-i-un-pilot-agermanats-per-una-passio-comuna\/","title":{"rendered":"El Museu Ol\u00edmpic i de l\u2019Esport JA Samaranch acull la presentaci\u00f3 del llibre: \u201cBarcelona, Paco Godia i el motor. Una ciutat i un pilot, agermanats per una passi\u00f3 comuna\u201d"},"content":{"rendered":"<p>L\u2019acte, ha comptat amb una taula rodona i la inauguraci\u00f3 de l\u2019exposici\u00f3 itinerant amb el mateix nom \u201cBarcelona, Paco Godia i el motor. Una ciutat i un pilot, agermanats per una passi\u00f3 comuna\u201d, ha servit per retre homenatge a la figura de Francisco Godia, una icona de l\u2019automobilisme catal\u00e0.<\/p>\n<p>L\u2019esdeveniment ha estat inaugurat per Maria Teresa Samaranch, membre del patronat de la Fundaci\u00f3 Barcelona Ol\u00edmpica. A continuaci\u00f3, han pres la paraula Liliana Godia Guardiola, filla de Francisco Godia i presidenta de la Fundaci\u00f3 Francisco Godia; Josep Mateu, president del RACC; i David Escud\u00e9, president de la Fundaci\u00f3 Barcelona Ol\u00edmpica i regidor d\u2019Esports de l\u2019Ajuntament de Barcelona.<\/p>\n<p>El punt \u00e0lgid de la jornada ha estat la taula rodona, coordinada per Josep Autet i Soler, copilot de ral\u00b7lis i fundador de JAS Info Service, amb la participaci\u00f3 de Valent\u00ed Fradera i P\u00e9rez, autor del llibre i expert en la hist\u00f2ria de l\u2019automobilisme, i Luis P\u00e9rez-Sala Valls-Taberner, expilot de F\u00f3rmula 1.<\/p>\n<p>L\u2019acte ha estat molt emotiu, amb la pres\u00e8ncia d\u2019amics de la fam\u00edlia Godia, entre els quals Joaqu\u00edn Folch-Rusi\u00f1ol, pilot de vehicles hist\u00f2rics i col\u00b7leccionista, i Salvador Ca\u00f1ellas, pilot hist\u00f2ric sobre dues i quatre rodes.<\/p>\n<p><strong>Valent\u00ed Fradera i P\u00e9rez, autor del llibre<\/strong><br \/>\nValent\u00ed Fradera (Barcelona, 1969) \u00e9s un apassionat del motor i un estudi\u00f3s de la hist\u00f2ria de l\u2019automobilisme. Despr\u00e9s d\u2019iniciar-se a La Llibreria del Motor, va formar part de l\u2019equip de redacci\u00f3 de la revista F1 Racing fins al 2011. Des d\u2019aleshores, ha col\u00b7laborat amb L\u2019Esportiu i altres publicacions especialitzades com TodoRacing, Motor Cl\u00e1sico, Autom\u00f3vil i La Revista del RACC.<\/p>\n","protected":false},"excerpt":{"rendered":"<p>L\u2019acte, ha comptat amb una taula rodona i la inauguraci\u00f3 de l\u2019exposici\u00f3 itinerant amb el mateix nom \u201cBarcelona, Paco Godia i el motor. Una ciutat i un pilot, agermanats per una passi\u00f3 comuna\u201d, ha servit per retre homenatge a la figura de Francisco Godia, una icona de l\u2019automobilisme catal\u00e0. L\u2019esdeveniment ha estat inaugurat per Maria [&hellip;]<\/p>\n","protected":false},"author":11,"featured_media":30713,"comment_status":"closed","ping_status":"closed","sticky":false,"template":"","format":"standard","meta":{"_acf_changed":false,"footnotes":""},"categories":[2],"tags":[],"class_list":["post-30718","post","type-post","status-publish","format-standard","has-post-thumbnail","hentry","category-sense-categoria"],"acf":[],"yoast_head":"<!-- This site is optimized with the Yoast SEO plugin v23.7 - https:\/\/yoast.com\/wordpress\/plugins\/seo\/ -->\n<title>El Museu Ol\u00edmpic i de l\u2019Esport JA Samaranch acull la presentaci\u00f3 del llibre: \u201cBarcelona, Paco Godia i el motor. Una ciutat i un pilot, agermanats per una passi\u00f3 comuna\u201d - Fundaci\u00f3 Barcelona Ol\u00edmpica<\/title>\n<meta name=\"robots\" content=\"index, follow, max-snippet:-1, max-image-preview:large, max-video-preview:-1\" \/>\n<link rel=\"canonical\" href=\"https:\/\/www.fundaciobarcelonaolimpica.es\/ca\/el-museu-olimpic-i-de-lesport-ja-samaranch-acull-la-presentacio-del-llibre-barcelona-paco-godia-i-el-motor-una-ciutat-i-un-pilot-agermanats-per-una-passio-comuna\/\" \/>\n<meta property=\"og:locale\" content=\"ca_ES\" \/>\n<meta property=\"og:type\" content=\"article\" \/>\n<meta property=\"og:title\" content=\"El Museu Ol\u00edmpic i de l\u2019Esport JA Samaranch acull la presentaci\u00f3 del llibre: \u201cBarcelona, Paco Godia i el motor. Una ciutat i un pilot, agermanats per una passi\u00f3 comuna\u201d - Fundaci\u00f3 Barcelona Ol\u00edmpica\" \/>\n<meta property=\"og:description\" content=\"L\u2019acte, ha comptat amb una taula rodona i la inauguraci\u00f3 de l\u2019exposici\u00f3 itinerant amb el mateix nom \u201cBarcelona, Paco Godia i el motor. Una ciutat i un pilot, agermanats per una passi\u00f3 comuna\u201d, ha servit per retre homenatge a la figura de Francisco Godia, una icona de l\u2019automobilisme catal\u00e0. L\u2019esdeveniment ha estat inaugurat per Maria [&hellip;]\" \/>\n<meta property=\"og:url\" content=\"https:\/\/www.fundaciobarcelonaolimpica.es\/ca\/el-museu-olimpic-i-de-lesport-ja-samaranch-acull-la-presentacio-del-llibre-barcelona-paco-godia-i-el-motor-una-ciutat-i-un-pilot-agermanats-per-una-passio-comuna\/\" \/>\n<meta property=\"og:site_name\" content=\"Fundaci\u00f3 Barcelona Ol\u00edmpica\" \/>\n<meta property=\"article:published_time\" content=\"2024-12-02T15:55:36+00:00\" \/>\n<meta property=\"article:modified_time\" content=\"2024-12-02T16:01:26+00:00\" \/>\n<meta property=\"og:image\" content=\"https:\/\/www.fundaciobarcelonaolimpica.es\/wp-content\/uploads\/sites\/3\/2024\/12\/Godia-Exposicion_101-scaled.jpg\" \/>\n\t<meta property=\"og:image:width\" content=\"2560\" \/>\n\t<meta property=\"og:image:height\" content=\"1707\" \/>\n\t<meta property=\"og:image:type\" content=\"image\/jpeg\" \/>\n<meta name=\"author\" content=\"Ibone\" \/>\n<meta name=\"twitter:card\" content=\"summary_large_image\" \/>\n<meta name=\"twitter:label1\" content=\"Escrit per\" \/>\n\t<meta name=\"twitter:data1\" content=\"Ibone\" \/>\n\t<meta name=\"twitter:label2\" content=\"Temps estimat de lectura\" \/>\n\t<meta name=\"twitter:data2\" content=\"2 minuts\" \/>\n<script type=\"application\/ld+json\" class=\"yoast-schema-graph\">{\"@context\":\"https:\/\/schema.org\",\"@graph\":[{\"@type\":\"Article\",\"@id\":\"https:\/\/www.fundaciobarcelonaolimpica.es\/ca\/el-museu-olimpic-i-de-lesport-ja-samaranch-acull-la-presentacio-del-llibre-barcelona-paco-godia-i-el-motor-una-ciutat-i-un-pilot-agermanats-per-una-passio-comuna\/#article\",\"isPartOf\":{\"@id\":\"https:\/\/www.fundaciobarcelonaolimpica.es\/ca\/el-museu-olimpic-i-de-lesport-ja-samaranch-acull-la-presentacio-del-llibre-barcelona-paco-godia-i-el-motor-una-ciutat-i-un-pilot-agermanats-per-una-passio-comuna\/\"},\"author\":{\"name\":\"Ibone\",\"@id\":\"https:\/\/www.fundaciobarcelonaolimpica.es\/ca\/#\/schema\/person\/b792834a53f193977df425a499287aa9\"},\"headline\":\"El Museu Ol\u00edmpic i de l\u2019Esport JA Samaranch acull la presentaci\u00f3 del llibre: \u201cBarcelona, Paco Godia i el motor. Una ciutat i un pilot, agermanats per una passi\u00f3 comuna\u201d\",\"datePublished\":\"2024-12-02T15:55:36+00:00\",\"dateModified\":\"2024-12-02T16:01:26+00:00\",\"mainEntityOfPage\":{\"@id\":\"https:\/\/www.fundaciobarcelonaolimpica.es\/ca\/el-museu-olimpic-i-de-lesport-ja-samaranch-acull-la-presentacio-del-llibre-barcelona-paco-godia-i-el-motor-una-ciutat-i-un-pilot-agermanats-per-una-passio-comuna\/\"},\"wordCount\":322,\"publisher\":{\"@id\":\"https:\/\/www.fundaciobarcelonaolimpica.es\/ca\/#organization\"},\"image\":{\"@id\":\"https:\/\/www.fundaciobarcelonaolimpica.es\/ca\/el-museu-olimpic-i-de-lesport-ja-samaranch-acull-la-presentacio-del-llibre-barcelona-paco-godia-i-el-motor-una-ciutat-i-un-pilot-agermanats-per-una-passio-comuna\/#primaryimage\"},\"thumbnailUrl\":\"https:\/\/www.fundaciobarcelonaolimpica.es\/wp-content\/uploads\/sites\/3\/2024\/12\/Godia-Exposicion_101-scaled.jpg\",\"inLanguage\":\"ca\"},{\"@type\":\"WebPage\",\"@id\":\"https:\/\/www.fundaciobarcelonaolimpica.es\/ca\/el-museu-olimpic-i-de-lesport-ja-samaranch-acull-la-presentacio-del-llibre-barcelona-paco-godia-i-el-motor-una-ciutat-i-un-pilot-agermanats-per-una-passio-comuna\/\",\"url\":\"https:\/\/www.fundaciobarcelonaolimpica.es\/ca\/el-museu-olimpic-i-de-lesport-ja-samaranch-acull-la-presentacio-del-llibre-barcelona-paco-godia-i-el-motor-una-ciutat-i-un-pilot-agermanats-per-una-passio-comuna\/\",\"name\":\"El Museu Ol\u00edmpic i de l\u2019Esport JA Samaranch acull la presentaci\u00f3 del llibre: \u201cBarcelona, Paco Godia i el motor. Una ciutat i un pilot, agermanats per una passi\u00f3 comuna\u201d - Fundaci\u00f3 Barcelona Ol\u00edmpica\",\"isPartOf\":{\"@id\":\"https:\/\/www.fundaciobarcelonaolimpica.es\/ca\/#website\"},\"primaryImageOfPage\":{\"@id\":\"https:\/\/www.fundaciobarcelonaolimpica.es\/ca\/el-museu-olimpic-i-de-lesport-ja-samaranch-acull-la-presentacio-del-llibre-barcelona-paco-godia-i-el-motor-una-ciutat-i-un-pilot-agermanats-per-una-passio-comuna\/#primaryimage\"},\"image\":{\"@id\":\"https:\/\/www.fundaciobarcelonaolimpica.es\/ca\/el-museu-olimpic-i-de-lesport-ja-samaranch-acull-la-presentacio-del-llibre-barcelona-paco-godia-i-el-motor-una-ciutat-i-un-pilot-agermanats-per-una-passio-comuna\/#primaryimage\"},\"thumbnailUrl\":\"https:\/\/www.fundaciobarcelonaolimpica.es\/wp-content\/uploads\/sites\/3\/2024\/12\/Godia-Exposicion_101-scaled.jpg\",\"datePublished\":\"2024-12-02T15:55:36+00:00\",\"dateModified\":\"2024-12-02T16:01:26+00:00\",\"breadcrumb\":{\"@id\":\"https:\/\/www.fundaciobarcelonaolimpica.es\/ca\/el-museu-olimpic-i-de-lesport-ja-samaranch-acull-la-presentacio-del-llibre-barcelona-paco-godia-i-el-motor-una-ciutat-i-un-pilot-agermanats-per-una-passio-comuna\/#breadcrumb\"},\"inLanguage\":\"ca\",\"potentialAction\":[{\"@type\":\"ReadAction\",\"target\":[\"https:\/\/www.fundaciobarcelonaolimpica.es\/ca\/el-museu-olimpic-i-de-lesport-ja-samaranch-acull-la-presentacio-del-llibre-barcelona-paco-godia-i-el-motor-una-ciutat-i-un-pilot-agermanats-per-una-passio-comuna\/\"]}]},{\"@type\":\"ImageObject\",\"inLanguage\":\"ca\",\"@id\":\"https:\/\/www.fundaciobarcelonaolimpica.es\/ca\/el-museu-olimpic-i-de-lesport-ja-samaranch-acull-la-presentacio-del-llibre-barcelona-paco-godia-i-el-motor-una-ciutat-i-un-pilot-agermanats-per-una-passio-comuna\/#primaryimage\",\"url\":\"https:\/\/www.fundaciobarcelonaolimpica.es\/wp-content\/uploads\/sites\/3\/2024\/12\/Godia-Exposicion_101-scaled.jpg\",\"contentUrl\":\"https:\/\/www.fundaciobarcelonaolimpica.es\/wp-content\/uploads\/sites\/3\/2024\/12\/Godia-Exposicion_101-scaled.jpg\",\"width\":2560,\"height\":1707},{\"@type\":\"BreadcrumbList\",\"@id\":\"https:\/\/www.fundaciobarcelonaolimpica.es\/ca\/el-museu-olimpic-i-de-lesport-ja-samaranch-acull-la-presentacio-del-llibre-barcelona-paco-godia-i-el-motor-una-ciutat-i-un-pilot-agermanats-per-una-passio-comuna\/#breadcrumb\",\"itemListElement\":[{\"@type\":\"ListItem\",\"position\":1,\"name\":\"FBO\",\"item\":\"https:\/\/www.fundaciobarcelonaolimpica.es\/es\/\"},{\"@type\":\"ListItem\",\"position\":2,\"name\":\"El Museu Ol\u00edmpic i de l\u2019Esport JA Samaranch acull la presentaci\u00f3 del llibre: \u201cBarcelona, Paco Godia i el motor. Una ciutat i un pilot, agermanats per una passi\u00f3 comuna\u201d\"}]},{\"@type\":\"WebSite\",\"@id\":\"https:\/\/www.fundaciobarcelonaolimpica.es\/ca\/#website\",\"url\":\"https:\/\/www.fundaciobarcelonaolimpica.es\/ca\/\",\"name\":\"Fundaci\u00f3 Barcelona Ol\u00edmpica\",\"description\":\"Web del Museu Ol\u00edmpic i de l&#039;Esport\",\"publisher\":{\"@id\":\"https:\/\/www.fundaciobarcelonaolimpica.es\/ca\/#organization\"},\"potentialAction\":[{\"@type\":\"SearchAction\",\"target\":{\"@type\":\"EntryPoint\",\"urlTemplate\":\"https:\/\/www.fundaciobarcelonaolimpica.es\/ca\/?s={search_term_string}\"},\"query-input\":{\"@type\":\"PropertyValueSpecification\",\"valueRequired\":true,\"valueName\":\"search_term_string\"}}],\"inLanguage\":\"ca\"},{\"@type\":\"Organization\",\"@id\":\"https:\/\/www.fundaciobarcelonaolimpica.es\/ca\/#organization\",\"name\":\"Fundaci\u00f3 Barcelona Ol\u00edmpica\",\"url\":\"https:\/\/www.fundaciobarcelonaolimpica.es\/ca\/\",\"logo\":{\"@type\":\"ImageObject\",\"inLanguage\":\"ca\",\"@id\":\"https:\/\/www.fundaciobarcelonaolimpica.es\/ca\/#\/schema\/logo\/image\/\",\"url\":\"https:\/\/www.fundaciobarcelonaolimpica.es\/wp-content\/uploads\/sites\/3\/2019\/02\/logo-fundacio.svg\",\"contentUrl\":\"https:\/\/www.fundaciobarcelonaolimpica.es\/wp-content\/uploads\/sites\/3\/2019\/02\/logo-fundacio.svg\",\"caption\":\"Fundaci\u00f3 Barcelona Ol\u00edmpica\"},\"image\":{\"@id\":\"https:\/\/www.fundaciobarcelonaolimpica.es\/ca\/#\/schema\/logo\/image\/\"}},{\"@type\":\"Person\",\"@id\":\"https:\/\/www.fundaciobarcelonaolimpica.es\/ca\/#\/schema\/person\/b792834a53f193977df425a499287aa9\",\"name\":\"Ibone\",\"url\":\"https:\/\/www.fundaciobarcelonaolimpica.es\/ca\/author\/fbolimpica\/\"}]}<\/script>\n<!-- \/ Yoast SEO plugin. -->","yoast_head_json":{"title":"El Museu Ol\u00edmpic i de l\u2019Esport JA Samaranch acull la presentaci\u00f3 del llibre: \u201cBarcelona, Paco Godia i el motor. Una ciutat i un pilot, agermanats per una passi\u00f3 comuna\u201d - Fundaci\u00f3 Barcelona Ol\u00edmpica","robots":{"index":"index","follow":"follow","max-snippet":"max-snippet:-1","max-image-preview":"max-image-preview:large","max-video-preview":"max-video-preview:-1"},"canonical":"https:\/\/www.fundaciobarcelonaolimpica.es\/ca\/el-museu-olimpic-i-de-lesport-ja-samaranch-acull-la-presentacio-del-llibre-barcelona-paco-godia-i-el-motor-una-ciutat-i-un-pilot-agermanats-per-una-passio-comuna\/","og_locale":"ca_ES","og_type":"article","og_title":"El Museu Ol\u00edmpic i de l\u2019Esport JA Samaranch acull la presentaci\u00f3 del llibre: \u201cBarcelona, Paco Godia i el motor. Una ciutat i un pilot, agermanats per una passi\u00f3 comuna\u201d - Fundaci\u00f3 Barcelona Ol\u00edmpica","og_description":"L\u2019acte, ha comptat amb una taula rodona i la inauguraci\u00f3 de l\u2019exposici\u00f3 itinerant amb el mateix nom \u201cBarcelona, Paco Godia i el motor. Una ciutat i un pilot, agermanats per una passi\u00f3 comuna\u201d, ha servit per retre homenatge a la figura de Francisco Godia, una icona de l\u2019automobilisme catal\u00e0. L\u2019esdeveniment ha estat inaugurat per Maria [&hellip;]","og_url":"https:\/\/www.fundaciobarcelonaolimpica.es\/ca\/el-museu-olimpic-i-de-lesport-ja-samaranch-acull-la-presentacio-del-llibre-barcelona-paco-godia-i-el-motor-una-ciutat-i-un-pilot-agermanats-per-una-passio-comuna\/","og_site_name":"Fundaci\u00f3 Barcelona Ol\u00edmpica","article_published_time":"2024-12-02T15:55:36+00:00","article_modified_time":"2024-12-02T16:01:26+00:00","og_image":[{"width":2560,"height":1707,"url":"https:\/\/www.fundaciobarcelonaolimpica.es\/wp-content\/uploads\/sites\/3\/2024\/12\/Godia-Exposicion_101-scaled.jpg","type":"image\/jpeg"}],"author":"Ibone","twitter_card":"summary_large_image","twitter_misc":{"Escrit per":"Ibone","Temps estimat de lectura":"2 minuts"},"schema":{"@context":"https:\/\/schema.org","@graph":[{"@type":"Article","@id":"https:\/\/www.fundaciobarcelonaolimpica.es\/ca\/el-museu-olimpic-i-de-lesport-ja-samaranch-acull-la-presentacio-del-llibre-barcelona-paco-godia-i-el-motor-una-ciutat-i-un-pilot-agermanats-per-una-passio-comuna\/#article","isPartOf":{"@id":"https:\/\/www.fundaciobarcelonaolimpica.es\/ca\/el-museu-olimpic-i-de-lesport-ja-samaranch-acull-la-presentacio-del-llibre-barcelona-paco-godia-i-el-motor-una-ciutat-i-un-pilot-agermanats-per-una-passio-comuna\/"},"author":{"name":"Ibone","@id":"https:\/\/www.fundaciobarcelonaolimpica.es\/ca\/#\/schema\/person\/b792834a53f193977df425a499287aa9"},"headline":"El Museu Ol\u00edmpic i de l\u2019Esport JA Samaranch acull la presentaci\u00f3 del llibre: \u201cBarcelona, Paco Godia i el motor. Una ciutat i un pilot, agermanats per una passi\u00f3 comuna\u201d","datePublished":"2024-12-02T15:55:36+00:00","dateModified":"2024-12-02T16:01:26+00:00","mainEntityOfPage":{"@id":"https:\/\/www.fundaciobarcelonaolimpica.es\/ca\/el-museu-olimpic-i-de-lesport-ja-samaranch-acull-la-presentacio-del-llibre-barcelona-paco-godia-i-el-motor-una-ciutat-i-un-pilot-agermanats-per-una-passio-comuna\/"},"wordCount":322,"publisher":{"@id":"https:\/\/www.fundaciobarcelonaolimpica.es\/ca\/#organization"},"image":{"@id":"https:\/\/www.fundaciobarcelonaolimpica.es\/ca\/el-museu-olimpic-i-de-lesport-ja-samaranch-acull-la-presentacio-del-llibre-barcelona-paco-godia-i-el-motor-una-ciutat-i-un-pilot-agermanats-per-una-passio-comuna\/#primaryimage"},"thumbnailUrl":"https:\/\/www.fundaciobarcelonaolimpica.es\/wp-content\/uploads\/sites\/3\/2024\/12\/Godia-Exposicion_101-scaled.jpg","inLanguage":"ca"},{"@type":"WebPage","@id":"https:\/\/www.fundaciobarcelonaolimpica.es\/ca\/el-museu-olimpic-i-de-lesport-ja-samaranch-acull-la-presentacio-del-llibre-barcelona-paco-godia-i-el-motor-una-ciutat-i-un-pilot-agermanats-per-una-passio-comuna\/","url":"https:\/\/www.fundaciobarcelonaolimpica.es\/ca\/el-museu-olimpic-i-de-lesport-ja-samaranch-acull-la-presentacio-del-llibre-barcelona-paco-godia-i-el-motor-una-ciutat-i-un-pilot-agermanats-per-una-passio-comuna\/","name":"El Museu Ol\u00edmpic i de l\u2019Esport JA Samaranch acull la presentaci\u00f3 del llibre: \u201cBarcelona, Paco Godia i el motor. Una ciutat i un pilot, agermanats per una passi\u00f3 comuna\u201d - Fundaci\u00f3 Barcelona Ol\u00edmpica","isPartOf":{"@id":"https:\/\/www.fundaciobarcelonaolimpica.es\/ca\/#website"},"primaryImageOfPage":{"@id":"https:\/\/www.fundaciobarcelonaolimpica.es\/ca\/el-museu-olimpic-i-de-lesport-ja-samaranch-acull-la-presentacio-del-llibre-barcelona-paco-godia-i-el-motor-una-ciutat-i-un-pilot-agermanats-per-una-passio-comuna\/#primaryimage"},"image":{"@id":"https:\/\/www.fundaciobarcelonaolimpica.es\/ca\/el-museu-olimpic-i-de-lesport-ja-samaranch-acull-la-presentacio-del-llibre-barcelona-paco-godia-i-el-motor-una-ciutat-i-un-pilot-agermanats-per-una-passio-comuna\/#primaryimage"},"thumbnailUrl":"https:\/\/www.fundaciobarcelonaolimpica.es\/wp-content\/uploads\/sites\/3\/2024\/12\/Godia-Exposicion_101-scaled.jpg","datePublished":"2024-12-02T15:55:36+00:00","dateModified":"2024-12-02T16:01:26+00:00","breadcrumb":{"@id":"https:\/\/www.fundaciobarcelonaolimpica.es\/ca\/el-museu-olimpic-i-de-lesport-ja-samaranch-acull-la-presentacio-del-llibre-barcelona-paco-godia-i-el-motor-una-ciutat-i-un-pilot-agermanats-per-una-passio-comuna\/#breadcrumb"},"inLanguage":"ca","potentialAction":[{"@type":"ReadAction","target":["https:\/\/www.fundaciobarcelonaolimpica.es\/ca\/el-museu-olimpic-i-de-lesport-ja-samaranch-acull-la-presentacio-del-llibre-barcelona-paco-godia-i-el-motor-una-ciutat-i-un-pilot-agermanats-per-una-passio-comuna\/"]}]},{"@type":"ImageObject","inLanguage":"ca","@id":"https:\/\/www.fundaciobarcelonaolimpica.es\/ca\/el-museu-olimpic-i-de-lesport-ja-samaranch-acull-la-presentacio-del-llibre-barcelona-paco-godia-i-el-motor-una-ciutat-i-un-pilot-agermanats-per-una-passio-comuna\/#primaryimage","url":"https:\/\/www.fundaciobarcelonaolimpica.es\/wp-content\/uploads\/sites\/3\/2024\/12\/Godia-Exposicion_101-scaled.jpg","contentUrl":"https:\/\/www.fundaciobarcelonaolimpica.es\/wp-content\/uploads\/sites\/3\/2024\/12\/Godia-Exposicion_101-scaled.jpg","width":2560,"height":1707},{"@type":"BreadcrumbList","@id":"https:\/\/www.fundaciobarcelonaolimpica.es\/ca\/el-museu-olimpic-i-de-lesport-ja-samaranch-acull-la-presentacio-del-llibre-barcelona-paco-godia-i-el-motor-una-ciutat-i-un-pilot-agermanats-per-una-passio-comuna\/#breadcrumb","itemListElement":[{"@type":"ListItem","position":1,"name":"FBO","item":"https:\/\/www.fundaciobarcelonaolimpica.es\/es\/"},{"@type":"ListItem","position":2,"name":"El Museu Ol\u00edmpic i de l\u2019Esport JA Samaranch acull la presentaci\u00f3 del llibre: \u201cBarcelona, Paco Godia i el motor. Una ciutat i un pilot, agermanats per una passi\u00f3 comuna\u201d"}]},{"@type":"WebSite","@id":"https:\/\/www.fundaciobarcelonaolimpica.es\/ca\/#website","url":"https:\/\/www.fundaciobarcelonaolimpica.es\/ca\/","name":"Fundaci\u00f3 Barcelona Ol\u00edmpica","description":"Web del Museu Ol\u00edmpic i de l&#039;Esport","publisher":{"@id":"https:\/\/www.fundaciobarcelonaolimpica.es\/ca\/#organization"},"potentialAction":[{"@type":"SearchAction","target":{"@type":"EntryPoint","urlTemplate":"https:\/\/www.fundaciobarcelonaolimpica.es\/ca\/?s={search_term_string}"},"query-input":{"@type":"PropertyValueSpecification","valueRequired":true,"valueName":"search_term_string"}}],"inLanguage":"ca"},{"@type":"Organization","@id":"https:\/\/www.fundaciobarcelonaolimpica.es\/ca\/#organization","name":"Fundaci\u00f3 Barcelona Ol\u00edmpica","url":"https:\/\/www.fundaciobarcelonaolimpica.es\/ca\/","logo":{"@type":"ImageObject","inLanguage":"ca","@id":"https:\/\/www.fundaciobarcelonaolimpica.es\/ca\/#\/schema\/logo\/image\/","url":"https:\/\/www.fundaciobarcelonaolimpica.es\/wp-content\/uploads\/sites\/3\/2019\/02\/logo-fundacio.svg","contentUrl":"https:\/\/www.fundaciobarcelonaolimpica.es\/wp-content\/uploads\/sites\/3\/2019\/02\/logo-fundacio.svg","caption":"Fundaci\u00f3 Barcelona Ol\u00edmpica"},"image":{"@id":"https:\/\/www.fundaciobarcelonaolimpica.es\/ca\/#\/schema\/logo\/image\/"}},{"@type":"Person","@id":"https:\/\/www.fundaciobarcelonaolimpica.es\/ca\/#\/schema\/person\/b792834a53f193977df425a499287aa9","name":"Ibone","url":"https:\/\/www.fundaciobarcelonaolimpica.es\/ca\/author\/fbolimpica\/"}]}},"_links":{"self":[{"href":"https:\/\/www.fundaciobarcelonaolimpica.es\/ca\/wp-json\/wp\/v2\/posts\/30718"}],"collection":[{"href":"https:\/\/www.fundaciobarcelonaolimpica.es\/ca\/wp-json\/wp\/v2\/posts"}],"about":[{"href":"https:\/\/www.fundaciobarcelonaolimpica.es\/ca\/wp-json\/wp\/v2\/types\/post"}],"author":[{"embeddable":true,"href":"https:\/\/www.fundaciobarcelonaolimpica.es\/ca\/wp-json\/wp\/v2\/users\/11"}],"replies":[{"embeddable":true,"href":"https:\/\/www.fundaciobarcelonaolimpica.es\/ca\/wp-json\/wp\/v2\/comments?post=30718"}],"version-history":[{"count":1,"href":"https:\/\/www.fundaciobarcelonaolimpica.es\/ca\/wp-json\/wp\/v2\/posts\/30718\/revisions"}],"predecessor-version":[{"id":30721,"href":"https:\/\/www.fundaciobarcelonaolimpica.es\/ca\/wp-json\/wp\/v2\/posts\/30718\/revisions\/30721"}],"wp:featuredmedia":[{"embeddable":true,"href":"https:\/\/www.fundaciobarcelonaolimpica.es\/ca\/wp-json\/wp\/v2\/media\/30713"}],"wp:attachment":[{"href":"https:\/\/www.fundaciobarcelonaolimpica.es\/ca\/wp-json\/wp\/v2\/media?parent=30718"}],"wp:term":[{"taxonomy":"category","embeddable":true,"href":"https:\/\/www.fundaciobarcelonaolimpica.es\/ca\/wp-json\/wp\/v2\/categories?post=30718"},{"taxonomy":"post_tag","embeddable":true,"href":"https:\/\/www.fundaciobarcelonaolimpica.es\/ca\/wp-json\/wp\/v2\/tags?post=30718"}],"curies":[{"name":"wp","href":"https:\/\/api.w.org\/{rel}","templated":true}]}}