{"id":3756,"date":"2011-09-08T00:00:00","date_gmt":"2011-09-07T22:00:00","guid":{"rendered":"http:\/\/dev.fundaciobarcelonaolimpica.es\/la-travessia-nedamarcelona-del-proxim-11-de-setembre-ha-estat-presentada-al-museu-olimpic-i-de-lesport-joan-antoni-samaranch-aquesta-primera-edicio-es-realitzara-al-marc-incomparable-de-la-costa-de\/"},"modified":"2011-09-08T00:00:00","modified_gmt":"2011-09-07T22:00:00","slug":"la-travessia-nedamarcelona-del-proxim-11-de-setembre-ha-estat-presentada-al-museu-olimpic-i-de-lesport-joan-antoni-samaranch-aquesta-primera-edicio-es-realitzara-al-marc-incomparable-de-la-costa-de","status":"publish","type":"post","link":"https:\/\/www.fundaciobarcelonaolimpica.es\/ca\/la-travessia-nedamarcelona-del-proxim-11-de-setembre-ha-estat-presentada-al-museu-olimpic-i-de-lesport-joan-antoni-samaranch-aquesta-primera-edicio-es-realitzara-al-marc-incomparable-de-la-costa-de\/","title":{"rendered":"La Travessia NedaMarcelona del pr\u00f2xim 11 de setembre ha estat presentada al Museu Ol\u00edmpic i de l&#8217;Esport Joan Antoni Samaranch. Aquesta primera edici\u00f3 es realitzar\u00e0 al marc incomparable de la costa de la ciutat de Barcelona"},"content":{"rendered":"<p>NedaMarcelona &eacute;s una prova no competitiva de 5.700 m des de la platja de Sant Sebasti&agrave; fins al F&ograve;rum. L&#8217;objectiu d&#8217;aquesta prova &eacute;s gaudir de la costa de Barcelona i de l&rsquo;skyline de la ciutat des del mar.<\/p>\n<p>Miquel Su&ntilde;er, ultrafondista, i Dani Serra, nedador de reg&egrave;ncia en aig&uuml;es obertes, s&oacute;n dos dels nedadors que realitzaran la NedaMarcelona.<\/p>\n<p>Maite Fandos, Tinenta d&#8217;Alcalde de Qualitat de Vida, Igualtat i Esports, ha destacat que &eacute;s una ocasi&oacute; &uacute;nica de gaudir del mar de Barcelona un dia tan especial com <em>la Diada<\/em> de Catalunya.<\/p>\n","protected":false},"excerpt":{"rendered":"<p>L&#8217;acte ha estat presidit per la Sra. Maite Fandos, Tinenta d&#8217;Alcalde de Qualitat de Vida Igualtat i Esports; el Sr. Enric Beltr&aacute;n, president de la Federaci&oacute; Catalana de Nataci&oacute;; el Sr. Marc Caball&eacute;, gerent de &#8220;Neda el M&oacute;n&#8221;; el Sr. Carles Meil&aacute;n, president de l&#8217;entitat CET 10, i el Sr. Toni fonts, responsable d&#8217;Operacions Mar.<\/p>\n","protected":false},"author":1,"featured_media":0,"comment_status":"open","ping_status":"open","sticky":false,"template":"","format":"standard","meta":{"_acf_changed":false,"footnotes":""},"categories":[37],"tags":[],"class_list":["post-3756","post","type-post","status-publish","format-standard","hentry","category-uncategorized-ca"],"acf":[],"yoast_head":"<!-- This site is optimized with the Yoast SEO plugin v23.7 - https:\/\/yoast.com\/wordpress\/plugins\/seo\/ -->\n<title>La Travessia NedaMarcelona del pr\u00f2xim 11 de setembre ha estat presentada al Museu Ol\u00edmpic i de l&#039;Esport Joan Antoni Samaranch. Aquesta primera edici\u00f3 es realitzar\u00e0 al marc incomparable de la costa de la ciutat de Barcelona - Fundaci\u00f3 Barcelona Ol\u00edmpica<\/title>\n<meta name=\"robots\" content=\"index, follow, max-snippet:-1, max-image-preview:large, max-video-preview:-1\" \/>\n<link rel=\"canonical\" href=\"https:\/\/www.fundaciobarcelonaolimpica.es\/ca\/la-travessia-nedamarcelona-del-proxim-11-de-setembre-ha-estat-presentada-al-museu-olimpic-i-de-lesport-joan-antoni-samaranch-aquesta-primera-edicio-es-realitzara-al-marc-incomparable-de-la-costa-de\/\" \/>\n<meta property=\"og:locale\" content=\"ca_ES\" \/>\n<meta property=\"og:type\" content=\"article\" \/>\n<meta property=\"og:title\" content=\"La Travessia NedaMarcelona del pr\u00f2xim 11 de setembre ha estat presentada al Museu Ol\u00edmpic i de l&#039;Esport Joan Antoni Samaranch. Aquesta primera edici\u00f3 es realitzar\u00e0 al marc incomparable de la costa de la ciutat de Barcelona - Fundaci\u00f3 Barcelona Ol\u00edmpica\" \/>\n<meta property=\"og:description\" content=\"L&#039;acte ha estat presidit per la Sra. Maite Fandos, Tinenta d&#039;Alcalde de Qualitat de Vida Igualtat i Esports; el Sr. Enric Beltr&aacute;n, president de la Federaci&oacute; Catalana de Nataci&oacute;; el Sr. Marc Caball&eacute;, gerent de &quot;Neda el M&oacute;n&quot;; el Sr. Carles Meil&aacute;n, president de l&#039;entitat CET 10, i el Sr. Toni fonts, responsable d&#039;Operacions Mar.\" \/>\n<meta property=\"og:url\" content=\"https:\/\/www.fundaciobarcelonaolimpica.es\/ca\/la-travessia-nedamarcelona-del-proxim-11-de-setembre-ha-estat-presentada-al-museu-olimpic-i-de-lesport-joan-antoni-samaranch-aquesta-primera-edicio-es-realitzara-al-marc-incomparable-de-la-costa-de\/\" \/>\n<meta property=\"og:site_name\" content=\"Fundaci\u00f3 Barcelona Ol\u00edmpica\" \/>\n<meta property=\"article:published_time\" content=\"2011-09-07T22:00:00+00:00\" \/>\n<meta name=\"author\" content=\"useradmin\" \/>\n<meta name=\"twitter:card\" content=\"summary_large_image\" \/>\n<meta name=\"twitter:label1\" content=\"Escrit per\" \/>\n\t<meta name=\"twitter:data1\" content=\"useradmin\" \/>\n\t<meta name=\"twitter:label2\" content=\"Temps estimat de lectura\" \/>\n\t<meta name=\"twitter:data2\" content=\"1 minut\" \/>\n<script type=\"application\/ld+json\" class=\"yoast-schema-graph\">{\"@context\":\"https:\/\/schema.org\",\"@graph\":[{\"@type\":\"Article\",\"@id\":\"https:\/\/www.fundaciobarcelonaolimpica.es\/ca\/la-travessia-nedamarcelona-del-proxim-11-de-setembre-ha-estat-presentada-al-museu-olimpic-i-de-lesport-joan-antoni-samaranch-aquesta-primera-edicio-es-realitzara-al-marc-incomparable-de-la-costa-de\/#article\",\"isPartOf\":{\"@id\":\"https:\/\/www.fundaciobarcelonaolimpica.es\/ca\/la-travessia-nedamarcelona-del-proxim-11-de-setembre-ha-estat-presentada-al-museu-olimpic-i-de-lesport-joan-antoni-samaranch-aquesta-primera-edicio-es-realitzara-al-marc-incomparable-de-la-costa-de\/\"},\"author\":{\"name\":\"useradmin\",\"@id\":\"https:\/\/www.fundaciobarcelonaolimpica.es\/ca\/#\/schema\/person\/d05705664e87aa04c6ce53d48133fb39\"},\"headline\":\"La Travessia NedaMarcelona del pr\u00f2xim 11 de setembre ha estat presentada al Museu Ol\u00edmpic i de l&#8217;Esport Joan Antoni Samaranch. Aquesta primera edici\u00f3 es realitzar\u00e0 al marc incomparable de la costa de la ciutat de Barcelona\",\"datePublished\":\"2011-09-07T22:00:00+00:00\",\"dateModified\":\"2011-09-07T22:00:00+00:00\",\"mainEntityOfPage\":{\"@id\":\"https:\/\/www.fundaciobarcelonaolimpica.es\/ca\/la-travessia-nedamarcelona-del-proxim-11-de-setembre-ha-estat-presentada-al-museu-olimpic-i-de-lesport-joan-antoni-samaranch-aquesta-primera-edicio-es-realitzara-al-marc-incomparable-de-la-costa-de\/\"},\"wordCount\":145,\"commentCount\":0,\"publisher\":{\"@id\":\"https:\/\/www.fundaciobarcelonaolimpica.es\/ca\/#organization\"},\"articleSection\":[\"Uncategorized\"],\"inLanguage\":\"ca\",\"potentialAction\":[{\"@type\":\"CommentAction\",\"name\":\"Comment\",\"target\":[\"https:\/\/www.fundaciobarcelonaolimpica.es\/ca\/la-travessia-nedamarcelona-del-proxim-11-de-setembre-ha-estat-presentada-al-museu-olimpic-i-de-lesport-joan-antoni-samaranch-aquesta-primera-edicio-es-realitzara-al-marc-incomparable-de-la-costa-de\/#respond\"]}]},{\"@type\":\"WebPage\",\"@id\":\"https:\/\/www.fundaciobarcelonaolimpica.es\/ca\/la-travessia-nedamarcelona-del-proxim-11-de-setembre-ha-estat-presentada-al-museu-olimpic-i-de-lesport-joan-antoni-samaranch-aquesta-primera-edicio-es-realitzara-al-marc-incomparable-de-la-costa-de\/\",\"url\":\"https:\/\/www.fundaciobarcelonaolimpica.es\/ca\/la-travessia-nedamarcelona-del-proxim-11-de-setembre-ha-estat-presentada-al-museu-olimpic-i-de-lesport-joan-antoni-samaranch-aquesta-primera-edicio-es-realitzara-al-marc-incomparable-de-la-costa-de\/\",\"name\":\"La Travessia NedaMarcelona del pr\u00f2xim 11 de setembre ha estat presentada al Museu Ol\u00edmpic i de l'Esport Joan Antoni Samaranch. Aquesta primera edici\u00f3 es realitzar\u00e0 al marc incomparable de la costa de la ciutat de Barcelona - Fundaci\u00f3 Barcelona Ol\u00edmpica\",\"isPartOf\":{\"@id\":\"https:\/\/www.fundaciobarcelonaolimpica.es\/ca\/#website\"},\"datePublished\":\"2011-09-07T22:00:00+00:00\",\"dateModified\":\"2011-09-07T22:00:00+00:00\",\"breadcrumb\":{\"@id\":\"https:\/\/www.fundaciobarcelonaolimpica.es\/ca\/la-travessia-nedamarcelona-del-proxim-11-de-setembre-ha-estat-presentada-al-museu-olimpic-i-de-lesport-joan-antoni-samaranch-aquesta-primera-edicio-es-realitzara-al-marc-incomparable-de-la-costa-de\/#breadcrumb\"},\"inLanguage\":\"ca\",\"potentialAction\":[{\"@type\":\"ReadAction\",\"target\":[\"https:\/\/www.fundaciobarcelonaolimpica.es\/ca\/la-travessia-nedamarcelona-del-proxim-11-de-setembre-ha-estat-presentada-al-museu-olimpic-i-de-lesport-joan-antoni-samaranch-aquesta-primera-edicio-es-realitzara-al-marc-incomparable-de-la-costa-de\/\"]}]},{\"@type\":\"BreadcrumbList\",\"@id\":\"https:\/\/www.fundaciobarcelonaolimpica.es\/ca\/la-travessia-nedamarcelona-del-proxim-11-de-setembre-ha-estat-presentada-al-museu-olimpic-i-de-lesport-joan-antoni-samaranch-aquesta-primera-edicio-es-realitzara-al-marc-incomparable-de-la-costa-de\/#breadcrumb\",\"itemListElement\":[{\"@type\":\"ListItem\",\"position\":1,\"name\":\"FBO\",\"item\":\"https:\/\/www.fundaciobarcelonaolimpica.es\/es\/\"},{\"@type\":\"ListItem\",\"position\":2,\"name\":\"La Travessia NedaMarcelona del pr\u00f2xim 11 de setembre ha estat presentada al Museu Ol\u00edmpic i de l&#8217;Esport Joan Antoni Samaranch. Aquesta primera edici\u00f3 es realitzar\u00e0 al marc incomparable de la costa de la ciutat de Barcelona\"}]},{\"@type\":\"WebSite\",\"@id\":\"https:\/\/www.fundaciobarcelonaolimpica.es\/ca\/#website\",\"url\":\"https:\/\/www.fundaciobarcelonaolimpica.es\/ca\/\",\"name\":\"Fundaci\u00f3 Barcelona Ol\u00edmpica\",\"description\":\"Web del Museu Ol\u00edmpic i de l&#039;Esport\",\"publisher\":{\"@id\":\"https:\/\/www.fundaciobarcelonaolimpica.es\/ca\/#organization\"},\"potentialAction\":[{\"@type\":\"SearchAction\",\"target\":{\"@type\":\"EntryPoint\",\"urlTemplate\":\"https:\/\/www.fundaciobarcelonaolimpica.es\/ca\/?s={search_term_string}\"},\"query-input\":{\"@type\":\"PropertyValueSpecification\",\"valueRequired\":true,\"valueName\":\"search_term_string\"}}],\"inLanguage\":\"ca\"},{\"@type\":\"Organization\",\"@id\":\"https:\/\/www.fundaciobarcelonaolimpica.es\/ca\/#organization\",\"name\":\"Fundaci\u00f3 Barcelona Ol\u00edmpica\",\"url\":\"https:\/\/www.fundaciobarcelonaolimpica.es\/ca\/\",\"logo\":{\"@type\":\"ImageObject\",\"inLanguage\":\"ca\",\"@id\":\"https:\/\/www.fundaciobarcelonaolimpica.es\/ca\/#\/schema\/logo\/image\/\",\"url\":\"https:\/\/www.fundaciobarcelonaolimpica.es\/wp-content\/uploads\/sites\/3\/2019\/02\/logo-fundacio.svg\",\"contentUrl\":\"https:\/\/www.fundaciobarcelonaolimpica.es\/wp-content\/uploads\/sites\/3\/2019\/02\/logo-fundacio.svg\",\"caption\":\"Fundaci\u00f3 Barcelona Ol\u00edmpica\"},\"image\":{\"@id\":\"https:\/\/www.fundaciobarcelonaolimpica.es\/ca\/#\/schema\/logo\/image\/\"}},{\"@type\":\"Person\",\"@id\":\"https:\/\/www.fundaciobarcelonaolimpica.es\/ca\/#\/schema\/person\/d05705664e87aa04c6ce53d48133fb39\",\"name\":\"useradmin\",\"url\":\"https:\/\/www.fundaciobarcelonaolimpica.es\/ca\/author\/useradmin\/\"}]}<\/script>\n<!-- \/ Yoast SEO plugin. -->","yoast_head_json":{"title":"La Travessia NedaMarcelona del pr\u00f2xim 11 de setembre ha estat presentada al Museu Ol\u00edmpic i de l'Esport Joan Antoni Samaranch. Aquesta primera edici\u00f3 es realitzar\u00e0 al marc incomparable de la costa de la ciutat de Barcelona - Fundaci\u00f3 Barcelona Ol\u00edmpica","robots":{"index":"index","follow":"follow","max-snippet":"max-snippet:-1","max-image-preview":"max-image-preview:large","max-video-preview":"max-video-preview:-1"},"canonical":"https:\/\/www.fundaciobarcelonaolimpica.es\/ca\/la-travessia-nedamarcelona-del-proxim-11-de-setembre-ha-estat-presentada-al-museu-olimpic-i-de-lesport-joan-antoni-samaranch-aquesta-primera-edicio-es-realitzara-al-marc-incomparable-de-la-costa-de\/","og_locale":"ca_ES","og_type":"article","og_title":"La Travessia NedaMarcelona del pr\u00f2xim 11 de setembre ha estat presentada al Museu Ol\u00edmpic i de l'Esport Joan Antoni Samaranch. Aquesta primera edici\u00f3 es realitzar\u00e0 al marc incomparable de la costa de la ciutat de Barcelona - Fundaci\u00f3 Barcelona Ol\u00edmpica","og_description":"L'acte ha estat presidit per la Sra. Maite Fandos, Tinenta d'Alcalde de Qualitat de Vida Igualtat i Esports; el Sr. Enric Beltr&aacute;n, president de la Federaci&oacute; Catalana de Nataci&oacute;; el Sr. Marc Caball&eacute;, gerent de \"Neda el M&oacute;n\"; el Sr. Carles Meil&aacute;n, president de l'entitat CET 10, i el Sr. Toni fonts, responsable d'Operacions Mar.","og_url":"https:\/\/www.fundaciobarcelonaolimpica.es\/ca\/la-travessia-nedamarcelona-del-proxim-11-de-setembre-ha-estat-presentada-al-museu-olimpic-i-de-lesport-joan-antoni-samaranch-aquesta-primera-edicio-es-realitzara-al-marc-incomparable-de-la-costa-de\/","og_site_name":"Fundaci\u00f3 Barcelona Ol\u00edmpica","article_published_time":"2011-09-07T22:00:00+00:00","author":"useradmin","twitter_card":"summary_large_image","twitter_misc":{"Escrit per":"useradmin","Temps estimat de lectura":"1 minut"},"schema":{"@context":"https:\/\/schema.org","@graph":[{"@type":"Article","@id":"https:\/\/www.fundaciobarcelonaolimpica.es\/ca\/la-travessia-nedamarcelona-del-proxim-11-de-setembre-ha-estat-presentada-al-museu-olimpic-i-de-lesport-joan-antoni-samaranch-aquesta-primera-edicio-es-realitzara-al-marc-incomparable-de-la-costa-de\/#article","isPartOf":{"@id":"https:\/\/www.fundaciobarcelonaolimpica.es\/ca\/la-travessia-nedamarcelona-del-proxim-11-de-setembre-ha-estat-presentada-al-museu-olimpic-i-de-lesport-joan-antoni-samaranch-aquesta-primera-edicio-es-realitzara-al-marc-incomparable-de-la-costa-de\/"},"author":{"name":"useradmin","@id":"https:\/\/www.fundaciobarcelonaolimpica.es\/ca\/#\/schema\/person\/d05705664e87aa04c6ce53d48133fb39"},"headline":"La Travessia NedaMarcelona del pr\u00f2xim 11 de setembre ha estat presentada al Museu Ol\u00edmpic i de l&#8217;Esport Joan Antoni Samaranch. Aquesta primera edici\u00f3 es realitzar\u00e0 al marc incomparable de la costa de la ciutat de Barcelona","datePublished":"2011-09-07T22:00:00+00:00","dateModified":"2011-09-07T22:00:00+00:00","mainEntityOfPage":{"@id":"https:\/\/www.fundaciobarcelonaolimpica.es\/ca\/la-travessia-nedamarcelona-del-proxim-11-de-setembre-ha-estat-presentada-al-museu-olimpic-i-de-lesport-joan-antoni-samaranch-aquesta-primera-edicio-es-realitzara-al-marc-incomparable-de-la-costa-de\/"},"wordCount":145,"commentCount":0,"publisher":{"@id":"https:\/\/www.fundaciobarcelonaolimpica.es\/ca\/#organization"},"articleSection":["Uncategorized"],"inLanguage":"ca","potentialAction":[{"@type":"CommentAction","name":"Comment","target":["https:\/\/www.fundaciobarcelonaolimpica.es\/ca\/la-travessia-nedamarcelona-del-proxim-11-de-setembre-ha-estat-presentada-al-museu-olimpic-i-de-lesport-joan-antoni-samaranch-aquesta-primera-edicio-es-realitzara-al-marc-incomparable-de-la-costa-de\/#respond"]}]},{"@type":"WebPage","@id":"https:\/\/www.fundaciobarcelonaolimpica.es\/ca\/la-travessia-nedamarcelona-del-proxim-11-de-setembre-ha-estat-presentada-al-museu-olimpic-i-de-lesport-joan-antoni-samaranch-aquesta-primera-edicio-es-realitzara-al-marc-incomparable-de-la-costa-de\/","url":"https:\/\/www.fundaciobarcelonaolimpica.es\/ca\/la-travessia-nedamarcelona-del-proxim-11-de-setembre-ha-estat-presentada-al-museu-olimpic-i-de-lesport-joan-antoni-samaranch-aquesta-primera-edicio-es-realitzara-al-marc-incomparable-de-la-costa-de\/","name":"La Travessia NedaMarcelona del pr\u00f2xim 11 de setembre ha estat presentada al Museu Ol\u00edmpic i de l'Esport Joan Antoni Samaranch. Aquesta primera edici\u00f3 es realitzar\u00e0 al marc incomparable de la costa de la ciutat de Barcelona - Fundaci\u00f3 Barcelona Ol\u00edmpica","isPartOf":{"@id":"https:\/\/www.fundaciobarcelonaolimpica.es\/ca\/#website"},"datePublished":"2011-09-07T22:00:00+00:00","dateModified":"2011-09-07T22:00:00+00:00","breadcrumb":{"@id":"https:\/\/www.fundaciobarcelonaolimpica.es\/ca\/la-travessia-nedamarcelona-del-proxim-11-de-setembre-ha-estat-presentada-al-museu-olimpic-i-de-lesport-joan-antoni-samaranch-aquesta-primera-edicio-es-realitzara-al-marc-incomparable-de-la-costa-de\/#breadcrumb"},"inLanguage":"ca","potentialAction":[{"@type":"ReadAction","target":["https:\/\/www.fundaciobarcelonaolimpica.es\/ca\/la-travessia-nedamarcelona-del-proxim-11-de-setembre-ha-estat-presentada-al-museu-olimpic-i-de-lesport-joan-antoni-samaranch-aquesta-primera-edicio-es-realitzara-al-marc-incomparable-de-la-costa-de\/"]}]},{"@type":"BreadcrumbList","@id":"https:\/\/www.fundaciobarcelonaolimpica.es\/ca\/la-travessia-nedamarcelona-del-proxim-11-de-setembre-ha-estat-presentada-al-museu-olimpic-i-de-lesport-joan-antoni-samaranch-aquesta-primera-edicio-es-realitzara-al-marc-incomparable-de-la-costa-de\/#breadcrumb","itemListElement":[{"@type":"ListItem","position":1,"name":"FBO","item":"https:\/\/www.fundaciobarcelonaolimpica.es\/es\/"},{"@type":"ListItem","position":2,"name":"La Travessia NedaMarcelona del pr\u00f2xim 11 de setembre ha estat presentada al Museu Ol\u00edmpic i de l&#8217;Esport Joan Antoni Samaranch. Aquesta primera edici\u00f3 es realitzar\u00e0 al marc incomparable de la costa de la ciutat de Barcelona"}]},{"@type":"WebSite","@id":"https:\/\/www.fundaciobarcelonaolimpica.es\/ca\/#website","url":"https:\/\/www.fundaciobarcelonaolimpica.es\/ca\/","name":"Fundaci\u00f3 Barcelona Ol\u00edmpica","description":"Web del Museu Ol\u00edmpic i de l&#039;Esport","publisher":{"@id":"https:\/\/www.fundaciobarcelonaolimpica.es\/ca\/#organization"},"potentialAction":[{"@type":"SearchAction","target":{"@type":"EntryPoint","urlTemplate":"https:\/\/www.fundaciobarcelonaolimpica.es\/ca\/?s={search_term_string}"},"query-input":{"@type":"PropertyValueSpecification","valueRequired":true,"valueName":"search_term_string"}}],"inLanguage":"ca"},{"@type":"Organization","@id":"https:\/\/www.fundaciobarcelonaolimpica.es\/ca\/#organization","name":"Fundaci\u00f3 Barcelona Ol\u00edmpica","url":"https:\/\/www.fundaciobarcelonaolimpica.es\/ca\/","logo":{"@type":"ImageObject","inLanguage":"ca","@id":"https:\/\/www.fundaciobarcelonaolimpica.es\/ca\/#\/schema\/logo\/image\/","url":"https:\/\/www.fundaciobarcelonaolimpica.es\/wp-content\/uploads\/sites\/3\/2019\/02\/logo-fundacio.svg","contentUrl":"https:\/\/www.fundaciobarcelonaolimpica.es\/wp-content\/uploads\/sites\/3\/2019\/02\/logo-fundacio.svg","caption":"Fundaci\u00f3 Barcelona Ol\u00edmpica"},"image":{"@id":"https:\/\/www.fundaciobarcelonaolimpica.es\/ca\/#\/schema\/logo\/image\/"}},{"@type":"Person","@id":"https:\/\/www.fundaciobarcelonaolimpica.es\/ca\/#\/schema\/person\/d05705664e87aa04c6ce53d48133fb39","name":"useradmin","url":"https:\/\/www.fundaciobarcelonaolimpica.es\/ca\/author\/useradmin\/"}]}},"_links":{"self":[{"href":"https:\/\/www.fundaciobarcelonaolimpica.es\/ca\/wp-json\/wp\/v2\/posts\/3756"}],"collection":[{"href":"https:\/\/www.fundaciobarcelonaolimpica.es\/ca\/wp-json\/wp\/v2\/posts"}],"about":[{"href":"https:\/\/www.fundaciobarcelonaolimpica.es\/ca\/wp-json\/wp\/v2\/types\/post"}],"author":[{"embeddable":true,"href":"https:\/\/www.fundaciobarcelonaolimpica.es\/ca\/wp-json\/wp\/v2\/users\/1"}],"replies":[{"embeddable":true,"href":"https:\/\/www.fundaciobarcelonaolimpica.es\/ca\/wp-json\/wp\/v2\/comments?post=3756"}],"version-history":[{"count":0,"href":"https:\/\/www.fundaciobarcelonaolimpica.es\/ca\/wp-json\/wp\/v2\/posts\/3756\/revisions"}],"wp:attachment":[{"href":"https:\/\/www.fundaciobarcelonaolimpica.es\/ca\/wp-json\/wp\/v2\/media?parent=3756"}],"wp:term":[{"taxonomy":"category","embeddable":true,"href":"https:\/\/www.fundaciobarcelonaolimpica.es\/ca\/wp-json\/wp\/v2\/categories?post=3756"},{"taxonomy":"post_tag","embeddable":true,"href":"https:\/\/www.fundaciobarcelonaolimpica.es\/ca\/wp-json\/wp\/v2\/tags?post=3756"}],"curies":[{"name":"wp","href":"https:\/\/api.w.org\/{rel}","templated":true}]}}