{"id":4053,"date":"2011-10-17T00:00:00","date_gmt":"2011-10-16T22:00:00","guid":{"rendered":"http:\/\/dev.fundaciobarcelonaolimpica.es\/commemoracio-25-aniversari-concessio-jocs-olimpics-a-la-ciutat-de-barcelona\/"},"modified":"2011-10-17T00:00:00","modified_gmt":"2011-10-16T22:00:00","slug":"commemoracio-25-aniversari-concessio-jocs-olimpics-a-la-ciutat-de-barcelona","status":"publish","type":"post","link":"https:\/\/www.fundaciobarcelonaolimpica.es\/ca\/commemoracio-25-aniversari-concessio-jocs-olimpics-a-la-ciutat-de-barcelona\/","title":{"rendered":"Commemoraci\u00f3 25 aniversari concessi\u00f3 Jocs Ol\u00edmpics a la Ciutat de Barcelona"},"content":{"rendered":"<p>L&#8217;acte que s&#8217;ha realitzat en el nou Centre d&#8217;Estudis Olimpic i de l&rsquo;Esport Joan Antoni Samaranch (CEO Samaranch), situat a la porta 13 de l&#8217;Estadi Llu&iacute;s Companys, ha comptat amb la pres&egrave;ncia de l&#8217;actual alcalde de Barcelona, Xavier Trias, Maria Teresa Samaranch Salisachs -filla de Juan Antonio Samaranch-, Pasqual Maragal, Josep Miquel Abad, Narc&iacute;s Serra, Maite Fandos, Ivan Tibau, Josep Llu&iacute;s Vilaseca i nombroses personalitats del m&oacute;n de l&#8217;esport i la pol&iacute;tica.<\/p>\n<p>&nbsp;M&eacute;s enll&agrave; de recordar els 25 anys de la nominaci&oacute;, l&#8217;acte s&#8217;ha convertit tamb&eacute; en un homenatge a Samaranch, mort el 21 d&#8217;abril de 2010.&nbsp;&#8220;El meu pare sempre va voler que Barcelona, despr&eacute;s del rotund &egrave;xit del 92, continu&eacute;s sent l&iacute;der del moviment ol&iacute;mpic&#8221;, ha destacat Mar&iacute;a Teresa Samaranch, que s&#8217;ha mostrat agra&iuml;da per la creaci&oacute; del Centre d&#8217;Estudis Ol&iacute;mpics i de l&#8217;Esport que porta el nom del seu pare. Per la seva part, Maite Fandos ha destacat que l&#8217;escenari de l&#8217;acte, el CEO Samaranch, ser&agrave; un centre de refer&egrave;ncia mundial de l&#8217;olimpisme i l&#8217;esport.<\/p>\n","protected":false},"excerpt":{"rendered":"<p>Va ser a les 13:32 hores del 17 d&#8217;octubre de 1986 quan el president del Comit&egrave; Ol&iacute;mpic Internacional, Juan Antonio Samaranch, va pronunciar a Lausana (Su&iuml;ssa) la hist&ograve;rica frase &#8220;A la ville de Barcelona&#8221;, amb la qual el COI atorgava a la capital catalana els JJOO de 1992. Avui la Fundaci&oacute; Barcelona Ol&iacute;mpica ha volgut reviure aquell moment amb gran part dels seus protagonistes.<\/p>\n","protected":false},"author":1,"featured_media":0,"comment_status":"open","ping_status":"open","sticky":false,"template":"","format":"standard","meta":{"_acf_changed":false,"footnotes":""},"categories":[37],"tags":[],"class_list":["post-4053","post","type-post","status-publish","format-standard","hentry","category-uncategorized-ca"],"acf":[],"yoast_head":"<!-- This site is optimized with the Yoast SEO plugin v23.7 - https:\/\/yoast.com\/wordpress\/plugins\/seo\/ -->\n<title>Commemoraci\u00f3 25 aniversari concessi\u00f3 Jocs Ol\u00edmpics a la Ciutat de Barcelona - Fundaci\u00f3 Barcelona Ol\u00edmpica<\/title>\n<meta name=\"robots\" content=\"index, follow, max-snippet:-1, max-image-preview:large, max-video-preview:-1\" \/>\n<link rel=\"canonical\" href=\"https:\/\/www.fundaciobarcelonaolimpica.es\/ca\/commemoracio-25-aniversari-concessio-jocs-olimpics-a-la-ciutat-de-barcelona\/\" \/>\n<meta property=\"og:locale\" content=\"ca_ES\" \/>\n<meta property=\"og:type\" content=\"article\" \/>\n<meta property=\"og:title\" content=\"Commemoraci\u00f3 25 aniversari concessi\u00f3 Jocs Ol\u00edmpics a la Ciutat de Barcelona - Fundaci\u00f3 Barcelona Ol\u00edmpica\" \/>\n<meta property=\"og:description\" content=\"Va ser a les 13:32 hores del 17 d&#039;octubre de 1986 quan el president del Comit&egrave; Ol&iacute;mpic Internacional, Juan Antonio Samaranch, va pronunciar a Lausana (Su&iuml;ssa) la hist&ograve;rica frase &quot;A la ville de Barcelona&quot;, amb la qual el COI atorgava a la capital catalana els JJOO de 1992. Avui la Fundaci&oacute; Barcelona Ol&iacute;mpica ha volgut reviure aquell moment amb gran part dels seus protagonistes.\" \/>\n<meta property=\"og:url\" content=\"https:\/\/www.fundaciobarcelonaolimpica.es\/ca\/commemoracio-25-aniversari-concessio-jocs-olimpics-a-la-ciutat-de-barcelona\/\" \/>\n<meta property=\"og:site_name\" content=\"Fundaci\u00f3 Barcelona Ol\u00edmpica\" \/>\n<meta property=\"article:published_time\" content=\"2011-10-16T22:00:00+00:00\" \/>\n<meta name=\"author\" content=\"useradmin\" \/>\n<meta name=\"twitter:card\" content=\"summary_large_image\" \/>\n<meta name=\"twitter:label1\" content=\"Escrit per\" \/>\n\t<meta name=\"twitter:data1\" content=\"useradmin\" \/>\n\t<meta name=\"twitter:label2\" content=\"Temps estimat de lectura\" \/>\n\t<meta name=\"twitter:data2\" content=\"1 minut\" \/>\n<script type=\"application\/ld+json\" class=\"yoast-schema-graph\">{\"@context\":\"https:\/\/schema.org\",\"@graph\":[{\"@type\":\"Article\",\"@id\":\"https:\/\/www.fundaciobarcelonaolimpica.es\/ca\/commemoracio-25-aniversari-concessio-jocs-olimpics-a-la-ciutat-de-barcelona\/#article\",\"isPartOf\":{\"@id\":\"https:\/\/www.fundaciobarcelonaolimpica.es\/ca\/commemoracio-25-aniversari-concessio-jocs-olimpics-a-la-ciutat-de-barcelona\/\"},\"author\":{\"name\":\"useradmin\",\"@id\":\"https:\/\/www.fundaciobarcelonaolimpica.es\/ca\/#\/schema\/person\/d05705664e87aa04c6ce53d48133fb39\"},\"headline\":\"Commemoraci\u00f3 25 aniversari concessi\u00f3 Jocs Ol\u00edmpics a la Ciutat de Barcelona\",\"datePublished\":\"2011-10-16T22:00:00+00:00\",\"dateModified\":\"2011-10-16T22:00:00+00:00\",\"mainEntityOfPage\":{\"@id\":\"https:\/\/www.fundaciobarcelonaolimpica.es\/ca\/commemoracio-25-aniversari-concessio-jocs-olimpics-a-la-ciutat-de-barcelona\/\"},\"wordCount\":214,\"commentCount\":0,\"publisher\":{\"@id\":\"https:\/\/www.fundaciobarcelonaolimpica.es\/ca\/#organization\"},\"articleSection\":[\"Uncategorized\"],\"inLanguage\":\"ca\",\"potentialAction\":[{\"@type\":\"CommentAction\",\"name\":\"Comment\",\"target\":[\"https:\/\/www.fundaciobarcelonaolimpica.es\/ca\/commemoracio-25-aniversari-concessio-jocs-olimpics-a-la-ciutat-de-barcelona\/#respond\"]}]},{\"@type\":\"WebPage\",\"@id\":\"https:\/\/www.fundaciobarcelonaolimpica.es\/ca\/commemoracio-25-aniversari-concessio-jocs-olimpics-a-la-ciutat-de-barcelona\/\",\"url\":\"https:\/\/www.fundaciobarcelonaolimpica.es\/ca\/commemoracio-25-aniversari-concessio-jocs-olimpics-a-la-ciutat-de-barcelona\/\",\"name\":\"Commemoraci\u00f3 25 aniversari concessi\u00f3 Jocs Ol\u00edmpics a la Ciutat de Barcelona - Fundaci\u00f3 Barcelona Ol\u00edmpica\",\"isPartOf\":{\"@id\":\"https:\/\/www.fundaciobarcelonaolimpica.es\/ca\/#website\"},\"datePublished\":\"2011-10-16T22:00:00+00:00\",\"dateModified\":\"2011-10-16T22:00:00+00:00\",\"breadcrumb\":{\"@id\":\"https:\/\/www.fundaciobarcelonaolimpica.es\/ca\/commemoracio-25-aniversari-concessio-jocs-olimpics-a-la-ciutat-de-barcelona\/#breadcrumb\"},\"inLanguage\":\"ca\",\"potentialAction\":[{\"@type\":\"ReadAction\",\"target\":[\"https:\/\/www.fundaciobarcelonaolimpica.es\/ca\/commemoracio-25-aniversari-concessio-jocs-olimpics-a-la-ciutat-de-barcelona\/\"]}]},{\"@type\":\"BreadcrumbList\",\"@id\":\"https:\/\/www.fundaciobarcelonaolimpica.es\/ca\/commemoracio-25-aniversari-concessio-jocs-olimpics-a-la-ciutat-de-barcelona\/#breadcrumb\",\"itemListElement\":[{\"@type\":\"ListItem\",\"position\":1,\"name\":\"FBO\",\"item\":\"https:\/\/www.fundaciobarcelonaolimpica.es\/es\/\"},{\"@type\":\"ListItem\",\"position\":2,\"name\":\"Commemoraci\u00f3 25 aniversari concessi\u00f3 Jocs Ol\u00edmpics a la Ciutat de Barcelona\"}]},{\"@type\":\"WebSite\",\"@id\":\"https:\/\/www.fundaciobarcelonaolimpica.es\/ca\/#website\",\"url\":\"https:\/\/www.fundaciobarcelonaolimpica.es\/ca\/\",\"name\":\"Fundaci\u00f3 Barcelona Ol\u00edmpica\",\"description\":\"Web del Museu Ol\u00edmpic i de l&#039;Esport\",\"publisher\":{\"@id\":\"https:\/\/www.fundaciobarcelonaolimpica.es\/ca\/#organization\"},\"potentialAction\":[{\"@type\":\"SearchAction\",\"target\":{\"@type\":\"EntryPoint\",\"urlTemplate\":\"https:\/\/www.fundaciobarcelonaolimpica.es\/ca\/?s={search_term_string}\"},\"query-input\":{\"@type\":\"PropertyValueSpecification\",\"valueRequired\":true,\"valueName\":\"search_term_string\"}}],\"inLanguage\":\"ca\"},{\"@type\":\"Organization\",\"@id\":\"https:\/\/www.fundaciobarcelonaolimpica.es\/ca\/#organization\",\"name\":\"Fundaci\u00f3 Barcelona Ol\u00edmpica\",\"url\":\"https:\/\/www.fundaciobarcelonaolimpica.es\/ca\/\",\"logo\":{\"@type\":\"ImageObject\",\"inLanguage\":\"ca\",\"@id\":\"https:\/\/www.fundaciobarcelonaolimpica.es\/ca\/#\/schema\/logo\/image\/\",\"url\":\"https:\/\/www.fundaciobarcelonaolimpica.es\/wp-content\/uploads\/sites\/3\/2019\/02\/logo-fundacio.svg\",\"contentUrl\":\"https:\/\/www.fundaciobarcelonaolimpica.es\/wp-content\/uploads\/sites\/3\/2019\/02\/logo-fundacio.svg\",\"caption\":\"Fundaci\u00f3 Barcelona Ol\u00edmpica\"},\"image\":{\"@id\":\"https:\/\/www.fundaciobarcelonaolimpica.es\/ca\/#\/schema\/logo\/image\/\"}},{\"@type\":\"Person\",\"@id\":\"https:\/\/www.fundaciobarcelonaolimpica.es\/ca\/#\/schema\/person\/d05705664e87aa04c6ce53d48133fb39\",\"name\":\"useradmin\",\"url\":\"https:\/\/www.fundaciobarcelonaolimpica.es\/ca\/author\/useradmin\/\"}]}<\/script>\n<!-- \/ Yoast SEO plugin. -->","yoast_head_json":{"title":"Commemoraci\u00f3 25 aniversari concessi\u00f3 Jocs Ol\u00edmpics a la Ciutat de Barcelona - Fundaci\u00f3 Barcelona Ol\u00edmpica","robots":{"index":"index","follow":"follow","max-snippet":"max-snippet:-1","max-image-preview":"max-image-preview:large","max-video-preview":"max-video-preview:-1"},"canonical":"https:\/\/www.fundaciobarcelonaolimpica.es\/ca\/commemoracio-25-aniversari-concessio-jocs-olimpics-a-la-ciutat-de-barcelona\/","og_locale":"ca_ES","og_type":"article","og_title":"Commemoraci\u00f3 25 aniversari concessi\u00f3 Jocs Ol\u00edmpics a la Ciutat de Barcelona - Fundaci\u00f3 Barcelona Ol\u00edmpica","og_description":"Va ser a les 13:32 hores del 17 d'octubre de 1986 quan el president del Comit&egrave; Ol&iacute;mpic Internacional, Juan Antonio Samaranch, va pronunciar a Lausana (Su&iuml;ssa) la hist&ograve;rica frase \"A la ville de Barcelona\", amb la qual el COI atorgava a la capital catalana els JJOO de 1992. Avui la Fundaci&oacute; Barcelona Ol&iacute;mpica ha volgut reviure aquell moment amb gran part dels seus protagonistes.","og_url":"https:\/\/www.fundaciobarcelonaolimpica.es\/ca\/commemoracio-25-aniversari-concessio-jocs-olimpics-a-la-ciutat-de-barcelona\/","og_site_name":"Fundaci\u00f3 Barcelona Ol\u00edmpica","article_published_time":"2011-10-16T22:00:00+00:00","author":"useradmin","twitter_card":"summary_large_image","twitter_misc":{"Escrit per":"useradmin","Temps estimat de lectura":"1 minut"},"schema":{"@context":"https:\/\/schema.org","@graph":[{"@type":"Article","@id":"https:\/\/www.fundaciobarcelonaolimpica.es\/ca\/commemoracio-25-aniversari-concessio-jocs-olimpics-a-la-ciutat-de-barcelona\/#article","isPartOf":{"@id":"https:\/\/www.fundaciobarcelonaolimpica.es\/ca\/commemoracio-25-aniversari-concessio-jocs-olimpics-a-la-ciutat-de-barcelona\/"},"author":{"name":"useradmin","@id":"https:\/\/www.fundaciobarcelonaolimpica.es\/ca\/#\/schema\/person\/d05705664e87aa04c6ce53d48133fb39"},"headline":"Commemoraci\u00f3 25 aniversari concessi\u00f3 Jocs Ol\u00edmpics a la Ciutat de Barcelona","datePublished":"2011-10-16T22:00:00+00:00","dateModified":"2011-10-16T22:00:00+00:00","mainEntityOfPage":{"@id":"https:\/\/www.fundaciobarcelonaolimpica.es\/ca\/commemoracio-25-aniversari-concessio-jocs-olimpics-a-la-ciutat-de-barcelona\/"},"wordCount":214,"commentCount":0,"publisher":{"@id":"https:\/\/www.fundaciobarcelonaolimpica.es\/ca\/#organization"},"articleSection":["Uncategorized"],"inLanguage":"ca","potentialAction":[{"@type":"CommentAction","name":"Comment","target":["https:\/\/www.fundaciobarcelonaolimpica.es\/ca\/commemoracio-25-aniversari-concessio-jocs-olimpics-a-la-ciutat-de-barcelona\/#respond"]}]},{"@type":"WebPage","@id":"https:\/\/www.fundaciobarcelonaolimpica.es\/ca\/commemoracio-25-aniversari-concessio-jocs-olimpics-a-la-ciutat-de-barcelona\/","url":"https:\/\/www.fundaciobarcelonaolimpica.es\/ca\/commemoracio-25-aniversari-concessio-jocs-olimpics-a-la-ciutat-de-barcelona\/","name":"Commemoraci\u00f3 25 aniversari concessi\u00f3 Jocs Ol\u00edmpics a la Ciutat de Barcelona - Fundaci\u00f3 Barcelona Ol\u00edmpica","isPartOf":{"@id":"https:\/\/www.fundaciobarcelonaolimpica.es\/ca\/#website"},"datePublished":"2011-10-16T22:00:00+00:00","dateModified":"2011-10-16T22:00:00+00:00","breadcrumb":{"@id":"https:\/\/www.fundaciobarcelonaolimpica.es\/ca\/commemoracio-25-aniversari-concessio-jocs-olimpics-a-la-ciutat-de-barcelona\/#breadcrumb"},"inLanguage":"ca","potentialAction":[{"@type":"ReadAction","target":["https:\/\/www.fundaciobarcelonaolimpica.es\/ca\/commemoracio-25-aniversari-concessio-jocs-olimpics-a-la-ciutat-de-barcelona\/"]}]},{"@type":"BreadcrumbList","@id":"https:\/\/www.fundaciobarcelonaolimpica.es\/ca\/commemoracio-25-aniversari-concessio-jocs-olimpics-a-la-ciutat-de-barcelona\/#breadcrumb","itemListElement":[{"@type":"ListItem","position":1,"name":"FBO","item":"https:\/\/www.fundaciobarcelonaolimpica.es\/es\/"},{"@type":"ListItem","position":2,"name":"Commemoraci\u00f3 25 aniversari concessi\u00f3 Jocs Ol\u00edmpics a la Ciutat de Barcelona"}]},{"@type":"WebSite","@id":"https:\/\/www.fundaciobarcelonaolimpica.es\/ca\/#website","url":"https:\/\/www.fundaciobarcelonaolimpica.es\/ca\/","name":"Fundaci\u00f3 Barcelona Ol\u00edmpica","description":"Web del Museu Ol\u00edmpic i de l&#039;Esport","publisher":{"@id":"https:\/\/www.fundaciobarcelonaolimpica.es\/ca\/#organization"},"potentialAction":[{"@type":"SearchAction","target":{"@type":"EntryPoint","urlTemplate":"https:\/\/www.fundaciobarcelonaolimpica.es\/ca\/?s={search_term_string}"},"query-input":{"@type":"PropertyValueSpecification","valueRequired":true,"valueName":"search_term_string"}}],"inLanguage":"ca"},{"@type":"Organization","@id":"https:\/\/www.fundaciobarcelonaolimpica.es\/ca\/#organization","name":"Fundaci\u00f3 Barcelona Ol\u00edmpica","url":"https:\/\/www.fundaciobarcelonaolimpica.es\/ca\/","logo":{"@type":"ImageObject","inLanguage":"ca","@id":"https:\/\/www.fundaciobarcelonaolimpica.es\/ca\/#\/schema\/logo\/image\/","url":"https:\/\/www.fundaciobarcelonaolimpica.es\/wp-content\/uploads\/sites\/3\/2019\/02\/logo-fundacio.svg","contentUrl":"https:\/\/www.fundaciobarcelonaolimpica.es\/wp-content\/uploads\/sites\/3\/2019\/02\/logo-fundacio.svg","caption":"Fundaci\u00f3 Barcelona Ol\u00edmpica"},"image":{"@id":"https:\/\/www.fundaciobarcelonaolimpica.es\/ca\/#\/schema\/logo\/image\/"}},{"@type":"Person","@id":"https:\/\/www.fundaciobarcelonaolimpica.es\/ca\/#\/schema\/person\/d05705664e87aa04c6ce53d48133fb39","name":"useradmin","url":"https:\/\/www.fundaciobarcelonaolimpica.es\/ca\/author\/useradmin\/"}]}},"_links":{"self":[{"href":"https:\/\/www.fundaciobarcelonaolimpica.es\/ca\/wp-json\/wp\/v2\/posts\/4053"}],"collection":[{"href":"https:\/\/www.fundaciobarcelonaolimpica.es\/ca\/wp-json\/wp\/v2\/posts"}],"about":[{"href":"https:\/\/www.fundaciobarcelonaolimpica.es\/ca\/wp-json\/wp\/v2\/types\/post"}],"author":[{"embeddable":true,"href":"https:\/\/www.fundaciobarcelonaolimpica.es\/ca\/wp-json\/wp\/v2\/users\/1"}],"replies":[{"embeddable":true,"href":"https:\/\/www.fundaciobarcelonaolimpica.es\/ca\/wp-json\/wp\/v2\/comments?post=4053"}],"version-history":[{"count":0,"href":"https:\/\/www.fundaciobarcelonaolimpica.es\/ca\/wp-json\/wp\/v2\/posts\/4053\/revisions"}],"wp:attachment":[{"href":"https:\/\/www.fundaciobarcelonaolimpica.es\/ca\/wp-json\/wp\/v2\/media?parent=4053"}],"wp:term":[{"taxonomy":"category","embeddable":true,"href":"https:\/\/www.fundaciobarcelonaolimpica.es\/ca\/wp-json\/wp\/v2\/categories?post=4053"},{"taxonomy":"post_tag","embeddable":true,"href":"https:\/\/www.fundaciobarcelonaolimpica.es\/ca\/wp-json\/wp\/v2\/tags?post=4053"}],"curies":[{"name":"wp","href":"https:\/\/api.w.org\/{rel}","templated":true}]}}