{"id":4135,"date":"2011-10-21T00:00:00","date_gmt":"2011-10-20T22:00:00","guid":{"rendered":"http:\/\/dev.fundaciobarcelonaolimpica.es\/roma-cuyas-patro-de-la-fundacio-barcelona-olimpica-i-secretari-destat-per-a-lesport-en-els-anys-80-clausura-al-museu-olimpic-i-de-lesport-joan-antoni-samaranch-la-ix-edicio-forum-olimpic-2011-so\/"},"modified":"2011-10-21T00:00:00","modified_gmt":"2011-10-20T22:00:00","slug":"roma-cuyas-patro-de-la-fundacio-barcelona-olimpica-i-secretari-destat-per-a-lesport-en-els-anys-80-clausura-al-museu-olimpic-i-de-lesport-joan-antoni-samaranch-la-ix-edicio-forum-olimpic-2011-so","status":"publish","type":"post","link":"https:\/\/www.fundaciobarcelonaolimpica.es\/ca\/roma-cuyas-patro-de-la-fundacio-barcelona-olimpica-i-secretari-destat-per-a-lesport-en-els-anys-80-clausura-al-museu-olimpic-i-de-lesport-joan-antoni-samaranch-la-ix-edicio-forum-olimpic-2011-so\/","title":{"rendered":"Rom\u00e0 Cuy\u00e0s, patr\u00f3 de la Fundaci\u00f3 Barcelona Ol\u00edmpica i Secretari d&#8217;Estat per a l&#8217;Esport en els anys &#8217;80, clausura al Museu Ol\u00edmpic i de l&#8217;Esport Joan Antoni Samaranch la IX edici\u00f3 F\u00f2rum Ol\u00edmpic 2011 sobre &#8216;Esport i Salut per a Tothom&#8217;"},"content":{"rendered":"<p>Rom&agrave; Cuy&agrave;s, en la clausura, ha defensat les virtuts de l&rsquo;esport. L&#8217;any 1985, Cuy&agrave;s, com a Secretari d&#8217;Estat per a l&#8217;Esport, va encarregar a Manuel Garc&iacute;a Ferrando, prestigi&oacute;s soci&ograve;leg de la Universitat de Val&egrave;ncia, el primer estudi sobre h&agrave;bits saludables en l&#8217;Esport. Aquest primer estudi va establir les bases els plans actuals de l&#8217;esport i la salut.<\/p>\n<p><strong>Conclusions de la IX edici&oacute; del F&ograve;rum Ol&iacute;mpic &#8220;Esport i Salut per a Tothom&#8221;, segons Joan Manuel Surroca:<\/strong><\/p>\n<p>L&#8217;activitat f&iacute;sica, a m&eacute;s de permetre&#8217;ns gaudir d&#8217;una vida m&eacute;s sana, &eacute;s la millor forma de prevenci&oacute;. &Eacute;s a dir, fer activitat f&iacute;sica &eacute;s fer salut, alhora que l&rsquo;activitat esportiva pot ser la millor ter&agrave;pia i una eina efica&ccedil; per als metges que, en receptar activitat f&iacute;sica, es poden estalviar l&rsquo;&uacute;s de productes farmacol&ograve;gics. L&#8217;activitat f&iacute;sica i l&#8217;esport s&oacute;n, a m&eacute;s, uns dels principals impulsors que l&#8217;esport estigui obert a tots, fins i tot aquells grups o col&middot;lectius socials afectats per algun tipus de discapacitat. Per&ograve; per tal que l&#8217;activitat f&iacute;sica i l&#8217;esport ens permetin una vida sana i exerceixin la seva funci&oacute; preventiva, hi ha un tercer element fonamental i indispensable: el d&#8217;una nutrici&oacute; adequada. De poc serviria l&#8217;activitat f&iacute;sica i esportiva si l&#8217;alimentaci&oacute; &eacute;s deficient o fins i tot contraproduent. Els arguments exposats durant aquest F&ograve;rum pels diferents ponents, han perm&egrave;s realitzar una completa radiografia d&rsquo;on som i cap a on anem. Malgrat el notable progr&eacute;s en els h&agrave;bits saludables de la poblaci&oacute; espanyola en les tres &uacute;ltimes d&egrave;cades i la implicaci&oacute; de les diferents administracions i els organismes internacionals, la nostra societat mant&eacute; un excessiu sedentarisme i no &eacute;s prou conscient dels beneficis que realment aporten l&#8217;activitat f&iacute;sica i l&#8217;esport.<\/p>\n","protected":false},"excerpt":{"rendered":"<p>&#8220;L&#8217;esport com a instrument per preservar la salut&#8221; ha estat un dels lemes m&eacute;s defensats pels diferents ponents internacionals que han participat en l&#8217;acte. Joan Manuel Surroca ha estat l&#8217;encarregat de gestar les conclusions de la IX Edici&oacute; del F&ograve;rum Ol&iacute;mpic.<\/p>\n","protected":false},"author":1,"featured_media":0,"comment_status":"open","ping_status":"open","sticky":false,"template":"","format":"standard","meta":{"_acf_changed":false,"footnotes":""},"categories":[37],"tags":[],"class_list":["post-4135","post","type-post","status-publish","format-standard","hentry","category-uncategorized-ca"],"acf":[],"yoast_head":"<!-- This site is optimized with the Yoast SEO plugin v23.7 - https:\/\/yoast.com\/wordpress\/plugins\/seo\/ -->\n<title>Rom\u00e0 Cuy\u00e0s, patr\u00f3 de la Fundaci\u00f3 Barcelona Ol\u00edmpica i Secretari d&#039;Estat per a l&#039;Esport en els anys &#039;80, clausura al Museu Ol\u00edmpic i de l&#039;Esport Joan Antoni Samaranch la IX edici\u00f3 F\u00f2rum Ol\u00edmpic 2011 sobre &#039;Esport i Salut per a Tothom&#039; - Fundaci\u00f3 Barcelona Ol\u00edmpica<\/title>\n<meta name=\"robots\" content=\"index, follow, max-snippet:-1, max-image-preview:large, max-video-preview:-1\" \/>\n<link rel=\"canonical\" href=\"https:\/\/www.fundaciobarcelonaolimpica.es\/ca\/roma-cuyas-patro-de-la-fundacio-barcelona-olimpica-i-secretari-destat-per-a-lesport-en-els-anys-80-clausura-al-museu-olimpic-i-de-lesport-joan-antoni-samaranch-la-ix-edicio-forum-olimpic-2011-so\/\" \/>\n<meta property=\"og:locale\" content=\"ca_ES\" \/>\n<meta property=\"og:type\" content=\"article\" \/>\n<meta property=\"og:title\" content=\"Rom\u00e0 Cuy\u00e0s, patr\u00f3 de la Fundaci\u00f3 Barcelona Ol\u00edmpica i Secretari d&#039;Estat per a l&#039;Esport en els anys &#039;80, clausura al Museu Ol\u00edmpic i de l&#039;Esport Joan Antoni Samaranch la IX edici\u00f3 F\u00f2rum Ol\u00edmpic 2011 sobre &#039;Esport i Salut per a Tothom&#039; - Fundaci\u00f3 Barcelona Ol\u00edmpica\" \/>\n<meta property=\"og:description\" content=\"&quot;L&#039;esport com a instrument per preservar la salut&quot; ha estat un dels lemes m&eacute;s defensats pels diferents ponents internacionals que han participat en l&#039;acte. Joan Manuel Surroca ha estat l&#039;encarregat de gestar les conclusions de la IX Edici&oacute; del F&ograve;rum Ol&iacute;mpic.\" \/>\n<meta property=\"og:url\" content=\"https:\/\/www.fundaciobarcelonaolimpica.es\/ca\/roma-cuyas-patro-de-la-fundacio-barcelona-olimpica-i-secretari-destat-per-a-lesport-en-els-anys-80-clausura-al-museu-olimpic-i-de-lesport-joan-antoni-samaranch-la-ix-edicio-forum-olimpic-2011-so\/\" \/>\n<meta property=\"og:site_name\" content=\"Fundaci\u00f3 Barcelona Ol\u00edmpica\" \/>\n<meta property=\"article:published_time\" content=\"2011-10-20T22:00:00+00:00\" \/>\n<meta name=\"author\" content=\"useradmin\" \/>\n<meta name=\"twitter:card\" content=\"summary_large_image\" \/>\n<meta name=\"twitter:label1\" content=\"Escrit per\" \/>\n\t<meta name=\"twitter:data1\" content=\"useradmin\" \/>\n\t<meta name=\"twitter:label2\" content=\"Temps estimat de lectura\" \/>\n\t<meta name=\"twitter:data2\" content=\"2 minuts\" \/>\n<script type=\"application\/ld+json\" class=\"yoast-schema-graph\">{\"@context\":\"https:\/\/schema.org\",\"@graph\":[{\"@type\":\"Article\",\"@id\":\"https:\/\/www.fundaciobarcelonaolimpica.es\/ca\/roma-cuyas-patro-de-la-fundacio-barcelona-olimpica-i-secretari-destat-per-a-lesport-en-els-anys-80-clausura-al-museu-olimpic-i-de-lesport-joan-antoni-samaranch-la-ix-edicio-forum-olimpic-2011-so\/#article\",\"isPartOf\":{\"@id\":\"https:\/\/www.fundaciobarcelonaolimpica.es\/ca\/roma-cuyas-patro-de-la-fundacio-barcelona-olimpica-i-secretari-destat-per-a-lesport-en-els-anys-80-clausura-al-museu-olimpic-i-de-lesport-joan-antoni-samaranch-la-ix-edicio-forum-olimpic-2011-so\/\"},\"author\":{\"name\":\"useradmin\",\"@id\":\"https:\/\/www.fundaciobarcelonaolimpica.es\/ca\/#\/schema\/person\/d05705664e87aa04c6ce53d48133fb39\"},\"headline\":\"Rom\u00e0 Cuy\u00e0s, patr\u00f3 de la Fundaci\u00f3 Barcelona Ol\u00edmpica i Secretari d&#8217;Estat per a l&#8217;Esport en els anys &#8217;80, clausura al Museu Ol\u00edmpic i de l&#8217;Esport Joan Antoni Samaranch la IX edici\u00f3 F\u00f2rum Ol\u00edmpic 2011 sobre &#8216;Esport i Salut per a Tothom&#8217;\",\"datePublished\":\"2011-10-20T22:00:00+00:00\",\"dateModified\":\"2011-10-20T22:00:00+00:00\",\"mainEntityOfPage\":{\"@id\":\"https:\/\/www.fundaciobarcelonaolimpica.es\/ca\/roma-cuyas-patro-de-la-fundacio-barcelona-olimpica-i-secretari-destat-per-a-lesport-en-els-anys-80-clausura-al-museu-olimpic-i-de-lesport-joan-antoni-samaranch-la-ix-edicio-forum-olimpic-2011-so\/\"},\"wordCount\":404,\"commentCount\":0,\"publisher\":{\"@id\":\"https:\/\/www.fundaciobarcelonaolimpica.es\/ca\/#organization\"},\"articleSection\":[\"Uncategorized\"],\"inLanguage\":\"ca\",\"potentialAction\":[{\"@type\":\"CommentAction\",\"name\":\"Comment\",\"target\":[\"https:\/\/www.fundaciobarcelonaolimpica.es\/ca\/roma-cuyas-patro-de-la-fundacio-barcelona-olimpica-i-secretari-destat-per-a-lesport-en-els-anys-80-clausura-al-museu-olimpic-i-de-lesport-joan-antoni-samaranch-la-ix-edicio-forum-olimpic-2011-so\/#respond\"]}]},{\"@type\":\"WebPage\",\"@id\":\"https:\/\/www.fundaciobarcelonaolimpica.es\/ca\/roma-cuyas-patro-de-la-fundacio-barcelona-olimpica-i-secretari-destat-per-a-lesport-en-els-anys-80-clausura-al-museu-olimpic-i-de-lesport-joan-antoni-samaranch-la-ix-edicio-forum-olimpic-2011-so\/\",\"url\":\"https:\/\/www.fundaciobarcelonaolimpica.es\/ca\/roma-cuyas-patro-de-la-fundacio-barcelona-olimpica-i-secretari-destat-per-a-lesport-en-els-anys-80-clausura-al-museu-olimpic-i-de-lesport-joan-antoni-samaranch-la-ix-edicio-forum-olimpic-2011-so\/\",\"name\":\"Rom\u00e0 Cuy\u00e0s, patr\u00f3 de la Fundaci\u00f3 Barcelona Ol\u00edmpica i Secretari d'Estat per a l'Esport en els anys '80, clausura al Museu Ol\u00edmpic i de l'Esport Joan Antoni Samaranch la IX edici\u00f3 F\u00f2rum Ol\u00edmpic 2011 sobre 'Esport i Salut per a Tothom' - Fundaci\u00f3 Barcelona Ol\u00edmpica\",\"isPartOf\":{\"@id\":\"https:\/\/www.fundaciobarcelonaolimpica.es\/ca\/#website\"},\"datePublished\":\"2011-10-20T22:00:00+00:00\",\"dateModified\":\"2011-10-20T22:00:00+00:00\",\"breadcrumb\":{\"@id\":\"https:\/\/www.fundaciobarcelonaolimpica.es\/ca\/roma-cuyas-patro-de-la-fundacio-barcelona-olimpica-i-secretari-destat-per-a-lesport-en-els-anys-80-clausura-al-museu-olimpic-i-de-lesport-joan-antoni-samaranch-la-ix-edicio-forum-olimpic-2011-so\/#breadcrumb\"},\"inLanguage\":\"ca\",\"potentialAction\":[{\"@type\":\"ReadAction\",\"target\":[\"https:\/\/www.fundaciobarcelonaolimpica.es\/ca\/roma-cuyas-patro-de-la-fundacio-barcelona-olimpica-i-secretari-destat-per-a-lesport-en-els-anys-80-clausura-al-museu-olimpic-i-de-lesport-joan-antoni-samaranch-la-ix-edicio-forum-olimpic-2011-so\/\"]}]},{\"@type\":\"BreadcrumbList\",\"@id\":\"https:\/\/www.fundaciobarcelonaolimpica.es\/ca\/roma-cuyas-patro-de-la-fundacio-barcelona-olimpica-i-secretari-destat-per-a-lesport-en-els-anys-80-clausura-al-museu-olimpic-i-de-lesport-joan-antoni-samaranch-la-ix-edicio-forum-olimpic-2011-so\/#breadcrumb\",\"itemListElement\":[{\"@type\":\"ListItem\",\"position\":1,\"name\":\"FBO\",\"item\":\"https:\/\/www.fundaciobarcelonaolimpica.es\/es\/\"},{\"@type\":\"ListItem\",\"position\":2,\"name\":\"Rom\u00e0 Cuy\u00e0s, patr\u00f3 de la Fundaci\u00f3 Barcelona Ol\u00edmpica i Secretari d&#8217;Estat per a l&#8217;Esport en els anys &#8217;80, clausura al Museu Ol\u00edmpic i de l&#8217;Esport Joan Antoni Samaranch la IX edici\u00f3 F\u00f2rum Ol\u00edmpic 2011 sobre &#8216;Esport i Salut per a Tothom&#8217;\"}]},{\"@type\":\"WebSite\",\"@id\":\"https:\/\/www.fundaciobarcelonaolimpica.es\/ca\/#website\",\"url\":\"https:\/\/www.fundaciobarcelonaolimpica.es\/ca\/\",\"name\":\"Fundaci\u00f3 Barcelona Ol\u00edmpica\",\"description\":\"Web del Museu Ol\u00edmpic i de l&#039;Esport\",\"publisher\":{\"@id\":\"https:\/\/www.fundaciobarcelonaolimpica.es\/ca\/#organization\"},\"potentialAction\":[{\"@type\":\"SearchAction\",\"target\":{\"@type\":\"EntryPoint\",\"urlTemplate\":\"https:\/\/www.fundaciobarcelonaolimpica.es\/ca\/?s={search_term_string}\"},\"query-input\":{\"@type\":\"PropertyValueSpecification\",\"valueRequired\":true,\"valueName\":\"search_term_string\"}}],\"inLanguage\":\"ca\"},{\"@type\":\"Organization\",\"@id\":\"https:\/\/www.fundaciobarcelonaolimpica.es\/ca\/#organization\",\"name\":\"Fundaci\u00f3 Barcelona Ol\u00edmpica\",\"url\":\"https:\/\/www.fundaciobarcelonaolimpica.es\/ca\/\",\"logo\":{\"@type\":\"ImageObject\",\"inLanguage\":\"ca\",\"@id\":\"https:\/\/www.fundaciobarcelonaolimpica.es\/ca\/#\/schema\/logo\/image\/\",\"url\":\"https:\/\/www.fundaciobarcelonaolimpica.es\/wp-content\/uploads\/sites\/3\/2019\/02\/logo-fundacio.svg\",\"contentUrl\":\"https:\/\/www.fundaciobarcelonaolimpica.es\/wp-content\/uploads\/sites\/3\/2019\/02\/logo-fundacio.svg\",\"caption\":\"Fundaci\u00f3 Barcelona Ol\u00edmpica\"},\"image\":{\"@id\":\"https:\/\/www.fundaciobarcelonaolimpica.es\/ca\/#\/schema\/logo\/image\/\"}},{\"@type\":\"Person\",\"@id\":\"https:\/\/www.fundaciobarcelonaolimpica.es\/ca\/#\/schema\/person\/d05705664e87aa04c6ce53d48133fb39\",\"name\":\"useradmin\",\"url\":\"https:\/\/www.fundaciobarcelonaolimpica.es\/ca\/author\/useradmin\/\"}]}<\/script>\n<!-- \/ Yoast SEO plugin. -->","yoast_head_json":{"title":"Rom\u00e0 Cuy\u00e0s, patr\u00f3 de la Fundaci\u00f3 Barcelona Ol\u00edmpica i Secretari d'Estat per a l'Esport en els anys '80, clausura al Museu Ol\u00edmpic i de l'Esport Joan Antoni Samaranch la IX edici\u00f3 F\u00f2rum Ol\u00edmpic 2011 sobre 'Esport i Salut per a Tothom' - Fundaci\u00f3 Barcelona Ol\u00edmpica","robots":{"index":"index","follow":"follow","max-snippet":"max-snippet:-1","max-image-preview":"max-image-preview:large","max-video-preview":"max-video-preview:-1"},"canonical":"https:\/\/www.fundaciobarcelonaolimpica.es\/ca\/roma-cuyas-patro-de-la-fundacio-barcelona-olimpica-i-secretari-destat-per-a-lesport-en-els-anys-80-clausura-al-museu-olimpic-i-de-lesport-joan-antoni-samaranch-la-ix-edicio-forum-olimpic-2011-so\/","og_locale":"ca_ES","og_type":"article","og_title":"Rom\u00e0 Cuy\u00e0s, patr\u00f3 de la Fundaci\u00f3 Barcelona Ol\u00edmpica i Secretari d'Estat per a l'Esport en els anys '80, clausura al Museu Ol\u00edmpic i de l'Esport Joan Antoni Samaranch la IX edici\u00f3 F\u00f2rum Ol\u00edmpic 2011 sobre 'Esport i Salut per a Tothom' - Fundaci\u00f3 Barcelona Ol\u00edmpica","og_description":"\"L'esport com a instrument per preservar la salut\" ha estat un dels lemes m&eacute;s defensats pels diferents ponents internacionals que han participat en l'acte. Joan Manuel Surroca ha estat l'encarregat de gestar les conclusions de la IX Edici&oacute; del F&ograve;rum Ol&iacute;mpic.","og_url":"https:\/\/www.fundaciobarcelonaolimpica.es\/ca\/roma-cuyas-patro-de-la-fundacio-barcelona-olimpica-i-secretari-destat-per-a-lesport-en-els-anys-80-clausura-al-museu-olimpic-i-de-lesport-joan-antoni-samaranch-la-ix-edicio-forum-olimpic-2011-so\/","og_site_name":"Fundaci\u00f3 Barcelona Ol\u00edmpica","article_published_time":"2011-10-20T22:00:00+00:00","author":"useradmin","twitter_card":"summary_large_image","twitter_misc":{"Escrit per":"useradmin","Temps estimat de lectura":"2 minuts"},"schema":{"@context":"https:\/\/schema.org","@graph":[{"@type":"Article","@id":"https:\/\/www.fundaciobarcelonaolimpica.es\/ca\/roma-cuyas-patro-de-la-fundacio-barcelona-olimpica-i-secretari-destat-per-a-lesport-en-els-anys-80-clausura-al-museu-olimpic-i-de-lesport-joan-antoni-samaranch-la-ix-edicio-forum-olimpic-2011-so\/#article","isPartOf":{"@id":"https:\/\/www.fundaciobarcelonaolimpica.es\/ca\/roma-cuyas-patro-de-la-fundacio-barcelona-olimpica-i-secretari-destat-per-a-lesport-en-els-anys-80-clausura-al-museu-olimpic-i-de-lesport-joan-antoni-samaranch-la-ix-edicio-forum-olimpic-2011-so\/"},"author":{"name":"useradmin","@id":"https:\/\/www.fundaciobarcelonaolimpica.es\/ca\/#\/schema\/person\/d05705664e87aa04c6ce53d48133fb39"},"headline":"Rom\u00e0 Cuy\u00e0s, patr\u00f3 de la Fundaci\u00f3 Barcelona Ol\u00edmpica i Secretari d&#8217;Estat per a l&#8217;Esport en els anys &#8217;80, clausura al Museu Ol\u00edmpic i de l&#8217;Esport Joan Antoni Samaranch la IX edici\u00f3 F\u00f2rum Ol\u00edmpic 2011 sobre &#8216;Esport i Salut per a Tothom&#8217;","datePublished":"2011-10-20T22:00:00+00:00","dateModified":"2011-10-20T22:00:00+00:00","mainEntityOfPage":{"@id":"https:\/\/www.fundaciobarcelonaolimpica.es\/ca\/roma-cuyas-patro-de-la-fundacio-barcelona-olimpica-i-secretari-destat-per-a-lesport-en-els-anys-80-clausura-al-museu-olimpic-i-de-lesport-joan-antoni-samaranch-la-ix-edicio-forum-olimpic-2011-so\/"},"wordCount":404,"commentCount":0,"publisher":{"@id":"https:\/\/www.fundaciobarcelonaolimpica.es\/ca\/#organization"},"articleSection":["Uncategorized"],"inLanguage":"ca","potentialAction":[{"@type":"CommentAction","name":"Comment","target":["https:\/\/www.fundaciobarcelonaolimpica.es\/ca\/roma-cuyas-patro-de-la-fundacio-barcelona-olimpica-i-secretari-destat-per-a-lesport-en-els-anys-80-clausura-al-museu-olimpic-i-de-lesport-joan-antoni-samaranch-la-ix-edicio-forum-olimpic-2011-so\/#respond"]}]},{"@type":"WebPage","@id":"https:\/\/www.fundaciobarcelonaolimpica.es\/ca\/roma-cuyas-patro-de-la-fundacio-barcelona-olimpica-i-secretari-destat-per-a-lesport-en-els-anys-80-clausura-al-museu-olimpic-i-de-lesport-joan-antoni-samaranch-la-ix-edicio-forum-olimpic-2011-so\/","url":"https:\/\/www.fundaciobarcelonaolimpica.es\/ca\/roma-cuyas-patro-de-la-fundacio-barcelona-olimpica-i-secretari-destat-per-a-lesport-en-els-anys-80-clausura-al-museu-olimpic-i-de-lesport-joan-antoni-samaranch-la-ix-edicio-forum-olimpic-2011-so\/","name":"Rom\u00e0 Cuy\u00e0s, patr\u00f3 de la Fundaci\u00f3 Barcelona Ol\u00edmpica i Secretari d'Estat per a l'Esport en els anys '80, clausura al Museu Ol\u00edmpic i de l'Esport Joan Antoni Samaranch la IX edici\u00f3 F\u00f2rum Ol\u00edmpic 2011 sobre 'Esport i Salut per a Tothom' - Fundaci\u00f3 Barcelona Ol\u00edmpica","isPartOf":{"@id":"https:\/\/www.fundaciobarcelonaolimpica.es\/ca\/#website"},"datePublished":"2011-10-20T22:00:00+00:00","dateModified":"2011-10-20T22:00:00+00:00","breadcrumb":{"@id":"https:\/\/www.fundaciobarcelonaolimpica.es\/ca\/roma-cuyas-patro-de-la-fundacio-barcelona-olimpica-i-secretari-destat-per-a-lesport-en-els-anys-80-clausura-al-museu-olimpic-i-de-lesport-joan-antoni-samaranch-la-ix-edicio-forum-olimpic-2011-so\/#breadcrumb"},"inLanguage":"ca","potentialAction":[{"@type":"ReadAction","target":["https:\/\/www.fundaciobarcelonaolimpica.es\/ca\/roma-cuyas-patro-de-la-fundacio-barcelona-olimpica-i-secretari-destat-per-a-lesport-en-els-anys-80-clausura-al-museu-olimpic-i-de-lesport-joan-antoni-samaranch-la-ix-edicio-forum-olimpic-2011-so\/"]}]},{"@type":"BreadcrumbList","@id":"https:\/\/www.fundaciobarcelonaolimpica.es\/ca\/roma-cuyas-patro-de-la-fundacio-barcelona-olimpica-i-secretari-destat-per-a-lesport-en-els-anys-80-clausura-al-museu-olimpic-i-de-lesport-joan-antoni-samaranch-la-ix-edicio-forum-olimpic-2011-so\/#breadcrumb","itemListElement":[{"@type":"ListItem","position":1,"name":"FBO","item":"https:\/\/www.fundaciobarcelonaolimpica.es\/es\/"},{"@type":"ListItem","position":2,"name":"Rom\u00e0 Cuy\u00e0s, patr\u00f3 de la Fundaci\u00f3 Barcelona Ol\u00edmpica i Secretari d&#8217;Estat per a l&#8217;Esport en els anys &#8217;80, clausura al Museu Ol\u00edmpic i de l&#8217;Esport Joan Antoni Samaranch la IX edici\u00f3 F\u00f2rum Ol\u00edmpic 2011 sobre &#8216;Esport i Salut per a Tothom&#8217;"}]},{"@type":"WebSite","@id":"https:\/\/www.fundaciobarcelonaolimpica.es\/ca\/#website","url":"https:\/\/www.fundaciobarcelonaolimpica.es\/ca\/","name":"Fundaci\u00f3 Barcelona Ol\u00edmpica","description":"Web del Museu Ol\u00edmpic i de l&#039;Esport","publisher":{"@id":"https:\/\/www.fundaciobarcelonaolimpica.es\/ca\/#organization"},"potentialAction":[{"@type":"SearchAction","target":{"@type":"EntryPoint","urlTemplate":"https:\/\/www.fundaciobarcelonaolimpica.es\/ca\/?s={search_term_string}"},"query-input":{"@type":"PropertyValueSpecification","valueRequired":true,"valueName":"search_term_string"}}],"inLanguage":"ca"},{"@type":"Organization","@id":"https:\/\/www.fundaciobarcelonaolimpica.es\/ca\/#organization","name":"Fundaci\u00f3 Barcelona Ol\u00edmpica","url":"https:\/\/www.fundaciobarcelonaolimpica.es\/ca\/","logo":{"@type":"ImageObject","inLanguage":"ca","@id":"https:\/\/www.fundaciobarcelonaolimpica.es\/ca\/#\/schema\/logo\/image\/","url":"https:\/\/www.fundaciobarcelonaolimpica.es\/wp-content\/uploads\/sites\/3\/2019\/02\/logo-fundacio.svg","contentUrl":"https:\/\/www.fundaciobarcelonaolimpica.es\/wp-content\/uploads\/sites\/3\/2019\/02\/logo-fundacio.svg","caption":"Fundaci\u00f3 Barcelona Ol\u00edmpica"},"image":{"@id":"https:\/\/www.fundaciobarcelonaolimpica.es\/ca\/#\/schema\/logo\/image\/"}},{"@type":"Person","@id":"https:\/\/www.fundaciobarcelonaolimpica.es\/ca\/#\/schema\/person\/d05705664e87aa04c6ce53d48133fb39","name":"useradmin","url":"https:\/\/www.fundaciobarcelonaolimpica.es\/ca\/author\/useradmin\/"}]}},"_links":{"self":[{"href":"https:\/\/www.fundaciobarcelonaolimpica.es\/ca\/wp-json\/wp\/v2\/posts\/4135"}],"collection":[{"href":"https:\/\/www.fundaciobarcelonaolimpica.es\/ca\/wp-json\/wp\/v2\/posts"}],"about":[{"href":"https:\/\/www.fundaciobarcelonaolimpica.es\/ca\/wp-json\/wp\/v2\/types\/post"}],"author":[{"embeddable":true,"href":"https:\/\/www.fundaciobarcelonaolimpica.es\/ca\/wp-json\/wp\/v2\/users\/1"}],"replies":[{"embeddable":true,"href":"https:\/\/www.fundaciobarcelonaolimpica.es\/ca\/wp-json\/wp\/v2\/comments?post=4135"}],"version-history":[{"count":0,"href":"https:\/\/www.fundaciobarcelonaolimpica.es\/ca\/wp-json\/wp\/v2\/posts\/4135\/revisions"}],"wp:attachment":[{"href":"https:\/\/www.fundaciobarcelonaolimpica.es\/ca\/wp-json\/wp\/v2\/media?parent=4135"}],"wp:term":[{"taxonomy":"category","embeddable":true,"href":"https:\/\/www.fundaciobarcelonaolimpica.es\/ca\/wp-json\/wp\/v2\/categories?post=4135"},{"taxonomy":"post_tag","embeddable":true,"href":"https:\/\/www.fundaciobarcelonaolimpica.es\/ca\/wp-json\/wp\/v2\/tags?post=4135"}],"curies":[{"name":"wp","href":"https:\/\/api.w.org\/{rel}","templated":true}]}}