{"id":4573,"date":"2012-02-09T00:00:00","date_gmt":"2012-02-08T23:00:00","guid":{"rendered":"http:\/\/dev.fundaciobarcelonaolimpica.es\/lexposicio-barcelona-els-jocs-del-mediterranis-1955-ha-estat-inaugurada-a-la-sala-dexposicions-temporals-del-museu-olimpic-i-de-lesport-joan-antoni-samaranch\/"},"modified":"2012-02-09T00:00:00","modified_gmt":"2012-02-08T23:00:00","slug":"lexposicio-barcelona-els-jocs-del-mediterranis-1955-ha-estat-inaugurada-a-la-sala-dexposicions-temporals-del-museu-olimpic-i-de-lesport-joan-antoni-samaranch","status":"publish","type":"post","link":"https:\/\/www.fundaciobarcelonaolimpica.es\/ca\/lexposicio-barcelona-els-jocs-del-mediterranis-1955-ha-estat-inaugurada-a-la-sala-dexposicions-temporals-del-museu-olimpic-i-de-lesport-joan-antoni-samaranch\/","title":{"rendered":"L&#8217;exposici\u00f3 \u2018Barcelona els Jocs del Mediterranis 1955\u2019 ha estat inaugurada a la sala d&#8217;exposicions temporals del Museu Ol\u00edmpic i de l\u2019Esport Joan Antoni Samaranch."},"content":{"rendered":"<p>L&#8217;acte va estar precedit de la reposici&oacute; de la not&iacute;cia emesa per TVE al NODO, que documenta la Barcelona esportiva del 1955. Imatges del record que serveixen per cimentar la cultura de l&rsquo;esport que s&rsquo;ha est&egrave;s fins als nostres dies.<\/p>\n<p>&nbsp;L&rsquo;exposici&oacute; estar&agrave; oberta al p&uacute;blic fins al 29 d&#8217;abril del 2012. Destacar que el 23 de febrer a les 18:30 es projectar&agrave; la pel&middot;l&iacute;cula &ldquo;Els Jocs del Mediterrani&rdquo; de Josep Arraut, cedida per la Filmoteca de Catalunya.<\/p>\n<p><strong>Les aspiracions ol&iacute;mpiques de Barcelona, despr&eacute;s de les temptatives sense &egrave;xit de 1920, 1924 i 1936, es van veure, en part, compensades per la celebraci&oacute; dels II Jocs Mediterranis de 1955, sota el patronatge del Comit&egrave; Ol&iacute;mpic Internacional.<\/strong><\/p>\n<p><strong>&nbsp;<\/strong>Aquest esdeveniment ser&agrave; recordat sobretot per introduir l&#8217;aigua com a simbolisme del ritual ol&iacute;mpic, transportada per rellevistes des d&#8217;Emp&uacute;ries fins a la Ciutat Comtal. Un ritus, aquest, que va servir per projectar internacionalment la imatge de Barcelona i il&middot;lustrar, novament, la passi&oacute; per l&#8217;esport i la provada capacitat organitzativa de la ciutat.<\/p>\n<p>Els Jocs Mediterranis tamb&eacute; van ser el pretext per millorar les infraestructures i construir-ne de noves -com ara el Palau d&#8217;Esports, el primer que va ser cobert-, i es van adequar instal&middot;lacions tan simb&ograve;liques com l&#8217;estadi de Montju&iuml;c o la piscina municipal, totes dues constru&iuml;des per a l&#8217;Exposici&oacute; Universal de 1929. I el gimnasta barcelon&iacute; Joaqu&iacute;n Blume va ser una de les figures m&eacute;s destacades, en aconseguir set medalles d&#8217;or en la seva categoria.<\/p>\n<p>Un seguit d&#8217;objectes, documents i imatges us aproparan a aquest esdeveniment, l&#8217;antesala d&#8217;uns Jocs Ol&iacute;mpics que encara havien d&#8217;esperar gaireb&eacute; quatre d&egrave;cades a ser una realitat.<\/p>\n","protected":false},"excerpt":{"rendered":"<p>Maite Fandos, presidenta de la Fundaci&oacute; Barcelona Ol&iacute;mpica, i Rom&agrave; Cuy&agrave;s, actual president de la Federaci&oacute; Catalana de Atletisme, van ser els encarregats de presentar l&#8217;acte. Es va destacar la pres&egrave;ncia de Fidel Sust, Pere Sust i Josep Llu&iacute;s Vilaseca, exsecretaris generals d&#8217;Esports de la Generalitat de Catalunya;Santi Sinquier, delegat territorial de la Secretaria General de l&#8217;Esport; David Moner, president de la UFEC; Josep Ant&oacute;n Pujante, president del Club Panatlon, i Tomas Barris, que va participar en aquests Jocs, al costat de la v&iacute;dua de Vidal Quadres, encarregat de realitzar el jurament ol&iacute;mpic.<\/p>\n","protected":false},"author":1,"featured_media":0,"comment_status":"open","ping_status":"open","sticky":false,"template":"","format":"standard","meta":{"_acf_changed":false,"footnotes":""},"categories":[37],"tags":[],"class_list":["post-4573","post","type-post","status-publish","format-standard","hentry","category-uncategorized-ca"],"acf":[],"yoast_head":"<!-- This site is optimized with the Yoast SEO plugin v23.7 - https:\/\/yoast.com\/wordpress\/plugins\/seo\/ -->\n<title>L&#039;exposici\u00f3 \u2018Barcelona els Jocs del Mediterranis 1955\u2019 ha estat inaugurada a la sala d&#039;exposicions temporals del Museu Ol\u00edmpic i de l\u2019Esport Joan Antoni Samaranch. - Fundaci\u00f3 Barcelona Ol\u00edmpica<\/title>\n<meta name=\"robots\" content=\"index, follow, max-snippet:-1, max-image-preview:large, max-video-preview:-1\" \/>\n<link rel=\"canonical\" href=\"https:\/\/www.fundaciobarcelonaolimpica.es\/ca\/lexposicio-barcelona-els-jocs-del-mediterranis-1955-ha-estat-inaugurada-a-la-sala-dexposicions-temporals-del-museu-olimpic-i-de-lesport-joan-antoni-samaranch\/\" \/>\n<meta property=\"og:locale\" content=\"ca_ES\" \/>\n<meta property=\"og:type\" content=\"article\" \/>\n<meta property=\"og:title\" content=\"L&#039;exposici\u00f3 \u2018Barcelona els Jocs del Mediterranis 1955\u2019 ha estat inaugurada a la sala d&#039;exposicions temporals del Museu Ol\u00edmpic i de l\u2019Esport Joan Antoni Samaranch. - Fundaci\u00f3 Barcelona Ol\u00edmpica\" \/>\n<meta property=\"og:description\" content=\"Maite Fandos, presidenta de la Fundaci&oacute; Barcelona Ol&iacute;mpica, i Rom&agrave; Cuy&agrave;s, actual president de la Federaci&oacute; Catalana de Atletisme, van ser els encarregats de presentar l&#039;acte. Es va destacar la pres&egrave;ncia de Fidel Sust, Pere Sust i Josep Llu&iacute;s Vilaseca, exsecretaris generals d&#039;Esports de la Generalitat de Catalunya;Santi Sinquier, delegat territorial de la Secretaria General de l&#039;Esport; David Moner, president de la UFEC; Josep Ant&oacute;n Pujante, president del Club Panatlon, i Tomas Barris, que va participar en aquests Jocs, al costat de la v&iacute;dua de Vidal Quadres, encarregat de realitzar el jurament ol&iacute;mpic.\" \/>\n<meta property=\"og:url\" content=\"https:\/\/www.fundaciobarcelonaolimpica.es\/ca\/lexposicio-barcelona-els-jocs-del-mediterranis-1955-ha-estat-inaugurada-a-la-sala-dexposicions-temporals-del-museu-olimpic-i-de-lesport-joan-antoni-samaranch\/\" \/>\n<meta property=\"og:site_name\" content=\"Fundaci\u00f3 Barcelona Ol\u00edmpica\" \/>\n<meta property=\"article:published_time\" content=\"2012-02-08T23:00:00+00:00\" \/>\n<meta name=\"author\" content=\"useradmin\" \/>\n<meta name=\"twitter:card\" content=\"summary_large_image\" \/>\n<meta name=\"twitter:label1\" content=\"Escrit per\" \/>\n\t<meta name=\"twitter:data1\" content=\"useradmin\" \/>\n\t<meta name=\"twitter:label2\" content=\"Temps estimat de lectura\" \/>\n\t<meta name=\"twitter:data2\" content=\"2 minuts\" \/>\n<script type=\"application\/ld+json\" class=\"yoast-schema-graph\">{\"@context\":\"https:\/\/schema.org\",\"@graph\":[{\"@type\":\"Article\",\"@id\":\"https:\/\/www.fundaciobarcelonaolimpica.es\/ca\/lexposicio-barcelona-els-jocs-del-mediterranis-1955-ha-estat-inaugurada-a-la-sala-dexposicions-temporals-del-museu-olimpic-i-de-lesport-joan-antoni-samaranch\/#article\",\"isPartOf\":{\"@id\":\"https:\/\/www.fundaciobarcelonaolimpica.es\/ca\/lexposicio-barcelona-els-jocs-del-mediterranis-1955-ha-estat-inaugurada-a-la-sala-dexposicions-temporals-del-museu-olimpic-i-de-lesport-joan-antoni-samaranch\/\"},\"author\":{\"name\":\"useradmin\",\"@id\":\"https:\/\/www.fundaciobarcelonaolimpica.es\/ca\/#\/schema\/person\/d05705664e87aa04c6ce53d48133fb39\"},\"headline\":\"L&#8217;exposici\u00f3 \u2018Barcelona els Jocs del Mediterranis 1955\u2019 ha estat inaugurada a la sala d&#8217;exposicions temporals del Museu Ol\u00edmpic i de l\u2019Esport Joan Antoni Samaranch.\",\"datePublished\":\"2012-02-08T23:00:00+00:00\",\"dateModified\":\"2012-02-08T23:00:00+00:00\",\"mainEntityOfPage\":{\"@id\":\"https:\/\/www.fundaciobarcelonaolimpica.es\/ca\/lexposicio-barcelona-els-jocs-del-mediterranis-1955-ha-estat-inaugurada-a-la-sala-dexposicions-temporals-del-museu-olimpic-i-de-lesport-joan-antoni-samaranch\/\"},\"wordCount\":343,\"commentCount\":0,\"publisher\":{\"@id\":\"https:\/\/www.fundaciobarcelonaolimpica.es\/ca\/#organization\"},\"articleSection\":[\"Uncategorized\"],\"inLanguage\":\"ca\",\"potentialAction\":[{\"@type\":\"CommentAction\",\"name\":\"Comment\",\"target\":[\"https:\/\/www.fundaciobarcelonaolimpica.es\/ca\/lexposicio-barcelona-els-jocs-del-mediterranis-1955-ha-estat-inaugurada-a-la-sala-dexposicions-temporals-del-museu-olimpic-i-de-lesport-joan-antoni-samaranch\/#respond\"]}]},{\"@type\":\"WebPage\",\"@id\":\"https:\/\/www.fundaciobarcelonaolimpica.es\/ca\/lexposicio-barcelona-els-jocs-del-mediterranis-1955-ha-estat-inaugurada-a-la-sala-dexposicions-temporals-del-museu-olimpic-i-de-lesport-joan-antoni-samaranch\/\",\"url\":\"https:\/\/www.fundaciobarcelonaolimpica.es\/ca\/lexposicio-barcelona-els-jocs-del-mediterranis-1955-ha-estat-inaugurada-a-la-sala-dexposicions-temporals-del-museu-olimpic-i-de-lesport-joan-antoni-samaranch\/\",\"name\":\"L'exposici\u00f3 \u2018Barcelona els Jocs del Mediterranis 1955\u2019 ha estat inaugurada a la sala d'exposicions temporals del Museu Ol\u00edmpic i de l\u2019Esport Joan Antoni Samaranch. - Fundaci\u00f3 Barcelona Ol\u00edmpica\",\"isPartOf\":{\"@id\":\"https:\/\/www.fundaciobarcelonaolimpica.es\/ca\/#website\"},\"datePublished\":\"2012-02-08T23:00:00+00:00\",\"dateModified\":\"2012-02-08T23:00:00+00:00\",\"breadcrumb\":{\"@id\":\"https:\/\/www.fundaciobarcelonaolimpica.es\/ca\/lexposicio-barcelona-els-jocs-del-mediterranis-1955-ha-estat-inaugurada-a-la-sala-dexposicions-temporals-del-museu-olimpic-i-de-lesport-joan-antoni-samaranch\/#breadcrumb\"},\"inLanguage\":\"ca\",\"potentialAction\":[{\"@type\":\"ReadAction\",\"target\":[\"https:\/\/www.fundaciobarcelonaolimpica.es\/ca\/lexposicio-barcelona-els-jocs-del-mediterranis-1955-ha-estat-inaugurada-a-la-sala-dexposicions-temporals-del-museu-olimpic-i-de-lesport-joan-antoni-samaranch\/\"]}]},{\"@type\":\"BreadcrumbList\",\"@id\":\"https:\/\/www.fundaciobarcelonaolimpica.es\/ca\/lexposicio-barcelona-els-jocs-del-mediterranis-1955-ha-estat-inaugurada-a-la-sala-dexposicions-temporals-del-museu-olimpic-i-de-lesport-joan-antoni-samaranch\/#breadcrumb\",\"itemListElement\":[{\"@type\":\"ListItem\",\"position\":1,\"name\":\"FBO\",\"item\":\"https:\/\/www.fundaciobarcelonaolimpica.es\/es\/\"},{\"@type\":\"ListItem\",\"position\":2,\"name\":\"L&#8217;exposici\u00f3 \u2018Barcelona els Jocs del Mediterranis 1955\u2019 ha estat inaugurada a la sala d&#8217;exposicions temporals del Museu Ol\u00edmpic i de l\u2019Esport Joan Antoni Samaranch.\"}]},{\"@type\":\"WebSite\",\"@id\":\"https:\/\/www.fundaciobarcelonaolimpica.es\/ca\/#website\",\"url\":\"https:\/\/www.fundaciobarcelonaolimpica.es\/ca\/\",\"name\":\"Fundaci\u00f3 Barcelona Ol\u00edmpica\",\"description\":\"Web del Museu Ol\u00edmpic i de l&#039;Esport\",\"publisher\":{\"@id\":\"https:\/\/www.fundaciobarcelonaolimpica.es\/ca\/#organization\"},\"potentialAction\":[{\"@type\":\"SearchAction\",\"target\":{\"@type\":\"EntryPoint\",\"urlTemplate\":\"https:\/\/www.fundaciobarcelonaolimpica.es\/ca\/?s={search_term_string}\"},\"query-input\":{\"@type\":\"PropertyValueSpecification\",\"valueRequired\":true,\"valueName\":\"search_term_string\"}}],\"inLanguage\":\"ca\"},{\"@type\":\"Organization\",\"@id\":\"https:\/\/www.fundaciobarcelonaolimpica.es\/ca\/#organization\",\"name\":\"Fundaci\u00f3 Barcelona Ol\u00edmpica\",\"url\":\"https:\/\/www.fundaciobarcelonaolimpica.es\/ca\/\",\"logo\":{\"@type\":\"ImageObject\",\"inLanguage\":\"ca\",\"@id\":\"https:\/\/www.fundaciobarcelonaolimpica.es\/ca\/#\/schema\/logo\/image\/\",\"url\":\"https:\/\/www.fundaciobarcelonaolimpica.es\/wp-content\/uploads\/sites\/3\/2019\/02\/logo-fundacio.svg\",\"contentUrl\":\"https:\/\/www.fundaciobarcelonaolimpica.es\/wp-content\/uploads\/sites\/3\/2019\/02\/logo-fundacio.svg\",\"caption\":\"Fundaci\u00f3 Barcelona Ol\u00edmpica\"},\"image\":{\"@id\":\"https:\/\/www.fundaciobarcelonaolimpica.es\/ca\/#\/schema\/logo\/image\/\"}},{\"@type\":\"Person\",\"@id\":\"https:\/\/www.fundaciobarcelonaolimpica.es\/ca\/#\/schema\/person\/d05705664e87aa04c6ce53d48133fb39\",\"name\":\"useradmin\",\"url\":\"https:\/\/www.fundaciobarcelonaolimpica.es\/ca\/author\/useradmin\/\"}]}<\/script>\n<!-- \/ Yoast SEO plugin. -->","yoast_head_json":{"title":"L'exposici\u00f3 \u2018Barcelona els Jocs del Mediterranis 1955\u2019 ha estat inaugurada a la sala d'exposicions temporals del Museu Ol\u00edmpic i de l\u2019Esport Joan Antoni Samaranch. - Fundaci\u00f3 Barcelona Ol\u00edmpica","robots":{"index":"index","follow":"follow","max-snippet":"max-snippet:-1","max-image-preview":"max-image-preview:large","max-video-preview":"max-video-preview:-1"},"canonical":"https:\/\/www.fundaciobarcelonaolimpica.es\/ca\/lexposicio-barcelona-els-jocs-del-mediterranis-1955-ha-estat-inaugurada-a-la-sala-dexposicions-temporals-del-museu-olimpic-i-de-lesport-joan-antoni-samaranch\/","og_locale":"ca_ES","og_type":"article","og_title":"L'exposici\u00f3 \u2018Barcelona els Jocs del Mediterranis 1955\u2019 ha estat inaugurada a la sala d'exposicions temporals del Museu Ol\u00edmpic i de l\u2019Esport Joan Antoni Samaranch. - Fundaci\u00f3 Barcelona Ol\u00edmpica","og_description":"Maite Fandos, presidenta de la Fundaci&oacute; Barcelona Ol&iacute;mpica, i Rom&agrave; Cuy&agrave;s, actual president de la Federaci&oacute; Catalana de Atletisme, van ser els encarregats de presentar l'acte. Es va destacar la pres&egrave;ncia de Fidel Sust, Pere Sust i Josep Llu&iacute;s Vilaseca, exsecretaris generals d'Esports de la Generalitat de Catalunya;Santi Sinquier, delegat territorial de la Secretaria General de l'Esport; David Moner, president de la UFEC; Josep Ant&oacute;n Pujante, president del Club Panatlon, i Tomas Barris, que va participar en aquests Jocs, al costat de la v&iacute;dua de Vidal Quadres, encarregat de realitzar el jurament ol&iacute;mpic.","og_url":"https:\/\/www.fundaciobarcelonaolimpica.es\/ca\/lexposicio-barcelona-els-jocs-del-mediterranis-1955-ha-estat-inaugurada-a-la-sala-dexposicions-temporals-del-museu-olimpic-i-de-lesport-joan-antoni-samaranch\/","og_site_name":"Fundaci\u00f3 Barcelona Ol\u00edmpica","article_published_time":"2012-02-08T23:00:00+00:00","author":"useradmin","twitter_card":"summary_large_image","twitter_misc":{"Escrit per":"useradmin","Temps estimat de lectura":"2 minuts"},"schema":{"@context":"https:\/\/schema.org","@graph":[{"@type":"Article","@id":"https:\/\/www.fundaciobarcelonaolimpica.es\/ca\/lexposicio-barcelona-els-jocs-del-mediterranis-1955-ha-estat-inaugurada-a-la-sala-dexposicions-temporals-del-museu-olimpic-i-de-lesport-joan-antoni-samaranch\/#article","isPartOf":{"@id":"https:\/\/www.fundaciobarcelonaolimpica.es\/ca\/lexposicio-barcelona-els-jocs-del-mediterranis-1955-ha-estat-inaugurada-a-la-sala-dexposicions-temporals-del-museu-olimpic-i-de-lesport-joan-antoni-samaranch\/"},"author":{"name":"useradmin","@id":"https:\/\/www.fundaciobarcelonaolimpica.es\/ca\/#\/schema\/person\/d05705664e87aa04c6ce53d48133fb39"},"headline":"L&#8217;exposici\u00f3 \u2018Barcelona els Jocs del Mediterranis 1955\u2019 ha estat inaugurada a la sala d&#8217;exposicions temporals del Museu Ol\u00edmpic i de l\u2019Esport Joan Antoni Samaranch.","datePublished":"2012-02-08T23:00:00+00:00","dateModified":"2012-02-08T23:00:00+00:00","mainEntityOfPage":{"@id":"https:\/\/www.fundaciobarcelonaolimpica.es\/ca\/lexposicio-barcelona-els-jocs-del-mediterranis-1955-ha-estat-inaugurada-a-la-sala-dexposicions-temporals-del-museu-olimpic-i-de-lesport-joan-antoni-samaranch\/"},"wordCount":343,"commentCount":0,"publisher":{"@id":"https:\/\/www.fundaciobarcelonaolimpica.es\/ca\/#organization"},"articleSection":["Uncategorized"],"inLanguage":"ca","potentialAction":[{"@type":"CommentAction","name":"Comment","target":["https:\/\/www.fundaciobarcelonaolimpica.es\/ca\/lexposicio-barcelona-els-jocs-del-mediterranis-1955-ha-estat-inaugurada-a-la-sala-dexposicions-temporals-del-museu-olimpic-i-de-lesport-joan-antoni-samaranch\/#respond"]}]},{"@type":"WebPage","@id":"https:\/\/www.fundaciobarcelonaolimpica.es\/ca\/lexposicio-barcelona-els-jocs-del-mediterranis-1955-ha-estat-inaugurada-a-la-sala-dexposicions-temporals-del-museu-olimpic-i-de-lesport-joan-antoni-samaranch\/","url":"https:\/\/www.fundaciobarcelonaolimpica.es\/ca\/lexposicio-barcelona-els-jocs-del-mediterranis-1955-ha-estat-inaugurada-a-la-sala-dexposicions-temporals-del-museu-olimpic-i-de-lesport-joan-antoni-samaranch\/","name":"L'exposici\u00f3 \u2018Barcelona els Jocs del Mediterranis 1955\u2019 ha estat inaugurada a la sala d'exposicions temporals del Museu Ol\u00edmpic i de l\u2019Esport Joan Antoni Samaranch. - Fundaci\u00f3 Barcelona Ol\u00edmpica","isPartOf":{"@id":"https:\/\/www.fundaciobarcelonaolimpica.es\/ca\/#website"},"datePublished":"2012-02-08T23:00:00+00:00","dateModified":"2012-02-08T23:00:00+00:00","breadcrumb":{"@id":"https:\/\/www.fundaciobarcelonaolimpica.es\/ca\/lexposicio-barcelona-els-jocs-del-mediterranis-1955-ha-estat-inaugurada-a-la-sala-dexposicions-temporals-del-museu-olimpic-i-de-lesport-joan-antoni-samaranch\/#breadcrumb"},"inLanguage":"ca","potentialAction":[{"@type":"ReadAction","target":["https:\/\/www.fundaciobarcelonaolimpica.es\/ca\/lexposicio-barcelona-els-jocs-del-mediterranis-1955-ha-estat-inaugurada-a-la-sala-dexposicions-temporals-del-museu-olimpic-i-de-lesport-joan-antoni-samaranch\/"]}]},{"@type":"BreadcrumbList","@id":"https:\/\/www.fundaciobarcelonaolimpica.es\/ca\/lexposicio-barcelona-els-jocs-del-mediterranis-1955-ha-estat-inaugurada-a-la-sala-dexposicions-temporals-del-museu-olimpic-i-de-lesport-joan-antoni-samaranch\/#breadcrumb","itemListElement":[{"@type":"ListItem","position":1,"name":"FBO","item":"https:\/\/www.fundaciobarcelonaolimpica.es\/es\/"},{"@type":"ListItem","position":2,"name":"L&#8217;exposici\u00f3 \u2018Barcelona els Jocs del Mediterranis 1955\u2019 ha estat inaugurada a la sala d&#8217;exposicions temporals del Museu Ol\u00edmpic i de l\u2019Esport Joan Antoni Samaranch."}]},{"@type":"WebSite","@id":"https:\/\/www.fundaciobarcelonaolimpica.es\/ca\/#website","url":"https:\/\/www.fundaciobarcelonaolimpica.es\/ca\/","name":"Fundaci\u00f3 Barcelona Ol\u00edmpica","description":"Web del Museu Ol\u00edmpic i de l&#039;Esport","publisher":{"@id":"https:\/\/www.fundaciobarcelonaolimpica.es\/ca\/#organization"},"potentialAction":[{"@type":"SearchAction","target":{"@type":"EntryPoint","urlTemplate":"https:\/\/www.fundaciobarcelonaolimpica.es\/ca\/?s={search_term_string}"},"query-input":{"@type":"PropertyValueSpecification","valueRequired":true,"valueName":"search_term_string"}}],"inLanguage":"ca"},{"@type":"Organization","@id":"https:\/\/www.fundaciobarcelonaolimpica.es\/ca\/#organization","name":"Fundaci\u00f3 Barcelona Ol\u00edmpica","url":"https:\/\/www.fundaciobarcelonaolimpica.es\/ca\/","logo":{"@type":"ImageObject","inLanguage":"ca","@id":"https:\/\/www.fundaciobarcelonaolimpica.es\/ca\/#\/schema\/logo\/image\/","url":"https:\/\/www.fundaciobarcelonaolimpica.es\/wp-content\/uploads\/sites\/3\/2019\/02\/logo-fundacio.svg","contentUrl":"https:\/\/www.fundaciobarcelonaolimpica.es\/wp-content\/uploads\/sites\/3\/2019\/02\/logo-fundacio.svg","caption":"Fundaci\u00f3 Barcelona Ol\u00edmpica"},"image":{"@id":"https:\/\/www.fundaciobarcelonaolimpica.es\/ca\/#\/schema\/logo\/image\/"}},{"@type":"Person","@id":"https:\/\/www.fundaciobarcelonaolimpica.es\/ca\/#\/schema\/person\/d05705664e87aa04c6ce53d48133fb39","name":"useradmin","url":"https:\/\/www.fundaciobarcelonaolimpica.es\/ca\/author\/useradmin\/"}]}},"_links":{"self":[{"href":"https:\/\/www.fundaciobarcelonaolimpica.es\/ca\/wp-json\/wp\/v2\/posts\/4573"}],"collection":[{"href":"https:\/\/www.fundaciobarcelonaolimpica.es\/ca\/wp-json\/wp\/v2\/posts"}],"about":[{"href":"https:\/\/www.fundaciobarcelonaolimpica.es\/ca\/wp-json\/wp\/v2\/types\/post"}],"author":[{"embeddable":true,"href":"https:\/\/www.fundaciobarcelonaolimpica.es\/ca\/wp-json\/wp\/v2\/users\/1"}],"replies":[{"embeddable":true,"href":"https:\/\/www.fundaciobarcelonaolimpica.es\/ca\/wp-json\/wp\/v2\/comments?post=4573"}],"version-history":[{"count":0,"href":"https:\/\/www.fundaciobarcelonaolimpica.es\/ca\/wp-json\/wp\/v2\/posts\/4573\/revisions"}],"wp:attachment":[{"href":"https:\/\/www.fundaciobarcelonaolimpica.es\/ca\/wp-json\/wp\/v2\/media?parent=4573"}],"wp:term":[{"taxonomy":"category","embeddable":true,"href":"https:\/\/www.fundaciobarcelonaolimpica.es\/ca\/wp-json\/wp\/v2\/categories?post=4573"},{"taxonomy":"post_tag","embeddable":true,"href":"https:\/\/www.fundaciobarcelonaolimpica.es\/ca\/wp-json\/wp\/v2\/tags?post=4573"}],"curies":[{"name":"wp","href":"https:\/\/api.w.org\/{rel}","templated":true}]}}