{"id":5100,"date":"2012-05-29T00:00:00","date_gmt":"2012-05-28T22:00:00","guid":{"rendered":"http:\/\/dev.fundaciobarcelonaolimpica.es\/bcn-92-20-saga-de-tres-documentals-que-es-podran-veure-amb-motiu-del-20e-aniversari-dels-jocs-olimpics-de-barcelona-92-a-tve\/"},"modified":"2012-05-29T00:00:00","modified_gmt":"2012-05-28T22:00:00","slug":"bcn-92-20-saga-de-tres-documentals-que-es-podran-veure-amb-motiu-del-20e-aniversari-dels-jocs-olimpics-de-barcelona-92-a-tve","status":"publish","type":"post","link":"https:\/\/www.fundaciobarcelonaolimpica.es\/ca\/bcn-92-20-saga-de-tres-documentals-que-es-podran-veure-amb-motiu-del-20e-aniversari-dels-jocs-olimpics-de-barcelona-92-a-tve\/","title":{"rendered":"&#8216;BCN 92 + 20&#8217;, saga de tres documentals que es podran veure amb motiu del 20\u00e8 aniversari dels Jocs Ol\u00edmpics de Barcelona 92 a TVE"},"content":{"rendered":"<p>TVE se suma a les televisions que amb motiu del 20&egrave; aniversari dels Jocs Ol&iacute;mpics de Barcelona volen fer una retrospectiva del que va suposar l&rsquo;esdeveniment esportiu m&eacute;s important que ha viscut aquest pa&iacute;s.<\/p>\n<p>Tots recordem els grans esportistes que van fer vibrar la ciutat: el &lsquo;Dream Team&rsquo;, Ferm&iacute;n Cacho, Karl Lewis&hellip; per&ograve;, els art&iacute;fexs, els que van fer possible que durant 15 dies Barcelona fos el centre de les mirades del m&oacute;n, s&oacute;n els artistes, pol&iacute;tics, empresaris, arquitectes, dissenyadors, voluntaris&#8230; En definitiva, els millors cronistes per narrar-nos el que van ser, en paraules de Joan Antoni Samaranch, &lsquo;els millors Jocs de la hist&ograve;ria&rsquo;.<\/p>\n<p>&nbsp;<\/p>\n","protected":false},"excerpt":{"rendered":"<p>Entre els protagonistes hi ha Toni Mir&oacute;, Chu Uroz, Llu&iacute;s Bassat i Josep Carreras, que van ser entrevistats per un equip de TVE a les instal&middot;lacions del Museu Olimpic i de l&rsquo;Esport Joan Antoni Samaranch de Barcelona.<\/p>\n","protected":false},"author":1,"featured_media":0,"comment_status":"open","ping_status":"open","sticky":false,"template":"","format":"standard","meta":{"_acf_changed":false,"footnotes":""},"categories":[37],"tags":[],"class_list":["post-5100","post","type-post","status-publish","format-standard","hentry","category-uncategorized-ca"],"acf":[],"yoast_head":"<!-- This site is optimized with the Yoast SEO plugin v23.7 - https:\/\/yoast.com\/wordpress\/plugins\/seo\/ -->\n<title>&#039;BCN 92 + 20&#039;, saga de tres documentals que es podran veure amb motiu del 20\u00e8 aniversari dels Jocs Ol\u00edmpics de Barcelona 92 a TVE - Fundaci\u00f3 Barcelona Ol\u00edmpica<\/title>\n<meta name=\"robots\" content=\"index, follow, max-snippet:-1, max-image-preview:large, max-video-preview:-1\" \/>\n<link rel=\"canonical\" href=\"https:\/\/www.fundaciobarcelonaolimpica.es\/ca\/bcn-92-20-saga-de-tres-documentals-que-es-podran-veure-amb-motiu-del-20e-aniversari-dels-jocs-olimpics-de-barcelona-92-a-tve\/\" \/>\n<meta property=\"og:locale\" content=\"ca_ES\" \/>\n<meta property=\"og:type\" content=\"article\" \/>\n<meta property=\"og:title\" content=\"&#039;BCN 92 + 20&#039;, saga de tres documentals que es podran veure amb motiu del 20\u00e8 aniversari dels Jocs Ol\u00edmpics de Barcelona 92 a TVE - Fundaci\u00f3 Barcelona Ol\u00edmpica\" \/>\n<meta property=\"og:description\" content=\"Entre els protagonistes hi ha Toni Mir&oacute;, Chu Uroz, Llu&iacute;s Bassat i Josep Carreras, que van ser entrevistats per un equip de TVE a les instal&middot;lacions del Museu Olimpic i de l&rsquo;Esport Joan Antoni Samaranch de Barcelona.\" \/>\n<meta property=\"og:url\" content=\"https:\/\/www.fundaciobarcelonaolimpica.es\/ca\/bcn-92-20-saga-de-tres-documentals-que-es-podran-veure-amb-motiu-del-20e-aniversari-dels-jocs-olimpics-de-barcelona-92-a-tve\/\" \/>\n<meta property=\"og:site_name\" content=\"Fundaci\u00f3 Barcelona Ol\u00edmpica\" \/>\n<meta property=\"article:published_time\" content=\"2012-05-28T22:00:00+00:00\" \/>\n<meta name=\"author\" content=\"useradmin\" \/>\n<meta name=\"twitter:card\" content=\"summary_large_image\" \/>\n<meta name=\"twitter:label1\" content=\"Escrit per\" \/>\n\t<meta name=\"twitter:data1\" content=\"useradmin\" \/>\n\t<meta name=\"twitter:label2\" content=\"Temps estimat de lectura\" \/>\n\t<meta name=\"twitter:data2\" content=\"1 minut\" \/>\n<script type=\"application\/ld+json\" class=\"yoast-schema-graph\">{\"@context\":\"https:\/\/schema.org\",\"@graph\":[{\"@type\":\"Article\",\"@id\":\"https:\/\/www.fundaciobarcelonaolimpica.es\/ca\/bcn-92-20-saga-de-tres-documentals-que-es-podran-veure-amb-motiu-del-20e-aniversari-dels-jocs-olimpics-de-barcelona-92-a-tve\/#article\",\"isPartOf\":{\"@id\":\"https:\/\/www.fundaciobarcelonaolimpica.es\/ca\/bcn-92-20-saga-de-tres-documentals-que-es-podran-veure-amb-motiu-del-20e-aniversari-dels-jocs-olimpics-de-barcelona-92-a-tve\/\"},\"author\":{\"name\":\"useradmin\",\"@id\":\"https:\/\/www.fundaciobarcelonaolimpica.es\/ca\/#\/schema\/person\/d05705664e87aa04c6ce53d48133fb39\"},\"headline\":\"&#8216;BCN 92 + 20&#8217;, saga de tres documentals que es podran veure amb motiu del 20\u00e8 aniversari dels Jocs Ol\u00edmpics de Barcelona 92 a TVE\",\"datePublished\":\"2012-05-28T22:00:00+00:00\",\"dateModified\":\"2012-05-28T22:00:00+00:00\",\"mainEntityOfPage\":{\"@id\":\"https:\/\/www.fundaciobarcelonaolimpica.es\/ca\/bcn-92-20-saga-de-tres-documentals-que-es-podran-veure-amb-motiu-del-20e-aniversari-dels-jocs-olimpics-de-barcelona-92-a-tve\/\"},\"wordCount\":152,\"commentCount\":0,\"publisher\":{\"@id\":\"https:\/\/www.fundaciobarcelonaolimpica.es\/ca\/#organization\"},\"articleSection\":[\"Uncategorized\"],\"inLanguage\":\"ca\",\"potentialAction\":[{\"@type\":\"CommentAction\",\"name\":\"Comment\",\"target\":[\"https:\/\/www.fundaciobarcelonaolimpica.es\/ca\/bcn-92-20-saga-de-tres-documentals-que-es-podran-veure-amb-motiu-del-20e-aniversari-dels-jocs-olimpics-de-barcelona-92-a-tve\/#respond\"]}]},{\"@type\":\"WebPage\",\"@id\":\"https:\/\/www.fundaciobarcelonaolimpica.es\/ca\/bcn-92-20-saga-de-tres-documentals-que-es-podran-veure-amb-motiu-del-20e-aniversari-dels-jocs-olimpics-de-barcelona-92-a-tve\/\",\"url\":\"https:\/\/www.fundaciobarcelonaolimpica.es\/ca\/bcn-92-20-saga-de-tres-documentals-que-es-podran-veure-amb-motiu-del-20e-aniversari-dels-jocs-olimpics-de-barcelona-92-a-tve\/\",\"name\":\"'BCN 92 + 20', saga de tres documentals que es podran veure amb motiu del 20\u00e8 aniversari dels Jocs Ol\u00edmpics de Barcelona 92 a TVE - Fundaci\u00f3 Barcelona Ol\u00edmpica\",\"isPartOf\":{\"@id\":\"https:\/\/www.fundaciobarcelonaolimpica.es\/ca\/#website\"},\"datePublished\":\"2012-05-28T22:00:00+00:00\",\"dateModified\":\"2012-05-28T22:00:00+00:00\",\"breadcrumb\":{\"@id\":\"https:\/\/www.fundaciobarcelonaolimpica.es\/ca\/bcn-92-20-saga-de-tres-documentals-que-es-podran-veure-amb-motiu-del-20e-aniversari-dels-jocs-olimpics-de-barcelona-92-a-tve\/#breadcrumb\"},\"inLanguage\":\"ca\",\"potentialAction\":[{\"@type\":\"ReadAction\",\"target\":[\"https:\/\/www.fundaciobarcelonaolimpica.es\/ca\/bcn-92-20-saga-de-tres-documentals-que-es-podran-veure-amb-motiu-del-20e-aniversari-dels-jocs-olimpics-de-barcelona-92-a-tve\/\"]}]},{\"@type\":\"BreadcrumbList\",\"@id\":\"https:\/\/www.fundaciobarcelonaolimpica.es\/ca\/bcn-92-20-saga-de-tres-documentals-que-es-podran-veure-amb-motiu-del-20e-aniversari-dels-jocs-olimpics-de-barcelona-92-a-tve\/#breadcrumb\",\"itemListElement\":[{\"@type\":\"ListItem\",\"position\":1,\"name\":\"FBO\",\"item\":\"https:\/\/www.fundaciobarcelonaolimpica.es\/es\/\"},{\"@type\":\"ListItem\",\"position\":2,\"name\":\"&#8216;BCN 92 + 20&#8217;, saga de tres documentals que es podran veure amb motiu del 20\u00e8 aniversari dels Jocs Ol\u00edmpics de Barcelona 92 a TVE\"}]},{\"@type\":\"WebSite\",\"@id\":\"https:\/\/www.fundaciobarcelonaolimpica.es\/ca\/#website\",\"url\":\"https:\/\/www.fundaciobarcelonaolimpica.es\/ca\/\",\"name\":\"Fundaci\u00f3 Barcelona Ol\u00edmpica\",\"description\":\"Web del Museu Ol\u00edmpic i de l&#039;Esport\",\"publisher\":{\"@id\":\"https:\/\/www.fundaciobarcelonaolimpica.es\/ca\/#organization\"},\"potentialAction\":[{\"@type\":\"SearchAction\",\"target\":{\"@type\":\"EntryPoint\",\"urlTemplate\":\"https:\/\/www.fundaciobarcelonaolimpica.es\/ca\/?s={search_term_string}\"},\"query-input\":{\"@type\":\"PropertyValueSpecification\",\"valueRequired\":true,\"valueName\":\"search_term_string\"}}],\"inLanguage\":\"ca\"},{\"@type\":\"Organization\",\"@id\":\"https:\/\/www.fundaciobarcelonaolimpica.es\/ca\/#organization\",\"name\":\"Fundaci\u00f3 Barcelona Ol\u00edmpica\",\"url\":\"https:\/\/www.fundaciobarcelonaolimpica.es\/ca\/\",\"logo\":{\"@type\":\"ImageObject\",\"inLanguage\":\"ca\",\"@id\":\"https:\/\/www.fundaciobarcelonaolimpica.es\/ca\/#\/schema\/logo\/image\/\",\"url\":\"https:\/\/www.fundaciobarcelonaolimpica.es\/wp-content\/uploads\/sites\/3\/2019\/02\/logo-fundacio.svg\",\"contentUrl\":\"https:\/\/www.fundaciobarcelonaolimpica.es\/wp-content\/uploads\/sites\/3\/2019\/02\/logo-fundacio.svg\",\"caption\":\"Fundaci\u00f3 Barcelona Ol\u00edmpica\"},\"image\":{\"@id\":\"https:\/\/www.fundaciobarcelonaolimpica.es\/ca\/#\/schema\/logo\/image\/\"}},{\"@type\":\"Person\",\"@id\":\"https:\/\/www.fundaciobarcelonaolimpica.es\/ca\/#\/schema\/person\/d05705664e87aa04c6ce53d48133fb39\",\"name\":\"useradmin\",\"url\":\"https:\/\/www.fundaciobarcelonaolimpica.es\/ca\/author\/useradmin\/\"}]}<\/script>\n<!-- \/ Yoast SEO plugin. -->","yoast_head_json":{"title":"'BCN 92 + 20', saga de tres documentals que es podran veure amb motiu del 20\u00e8 aniversari dels Jocs Ol\u00edmpics de Barcelona 92 a TVE - Fundaci\u00f3 Barcelona Ol\u00edmpica","robots":{"index":"index","follow":"follow","max-snippet":"max-snippet:-1","max-image-preview":"max-image-preview:large","max-video-preview":"max-video-preview:-1"},"canonical":"https:\/\/www.fundaciobarcelonaolimpica.es\/ca\/bcn-92-20-saga-de-tres-documentals-que-es-podran-veure-amb-motiu-del-20e-aniversari-dels-jocs-olimpics-de-barcelona-92-a-tve\/","og_locale":"ca_ES","og_type":"article","og_title":"'BCN 92 + 20', saga de tres documentals que es podran veure amb motiu del 20\u00e8 aniversari dels Jocs Ol\u00edmpics de Barcelona 92 a TVE - Fundaci\u00f3 Barcelona Ol\u00edmpica","og_description":"Entre els protagonistes hi ha Toni Mir&oacute;, Chu Uroz, Llu&iacute;s Bassat i Josep Carreras, que van ser entrevistats per un equip de TVE a les instal&middot;lacions del Museu Olimpic i de l&rsquo;Esport Joan Antoni Samaranch de Barcelona.","og_url":"https:\/\/www.fundaciobarcelonaolimpica.es\/ca\/bcn-92-20-saga-de-tres-documentals-que-es-podran-veure-amb-motiu-del-20e-aniversari-dels-jocs-olimpics-de-barcelona-92-a-tve\/","og_site_name":"Fundaci\u00f3 Barcelona Ol\u00edmpica","article_published_time":"2012-05-28T22:00:00+00:00","author":"useradmin","twitter_card":"summary_large_image","twitter_misc":{"Escrit per":"useradmin","Temps estimat de lectura":"1 minut"},"schema":{"@context":"https:\/\/schema.org","@graph":[{"@type":"Article","@id":"https:\/\/www.fundaciobarcelonaolimpica.es\/ca\/bcn-92-20-saga-de-tres-documentals-que-es-podran-veure-amb-motiu-del-20e-aniversari-dels-jocs-olimpics-de-barcelona-92-a-tve\/#article","isPartOf":{"@id":"https:\/\/www.fundaciobarcelonaolimpica.es\/ca\/bcn-92-20-saga-de-tres-documentals-que-es-podran-veure-amb-motiu-del-20e-aniversari-dels-jocs-olimpics-de-barcelona-92-a-tve\/"},"author":{"name":"useradmin","@id":"https:\/\/www.fundaciobarcelonaolimpica.es\/ca\/#\/schema\/person\/d05705664e87aa04c6ce53d48133fb39"},"headline":"&#8216;BCN 92 + 20&#8217;, saga de tres documentals que es podran veure amb motiu del 20\u00e8 aniversari dels Jocs Ol\u00edmpics de Barcelona 92 a TVE","datePublished":"2012-05-28T22:00:00+00:00","dateModified":"2012-05-28T22:00:00+00:00","mainEntityOfPage":{"@id":"https:\/\/www.fundaciobarcelonaolimpica.es\/ca\/bcn-92-20-saga-de-tres-documentals-que-es-podran-veure-amb-motiu-del-20e-aniversari-dels-jocs-olimpics-de-barcelona-92-a-tve\/"},"wordCount":152,"commentCount":0,"publisher":{"@id":"https:\/\/www.fundaciobarcelonaolimpica.es\/ca\/#organization"},"articleSection":["Uncategorized"],"inLanguage":"ca","potentialAction":[{"@type":"CommentAction","name":"Comment","target":["https:\/\/www.fundaciobarcelonaolimpica.es\/ca\/bcn-92-20-saga-de-tres-documentals-que-es-podran-veure-amb-motiu-del-20e-aniversari-dels-jocs-olimpics-de-barcelona-92-a-tve\/#respond"]}]},{"@type":"WebPage","@id":"https:\/\/www.fundaciobarcelonaolimpica.es\/ca\/bcn-92-20-saga-de-tres-documentals-que-es-podran-veure-amb-motiu-del-20e-aniversari-dels-jocs-olimpics-de-barcelona-92-a-tve\/","url":"https:\/\/www.fundaciobarcelonaolimpica.es\/ca\/bcn-92-20-saga-de-tres-documentals-que-es-podran-veure-amb-motiu-del-20e-aniversari-dels-jocs-olimpics-de-barcelona-92-a-tve\/","name":"'BCN 92 + 20', saga de tres documentals que es podran veure amb motiu del 20\u00e8 aniversari dels Jocs Ol\u00edmpics de Barcelona 92 a TVE - Fundaci\u00f3 Barcelona Ol\u00edmpica","isPartOf":{"@id":"https:\/\/www.fundaciobarcelonaolimpica.es\/ca\/#website"},"datePublished":"2012-05-28T22:00:00+00:00","dateModified":"2012-05-28T22:00:00+00:00","breadcrumb":{"@id":"https:\/\/www.fundaciobarcelonaolimpica.es\/ca\/bcn-92-20-saga-de-tres-documentals-que-es-podran-veure-amb-motiu-del-20e-aniversari-dels-jocs-olimpics-de-barcelona-92-a-tve\/#breadcrumb"},"inLanguage":"ca","potentialAction":[{"@type":"ReadAction","target":["https:\/\/www.fundaciobarcelonaolimpica.es\/ca\/bcn-92-20-saga-de-tres-documentals-que-es-podran-veure-amb-motiu-del-20e-aniversari-dels-jocs-olimpics-de-barcelona-92-a-tve\/"]}]},{"@type":"BreadcrumbList","@id":"https:\/\/www.fundaciobarcelonaolimpica.es\/ca\/bcn-92-20-saga-de-tres-documentals-que-es-podran-veure-amb-motiu-del-20e-aniversari-dels-jocs-olimpics-de-barcelona-92-a-tve\/#breadcrumb","itemListElement":[{"@type":"ListItem","position":1,"name":"FBO","item":"https:\/\/www.fundaciobarcelonaolimpica.es\/es\/"},{"@type":"ListItem","position":2,"name":"&#8216;BCN 92 + 20&#8217;, saga de tres documentals que es podran veure amb motiu del 20\u00e8 aniversari dels Jocs Ol\u00edmpics de Barcelona 92 a TVE"}]},{"@type":"WebSite","@id":"https:\/\/www.fundaciobarcelonaolimpica.es\/ca\/#website","url":"https:\/\/www.fundaciobarcelonaolimpica.es\/ca\/","name":"Fundaci\u00f3 Barcelona Ol\u00edmpica","description":"Web del Museu Ol\u00edmpic i de l&#039;Esport","publisher":{"@id":"https:\/\/www.fundaciobarcelonaolimpica.es\/ca\/#organization"},"potentialAction":[{"@type":"SearchAction","target":{"@type":"EntryPoint","urlTemplate":"https:\/\/www.fundaciobarcelonaolimpica.es\/ca\/?s={search_term_string}"},"query-input":{"@type":"PropertyValueSpecification","valueRequired":true,"valueName":"search_term_string"}}],"inLanguage":"ca"},{"@type":"Organization","@id":"https:\/\/www.fundaciobarcelonaolimpica.es\/ca\/#organization","name":"Fundaci\u00f3 Barcelona Ol\u00edmpica","url":"https:\/\/www.fundaciobarcelonaolimpica.es\/ca\/","logo":{"@type":"ImageObject","inLanguage":"ca","@id":"https:\/\/www.fundaciobarcelonaolimpica.es\/ca\/#\/schema\/logo\/image\/","url":"https:\/\/www.fundaciobarcelonaolimpica.es\/wp-content\/uploads\/sites\/3\/2019\/02\/logo-fundacio.svg","contentUrl":"https:\/\/www.fundaciobarcelonaolimpica.es\/wp-content\/uploads\/sites\/3\/2019\/02\/logo-fundacio.svg","caption":"Fundaci\u00f3 Barcelona Ol\u00edmpica"},"image":{"@id":"https:\/\/www.fundaciobarcelonaolimpica.es\/ca\/#\/schema\/logo\/image\/"}},{"@type":"Person","@id":"https:\/\/www.fundaciobarcelonaolimpica.es\/ca\/#\/schema\/person\/d05705664e87aa04c6ce53d48133fb39","name":"useradmin","url":"https:\/\/www.fundaciobarcelonaolimpica.es\/ca\/author\/useradmin\/"}]}},"_links":{"self":[{"href":"https:\/\/www.fundaciobarcelonaolimpica.es\/ca\/wp-json\/wp\/v2\/posts\/5100"}],"collection":[{"href":"https:\/\/www.fundaciobarcelonaolimpica.es\/ca\/wp-json\/wp\/v2\/posts"}],"about":[{"href":"https:\/\/www.fundaciobarcelonaolimpica.es\/ca\/wp-json\/wp\/v2\/types\/post"}],"author":[{"embeddable":true,"href":"https:\/\/www.fundaciobarcelonaolimpica.es\/ca\/wp-json\/wp\/v2\/users\/1"}],"replies":[{"embeddable":true,"href":"https:\/\/www.fundaciobarcelonaolimpica.es\/ca\/wp-json\/wp\/v2\/comments?post=5100"}],"version-history":[{"count":0,"href":"https:\/\/www.fundaciobarcelonaolimpica.es\/ca\/wp-json\/wp\/v2\/posts\/5100\/revisions"}],"wp:attachment":[{"href":"https:\/\/www.fundaciobarcelonaolimpica.es\/ca\/wp-json\/wp\/v2\/media?parent=5100"}],"wp:term":[{"taxonomy":"category","embeddable":true,"href":"https:\/\/www.fundaciobarcelonaolimpica.es\/ca\/wp-json\/wp\/v2\/categories?post=5100"},{"taxonomy":"post_tag","embeddable":true,"href":"https:\/\/www.fundaciobarcelonaolimpica.es\/ca\/wp-json\/wp\/v2\/tags?post=5100"}],"curies":[{"name":"wp","href":"https:\/\/api.w.org\/{rel}","templated":true}]}}