{"id":5176,"date":"2012-06-07T00:00:00","date_gmt":"2012-06-06T22:00:00","guid":{"rendered":"http:\/\/dev.fundaciobarcelonaolimpica.es\/javier-trigo-director-del-centre-destudis-olimpics-de-la-universitat-de-navarra-visita-les-instal%c2%b7lacions-de-la-fundacio-barcelona-olimpica-museu-i-centre-destudis-olimpics-i\/"},"modified":"2019-07-17T08:45:41","modified_gmt":"2019-07-17T06:45:41","slug":"javier-trigo-director-del-centre-destudis-olimpics-de-la-universitat-de-navarra-visita-les-instal%c2%b7lacions-de-la-fundacio-barcelona-olimpica-museu-i-centre-destudis-olimpics-i","status":"publish","type":"post","link":"https:\/\/www.fundaciobarcelonaolimpica.es\/ca\/javier-trigo-director-del-centre-destudis-olimpics-de-la-universitat-de-navarra-visita-les-instal%c2%b7lacions-de-la-fundacio-barcelona-olimpica-museu-i-centre-destudis-olimpics-i\/","title":{"rendered":"Javier Trigo, director del Centre d&#8217;Estudis Ol\u00edmpics de la Universitat de Navarra, visita les instal\u00b7lacions de la Fundaci\u00f3 Barcelona Ol\u00edmpica \u2013Museu i Centre d\u2019Estudis Ol\u00edmpics i de l\u2019Esport Joan Antoni Samaranch-."},"content":{"rendered":"<p>El Centre d&#8217;Estudis Ol\u00edmpics de la Universitat de Navarra (CEO) va ser inaugurat el 25 de novembre del 2011 fruit de la signatura d&#8217;un conveni de col\u00b7laboraci\u00f3 entre el Comit\u00e8 Ol\u00edmpic Espanyol, l&#8217;Acad\u00e8mia Ol\u00edmpica Espanyola i la instituci\u00f3 universit\u00e0ria. El seu objectiu \u00e9s assegurar l&#8217;adquisici\u00f3, preservaci\u00f3 i difusi\u00f3 del patrimoni ol\u00edmpic.<\/p>\n<p>El CEO de la Universitat de Navarra, que dep\u00e8n del servei d&#8217;Esports de la Universitat, pret\u00e9n integrar la major quantitat de disciplines universit\u00e0ries possibles amb l&#8217;esport. Per a aix\u00f2, generar\u00e0 vincles de col\u00b7laboraci\u00f3 amb les diferents escoles i facultats del campus.<\/p>\n<p>Actualment hi ha constitu\u00efts 25 Centres d&#8217;Estudis Ol\u00edmpics a Espanya, creats per iniciativa de l\u2019AOE amb la finalitat de difondre els valors de l&#8217;esport, l&#8217;estudi i la investigaci\u00f3 d\u2019aquest als centres universitaris i la integraci\u00f3 del seu estudi en les activitats de la universitat.<\/p>\n","protected":false},"excerpt":{"rendered":"<p>A fi d&#8217;establir un acord de col&middot;laboraci&oacute; entre centres d&#8217;estudis ol&iacute;mpics, Javier Trigos s&rsquo;ha reunit amb Julio Pernas, director de la Fundaci&oacute; Barcelona Ol&iacute;mpica.<\/p>\n","protected":false},"author":1,"featured_media":19526,"comment_status":"open","ping_status":"open","sticky":false,"template":"","format":"standard","meta":{"_acf_changed":false,"footnotes":""},"categories":[2],"tags":[],"class_list":["post-5176","post","type-post","status-publish","format-standard","has-post-thumbnail","hentry","category-sense-categoria"],"acf":[],"yoast_head":"<!-- This site is optimized with the Yoast SEO plugin v23.7 - https:\/\/yoast.com\/wordpress\/plugins\/seo\/ -->\n<title>Javier Trigo, director del Centre d&#039;Estudis Ol\u00edmpics de la Universitat de Navarra, visita les instal\u00b7lacions de la Fundaci\u00f3 Barcelona Ol\u00edmpica \u2013Museu i Centre d\u2019Estudis Ol\u00edmpics i de l\u2019Esport Joan Antoni Samaranch-. - Fundaci\u00f3 Barcelona Ol\u00edmpica<\/title>\n<meta name=\"robots\" content=\"index, follow, max-snippet:-1, max-image-preview:large, max-video-preview:-1\" \/>\n<link rel=\"canonical\" href=\"https:\/\/www.fundaciobarcelonaolimpica.es\/ca\/javier-trigo-director-del-centre-destudis-olimpics-de-la-universitat-de-navarra-visita-les-instal\u00b7lacions-de-la-fundacio-barcelona-olimpica-museu-i-centre-destudis-olimpics-i\/\" \/>\n<meta property=\"og:locale\" content=\"ca_ES\" \/>\n<meta property=\"og:type\" content=\"article\" \/>\n<meta property=\"og:title\" content=\"Javier Trigo, director del Centre d&#039;Estudis Ol\u00edmpics de la Universitat de Navarra, visita les instal\u00b7lacions de la Fundaci\u00f3 Barcelona Ol\u00edmpica \u2013Museu i Centre d\u2019Estudis Ol\u00edmpics i de l\u2019Esport Joan Antoni Samaranch-. - Fundaci\u00f3 Barcelona Ol\u00edmpica\" \/>\n<meta property=\"og:description\" content=\"A fi d&#039;establir un acord de col&middot;laboraci&oacute; entre centres d&#039;estudis ol&iacute;mpics, Javier Trigos s&rsquo;ha reunit amb Julio Pernas, director de la Fundaci&oacute; Barcelona Ol&iacute;mpica.\" \/>\n<meta property=\"og:url\" content=\"https:\/\/www.fundaciobarcelonaolimpica.es\/ca\/javier-trigo-director-del-centre-destudis-olimpics-de-la-universitat-de-navarra-visita-les-instal\u00b7lacions-de-la-fundacio-barcelona-olimpica-museu-i-centre-destudis-olimpics-i\/\" \/>\n<meta property=\"og:site_name\" content=\"Fundaci\u00f3 Barcelona Ol\u00edmpica\" \/>\n<meta property=\"article:published_time\" content=\"2012-06-06T22:00:00+00:00\" \/>\n<meta property=\"article:modified_time\" content=\"2019-07-17T06:45:41+00:00\" \/>\n<meta property=\"og:image\" content=\"https:\/\/www.fundaciobarcelonaolimpica.es\/wp-content\/uploads\/sites\/3\/2012\/06\/Julio_pernas_javier_trigo_02.jpg\" \/>\n\t<meta property=\"og:image:width\" content=\"400\" \/>\n\t<meta property=\"og:image:height\" content=\"267\" \/>\n\t<meta property=\"og:image:type\" content=\"image\/jpeg\" \/>\n<meta name=\"author\" content=\"useradmin\" \/>\n<meta name=\"twitter:card\" content=\"summary_large_image\" \/>\n<meta name=\"twitter:label1\" content=\"Escrit per\" \/>\n\t<meta name=\"twitter:data1\" content=\"useradmin\" \/>\n\t<meta name=\"twitter:label2\" content=\"Temps estimat de lectura\" \/>\n\t<meta name=\"twitter:data2\" content=\"1 minut\" \/>\n<script type=\"application\/ld+json\" class=\"yoast-schema-graph\">{\"@context\":\"https:\/\/schema.org\",\"@graph\":[{\"@type\":\"Article\",\"@id\":\"https:\/\/www.fundaciobarcelonaolimpica.es\/ca\/javier-trigo-director-del-centre-destudis-olimpics-de-la-universitat-de-navarra-visita-les-instal%c2%b7lacions-de-la-fundacio-barcelona-olimpica-museu-i-centre-destudis-olimpics-i\/#article\",\"isPartOf\":{\"@id\":\"https:\/\/www.fundaciobarcelonaolimpica.es\/ca\/javier-trigo-director-del-centre-destudis-olimpics-de-la-universitat-de-navarra-visita-les-instal%c2%b7lacions-de-la-fundacio-barcelona-olimpica-museu-i-centre-destudis-olimpics-i\/\"},\"author\":{\"name\":\"useradmin\",\"@id\":\"https:\/\/www.fundaciobarcelonaolimpica.es\/ca\/#\/schema\/person\/d05705664e87aa04c6ce53d48133fb39\"},\"headline\":\"Javier Trigo, director del Centre d&#8217;Estudis Ol\u00edmpics de la Universitat de Navarra, visita les instal\u00b7lacions de la Fundaci\u00f3 Barcelona Ol\u00edmpica \u2013Museu i Centre d\u2019Estudis Ol\u00edmpics i de l\u2019Esport Joan Antoni Samaranch-.\",\"datePublished\":\"2012-06-06T22:00:00+00:00\",\"dateModified\":\"2019-07-17T06:45:41+00:00\",\"mainEntityOfPage\":{\"@id\":\"https:\/\/www.fundaciobarcelonaolimpica.es\/ca\/javier-trigo-director-del-centre-destudis-olimpics-de-la-universitat-de-navarra-visita-les-instal%c2%b7lacions-de-la-fundacio-barcelona-olimpica-museu-i-centre-destudis-olimpics-i\/\"},\"wordCount\":185,\"commentCount\":0,\"publisher\":{\"@id\":\"https:\/\/www.fundaciobarcelonaolimpica.es\/ca\/#organization\"},\"image\":{\"@id\":\"https:\/\/www.fundaciobarcelonaolimpica.es\/ca\/javier-trigo-director-del-centre-destudis-olimpics-de-la-universitat-de-navarra-visita-les-instal%c2%b7lacions-de-la-fundacio-barcelona-olimpica-museu-i-centre-destudis-olimpics-i\/#primaryimage\"},\"thumbnailUrl\":\"https:\/\/www.fundaciobarcelonaolimpica.es\/wp-content\/uploads\/sites\/3\/2012\/06\/Julio_pernas_javier_trigo_02.jpg\",\"inLanguage\":\"ca\",\"potentialAction\":[{\"@type\":\"CommentAction\",\"name\":\"Comment\",\"target\":[\"https:\/\/www.fundaciobarcelonaolimpica.es\/ca\/javier-trigo-director-del-centre-destudis-olimpics-de-la-universitat-de-navarra-visita-les-instal%c2%b7lacions-de-la-fundacio-barcelona-olimpica-museu-i-centre-destudis-olimpics-i\/#respond\"]}]},{\"@type\":\"WebPage\",\"@id\":\"https:\/\/www.fundaciobarcelonaolimpica.es\/ca\/javier-trigo-director-del-centre-destudis-olimpics-de-la-universitat-de-navarra-visita-les-instal%c2%b7lacions-de-la-fundacio-barcelona-olimpica-museu-i-centre-destudis-olimpics-i\/\",\"url\":\"https:\/\/www.fundaciobarcelonaolimpica.es\/ca\/javier-trigo-director-del-centre-destudis-olimpics-de-la-universitat-de-navarra-visita-les-instal%c2%b7lacions-de-la-fundacio-barcelona-olimpica-museu-i-centre-destudis-olimpics-i\/\",\"name\":\"Javier Trigo, director del Centre d'Estudis Ol\u00edmpics de la Universitat de Navarra, visita les instal\u00b7lacions de la Fundaci\u00f3 Barcelona Ol\u00edmpica \u2013Museu i Centre d\u2019Estudis Ol\u00edmpics i de l\u2019Esport Joan Antoni Samaranch-. - Fundaci\u00f3 Barcelona Ol\u00edmpica\",\"isPartOf\":{\"@id\":\"https:\/\/www.fundaciobarcelonaolimpica.es\/ca\/#website\"},\"primaryImageOfPage\":{\"@id\":\"https:\/\/www.fundaciobarcelonaolimpica.es\/ca\/javier-trigo-director-del-centre-destudis-olimpics-de-la-universitat-de-navarra-visita-les-instal%c2%b7lacions-de-la-fundacio-barcelona-olimpica-museu-i-centre-destudis-olimpics-i\/#primaryimage\"},\"image\":{\"@id\":\"https:\/\/www.fundaciobarcelonaolimpica.es\/ca\/javier-trigo-director-del-centre-destudis-olimpics-de-la-universitat-de-navarra-visita-les-instal%c2%b7lacions-de-la-fundacio-barcelona-olimpica-museu-i-centre-destudis-olimpics-i\/#primaryimage\"},\"thumbnailUrl\":\"https:\/\/www.fundaciobarcelonaolimpica.es\/wp-content\/uploads\/sites\/3\/2012\/06\/Julio_pernas_javier_trigo_02.jpg\",\"datePublished\":\"2012-06-06T22:00:00+00:00\",\"dateModified\":\"2019-07-17T06:45:41+00:00\",\"breadcrumb\":{\"@id\":\"https:\/\/www.fundaciobarcelonaolimpica.es\/ca\/javier-trigo-director-del-centre-destudis-olimpics-de-la-universitat-de-navarra-visita-les-instal%c2%b7lacions-de-la-fundacio-barcelona-olimpica-museu-i-centre-destudis-olimpics-i\/#breadcrumb\"},\"inLanguage\":\"ca\",\"potentialAction\":[{\"@type\":\"ReadAction\",\"target\":[\"https:\/\/www.fundaciobarcelonaolimpica.es\/ca\/javier-trigo-director-del-centre-destudis-olimpics-de-la-universitat-de-navarra-visita-les-instal%c2%b7lacions-de-la-fundacio-barcelona-olimpica-museu-i-centre-destudis-olimpics-i\/\"]}]},{\"@type\":\"ImageObject\",\"inLanguage\":\"ca\",\"@id\":\"https:\/\/www.fundaciobarcelonaolimpica.es\/ca\/javier-trigo-director-del-centre-destudis-olimpics-de-la-universitat-de-navarra-visita-les-instal%c2%b7lacions-de-la-fundacio-barcelona-olimpica-museu-i-centre-destudis-olimpics-i\/#primaryimage\",\"url\":\"https:\/\/www.fundaciobarcelonaolimpica.es\/wp-content\/uploads\/sites\/3\/2012\/06\/Julio_pernas_javier_trigo_02.jpg\",\"contentUrl\":\"https:\/\/www.fundaciobarcelonaolimpica.es\/wp-content\/uploads\/sites\/3\/2012\/06\/Julio_pernas_javier_trigo_02.jpg\",\"width\":400,\"height\":267},{\"@type\":\"BreadcrumbList\",\"@id\":\"https:\/\/www.fundaciobarcelonaolimpica.es\/ca\/javier-trigo-director-del-centre-destudis-olimpics-de-la-universitat-de-navarra-visita-les-instal%c2%b7lacions-de-la-fundacio-barcelona-olimpica-museu-i-centre-destudis-olimpics-i\/#breadcrumb\",\"itemListElement\":[{\"@type\":\"ListItem\",\"position\":1,\"name\":\"FBO\",\"item\":\"https:\/\/www.fundaciobarcelonaolimpica.es\/es\/\"},{\"@type\":\"ListItem\",\"position\":2,\"name\":\"Javier Trigo, director del Centre d&#8217;Estudis Ol\u00edmpics de la Universitat de Navarra, visita les instal\u00b7lacions de la Fundaci\u00f3 Barcelona Ol\u00edmpica \u2013Museu i Centre d\u2019Estudis Ol\u00edmpics i de l\u2019Esport Joan Antoni Samaranch-.\"}]},{\"@type\":\"WebSite\",\"@id\":\"https:\/\/www.fundaciobarcelonaolimpica.es\/ca\/#website\",\"url\":\"https:\/\/www.fundaciobarcelonaolimpica.es\/ca\/\",\"name\":\"Fundaci\u00f3 Barcelona Ol\u00edmpica\",\"description\":\"Web del Museu Ol\u00edmpic i de l&#039;Esport\",\"publisher\":{\"@id\":\"https:\/\/www.fundaciobarcelonaolimpica.es\/ca\/#organization\"},\"potentialAction\":[{\"@type\":\"SearchAction\",\"target\":{\"@type\":\"EntryPoint\",\"urlTemplate\":\"https:\/\/www.fundaciobarcelonaolimpica.es\/ca\/?s={search_term_string}\"},\"query-input\":{\"@type\":\"PropertyValueSpecification\",\"valueRequired\":true,\"valueName\":\"search_term_string\"}}],\"inLanguage\":\"ca\"},{\"@type\":\"Organization\",\"@id\":\"https:\/\/www.fundaciobarcelonaolimpica.es\/ca\/#organization\",\"name\":\"Fundaci\u00f3 Barcelona Ol\u00edmpica\",\"url\":\"https:\/\/www.fundaciobarcelonaolimpica.es\/ca\/\",\"logo\":{\"@type\":\"ImageObject\",\"inLanguage\":\"ca\",\"@id\":\"https:\/\/www.fundaciobarcelonaolimpica.es\/ca\/#\/schema\/logo\/image\/\",\"url\":\"https:\/\/www.fundaciobarcelonaolimpica.es\/wp-content\/uploads\/sites\/3\/2019\/02\/logo-fundacio.svg\",\"contentUrl\":\"https:\/\/www.fundaciobarcelonaolimpica.es\/wp-content\/uploads\/sites\/3\/2019\/02\/logo-fundacio.svg\",\"caption\":\"Fundaci\u00f3 Barcelona Ol\u00edmpica\"},\"image\":{\"@id\":\"https:\/\/www.fundaciobarcelonaolimpica.es\/ca\/#\/schema\/logo\/image\/\"}},{\"@type\":\"Person\",\"@id\":\"https:\/\/www.fundaciobarcelonaolimpica.es\/ca\/#\/schema\/person\/d05705664e87aa04c6ce53d48133fb39\",\"name\":\"useradmin\",\"url\":\"https:\/\/www.fundaciobarcelonaolimpica.es\/ca\/author\/useradmin\/\"}]}<\/script>\n<!-- \/ Yoast SEO plugin. -->","yoast_head_json":{"title":"Javier Trigo, director del Centre d'Estudis Ol\u00edmpics de la Universitat de Navarra, visita les instal\u00b7lacions de la Fundaci\u00f3 Barcelona Ol\u00edmpica \u2013Museu i Centre d\u2019Estudis Ol\u00edmpics i de l\u2019Esport Joan Antoni Samaranch-. - Fundaci\u00f3 Barcelona Ol\u00edmpica","robots":{"index":"index","follow":"follow","max-snippet":"max-snippet:-1","max-image-preview":"max-image-preview:large","max-video-preview":"max-video-preview:-1"},"canonical":"https:\/\/www.fundaciobarcelonaolimpica.es\/ca\/javier-trigo-director-del-centre-destudis-olimpics-de-la-universitat-de-navarra-visita-les-instal\u00b7lacions-de-la-fundacio-barcelona-olimpica-museu-i-centre-destudis-olimpics-i\/","og_locale":"ca_ES","og_type":"article","og_title":"Javier Trigo, director del Centre d'Estudis Ol\u00edmpics de la Universitat de Navarra, visita les instal\u00b7lacions de la Fundaci\u00f3 Barcelona Ol\u00edmpica \u2013Museu i Centre d\u2019Estudis Ol\u00edmpics i de l\u2019Esport Joan Antoni Samaranch-. - Fundaci\u00f3 Barcelona Ol\u00edmpica","og_description":"A fi d'establir un acord de col&middot;laboraci&oacute; entre centres d'estudis ol&iacute;mpics, Javier Trigos s&rsquo;ha reunit amb Julio Pernas, director de la Fundaci&oacute; Barcelona Ol&iacute;mpica.","og_url":"https:\/\/www.fundaciobarcelonaolimpica.es\/ca\/javier-trigo-director-del-centre-destudis-olimpics-de-la-universitat-de-navarra-visita-les-instal\u00b7lacions-de-la-fundacio-barcelona-olimpica-museu-i-centre-destudis-olimpics-i\/","og_site_name":"Fundaci\u00f3 Barcelona Ol\u00edmpica","article_published_time":"2012-06-06T22:00:00+00:00","article_modified_time":"2019-07-17T06:45:41+00:00","og_image":[{"width":400,"height":267,"url":"https:\/\/www.fundaciobarcelonaolimpica.es\/wp-content\/uploads\/sites\/3\/2012\/06\/Julio_pernas_javier_trigo_02.jpg","type":"image\/jpeg"}],"author":"useradmin","twitter_card":"summary_large_image","twitter_misc":{"Escrit per":"useradmin","Temps estimat de lectura":"1 minut"},"schema":{"@context":"https:\/\/schema.org","@graph":[{"@type":"Article","@id":"https:\/\/www.fundaciobarcelonaolimpica.es\/ca\/javier-trigo-director-del-centre-destudis-olimpics-de-la-universitat-de-navarra-visita-les-instal%c2%b7lacions-de-la-fundacio-barcelona-olimpica-museu-i-centre-destudis-olimpics-i\/#article","isPartOf":{"@id":"https:\/\/www.fundaciobarcelonaolimpica.es\/ca\/javier-trigo-director-del-centre-destudis-olimpics-de-la-universitat-de-navarra-visita-les-instal%c2%b7lacions-de-la-fundacio-barcelona-olimpica-museu-i-centre-destudis-olimpics-i\/"},"author":{"name":"useradmin","@id":"https:\/\/www.fundaciobarcelonaolimpica.es\/ca\/#\/schema\/person\/d05705664e87aa04c6ce53d48133fb39"},"headline":"Javier Trigo, director del Centre d&#8217;Estudis Ol\u00edmpics de la Universitat de Navarra, visita les instal\u00b7lacions de la Fundaci\u00f3 Barcelona Ol\u00edmpica \u2013Museu i Centre d\u2019Estudis Ol\u00edmpics i de l\u2019Esport Joan Antoni Samaranch-.","datePublished":"2012-06-06T22:00:00+00:00","dateModified":"2019-07-17T06:45:41+00:00","mainEntityOfPage":{"@id":"https:\/\/www.fundaciobarcelonaolimpica.es\/ca\/javier-trigo-director-del-centre-destudis-olimpics-de-la-universitat-de-navarra-visita-les-instal%c2%b7lacions-de-la-fundacio-barcelona-olimpica-museu-i-centre-destudis-olimpics-i\/"},"wordCount":185,"commentCount":0,"publisher":{"@id":"https:\/\/www.fundaciobarcelonaolimpica.es\/ca\/#organization"},"image":{"@id":"https:\/\/www.fundaciobarcelonaolimpica.es\/ca\/javier-trigo-director-del-centre-destudis-olimpics-de-la-universitat-de-navarra-visita-les-instal%c2%b7lacions-de-la-fundacio-barcelona-olimpica-museu-i-centre-destudis-olimpics-i\/#primaryimage"},"thumbnailUrl":"https:\/\/www.fundaciobarcelonaolimpica.es\/wp-content\/uploads\/sites\/3\/2012\/06\/Julio_pernas_javier_trigo_02.jpg","inLanguage":"ca","potentialAction":[{"@type":"CommentAction","name":"Comment","target":["https:\/\/www.fundaciobarcelonaolimpica.es\/ca\/javier-trigo-director-del-centre-destudis-olimpics-de-la-universitat-de-navarra-visita-les-instal%c2%b7lacions-de-la-fundacio-barcelona-olimpica-museu-i-centre-destudis-olimpics-i\/#respond"]}]},{"@type":"WebPage","@id":"https:\/\/www.fundaciobarcelonaolimpica.es\/ca\/javier-trigo-director-del-centre-destudis-olimpics-de-la-universitat-de-navarra-visita-les-instal%c2%b7lacions-de-la-fundacio-barcelona-olimpica-museu-i-centre-destudis-olimpics-i\/","url":"https:\/\/www.fundaciobarcelonaolimpica.es\/ca\/javier-trigo-director-del-centre-destudis-olimpics-de-la-universitat-de-navarra-visita-les-instal%c2%b7lacions-de-la-fundacio-barcelona-olimpica-museu-i-centre-destudis-olimpics-i\/","name":"Javier Trigo, director del Centre d'Estudis Ol\u00edmpics de la Universitat de Navarra, visita les instal\u00b7lacions de la Fundaci\u00f3 Barcelona Ol\u00edmpica \u2013Museu i Centre d\u2019Estudis Ol\u00edmpics i de l\u2019Esport Joan Antoni Samaranch-. - Fundaci\u00f3 Barcelona Ol\u00edmpica","isPartOf":{"@id":"https:\/\/www.fundaciobarcelonaolimpica.es\/ca\/#website"},"primaryImageOfPage":{"@id":"https:\/\/www.fundaciobarcelonaolimpica.es\/ca\/javier-trigo-director-del-centre-destudis-olimpics-de-la-universitat-de-navarra-visita-les-instal%c2%b7lacions-de-la-fundacio-barcelona-olimpica-museu-i-centre-destudis-olimpics-i\/#primaryimage"},"image":{"@id":"https:\/\/www.fundaciobarcelonaolimpica.es\/ca\/javier-trigo-director-del-centre-destudis-olimpics-de-la-universitat-de-navarra-visita-les-instal%c2%b7lacions-de-la-fundacio-barcelona-olimpica-museu-i-centre-destudis-olimpics-i\/#primaryimage"},"thumbnailUrl":"https:\/\/www.fundaciobarcelonaolimpica.es\/wp-content\/uploads\/sites\/3\/2012\/06\/Julio_pernas_javier_trigo_02.jpg","datePublished":"2012-06-06T22:00:00+00:00","dateModified":"2019-07-17T06:45:41+00:00","breadcrumb":{"@id":"https:\/\/www.fundaciobarcelonaolimpica.es\/ca\/javier-trigo-director-del-centre-destudis-olimpics-de-la-universitat-de-navarra-visita-les-instal%c2%b7lacions-de-la-fundacio-barcelona-olimpica-museu-i-centre-destudis-olimpics-i\/#breadcrumb"},"inLanguage":"ca","potentialAction":[{"@type":"ReadAction","target":["https:\/\/www.fundaciobarcelonaolimpica.es\/ca\/javier-trigo-director-del-centre-destudis-olimpics-de-la-universitat-de-navarra-visita-les-instal%c2%b7lacions-de-la-fundacio-barcelona-olimpica-museu-i-centre-destudis-olimpics-i\/"]}]},{"@type":"ImageObject","inLanguage":"ca","@id":"https:\/\/www.fundaciobarcelonaolimpica.es\/ca\/javier-trigo-director-del-centre-destudis-olimpics-de-la-universitat-de-navarra-visita-les-instal%c2%b7lacions-de-la-fundacio-barcelona-olimpica-museu-i-centre-destudis-olimpics-i\/#primaryimage","url":"https:\/\/www.fundaciobarcelonaolimpica.es\/wp-content\/uploads\/sites\/3\/2012\/06\/Julio_pernas_javier_trigo_02.jpg","contentUrl":"https:\/\/www.fundaciobarcelonaolimpica.es\/wp-content\/uploads\/sites\/3\/2012\/06\/Julio_pernas_javier_trigo_02.jpg","width":400,"height":267},{"@type":"BreadcrumbList","@id":"https:\/\/www.fundaciobarcelonaolimpica.es\/ca\/javier-trigo-director-del-centre-destudis-olimpics-de-la-universitat-de-navarra-visita-les-instal%c2%b7lacions-de-la-fundacio-barcelona-olimpica-museu-i-centre-destudis-olimpics-i\/#breadcrumb","itemListElement":[{"@type":"ListItem","position":1,"name":"FBO","item":"https:\/\/www.fundaciobarcelonaolimpica.es\/es\/"},{"@type":"ListItem","position":2,"name":"Javier Trigo, director del Centre d&#8217;Estudis Ol\u00edmpics de la Universitat de Navarra, visita les instal\u00b7lacions de la Fundaci\u00f3 Barcelona Ol\u00edmpica \u2013Museu i Centre d\u2019Estudis Ol\u00edmpics i de l\u2019Esport Joan Antoni Samaranch-."}]},{"@type":"WebSite","@id":"https:\/\/www.fundaciobarcelonaolimpica.es\/ca\/#website","url":"https:\/\/www.fundaciobarcelonaolimpica.es\/ca\/","name":"Fundaci\u00f3 Barcelona Ol\u00edmpica","description":"Web del Museu Ol\u00edmpic i de l&#039;Esport","publisher":{"@id":"https:\/\/www.fundaciobarcelonaolimpica.es\/ca\/#organization"},"potentialAction":[{"@type":"SearchAction","target":{"@type":"EntryPoint","urlTemplate":"https:\/\/www.fundaciobarcelonaolimpica.es\/ca\/?s={search_term_string}"},"query-input":{"@type":"PropertyValueSpecification","valueRequired":true,"valueName":"search_term_string"}}],"inLanguage":"ca"},{"@type":"Organization","@id":"https:\/\/www.fundaciobarcelonaolimpica.es\/ca\/#organization","name":"Fundaci\u00f3 Barcelona Ol\u00edmpica","url":"https:\/\/www.fundaciobarcelonaolimpica.es\/ca\/","logo":{"@type":"ImageObject","inLanguage":"ca","@id":"https:\/\/www.fundaciobarcelonaolimpica.es\/ca\/#\/schema\/logo\/image\/","url":"https:\/\/www.fundaciobarcelonaolimpica.es\/wp-content\/uploads\/sites\/3\/2019\/02\/logo-fundacio.svg","contentUrl":"https:\/\/www.fundaciobarcelonaolimpica.es\/wp-content\/uploads\/sites\/3\/2019\/02\/logo-fundacio.svg","caption":"Fundaci\u00f3 Barcelona Ol\u00edmpica"},"image":{"@id":"https:\/\/www.fundaciobarcelonaolimpica.es\/ca\/#\/schema\/logo\/image\/"}},{"@type":"Person","@id":"https:\/\/www.fundaciobarcelonaolimpica.es\/ca\/#\/schema\/person\/d05705664e87aa04c6ce53d48133fb39","name":"useradmin","url":"https:\/\/www.fundaciobarcelonaolimpica.es\/ca\/author\/useradmin\/"}]}},"_links":{"self":[{"href":"https:\/\/www.fundaciobarcelonaolimpica.es\/ca\/wp-json\/wp\/v2\/posts\/5176"}],"collection":[{"href":"https:\/\/www.fundaciobarcelonaolimpica.es\/ca\/wp-json\/wp\/v2\/posts"}],"about":[{"href":"https:\/\/www.fundaciobarcelonaolimpica.es\/ca\/wp-json\/wp\/v2\/types\/post"}],"author":[{"embeddable":true,"href":"https:\/\/www.fundaciobarcelonaolimpica.es\/ca\/wp-json\/wp\/v2\/users\/1"}],"replies":[{"embeddable":true,"href":"https:\/\/www.fundaciobarcelonaolimpica.es\/ca\/wp-json\/wp\/v2\/comments?post=5176"}],"version-history":[{"count":1,"href":"https:\/\/www.fundaciobarcelonaolimpica.es\/ca\/wp-json\/wp\/v2\/posts\/5176\/revisions"}],"predecessor-version":[{"id":19529,"href":"https:\/\/www.fundaciobarcelonaolimpica.es\/ca\/wp-json\/wp\/v2\/posts\/5176\/revisions\/19529"}],"wp:featuredmedia":[{"embeddable":true,"href":"https:\/\/www.fundaciobarcelonaolimpica.es\/ca\/wp-json\/wp\/v2\/media\/19526"}],"wp:attachment":[{"href":"https:\/\/www.fundaciobarcelonaolimpica.es\/ca\/wp-json\/wp\/v2\/media?parent=5176"}],"wp:term":[{"taxonomy":"category","embeddable":true,"href":"https:\/\/www.fundaciobarcelonaolimpica.es\/ca\/wp-json\/wp\/v2\/categories?post=5176"},{"taxonomy":"post_tag","embeddable":true,"href":"https:\/\/www.fundaciobarcelonaolimpica.es\/ca\/wp-json\/wp\/v2\/tags?post=5176"}],"curies":[{"name":"wp","href":"https:\/\/api.w.org\/{rel}","templated":true}]}}