{"id":5608,"date":"2014-07-09T00:00:00","date_gmt":"2014-07-08T22:00:00","guid":{"rendered":"http:\/\/dev.fundaciobarcelonaolimpica.es\/rosa-valbuena-de-bilbao-recull-el-guardo-de-la-iii-edicio-del-premi-internacional-daquarel%c2%b7la-i-tecniques-sobre-paper\/"},"modified":"2019-07-16T16:47:59","modified_gmt":"2019-07-16T14:47:59","slug":"rosa-valbuena-de-bilbao-recull-el-guardo-de-la-iii-edicio-del-premi-internacional-daquarel%c2%b7la-i-tecniques-sobre-paper","status":"publish","type":"post","link":"https:\/\/www.fundaciobarcelonaolimpica.es\/ca\/rosa-valbuena-de-bilbao-recull-el-guardo-de-la-iii-edicio-del-premi-internacional-daquarel%c2%b7la-i-tecniques-sobre-paper\/","title":{"rendered":"Rosa Valbuena, de Bilbao, recull el guard\u00f3 de la III edici\u00f3 del premi Internacional d&#8217;Aquarel\u00b7la i t\u00e8cniques sobre paper."},"content":{"rendered":"<p>La guanyadora del III Premi Internacional d&#8217;Aquarel\u00b7la i t\u00e8cniques sobre paper. Tem\u00e0tica esportiva ha estat Rosa Valbuena, de Bilbao, que rebr\u00e0 el diploma del certamen i un premi en met\u00e0l\u00b7lic de 2500\u20ac.\u2028El segon premi -1800 \u20ac &#8211; ha estat per a Daniel Fuster, de Barcelona, amb l&#8217;aquarel\u00b7la \u2018Llestos&#8230;\u2019, i el p\u00f2dium d&#8217;honor l\u2019ha completat Guillermo Fournier, de Costa Rica, amb el quadre \u2018El reto es conmigo\u2019, que obtindr\u00e0 la quantitat de 1200 \u20ac.\u2028El jurat, format pel\u00a0 &#8211;\u00a0 Sr. Rom\u00e0 Arranz, professor de l&#8217;Escola Massana de Barcelona; el Sr. Vicen\u00e7 Ballestar, membre de l&#8217;Agrupaci\u00f3 d&#8217;Aquarel\u00b7listes de Catalunya, la Sra. Raquel Medina, comiss\u00e0ria d&#8217;exposicions i cr\u00edtica d&#8217;art; i el Sr. Juli Pernas, director del Museu Ol\u00edmpic i de l\u2019Esport i la Fundaci\u00f3 Barcelona Ol\u00edmpica -, va escollir aquestes tres obres de les 22 que van arribar a la fase final del concurs, tot elogiant l\u2019alt nivell d\u2019aquesta tercera edici\u00f3, que consolida el premi en el seu sector.\u2028Les obres guanyadores, juntament amb les finalistes, estaran exposades a la sala de mostres temporals fins el\u00a0 30\/11\/2012 del Museu Ol\u00edmpic i de l&#8217;Esport Joan Antoni Samaranch (av. De l&#8217;Estadi, 60).<\/p>\n","protected":false},"excerpt":{"rendered":"<p>Josep Lluis Vilaseca, ex secretari general de l&#8217;Esport i Raquel Medina, comiss&agrave;ria d&#8217;exposicions i membre del jurat van ser els encarregats de lliurar els diplomes acreditatius als guanyador<\/p>\n","protected":false},"author":1,"featured_media":5612,"comment_status":"open","ping_status":"open","sticky":false,"template":"","format":"standard","meta":{"_acf_changed":false,"footnotes":""},"categories":[2],"tags":[],"class_list":["post-5608","post","type-post","status-publish","format-standard","has-post-thumbnail","hentry","category-sense-categoria"],"acf":[],"yoast_head":"<!-- This site is optimized with the Yoast SEO plugin v23.7 - https:\/\/yoast.com\/wordpress\/plugins\/seo\/ -->\n<title>Rosa Valbuena, de Bilbao, recull el guard\u00f3 de la III edici\u00f3 del premi Internacional d&#039;Aquarel\u00b7la i t\u00e8cniques sobre paper. - Fundaci\u00f3 Barcelona Ol\u00edmpica<\/title>\n<meta name=\"robots\" content=\"index, follow, max-snippet:-1, max-image-preview:large, max-video-preview:-1\" \/>\n<link rel=\"canonical\" href=\"https:\/\/www.fundaciobarcelonaolimpica.es\/ca\/rosa-valbuena-de-bilbao-recull-el-guardo-de-la-iii-edicio-del-premi-internacional-daquarel\u00b7la-i-tecniques-sobre-paper\/\" \/>\n<meta property=\"og:locale\" content=\"ca_ES\" \/>\n<meta property=\"og:type\" content=\"article\" \/>\n<meta property=\"og:title\" content=\"Rosa Valbuena, de Bilbao, recull el guard\u00f3 de la III edici\u00f3 del premi Internacional d&#039;Aquarel\u00b7la i t\u00e8cniques sobre paper. - Fundaci\u00f3 Barcelona Ol\u00edmpica\" \/>\n<meta property=\"og:description\" content=\"Josep Lluis Vilaseca, ex secretari general de l&#039;Esport i Raquel Medina, comiss&agrave;ria d&#039;exposicions i membre del jurat van ser els encarregats de lliurar els diplomes acreditatius als guanyador\" \/>\n<meta property=\"og:url\" content=\"https:\/\/www.fundaciobarcelonaolimpica.es\/ca\/rosa-valbuena-de-bilbao-recull-el-guardo-de-la-iii-edicio-del-premi-internacional-daquarel\u00b7la-i-tecniques-sobre-paper\/\" \/>\n<meta property=\"og:site_name\" content=\"Fundaci\u00f3 Barcelona Ol\u00edmpica\" \/>\n<meta property=\"article:published_time\" content=\"2014-07-08T22:00:00+00:00\" \/>\n<meta property=\"article:modified_time\" content=\"2019-07-16T14:47:59+00:00\" \/>\n<meta property=\"og:image\" content=\"https:\/\/www.fundaciobarcelonaolimpica.es\/wp-content\/uploads\/sites\/3\/2019\/03\/Acuarela_guanyadors.JPG\" \/>\n\t<meta property=\"og:image:width\" content=\"400\" \/>\n\t<meta property=\"og:image:height\" content=\"267\" \/>\n\t<meta property=\"og:image:type\" content=\"image\/jpeg\" \/>\n<meta name=\"author\" content=\"useradmin\" \/>\n<meta name=\"twitter:card\" content=\"summary_large_image\" \/>\n<meta name=\"twitter:label1\" content=\"Escrit per\" \/>\n\t<meta name=\"twitter:data1\" content=\"useradmin\" \/>\n\t<meta name=\"twitter:label2\" content=\"Temps estimat de lectura\" \/>\n\t<meta name=\"twitter:data2\" content=\"1 minut\" \/>\n<script type=\"application\/ld+json\" class=\"yoast-schema-graph\">{\"@context\":\"https:\/\/schema.org\",\"@graph\":[{\"@type\":\"Article\",\"@id\":\"https:\/\/www.fundaciobarcelonaolimpica.es\/ca\/rosa-valbuena-de-bilbao-recull-el-guardo-de-la-iii-edicio-del-premi-internacional-daquarel%c2%b7la-i-tecniques-sobre-paper\/#article\",\"isPartOf\":{\"@id\":\"https:\/\/www.fundaciobarcelonaolimpica.es\/ca\/rosa-valbuena-de-bilbao-recull-el-guardo-de-la-iii-edicio-del-premi-internacional-daquarel%c2%b7la-i-tecniques-sobre-paper\/\"},\"author\":{\"name\":\"useradmin\",\"@id\":\"https:\/\/www.fundaciobarcelonaolimpica.es\/ca\/#\/schema\/person\/d05705664e87aa04c6ce53d48133fb39\"},\"headline\":\"Rosa Valbuena, de Bilbao, recull el guard\u00f3 de la III edici\u00f3 del premi Internacional d&#8217;Aquarel\u00b7la i t\u00e8cniques sobre paper.\",\"datePublished\":\"2014-07-08T22:00:00+00:00\",\"dateModified\":\"2019-07-16T14:47:59+00:00\",\"mainEntityOfPage\":{\"@id\":\"https:\/\/www.fundaciobarcelonaolimpica.es\/ca\/rosa-valbuena-de-bilbao-recull-el-guardo-de-la-iii-edicio-del-premi-internacional-daquarel%c2%b7la-i-tecniques-sobre-paper\/\"},\"wordCount\":219,\"commentCount\":0,\"publisher\":{\"@id\":\"https:\/\/www.fundaciobarcelonaolimpica.es\/ca\/#organization\"},\"image\":{\"@id\":\"https:\/\/www.fundaciobarcelonaolimpica.es\/ca\/rosa-valbuena-de-bilbao-recull-el-guardo-de-la-iii-edicio-del-premi-internacional-daquarel%c2%b7la-i-tecniques-sobre-paper\/#primaryimage\"},\"thumbnailUrl\":\"https:\/\/www.fundaciobarcelonaolimpica.es\/wp-content\/uploads\/sites\/3\/2019\/03\/Acuarela_guanyadors.JPG\",\"inLanguage\":\"ca\",\"potentialAction\":[{\"@type\":\"CommentAction\",\"name\":\"Comment\",\"target\":[\"https:\/\/www.fundaciobarcelonaolimpica.es\/ca\/rosa-valbuena-de-bilbao-recull-el-guardo-de-la-iii-edicio-del-premi-internacional-daquarel%c2%b7la-i-tecniques-sobre-paper\/#respond\"]}]},{\"@type\":\"WebPage\",\"@id\":\"https:\/\/www.fundaciobarcelonaolimpica.es\/ca\/rosa-valbuena-de-bilbao-recull-el-guardo-de-la-iii-edicio-del-premi-internacional-daquarel%c2%b7la-i-tecniques-sobre-paper\/\",\"url\":\"https:\/\/www.fundaciobarcelonaolimpica.es\/ca\/rosa-valbuena-de-bilbao-recull-el-guardo-de-la-iii-edicio-del-premi-internacional-daquarel%c2%b7la-i-tecniques-sobre-paper\/\",\"name\":\"Rosa Valbuena, de Bilbao, recull el guard\u00f3 de la III edici\u00f3 del premi Internacional d'Aquarel\u00b7la i t\u00e8cniques sobre paper. - Fundaci\u00f3 Barcelona Ol\u00edmpica\",\"isPartOf\":{\"@id\":\"https:\/\/www.fundaciobarcelonaolimpica.es\/ca\/#website\"},\"primaryImageOfPage\":{\"@id\":\"https:\/\/www.fundaciobarcelonaolimpica.es\/ca\/rosa-valbuena-de-bilbao-recull-el-guardo-de-la-iii-edicio-del-premi-internacional-daquarel%c2%b7la-i-tecniques-sobre-paper\/#primaryimage\"},\"image\":{\"@id\":\"https:\/\/www.fundaciobarcelonaolimpica.es\/ca\/rosa-valbuena-de-bilbao-recull-el-guardo-de-la-iii-edicio-del-premi-internacional-daquarel%c2%b7la-i-tecniques-sobre-paper\/#primaryimage\"},\"thumbnailUrl\":\"https:\/\/www.fundaciobarcelonaolimpica.es\/wp-content\/uploads\/sites\/3\/2019\/03\/Acuarela_guanyadors.JPG\",\"datePublished\":\"2014-07-08T22:00:00+00:00\",\"dateModified\":\"2019-07-16T14:47:59+00:00\",\"breadcrumb\":{\"@id\":\"https:\/\/www.fundaciobarcelonaolimpica.es\/ca\/rosa-valbuena-de-bilbao-recull-el-guardo-de-la-iii-edicio-del-premi-internacional-daquarel%c2%b7la-i-tecniques-sobre-paper\/#breadcrumb\"},\"inLanguage\":\"ca\",\"potentialAction\":[{\"@type\":\"ReadAction\",\"target\":[\"https:\/\/www.fundaciobarcelonaolimpica.es\/ca\/rosa-valbuena-de-bilbao-recull-el-guardo-de-la-iii-edicio-del-premi-internacional-daquarel%c2%b7la-i-tecniques-sobre-paper\/\"]}]},{\"@type\":\"ImageObject\",\"inLanguage\":\"ca\",\"@id\":\"https:\/\/www.fundaciobarcelonaolimpica.es\/ca\/rosa-valbuena-de-bilbao-recull-el-guardo-de-la-iii-edicio-del-premi-internacional-daquarel%c2%b7la-i-tecniques-sobre-paper\/#primaryimage\",\"url\":\"https:\/\/www.fundaciobarcelonaolimpica.es\/wp-content\/uploads\/sites\/3\/2019\/03\/Acuarela_guanyadors.JPG\",\"contentUrl\":\"https:\/\/www.fundaciobarcelonaolimpica.es\/wp-content\/uploads\/sites\/3\/2019\/03\/Acuarela_guanyadors.JPG\",\"width\":400,\"height\":267},{\"@type\":\"BreadcrumbList\",\"@id\":\"https:\/\/www.fundaciobarcelonaolimpica.es\/ca\/rosa-valbuena-de-bilbao-recull-el-guardo-de-la-iii-edicio-del-premi-internacional-daquarel%c2%b7la-i-tecniques-sobre-paper\/#breadcrumb\",\"itemListElement\":[{\"@type\":\"ListItem\",\"position\":1,\"name\":\"FBO\",\"item\":\"https:\/\/www.fundaciobarcelonaolimpica.es\/es\/\"},{\"@type\":\"ListItem\",\"position\":2,\"name\":\"Rosa Valbuena, de Bilbao, recull el guard\u00f3 de la III edici\u00f3 del premi Internacional d&#8217;Aquarel\u00b7la i t\u00e8cniques sobre paper.\"}]},{\"@type\":\"WebSite\",\"@id\":\"https:\/\/www.fundaciobarcelonaolimpica.es\/ca\/#website\",\"url\":\"https:\/\/www.fundaciobarcelonaolimpica.es\/ca\/\",\"name\":\"Fundaci\u00f3 Barcelona Ol\u00edmpica\",\"description\":\"Web del Museu Ol\u00edmpic i de l&#039;Esport\",\"publisher\":{\"@id\":\"https:\/\/www.fundaciobarcelonaolimpica.es\/ca\/#organization\"},\"potentialAction\":[{\"@type\":\"SearchAction\",\"target\":{\"@type\":\"EntryPoint\",\"urlTemplate\":\"https:\/\/www.fundaciobarcelonaolimpica.es\/ca\/?s={search_term_string}\"},\"query-input\":{\"@type\":\"PropertyValueSpecification\",\"valueRequired\":true,\"valueName\":\"search_term_string\"}}],\"inLanguage\":\"ca\"},{\"@type\":\"Organization\",\"@id\":\"https:\/\/www.fundaciobarcelonaolimpica.es\/ca\/#organization\",\"name\":\"Fundaci\u00f3 Barcelona Ol\u00edmpica\",\"url\":\"https:\/\/www.fundaciobarcelonaolimpica.es\/ca\/\",\"logo\":{\"@type\":\"ImageObject\",\"inLanguage\":\"ca\",\"@id\":\"https:\/\/www.fundaciobarcelonaolimpica.es\/ca\/#\/schema\/logo\/image\/\",\"url\":\"https:\/\/www.fundaciobarcelonaolimpica.es\/wp-content\/uploads\/sites\/3\/2019\/02\/logo-fundacio.svg\",\"contentUrl\":\"https:\/\/www.fundaciobarcelonaolimpica.es\/wp-content\/uploads\/sites\/3\/2019\/02\/logo-fundacio.svg\",\"caption\":\"Fundaci\u00f3 Barcelona Ol\u00edmpica\"},\"image\":{\"@id\":\"https:\/\/www.fundaciobarcelonaolimpica.es\/ca\/#\/schema\/logo\/image\/\"}},{\"@type\":\"Person\",\"@id\":\"https:\/\/www.fundaciobarcelonaolimpica.es\/ca\/#\/schema\/person\/d05705664e87aa04c6ce53d48133fb39\",\"name\":\"useradmin\",\"url\":\"https:\/\/www.fundaciobarcelonaolimpica.es\/ca\/author\/useradmin\/\"}]}<\/script>\n<!-- \/ Yoast SEO plugin. -->","yoast_head_json":{"title":"Rosa Valbuena, de Bilbao, recull el guard\u00f3 de la III edici\u00f3 del premi Internacional d'Aquarel\u00b7la i t\u00e8cniques sobre paper. - Fundaci\u00f3 Barcelona Ol\u00edmpica","robots":{"index":"index","follow":"follow","max-snippet":"max-snippet:-1","max-image-preview":"max-image-preview:large","max-video-preview":"max-video-preview:-1"},"canonical":"https:\/\/www.fundaciobarcelonaolimpica.es\/ca\/rosa-valbuena-de-bilbao-recull-el-guardo-de-la-iii-edicio-del-premi-internacional-daquarel\u00b7la-i-tecniques-sobre-paper\/","og_locale":"ca_ES","og_type":"article","og_title":"Rosa Valbuena, de Bilbao, recull el guard\u00f3 de la III edici\u00f3 del premi Internacional d'Aquarel\u00b7la i t\u00e8cniques sobre paper. - Fundaci\u00f3 Barcelona Ol\u00edmpica","og_description":"Josep Lluis Vilaseca, ex secretari general de l'Esport i Raquel Medina, comiss&agrave;ria d'exposicions i membre del jurat van ser els encarregats de lliurar els diplomes acreditatius als guanyador","og_url":"https:\/\/www.fundaciobarcelonaolimpica.es\/ca\/rosa-valbuena-de-bilbao-recull-el-guardo-de-la-iii-edicio-del-premi-internacional-daquarel\u00b7la-i-tecniques-sobre-paper\/","og_site_name":"Fundaci\u00f3 Barcelona Ol\u00edmpica","article_published_time":"2014-07-08T22:00:00+00:00","article_modified_time":"2019-07-16T14:47:59+00:00","og_image":[{"width":400,"height":267,"url":"https:\/\/www.fundaciobarcelonaolimpica.es\/wp-content\/uploads\/sites\/3\/2019\/03\/Acuarela_guanyadors.JPG","type":"image\/jpeg"}],"author":"useradmin","twitter_card":"summary_large_image","twitter_misc":{"Escrit per":"useradmin","Temps estimat de lectura":"1 minut"},"schema":{"@context":"https:\/\/schema.org","@graph":[{"@type":"Article","@id":"https:\/\/www.fundaciobarcelonaolimpica.es\/ca\/rosa-valbuena-de-bilbao-recull-el-guardo-de-la-iii-edicio-del-premi-internacional-daquarel%c2%b7la-i-tecniques-sobre-paper\/#article","isPartOf":{"@id":"https:\/\/www.fundaciobarcelonaolimpica.es\/ca\/rosa-valbuena-de-bilbao-recull-el-guardo-de-la-iii-edicio-del-premi-internacional-daquarel%c2%b7la-i-tecniques-sobre-paper\/"},"author":{"name":"useradmin","@id":"https:\/\/www.fundaciobarcelonaolimpica.es\/ca\/#\/schema\/person\/d05705664e87aa04c6ce53d48133fb39"},"headline":"Rosa Valbuena, de Bilbao, recull el guard\u00f3 de la III edici\u00f3 del premi Internacional d&#8217;Aquarel\u00b7la i t\u00e8cniques sobre paper.","datePublished":"2014-07-08T22:00:00+00:00","dateModified":"2019-07-16T14:47:59+00:00","mainEntityOfPage":{"@id":"https:\/\/www.fundaciobarcelonaolimpica.es\/ca\/rosa-valbuena-de-bilbao-recull-el-guardo-de-la-iii-edicio-del-premi-internacional-daquarel%c2%b7la-i-tecniques-sobre-paper\/"},"wordCount":219,"commentCount":0,"publisher":{"@id":"https:\/\/www.fundaciobarcelonaolimpica.es\/ca\/#organization"},"image":{"@id":"https:\/\/www.fundaciobarcelonaolimpica.es\/ca\/rosa-valbuena-de-bilbao-recull-el-guardo-de-la-iii-edicio-del-premi-internacional-daquarel%c2%b7la-i-tecniques-sobre-paper\/#primaryimage"},"thumbnailUrl":"https:\/\/www.fundaciobarcelonaolimpica.es\/wp-content\/uploads\/sites\/3\/2019\/03\/Acuarela_guanyadors.JPG","inLanguage":"ca","potentialAction":[{"@type":"CommentAction","name":"Comment","target":["https:\/\/www.fundaciobarcelonaolimpica.es\/ca\/rosa-valbuena-de-bilbao-recull-el-guardo-de-la-iii-edicio-del-premi-internacional-daquarel%c2%b7la-i-tecniques-sobre-paper\/#respond"]}]},{"@type":"WebPage","@id":"https:\/\/www.fundaciobarcelonaolimpica.es\/ca\/rosa-valbuena-de-bilbao-recull-el-guardo-de-la-iii-edicio-del-premi-internacional-daquarel%c2%b7la-i-tecniques-sobre-paper\/","url":"https:\/\/www.fundaciobarcelonaolimpica.es\/ca\/rosa-valbuena-de-bilbao-recull-el-guardo-de-la-iii-edicio-del-premi-internacional-daquarel%c2%b7la-i-tecniques-sobre-paper\/","name":"Rosa Valbuena, de Bilbao, recull el guard\u00f3 de la III edici\u00f3 del premi Internacional d'Aquarel\u00b7la i t\u00e8cniques sobre paper. - Fundaci\u00f3 Barcelona Ol\u00edmpica","isPartOf":{"@id":"https:\/\/www.fundaciobarcelonaolimpica.es\/ca\/#website"},"primaryImageOfPage":{"@id":"https:\/\/www.fundaciobarcelonaolimpica.es\/ca\/rosa-valbuena-de-bilbao-recull-el-guardo-de-la-iii-edicio-del-premi-internacional-daquarel%c2%b7la-i-tecniques-sobre-paper\/#primaryimage"},"image":{"@id":"https:\/\/www.fundaciobarcelonaolimpica.es\/ca\/rosa-valbuena-de-bilbao-recull-el-guardo-de-la-iii-edicio-del-premi-internacional-daquarel%c2%b7la-i-tecniques-sobre-paper\/#primaryimage"},"thumbnailUrl":"https:\/\/www.fundaciobarcelonaolimpica.es\/wp-content\/uploads\/sites\/3\/2019\/03\/Acuarela_guanyadors.JPG","datePublished":"2014-07-08T22:00:00+00:00","dateModified":"2019-07-16T14:47:59+00:00","breadcrumb":{"@id":"https:\/\/www.fundaciobarcelonaolimpica.es\/ca\/rosa-valbuena-de-bilbao-recull-el-guardo-de-la-iii-edicio-del-premi-internacional-daquarel%c2%b7la-i-tecniques-sobre-paper\/#breadcrumb"},"inLanguage":"ca","potentialAction":[{"@type":"ReadAction","target":["https:\/\/www.fundaciobarcelonaolimpica.es\/ca\/rosa-valbuena-de-bilbao-recull-el-guardo-de-la-iii-edicio-del-premi-internacional-daquarel%c2%b7la-i-tecniques-sobre-paper\/"]}]},{"@type":"ImageObject","inLanguage":"ca","@id":"https:\/\/www.fundaciobarcelonaolimpica.es\/ca\/rosa-valbuena-de-bilbao-recull-el-guardo-de-la-iii-edicio-del-premi-internacional-daquarel%c2%b7la-i-tecniques-sobre-paper\/#primaryimage","url":"https:\/\/www.fundaciobarcelonaolimpica.es\/wp-content\/uploads\/sites\/3\/2019\/03\/Acuarela_guanyadors.JPG","contentUrl":"https:\/\/www.fundaciobarcelonaolimpica.es\/wp-content\/uploads\/sites\/3\/2019\/03\/Acuarela_guanyadors.JPG","width":400,"height":267},{"@type":"BreadcrumbList","@id":"https:\/\/www.fundaciobarcelonaolimpica.es\/ca\/rosa-valbuena-de-bilbao-recull-el-guardo-de-la-iii-edicio-del-premi-internacional-daquarel%c2%b7la-i-tecniques-sobre-paper\/#breadcrumb","itemListElement":[{"@type":"ListItem","position":1,"name":"FBO","item":"https:\/\/www.fundaciobarcelonaolimpica.es\/es\/"},{"@type":"ListItem","position":2,"name":"Rosa Valbuena, de Bilbao, recull el guard\u00f3 de la III edici\u00f3 del premi Internacional d&#8217;Aquarel\u00b7la i t\u00e8cniques sobre paper."}]},{"@type":"WebSite","@id":"https:\/\/www.fundaciobarcelonaolimpica.es\/ca\/#website","url":"https:\/\/www.fundaciobarcelonaolimpica.es\/ca\/","name":"Fundaci\u00f3 Barcelona Ol\u00edmpica","description":"Web del Museu Ol\u00edmpic i de l&#039;Esport","publisher":{"@id":"https:\/\/www.fundaciobarcelonaolimpica.es\/ca\/#organization"},"potentialAction":[{"@type":"SearchAction","target":{"@type":"EntryPoint","urlTemplate":"https:\/\/www.fundaciobarcelonaolimpica.es\/ca\/?s={search_term_string}"},"query-input":{"@type":"PropertyValueSpecification","valueRequired":true,"valueName":"search_term_string"}}],"inLanguage":"ca"},{"@type":"Organization","@id":"https:\/\/www.fundaciobarcelonaolimpica.es\/ca\/#organization","name":"Fundaci\u00f3 Barcelona Ol\u00edmpica","url":"https:\/\/www.fundaciobarcelonaolimpica.es\/ca\/","logo":{"@type":"ImageObject","inLanguage":"ca","@id":"https:\/\/www.fundaciobarcelonaolimpica.es\/ca\/#\/schema\/logo\/image\/","url":"https:\/\/www.fundaciobarcelonaolimpica.es\/wp-content\/uploads\/sites\/3\/2019\/02\/logo-fundacio.svg","contentUrl":"https:\/\/www.fundaciobarcelonaolimpica.es\/wp-content\/uploads\/sites\/3\/2019\/02\/logo-fundacio.svg","caption":"Fundaci\u00f3 Barcelona Ol\u00edmpica"},"image":{"@id":"https:\/\/www.fundaciobarcelonaolimpica.es\/ca\/#\/schema\/logo\/image\/"}},{"@type":"Person","@id":"https:\/\/www.fundaciobarcelonaolimpica.es\/ca\/#\/schema\/person\/d05705664e87aa04c6ce53d48133fb39","name":"useradmin","url":"https:\/\/www.fundaciobarcelonaolimpica.es\/ca\/author\/useradmin\/"}]}},"_links":{"self":[{"href":"https:\/\/www.fundaciobarcelonaolimpica.es\/ca\/wp-json\/wp\/v2\/posts\/5608"}],"collection":[{"href":"https:\/\/www.fundaciobarcelonaolimpica.es\/ca\/wp-json\/wp\/v2\/posts"}],"about":[{"href":"https:\/\/www.fundaciobarcelonaolimpica.es\/ca\/wp-json\/wp\/v2\/types\/post"}],"author":[{"embeddable":true,"href":"https:\/\/www.fundaciobarcelonaolimpica.es\/ca\/wp-json\/wp\/v2\/users\/1"}],"replies":[{"embeddable":true,"href":"https:\/\/www.fundaciobarcelonaolimpica.es\/ca\/wp-json\/wp\/v2\/comments?post=5608"}],"version-history":[{"count":2,"href":"https:\/\/www.fundaciobarcelonaolimpica.es\/ca\/wp-json\/wp\/v2\/posts\/5608\/revisions"}],"predecessor-version":[{"id":19462,"href":"https:\/\/www.fundaciobarcelonaolimpica.es\/ca\/wp-json\/wp\/v2\/posts\/5608\/revisions\/19462"}],"wp:featuredmedia":[{"embeddable":true,"href":"https:\/\/www.fundaciobarcelonaolimpica.es\/ca\/wp-json\/wp\/v2\/media\/5612"}],"wp:attachment":[{"href":"https:\/\/www.fundaciobarcelonaolimpica.es\/ca\/wp-json\/wp\/v2\/media?parent=5608"}],"wp:term":[{"taxonomy":"category","embeddable":true,"href":"https:\/\/www.fundaciobarcelonaolimpica.es\/ca\/wp-json\/wp\/v2\/categories?post=5608"},{"taxonomy":"post_tag","embeddable":true,"href":"https:\/\/www.fundaciobarcelonaolimpica.es\/ca\/wp-json\/wp\/v2\/tags?post=5608"}],"curies":[{"name":"wp","href":"https:\/\/api.w.org\/{rel}","templated":true}]}}