{"id":5827,"date":"2012-11-08T00:00:00","date_gmt":"2012-11-07T23:00:00","guid":{"rendered":"http:\/\/dev.fundaciobarcelonaolimpica.es\/la-89a-jean-bouin-mundo-deportivo-gran-premi-allianz-de-barcelona-ha-fet-la-seva-presentacio-de-la-ma-de-bernat-soler-periodista-de-tv3-la-jean-bouin-es-la-competicio-atletica-en-ruta-mes-ve\/"},"modified":"2012-11-08T00:00:00","modified_gmt":"2012-11-07T23:00:00","slug":"la-89a-jean-bouin-mundo-deportivo-gran-premi-allianz-de-barcelona-ha-fet-la-seva-presentacio-de-la-ma-de-bernat-soler-periodista-de-tv3-la-jean-bouin-es-la-competicio-atletica-en-ruta-mes-ve","status":"publish","type":"post","link":"https:\/\/www.fundaciobarcelonaolimpica.es\/ca\/la-89a-jean-bouin-mundo-deportivo-gran-premi-allianz-de-barcelona-ha-fet-la-seva-presentacio-de-la-ma-de-bernat-soler-periodista-de-tv3-la-jean-bouin-es-la-competicio-atletica-en-ruta-mes-ve\/","title":{"rendered":"La 89a Jean Bouin Mundo Deportivo\u2013Gran Premi Allianz de Barcelona ha fet la seva presentaci\u00f3 de la m\u00e0 de Bernat Soler, periodista de TV3. La Jean Bouin \u00e9s la competici\u00f3 atl\u00e8tica en ruta m\u00e9s veterana d\u2019Espanya"},"content":{"rendered":"<p>Aquesta 89a edici&oacute;, que se celebrar&agrave; el 18 de novembre al Parc de Montju&iuml;c, ve avalada pel nombre d&#8217;inscrits, que ja supera els 13.000 corredors. La Jean Bouin es caracteritza per ser la carrera popular que compta amb m&eacute;s categories i modalitats &ndash; infantils, alevins, minusv&agrave;lids, etc.<\/p>\n<p>&nbsp;<\/p>\n","protected":false},"excerpt":{"rendered":"<p>En l&rsquo;acte han estat presents Jos&eacute; Luis Ferr&eacute;, director general d&rsquo;Allianz Seguros; David Llorens, subdirector del Mundo Deportivo; Santi Siquier, delegat territorial de la Generalitat de Catalunya; Maite Fandos, Tinenta d&rsquo;Alcalde de Qualitat de Vida, Igualtat i Esports de l&rsquo;Ajuntament de Barcelona, i Josep Salom, de la Diputaci&oacute; de Barcelona. &nbsp;Tamb&eacute; van estar els esportistes, Judith Pl&aacute;, Carles Castillejos i &Aacute;ngel Mullera<\/p>\n<p>&nbsp;<\/p>\n<p>&nbsp;<\/p>\n","protected":false},"author":1,"featured_media":0,"comment_status":"open","ping_status":"open","sticky":false,"template":"","format":"standard","meta":{"_acf_changed":false,"footnotes":""},"categories":[37],"tags":[],"class_list":["post-5827","post","type-post","status-publish","format-standard","hentry","category-uncategorized-ca"],"acf":[],"yoast_head":"<!-- This site is optimized with the Yoast SEO plugin v23.7 - https:\/\/yoast.com\/wordpress\/plugins\/seo\/ -->\n<title>La 89a Jean Bouin Mundo Deportivo\u2013Gran Premi Allianz de Barcelona ha fet la seva presentaci\u00f3 de la m\u00e0 de Bernat Soler, periodista de TV3. La Jean Bouin \u00e9s la competici\u00f3 atl\u00e8tica en ruta m\u00e9s veterana d\u2019Espanya - Fundaci\u00f3 Barcelona Ol\u00edmpica<\/title>\n<meta name=\"robots\" content=\"index, follow, max-snippet:-1, max-image-preview:large, max-video-preview:-1\" \/>\n<link rel=\"canonical\" href=\"https:\/\/www.fundaciobarcelonaolimpica.es\/ca\/la-89a-jean-bouin-mundo-deportivo-gran-premi-allianz-de-barcelona-ha-fet-la-seva-presentacio-de-la-ma-de-bernat-soler-periodista-de-tv3-la-jean-bouin-es-la-competicio-atletica-en-ruta-mes-ve\/\" \/>\n<meta property=\"og:locale\" content=\"ca_ES\" \/>\n<meta property=\"og:type\" content=\"article\" \/>\n<meta property=\"og:title\" content=\"La 89a Jean Bouin Mundo Deportivo\u2013Gran Premi Allianz de Barcelona ha fet la seva presentaci\u00f3 de la m\u00e0 de Bernat Soler, periodista de TV3. La Jean Bouin \u00e9s la competici\u00f3 atl\u00e8tica en ruta m\u00e9s veterana d\u2019Espanya - Fundaci\u00f3 Barcelona Ol\u00edmpica\" \/>\n<meta property=\"og:description\" content=\"En l&rsquo;acte han estat presents Jos&eacute; Luis Ferr&eacute;, director general d&rsquo;Allianz Seguros; David Llorens, subdirector del Mundo Deportivo; Santi Siquier, delegat territorial de la Generalitat de Catalunya; Maite Fandos, Tinenta d&rsquo;Alcalde de Qualitat de Vida, Igualtat i Esports de l&rsquo;Ajuntament de Barcelona, i Josep Salom, de la Diputaci&oacute; de Barcelona. &nbsp;Tamb&eacute; van estar els esportistes, Judith Pl&aacute;, Carles Castillejos i &Aacute;ngel Mullera &nbsp; &nbsp;\" \/>\n<meta property=\"og:url\" content=\"https:\/\/www.fundaciobarcelonaolimpica.es\/ca\/la-89a-jean-bouin-mundo-deportivo-gran-premi-allianz-de-barcelona-ha-fet-la-seva-presentacio-de-la-ma-de-bernat-soler-periodista-de-tv3-la-jean-bouin-es-la-competicio-atletica-en-ruta-mes-ve\/\" \/>\n<meta property=\"og:site_name\" content=\"Fundaci\u00f3 Barcelona Ol\u00edmpica\" \/>\n<meta property=\"article:published_time\" content=\"2012-11-07T23:00:00+00:00\" \/>\n<meta name=\"author\" content=\"useradmin\" \/>\n<meta name=\"twitter:card\" content=\"summary_large_image\" \/>\n<meta name=\"twitter:label1\" content=\"Escrit per\" \/>\n\t<meta name=\"twitter:data1\" content=\"useradmin\" \/>\n<script type=\"application\/ld+json\" class=\"yoast-schema-graph\">{\"@context\":\"https:\/\/schema.org\",\"@graph\":[{\"@type\":\"Article\",\"@id\":\"https:\/\/www.fundaciobarcelonaolimpica.es\/ca\/la-89a-jean-bouin-mundo-deportivo-gran-premi-allianz-de-barcelona-ha-fet-la-seva-presentacio-de-la-ma-de-bernat-soler-periodista-de-tv3-la-jean-bouin-es-la-competicio-atletica-en-ruta-mes-ve\/#article\",\"isPartOf\":{\"@id\":\"https:\/\/www.fundaciobarcelonaolimpica.es\/ca\/la-89a-jean-bouin-mundo-deportivo-gran-premi-allianz-de-barcelona-ha-fet-la-seva-presentacio-de-la-ma-de-bernat-soler-periodista-de-tv3-la-jean-bouin-es-la-competicio-atletica-en-ruta-mes-ve\/\"},\"author\":{\"name\":\"useradmin\",\"@id\":\"https:\/\/www.fundaciobarcelonaolimpica.es\/ca\/#\/schema\/person\/d05705664e87aa04c6ce53d48133fb39\"},\"headline\":\"La 89a Jean Bouin Mundo Deportivo\u2013Gran Premi Allianz de Barcelona ha fet la seva presentaci\u00f3 de la m\u00e0 de Bernat Soler, periodista de TV3. La Jean Bouin \u00e9s la competici\u00f3 atl\u00e8tica en ruta m\u00e9s veterana d\u2019Espanya\",\"datePublished\":\"2012-11-07T23:00:00+00:00\",\"dateModified\":\"2012-11-07T23:00:00+00:00\",\"mainEntityOfPage\":{\"@id\":\"https:\/\/www.fundaciobarcelonaolimpica.es\/ca\/la-89a-jean-bouin-mundo-deportivo-gran-premi-allianz-de-barcelona-ha-fet-la-seva-presentacio-de-la-ma-de-bernat-soler-periodista-de-tv3-la-jean-bouin-es-la-competicio-atletica-en-ruta-mes-ve\/\"},\"wordCount\":94,\"commentCount\":0,\"publisher\":{\"@id\":\"https:\/\/www.fundaciobarcelonaolimpica.es\/ca\/#organization\"},\"articleSection\":[\"Uncategorized\"],\"inLanguage\":\"ca\",\"potentialAction\":[{\"@type\":\"CommentAction\",\"name\":\"Comment\",\"target\":[\"https:\/\/www.fundaciobarcelonaolimpica.es\/ca\/la-89a-jean-bouin-mundo-deportivo-gran-premi-allianz-de-barcelona-ha-fet-la-seva-presentacio-de-la-ma-de-bernat-soler-periodista-de-tv3-la-jean-bouin-es-la-competicio-atletica-en-ruta-mes-ve\/#respond\"]}]},{\"@type\":\"WebPage\",\"@id\":\"https:\/\/www.fundaciobarcelonaolimpica.es\/ca\/la-89a-jean-bouin-mundo-deportivo-gran-premi-allianz-de-barcelona-ha-fet-la-seva-presentacio-de-la-ma-de-bernat-soler-periodista-de-tv3-la-jean-bouin-es-la-competicio-atletica-en-ruta-mes-ve\/\",\"url\":\"https:\/\/www.fundaciobarcelonaolimpica.es\/ca\/la-89a-jean-bouin-mundo-deportivo-gran-premi-allianz-de-barcelona-ha-fet-la-seva-presentacio-de-la-ma-de-bernat-soler-periodista-de-tv3-la-jean-bouin-es-la-competicio-atletica-en-ruta-mes-ve\/\",\"name\":\"La 89a Jean Bouin Mundo Deportivo\u2013Gran Premi Allianz de Barcelona ha fet la seva presentaci\u00f3 de la m\u00e0 de Bernat Soler, periodista de TV3. La Jean Bouin \u00e9s la competici\u00f3 atl\u00e8tica en ruta m\u00e9s veterana d\u2019Espanya - Fundaci\u00f3 Barcelona Ol\u00edmpica\",\"isPartOf\":{\"@id\":\"https:\/\/www.fundaciobarcelonaolimpica.es\/ca\/#website\"},\"datePublished\":\"2012-11-07T23:00:00+00:00\",\"dateModified\":\"2012-11-07T23:00:00+00:00\",\"breadcrumb\":{\"@id\":\"https:\/\/www.fundaciobarcelonaolimpica.es\/ca\/la-89a-jean-bouin-mundo-deportivo-gran-premi-allianz-de-barcelona-ha-fet-la-seva-presentacio-de-la-ma-de-bernat-soler-periodista-de-tv3-la-jean-bouin-es-la-competicio-atletica-en-ruta-mes-ve\/#breadcrumb\"},\"inLanguage\":\"ca\",\"potentialAction\":[{\"@type\":\"ReadAction\",\"target\":[\"https:\/\/www.fundaciobarcelonaolimpica.es\/ca\/la-89a-jean-bouin-mundo-deportivo-gran-premi-allianz-de-barcelona-ha-fet-la-seva-presentacio-de-la-ma-de-bernat-soler-periodista-de-tv3-la-jean-bouin-es-la-competicio-atletica-en-ruta-mes-ve\/\"]}]},{\"@type\":\"BreadcrumbList\",\"@id\":\"https:\/\/www.fundaciobarcelonaolimpica.es\/ca\/la-89a-jean-bouin-mundo-deportivo-gran-premi-allianz-de-barcelona-ha-fet-la-seva-presentacio-de-la-ma-de-bernat-soler-periodista-de-tv3-la-jean-bouin-es-la-competicio-atletica-en-ruta-mes-ve\/#breadcrumb\",\"itemListElement\":[{\"@type\":\"ListItem\",\"position\":1,\"name\":\"FBO\",\"item\":\"https:\/\/www.fundaciobarcelonaolimpica.es\/es\/\"},{\"@type\":\"ListItem\",\"position\":2,\"name\":\"La 89a Jean Bouin Mundo Deportivo\u2013Gran Premi Allianz de Barcelona ha fet la seva presentaci\u00f3 de la m\u00e0 de Bernat Soler, periodista de TV3. La Jean Bouin \u00e9s la competici\u00f3 atl\u00e8tica en ruta m\u00e9s veterana d\u2019Espanya\"}]},{\"@type\":\"WebSite\",\"@id\":\"https:\/\/www.fundaciobarcelonaolimpica.es\/ca\/#website\",\"url\":\"https:\/\/www.fundaciobarcelonaolimpica.es\/ca\/\",\"name\":\"Fundaci\u00f3 Barcelona Ol\u00edmpica\",\"description\":\"Web del Museu Ol\u00edmpic i de l&#039;Esport\",\"publisher\":{\"@id\":\"https:\/\/www.fundaciobarcelonaolimpica.es\/ca\/#organization\"},\"potentialAction\":[{\"@type\":\"SearchAction\",\"target\":{\"@type\":\"EntryPoint\",\"urlTemplate\":\"https:\/\/www.fundaciobarcelonaolimpica.es\/ca\/?s={search_term_string}\"},\"query-input\":{\"@type\":\"PropertyValueSpecification\",\"valueRequired\":true,\"valueName\":\"search_term_string\"}}],\"inLanguage\":\"ca\"},{\"@type\":\"Organization\",\"@id\":\"https:\/\/www.fundaciobarcelonaolimpica.es\/ca\/#organization\",\"name\":\"Fundaci\u00f3 Barcelona Ol\u00edmpica\",\"url\":\"https:\/\/www.fundaciobarcelonaolimpica.es\/ca\/\",\"logo\":{\"@type\":\"ImageObject\",\"inLanguage\":\"ca\",\"@id\":\"https:\/\/www.fundaciobarcelonaolimpica.es\/ca\/#\/schema\/logo\/image\/\",\"url\":\"https:\/\/www.fundaciobarcelonaolimpica.es\/wp-content\/uploads\/sites\/3\/2019\/02\/logo-fundacio.svg\",\"contentUrl\":\"https:\/\/www.fundaciobarcelonaolimpica.es\/wp-content\/uploads\/sites\/3\/2019\/02\/logo-fundacio.svg\",\"caption\":\"Fundaci\u00f3 Barcelona Ol\u00edmpica\"},\"image\":{\"@id\":\"https:\/\/www.fundaciobarcelonaolimpica.es\/ca\/#\/schema\/logo\/image\/\"}},{\"@type\":\"Person\",\"@id\":\"https:\/\/www.fundaciobarcelonaolimpica.es\/ca\/#\/schema\/person\/d05705664e87aa04c6ce53d48133fb39\",\"name\":\"useradmin\",\"url\":\"https:\/\/www.fundaciobarcelonaolimpica.es\/ca\/author\/useradmin\/\"}]}<\/script>\n<!-- \/ Yoast SEO plugin. -->","yoast_head_json":{"title":"La 89a Jean Bouin Mundo Deportivo\u2013Gran Premi Allianz de Barcelona ha fet la seva presentaci\u00f3 de la m\u00e0 de Bernat Soler, periodista de TV3. La Jean Bouin \u00e9s la competici\u00f3 atl\u00e8tica en ruta m\u00e9s veterana d\u2019Espanya - Fundaci\u00f3 Barcelona Ol\u00edmpica","robots":{"index":"index","follow":"follow","max-snippet":"max-snippet:-1","max-image-preview":"max-image-preview:large","max-video-preview":"max-video-preview:-1"},"canonical":"https:\/\/www.fundaciobarcelonaolimpica.es\/ca\/la-89a-jean-bouin-mundo-deportivo-gran-premi-allianz-de-barcelona-ha-fet-la-seva-presentacio-de-la-ma-de-bernat-soler-periodista-de-tv3-la-jean-bouin-es-la-competicio-atletica-en-ruta-mes-ve\/","og_locale":"ca_ES","og_type":"article","og_title":"La 89a Jean Bouin Mundo Deportivo\u2013Gran Premi Allianz de Barcelona ha fet la seva presentaci\u00f3 de la m\u00e0 de Bernat Soler, periodista de TV3. La Jean Bouin \u00e9s la competici\u00f3 atl\u00e8tica en ruta m\u00e9s veterana d\u2019Espanya - Fundaci\u00f3 Barcelona Ol\u00edmpica","og_description":"En l&rsquo;acte han estat presents Jos&eacute; Luis Ferr&eacute;, director general d&rsquo;Allianz Seguros; David Llorens, subdirector del Mundo Deportivo; Santi Siquier, delegat territorial de la Generalitat de Catalunya; Maite Fandos, Tinenta d&rsquo;Alcalde de Qualitat de Vida, Igualtat i Esports de l&rsquo;Ajuntament de Barcelona, i Josep Salom, de la Diputaci&oacute; de Barcelona. &nbsp;Tamb&eacute; van estar els esportistes, Judith Pl&aacute;, Carles Castillejos i &Aacute;ngel Mullera &nbsp; &nbsp;","og_url":"https:\/\/www.fundaciobarcelonaolimpica.es\/ca\/la-89a-jean-bouin-mundo-deportivo-gran-premi-allianz-de-barcelona-ha-fet-la-seva-presentacio-de-la-ma-de-bernat-soler-periodista-de-tv3-la-jean-bouin-es-la-competicio-atletica-en-ruta-mes-ve\/","og_site_name":"Fundaci\u00f3 Barcelona Ol\u00edmpica","article_published_time":"2012-11-07T23:00:00+00:00","author":"useradmin","twitter_card":"summary_large_image","twitter_misc":{"Escrit per":"useradmin"},"schema":{"@context":"https:\/\/schema.org","@graph":[{"@type":"Article","@id":"https:\/\/www.fundaciobarcelonaolimpica.es\/ca\/la-89a-jean-bouin-mundo-deportivo-gran-premi-allianz-de-barcelona-ha-fet-la-seva-presentacio-de-la-ma-de-bernat-soler-periodista-de-tv3-la-jean-bouin-es-la-competicio-atletica-en-ruta-mes-ve\/#article","isPartOf":{"@id":"https:\/\/www.fundaciobarcelonaolimpica.es\/ca\/la-89a-jean-bouin-mundo-deportivo-gran-premi-allianz-de-barcelona-ha-fet-la-seva-presentacio-de-la-ma-de-bernat-soler-periodista-de-tv3-la-jean-bouin-es-la-competicio-atletica-en-ruta-mes-ve\/"},"author":{"name":"useradmin","@id":"https:\/\/www.fundaciobarcelonaolimpica.es\/ca\/#\/schema\/person\/d05705664e87aa04c6ce53d48133fb39"},"headline":"La 89a Jean Bouin Mundo Deportivo\u2013Gran Premi Allianz de Barcelona ha fet la seva presentaci\u00f3 de la m\u00e0 de Bernat Soler, periodista de TV3. La Jean Bouin \u00e9s la competici\u00f3 atl\u00e8tica en ruta m\u00e9s veterana d\u2019Espanya","datePublished":"2012-11-07T23:00:00+00:00","dateModified":"2012-11-07T23:00:00+00:00","mainEntityOfPage":{"@id":"https:\/\/www.fundaciobarcelonaolimpica.es\/ca\/la-89a-jean-bouin-mundo-deportivo-gran-premi-allianz-de-barcelona-ha-fet-la-seva-presentacio-de-la-ma-de-bernat-soler-periodista-de-tv3-la-jean-bouin-es-la-competicio-atletica-en-ruta-mes-ve\/"},"wordCount":94,"commentCount":0,"publisher":{"@id":"https:\/\/www.fundaciobarcelonaolimpica.es\/ca\/#organization"},"articleSection":["Uncategorized"],"inLanguage":"ca","potentialAction":[{"@type":"CommentAction","name":"Comment","target":["https:\/\/www.fundaciobarcelonaolimpica.es\/ca\/la-89a-jean-bouin-mundo-deportivo-gran-premi-allianz-de-barcelona-ha-fet-la-seva-presentacio-de-la-ma-de-bernat-soler-periodista-de-tv3-la-jean-bouin-es-la-competicio-atletica-en-ruta-mes-ve\/#respond"]}]},{"@type":"WebPage","@id":"https:\/\/www.fundaciobarcelonaolimpica.es\/ca\/la-89a-jean-bouin-mundo-deportivo-gran-premi-allianz-de-barcelona-ha-fet-la-seva-presentacio-de-la-ma-de-bernat-soler-periodista-de-tv3-la-jean-bouin-es-la-competicio-atletica-en-ruta-mes-ve\/","url":"https:\/\/www.fundaciobarcelonaolimpica.es\/ca\/la-89a-jean-bouin-mundo-deportivo-gran-premi-allianz-de-barcelona-ha-fet-la-seva-presentacio-de-la-ma-de-bernat-soler-periodista-de-tv3-la-jean-bouin-es-la-competicio-atletica-en-ruta-mes-ve\/","name":"La 89a Jean Bouin Mundo Deportivo\u2013Gran Premi Allianz de Barcelona ha fet la seva presentaci\u00f3 de la m\u00e0 de Bernat Soler, periodista de TV3. La Jean Bouin \u00e9s la competici\u00f3 atl\u00e8tica en ruta m\u00e9s veterana d\u2019Espanya - Fundaci\u00f3 Barcelona Ol\u00edmpica","isPartOf":{"@id":"https:\/\/www.fundaciobarcelonaolimpica.es\/ca\/#website"},"datePublished":"2012-11-07T23:00:00+00:00","dateModified":"2012-11-07T23:00:00+00:00","breadcrumb":{"@id":"https:\/\/www.fundaciobarcelonaolimpica.es\/ca\/la-89a-jean-bouin-mundo-deportivo-gran-premi-allianz-de-barcelona-ha-fet-la-seva-presentacio-de-la-ma-de-bernat-soler-periodista-de-tv3-la-jean-bouin-es-la-competicio-atletica-en-ruta-mes-ve\/#breadcrumb"},"inLanguage":"ca","potentialAction":[{"@type":"ReadAction","target":["https:\/\/www.fundaciobarcelonaolimpica.es\/ca\/la-89a-jean-bouin-mundo-deportivo-gran-premi-allianz-de-barcelona-ha-fet-la-seva-presentacio-de-la-ma-de-bernat-soler-periodista-de-tv3-la-jean-bouin-es-la-competicio-atletica-en-ruta-mes-ve\/"]}]},{"@type":"BreadcrumbList","@id":"https:\/\/www.fundaciobarcelonaolimpica.es\/ca\/la-89a-jean-bouin-mundo-deportivo-gran-premi-allianz-de-barcelona-ha-fet-la-seva-presentacio-de-la-ma-de-bernat-soler-periodista-de-tv3-la-jean-bouin-es-la-competicio-atletica-en-ruta-mes-ve\/#breadcrumb","itemListElement":[{"@type":"ListItem","position":1,"name":"FBO","item":"https:\/\/www.fundaciobarcelonaolimpica.es\/es\/"},{"@type":"ListItem","position":2,"name":"La 89a Jean Bouin Mundo Deportivo\u2013Gran Premi Allianz de Barcelona ha fet la seva presentaci\u00f3 de la m\u00e0 de Bernat Soler, periodista de TV3. La Jean Bouin \u00e9s la competici\u00f3 atl\u00e8tica en ruta m\u00e9s veterana d\u2019Espanya"}]},{"@type":"WebSite","@id":"https:\/\/www.fundaciobarcelonaolimpica.es\/ca\/#website","url":"https:\/\/www.fundaciobarcelonaolimpica.es\/ca\/","name":"Fundaci\u00f3 Barcelona Ol\u00edmpica","description":"Web del Museu Ol\u00edmpic i de l&#039;Esport","publisher":{"@id":"https:\/\/www.fundaciobarcelonaolimpica.es\/ca\/#organization"},"potentialAction":[{"@type":"SearchAction","target":{"@type":"EntryPoint","urlTemplate":"https:\/\/www.fundaciobarcelonaolimpica.es\/ca\/?s={search_term_string}"},"query-input":{"@type":"PropertyValueSpecification","valueRequired":true,"valueName":"search_term_string"}}],"inLanguage":"ca"},{"@type":"Organization","@id":"https:\/\/www.fundaciobarcelonaolimpica.es\/ca\/#organization","name":"Fundaci\u00f3 Barcelona Ol\u00edmpica","url":"https:\/\/www.fundaciobarcelonaolimpica.es\/ca\/","logo":{"@type":"ImageObject","inLanguage":"ca","@id":"https:\/\/www.fundaciobarcelonaolimpica.es\/ca\/#\/schema\/logo\/image\/","url":"https:\/\/www.fundaciobarcelonaolimpica.es\/wp-content\/uploads\/sites\/3\/2019\/02\/logo-fundacio.svg","contentUrl":"https:\/\/www.fundaciobarcelonaolimpica.es\/wp-content\/uploads\/sites\/3\/2019\/02\/logo-fundacio.svg","caption":"Fundaci\u00f3 Barcelona Ol\u00edmpica"},"image":{"@id":"https:\/\/www.fundaciobarcelonaolimpica.es\/ca\/#\/schema\/logo\/image\/"}},{"@type":"Person","@id":"https:\/\/www.fundaciobarcelonaolimpica.es\/ca\/#\/schema\/person\/d05705664e87aa04c6ce53d48133fb39","name":"useradmin","url":"https:\/\/www.fundaciobarcelonaolimpica.es\/ca\/author\/useradmin\/"}]}},"_links":{"self":[{"href":"https:\/\/www.fundaciobarcelonaolimpica.es\/ca\/wp-json\/wp\/v2\/posts\/5827"}],"collection":[{"href":"https:\/\/www.fundaciobarcelonaolimpica.es\/ca\/wp-json\/wp\/v2\/posts"}],"about":[{"href":"https:\/\/www.fundaciobarcelonaolimpica.es\/ca\/wp-json\/wp\/v2\/types\/post"}],"author":[{"embeddable":true,"href":"https:\/\/www.fundaciobarcelonaolimpica.es\/ca\/wp-json\/wp\/v2\/users\/1"}],"replies":[{"embeddable":true,"href":"https:\/\/www.fundaciobarcelonaolimpica.es\/ca\/wp-json\/wp\/v2\/comments?post=5827"}],"version-history":[{"count":0,"href":"https:\/\/www.fundaciobarcelonaolimpica.es\/ca\/wp-json\/wp\/v2\/posts\/5827\/revisions"}],"wp:attachment":[{"href":"https:\/\/www.fundaciobarcelonaolimpica.es\/ca\/wp-json\/wp\/v2\/media?parent=5827"}],"wp:term":[{"taxonomy":"category","embeddable":true,"href":"https:\/\/www.fundaciobarcelonaolimpica.es\/ca\/wp-json\/wp\/v2\/categories?post=5827"},{"taxonomy":"post_tag","embeddable":true,"href":"https:\/\/www.fundaciobarcelonaolimpica.es\/ca\/wp-json\/wp\/v2\/tags?post=5827"}],"curies":[{"name":"wp","href":"https:\/\/api.w.org\/{rel}","templated":true}]}}