{"id":6815,"date":"2013-09-16T00:00:00","date_gmt":"2013-09-15T22:00:00","guid":{"rendered":"http:\/\/dev.fundaciobarcelonaolimpica.es\/inaugurada-lexposicio-del-premi-internacional-fundacio-barcelona-olimpica-%c2%b7-art-sobre-paper\/"},"modified":"2013-09-16T00:00:00","modified_gmt":"2013-09-15T22:00:00","slug":"inaugurada-lexposicio-del-premi-internacional-fundacio-barcelona-olimpica-%c2%b7-art-sobre-paper","status":"publish","type":"post","link":"https:\/\/www.fundaciobarcelonaolimpica.es\/ca\/inaugurada-lexposicio-del-premi-internacional-fundacio-barcelona-olimpica-%c2%b7-art-sobre-paper\/","title":{"rendered":"Inaugurada l&#8217;exposici\u00f3 del premi Internacional Fundaci\u00f3 Barcelona Ol\u00edmpica \u00b7 Art sobre paper"},"content":{"rendered":"<p>Despr&eacute;s d&rsquo;una acurada i discutida selecci&oacute; del jurat, la present edici&oacute;  arriba carregada de futur i noves promeses: les tres creacions  guanyadores s&oacute;n obra d&rsquo;artistes joves que denoten el talent latent  d&rsquo;aquest g&egrave;nere i les m&uacute;ltiples possibilitats que l&rsquo;esport segueix  inspirant avui.Fins al 10 de novembre el Museu Ol&iacute;mpic i de l&rsquo;Esport Joan Antoni Samaranch acollir&agrave; l&#8217;exposici&oacute;.&nbsp;La diversitat d&rsquo;estils, t&egrave;cniques i disciplines est&agrave; servida!<\/p><\/p>\n","protected":false},"excerpt":{"rendered":"<p>L&rsquo;aposta ferma de la Fundaci&oacute; Barcelona Ol&iacute;mpica per il&middot;lustrar que el vincle entre art i esport segueix m&eacute;s vigent que mai, es demostra, una vegada m&eacute;s, en el creixement quantitatiu i qualitatiu d&rsquo;aquesta quarta convocat&ograve;ria.<\/p>\n","protected":false},"author":1,"featured_media":0,"comment_status":"open","ping_status":"open","sticky":false,"template":"","format":"standard","meta":{"_acf_changed":false,"footnotes":""},"categories":[37],"tags":[],"class_list":["post-6815","post","type-post","status-publish","format-standard","hentry","category-uncategorized-ca"],"acf":[],"yoast_head":"<!-- This site is optimized with the Yoast SEO plugin v23.7 - https:\/\/yoast.com\/wordpress\/plugins\/seo\/ -->\n<title>Inaugurada l&#039;exposici\u00f3 del premi Internacional Fundaci\u00f3 Barcelona Ol\u00edmpica \u00b7 Art sobre paper - Fundaci\u00f3 Barcelona Ol\u00edmpica<\/title>\n<meta name=\"robots\" content=\"index, follow, max-snippet:-1, max-image-preview:large, max-video-preview:-1\" \/>\n<link rel=\"canonical\" href=\"https:\/\/www.fundaciobarcelonaolimpica.es\/ca\/inaugurada-lexposicio-del-premi-internacional-fundacio-barcelona-olimpica-\u00b7-art-sobre-paper\/\" \/>\n<meta property=\"og:locale\" content=\"ca_ES\" \/>\n<meta property=\"og:type\" content=\"article\" \/>\n<meta property=\"og:title\" content=\"Inaugurada l&#039;exposici\u00f3 del premi Internacional Fundaci\u00f3 Barcelona Ol\u00edmpica \u00b7 Art sobre paper - Fundaci\u00f3 Barcelona Ol\u00edmpica\" \/>\n<meta property=\"og:description\" content=\"L&rsquo;aposta ferma de la Fundaci&oacute; Barcelona Ol&iacute;mpica per il&middot;lustrar que el vincle entre art i esport segueix m&eacute;s vigent que mai, es demostra, una vegada m&eacute;s, en el creixement quantitatiu i qualitatiu d&rsquo;aquesta quarta convocat&ograve;ria.\" \/>\n<meta property=\"og:url\" content=\"https:\/\/www.fundaciobarcelonaolimpica.es\/ca\/inaugurada-lexposicio-del-premi-internacional-fundacio-barcelona-olimpica-\u00b7-art-sobre-paper\/\" \/>\n<meta property=\"og:site_name\" content=\"Fundaci\u00f3 Barcelona Ol\u00edmpica\" \/>\n<meta property=\"article:published_time\" content=\"2013-09-15T22:00:00+00:00\" \/>\n<meta name=\"author\" content=\"useradmin\" \/>\n<meta name=\"twitter:card\" content=\"summary_large_image\" \/>\n<meta name=\"twitter:label1\" content=\"Escrit per\" \/>\n\t<meta name=\"twitter:data1\" content=\"useradmin\" \/>\n<script type=\"application\/ld+json\" class=\"yoast-schema-graph\">{\"@context\":\"https:\/\/schema.org\",\"@graph\":[{\"@type\":\"Article\",\"@id\":\"https:\/\/www.fundaciobarcelonaolimpica.es\/ca\/inaugurada-lexposicio-del-premi-internacional-fundacio-barcelona-olimpica-%c2%b7-art-sobre-paper\/#article\",\"isPartOf\":{\"@id\":\"https:\/\/www.fundaciobarcelonaolimpica.es\/ca\/inaugurada-lexposicio-del-premi-internacional-fundacio-barcelona-olimpica-%c2%b7-art-sobre-paper\/\"},\"author\":{\"name\":\"useradmin\",\"@id\":\"https:\/\/www.fundaciobarcelonaolimpica.es\/ca\/#\/schema\/person\/d05705664e87aa04c6ce53d48133fb39\"},\"headline\":\"Inaugurada l&#8217;exposici\u00f3 del premi Internacional Fundaci\u00f3 Barcelona Ol\u00edmpica \u00b7 Art sobre paper\",\"datePublished\":\"2013-09-15T22:00:00+00:00\",\"dateModified\":\"2013-09-15T22:00:00+00:00\",\"mainEntityOfPage\":{\"@id\":\"https:\/\/www.fundaciobarcelonaolimpica.es\/ca\/inaugurada-lexposicio-del-premi-internacional-fundacio-barcelona-olimpica-%c2%b7-art-sobre-paper\/\"},\"wordCount\":107,\"commentCount\":0,\"publisher\":{\"@id\":\"https:\/\/www.fundaciobarcelonaolimpica.es\/ca\/#organization\"},\"articleSection\":[\"Uncategorized\"],\"inLanguage\":\"ca\",\"potentialAction\":[{\"@type\":\"CommentAction\",\"name\":\"Comment\",\"target\":[\"https:\/\/www.fundaciobarcelonaolimpica.es\/ca\/inaugurada-lexposicio-del-premi-internacional-fundacio-barcelona-olimpica-%c2%b7-art-sobre-paper\/#respond\"]}]},{\"@type\":\"WebPage\",\"@id\":\"https:\/\/www.fundaciobarcelonaolimpica.es\/ca\/inaugurada-lexposicio-del-premi-internacional-fundacio-barcelona-olimpica-%c2%b7-art-sobre-paper\/\",\"url\":\"https:\/\/www.fundaciobarcelonaolimpica.es\/ca\/inaugurada-lexposicio-del-premi-internacional-fundacio-barcelona-olimpica-%c2%b7-art-sobre-paper\/\",\"name\":\"Inaugurada l'exposici\u00f3 del premi Internacional Fundaci\u00f3 Barcelona Ol\u00edmpica \u00b7 Art sobre paper - Fundaci\u00f3 Barcelona Ol\u00edmpica\",\"isPartOf\":{\"@id\":\"https:\/\/www.fundaciobarcelonaolimpica.es\/ca\/#website\"},\"datePublished\":\"2013-09-15T22:00:00+00:00\",\"dateModified\":\"2013-09-15T22:00:00+00:00\",\"breadcrumb\":{\"@id\":\"https:\/\/www.fundaciobarcelonaolimpica.es\/ca\/inaugurada-lexposicio-del-premi-internacional-fundacio-barcelona-olimpica-%c2%b7-art-sobre-paper\/#breadcrumb\"},\"inLanguage\":\"ca\",\"potentialAction\":[{\"@type\":\"ReadAction\",\"target\":[\"https:\/\/www.fundaciobarcelonaolimpica.es\/ca\/inaugurada-lexposicio-del-premi-internacional-fundacio-barcelona-olimpica-%c2%b7-art-sobre-paper\/\"]}]},{\"@type\":\"BreadcrumbList\",\"@id\":\"https:\/\/www.fundaciobarcelonaolimpica.es\/ca\/inaugurada-lexposicio-del-premi-internacional-fundacio-barcelona-olimpica-%c2%b7-art-sobre-paper\/#breadcrumb\",\"itemListElement\":[{\"@type\":\"ListItem\",\"position\":1,\"name\":\"FBO\",\"item\":\"https:\/\/www.fundaciobarcelonaolimpica.es\/es\/\"},{\"@type\":\"ListItem\",\"position\":2,\"name\":\"Inaugurada l&#8217;exposici\u00f3 del premi Internacional Fundaci\u00f3 Barcelona Ol\u00edmpica \u00b7 Art sobre paper\"}]},{\"@type\":\"WebSite\",\"@id\":\"https:\/\/www.fundaciobarcelonaolimpica.es\/ca\/#website\",\"url\":\"https:\/\/www.fundaciobarcelonaolimpica.es\/ca\/\",\"name\":\"Fundaci\u00f3 Barcelona Ol\u00edmpica\",\"description\":\"Web del Museu Ol\u00edmpic i de l&#039;Esport\",\"publisher\":{\"@id\":\"https:\/\/www.fundaciobarcelonaolimpica.es\/ca\/#organization\"},\"potentialAction\":[{\"@type\":\"SearchAction\",\"target\":{\"@type\":\"EntryPoint\",\"urlTemplate\":\"https:\/\/www.fundaciobarcelonaolimpica.es\/ca\/?s={search_term_string}\"},\"query-input\":{\"@type\":\"PropertyValueSpecification\",\"valueRequired\":true,\"valueName\":\"search_term_string\"}}],\"inLanguage\":\"ca\"},{\"@type\":\"Organization\",\"@id\":\"https:\/\/www.fundaciobarcelonaolimpica.es\/ca\/#organization\",\"name\":\"Fundaci\u00f3 Barcelona Ol\u00edmpica\",\"url\":\"https:\/\/www.fundaciobarcelonaolimpica.es\/ca\/\",\"logo\":{\"@type\":\"ImageObject\",\"inLanguage\":\"ca\",\"@id\":\"https:\/\/www.fundaciobarcelonaolimpica.es\/ca\/#\/schema\/logo\/image\/\",\"url\":\"https:\/\/www.fundaciobarcelonaolimpica.es\/wp-content\/uploads\/sites\/3\/2019\/02\/logo-fundacio.svg\",\"contentUrl\":\"https:\/\/www.fundaciobarcelonaolimpica.es\/wp-content\/uploads\/sites\/3\/2019\/02\/logo-fundacio.svg\",\"caption\":\"Fundaci\u00f3 Barcelona Ol\u00edmpica\"},\"image\":{\"@id\":\"https:\/\/www.fundaciobarcelonaolimpica.es\/ca\/#\/schema\/logo\/image\/\"}},{\"@type\":\"Person\",\"@id\":\"https:\/\/www.fundaciobarcelonaolimpica.es\/ca\/#\/schema\/person\/d05705664e87aa04c6ce53d48133fb39\",\"name\":\"useradmin\",\"url\":\"https:\/\/www.fundaciobarcelonaolimpica.es\/ca\/author\/useradmin\/\"}]}<\/script>\n<!-- \/ Yoast SEO plugin. -->","yoast_head_json":{"title":"Inaugurada l'exposici\u00f3 del premi Internacional Fundaci\u00f3 Barcelona Ol\u00edmpica \u00b7 Art sobre paper - Fundaci\u00f3 Barcelona Ol\u00edmpica","robots":{"index":"index","follow":"follow","max-snippet":"max-snippet:-1","max-image-preview":"max-image-preview:large","max-video-preview":"max-video-preview:-1"},"canonical":"https:\/\/www.fundaciobarcelonaolimpica.es\/ca\/inaugurada-lexposicio-del-premi-internacional-fundacio-barcelona-olimpica-\u00b7-art-sobre-paper\/","og_locale":"ca_ES","og_type":"article","og_title":"Inaugurada l'exposici\u00f3 del premi Internacional Fundaci\u00f3 Barcelona Ol\u00edmpica \u00b7 Art sobre paper - Fundaci\u00f3 Barcelona Ol\u00edmpica","og_description":"L&rsquo;aposta ferma de la Fundaci&oacute; Barcelona Ol&iacute;mpica per il&middot;lustrar que el vincle entre art i esport segueix m&eacute;s vigent que mai, es demostra, una vegada m&eacute;s, en el creixement quantitatiu i qualitatiu d&rsquo;aquesta quarta convocat&ograve;ria.","og_url":"https:\/\/www.fundaciobarcelonaolimpica.es\/ca\/inaugurada-lexposicio-del-premi-internacional-fundacio-barcelona-olimpica-\u00b7-art-sobre-paper\/","og_site_name":"Fundaci\u00f3 Barcelona Ol\u00edmpica","article_published_time":"2013-09-15T22:00:00+00:00","author":"useradmin","twitter_card":"summary_large_image","twitter_misc":{"Escrit per":"useradmin"},"schema":{"@context":"https:\/\/schema.org","@graph":[{"@type":"Article","@id":"https:\/\/www.fundaciobarcelonaolimpica.es\/ca\/inaugurada-lexposicio-del-premi-internacional-fundacio-barcelona-olimpica-%c2%b7-art-sobre-paper\/#article","isPartOf":{"@id":"https:\/\/www.fundaciobarcelonaolimpica.es\/ca\/inaugurada-lexposicio-del-premi-internacional-fundacio-barcelona-olimpica-%c2%b7-art-sobre-paper\/"},"author":{"name":"useradmin","@id":"https:\/\/www.fundaciobarcelonaolimpica.es\/ca\/#\/schema\/person\/d05705664e87aa04c6ce53d48133fb39"},"headline":"Inaugurada l&#8217;exposici\u00f3 del premi Internacional Fundaci\u00f3 Barcelona Ol\u00edmpica \u00b7 Art sobre paper","datePublished":"2013-09-15T22:00:00+00:00","dateModified":"2013-09-15T22:00:00+00:00","mainEntityOfPage":{"@id":"https:\/\/www.fundaciobarcelonaolimpica.es\/ca\/inaugurada-lexposicio-del-premi-internacional-fundacio-barcelona-olimpica-%c2%b7-art-sobre-paper\/"},"wordCount":107,"commentCount":0,"publisher":{"@id":"https:\/\/www.fundaciobarcelonaolimpica.es\/ca\/#organization"},"articleSection":["Uncategorized"],"inLanguage":"ca","potentialAction":[{"@type":"CommentAction","name":"Comment","target":["https:\/\/www.fundaciobarcelonaolimpica.es\/ca\/inaugurada-lexposicio-del-premi-internacional-fundacio-barcelona-olimpica-%c2%b7-art-sobre-paper\/#respond"]}]},{"@type":"WebPage","@id":"https:\/\/www.fundaciobarcelonaolimpica.es\/ca\/inaugurada-lexposicio-del-premi-internacional-fundacio-barcelona-olimpica-%c2%b7-art-sobre-paper\/","url":"https:\/\/www.fundaciobarcelonaolimpica.es\/ca\/inaugurada-lexposicio-del-premi-internacional-fundacio-barcelona-olimpica-%c2%b7-art-sobre-paper\/","name":"Inaugurada l'exposici\u00f3 del premi Internacional Fundaci\u00f3 Barcelona Ol\u00edmpica \u00b7 Art sobre paper - Fundaci\u00f3 Barcelona Ol\u00edmpica","isPartOf":{"@id":"https:\/\/www.fundaciobarcelonaolimpica.es\/ca\/#website"},"datePublished":"2013-09-15T22:00:00+00:00","dateModified":"2013-09-15T22:00:00+00:00","breadcrumb":{"@id":"https:\/\/www.fundaciobarcelonaolimpica.es\/ca\/inaugurada-lexposicio-del-premi-internacional-fundacio-barcelona-olimpica-%c2%b7-art-sobre-paper\/#breadcrumb"},"inLanguage":"ca","potentialAction":[{"@type":"ReadAction","target":["https:\/\/www.fundaciobarcelonaolimpica.es\/ca\/inaugurada-lexposicio-del-premi-internacional-fundacio-barcelona-olimpica-%c2%b7-art-sobre-paper\/"]}]},{"@type":"BreadcrumbList","@id":"https:\/\/www.fundaciobarcelonaolimpica.es\/ca\/inaugurada-lexposicio-del-premi-internacional-fundacio-barcelona-olimpica-%c2%b7-art-sobre-paper\/#breadcrumb","itemListElement":[{"@type":"ListItem","position":1,"name":"FBO","item":"https:\/\/www.fundaciobarcelonaolimpica.es\/es\/"},{"@type":"ListItem","position":2,"name":"Inaugurada l&#8217;exposici\u00f3 del premi Internacional Fundaci\u00f3 Barcelona Ol\u00edmpica \u00b7 Art sobre paper"}]},{"@type":"WebSite","@id":"https:\/\/www.fundaciobarcelonaolimpica.es\/ca\/#website","url":"https:\/\/www.fundaciobarcelonaolimpica.es\/ca\/","name":"Fundaci\u00f3 Barcelona Ol\u00edmpica","description":"Web del Museu Ol\u00edmpic i de l&#039;Esport","publisher":{"@id":"https:\/\/www.fundaciobarcelonaolimpica.es\/ca\/#organization"},"potentialAction":[{"@type":"SearchAction","target":{"@type":"EntryPoint","urlTemplate":"https:\/\/www.fundaciobarcelonaolimpica.es\/ca\/?s={search_term_string}"},"query-input":{"@type":"PropertyValueSpecification","valueRequired":true,"valueName":"search_term_string"}}],"inLanguage":"ca"},{"@type":"Organization","@id":"https:\/\/www.fundaciobarcelonaolimpica.es\/ca\/#organization","name":"Fundaci\u00f3 Barcelona Ol\u00edmpica","url":"https:\/\/www.fundaciobarcelonaolimpica.es\/ca\/","logo":{"@type":"ImageObject","inLanguage":"ca","@id":"https:\/\/www.fundaciobarcelonaolimpica.es\/ca\/#\/schema\/logo\/image\/","url":"https:\/\/www.fundaciobarcelonaolimpica.es\/wp-content\/uploads\/sites\/3\/2019\/02\/logo-fundacio.svg","contentUrl":"https:\/\/www.fundaciobarcelonaolimpica.es\/wp-content\/uploads\/sites\/3\/2019\/02\/logo-fundacio.svg","caption":"Fundaci\u00f3 Barcelona Ol\u00edmpica"},"image":{"@id":"https:\/\/www.fundaciobarcelonaolimpica.es\/ca\/#\/schema\/logo\/image\/"}},{"@type":"Person","@id":"https:\/\/www.fundaciobarcelonaolimpica.es\/ca\/#\/schema\/person\/d05705664e87aa04c6ce53d48133fb39","name":"useradmin","url":"https:\/\/www.fundaciobarcelonaolimpica.es\/ca\/author\/useradmin\/"}]}},"_links":{"self":[{"href":"https:\/\/www.fundaciobarcelonaolimpica.es\/ca\/wp-json\/wp\/v2\/posts\/6815"}],"collection":[{"href":"https:\/\/www.fundaciobarcelonaolimpica.es\/ca\/wp-json\/wp\/v2\/posts"}],"about":[{"href":"https:\/\/www.fundaciobarcelonaolimpica.es\/ca\/wp-json\/wp\/v2\/types\/post"}],"author":[{"embeddable":true,"href":"https:\/\/www.fundaciobarcelonaolimpica.es\/ca\/wp-json\/wp\/v2\/users\/1"}],"replies":[{"embeddable":true,"href":"https:\/\/www.fundaciobarcelonaolimpica.es\/ca\/wp-json\/wp\/v2\/comments?post=6815"}],"version-history":[{"count":0,"href":"https:\/\/www.fundaciobarcelonaolimpica.es\/ca\/wp-json\/wp\/v2\/posts\/6815\/revisions"}],"wp:attachment":[{"href":"https:\/\/www.fundaciobarcelonaolimpica.es\/ca\/wp-json\/wp\/v2\/media?parent=6815"}],"wp:term":[{"taxonomy":"category","embeddable":true,"href":"https:\/\/www.fundaciobarcelonaolimpica.es\/ca\/wp-json\/wp\/v2\/categories?post=6815"},{"taxonomy":"post_tag","embeddable":true,"href":"https:\/\/www.fundaciobarcelonaolimpica.es\/ca\/wp-json\/wp\/v2\/tags?post=6815"}],"curies":[{"name":"wp","href":"https:\/\/api.w.org\/{rel}","templated":true}]}}