{"id":6821,"date":"2013-09-28T00:00:00","date_gmt":"2013-09-27T22:00:00","guid":{"rendered":"http:\/\/dev.fundaciobarcelonaolimpica.es\/el-28-de-setembre-la-resposta-a-lalzheimer-esta-en-la-musica-la-fundacio-pasqual-maragall-organitza-un-gran-concert-al-palau-sant-jordi-per-a-la-recerca-contra-lalzheimer\/"},"modified":"2013-09-28T00:00:00","modified_gmt":"2013-09-27T22:00:00","slug":"el-28-de-setembre-la-resposta-a-lalzheimer-esta-en-la-musica-la-fundacio-pasqual-maragall-organitza-un-gran-concert-al-palau-sant-jordi-per-a-la-recerca-contra-lalzheimer","status":"publish","type":"post","link":"https:\/\/www.fundaciobarcelonaolimpica.es\/ca\/el-28-de-setembre-la-resposta-a-lalzheimer-esta-en-la-musica-la-fundacio-pasqual-maragall-organitza-un-gran-concert-al-palau-sant-jordi-per-a-la-recerca-contra-lalzheimer\/","title":{"rendered":"&#8216;El 28 de setembre la resposta a l\u2019Alzheimer est\u00e0 en la m\u00fasica&#8217;. La Fundaci\u00f3 Pasqual Maragall organitza un gran concert al Palau Sant Jordi per a la recerca contra l\u2019Alzheimer"},"content":{"rendered":"<p>Perqu&egrave; la lluita contra l&rsquo;Alzheimer &eacute;s feina de tots, no et pots perdre aquest concert. Els beneficis obtinguts amb la venda d&#8217;entrades es destinaran als projectes de recerca que realitza la Fundaci&oacute; Pasqual Maragall, que segueix per trobar solucions a aquesta malaltia.<\/p>\n<p>Gr&agrave;cies per gaudir i col&middot;laborar!!<\/p>\n<p>Venda d&#8217;entrades: https:\/\/proticketing.com\/theproject\/es_ES\/entradas\/evento\/275<\/p>\n<p>http:\/\/www.ticketmaster.es\/nav\/es\/musica\/barcelona\/palau_sant_jordi_stjo\/concert_per_la_recerca_contra_l_alzheimer\/index.html<\/p>\n","protected":false},"excerpt":{"rendered":"<p>Artistes de la talla de Joan Manuel Serrat, Noa, Barbara Hendriks, S&iacute;lvia P&eacute;rez Cruz i Miguel Poveda oferiran un recital &uacute;nic amb base simf&ograve;nica, amb la Orquestra Simf&ograve;nica del Vall&egrave;s dirigida per Joan Albert Amarg&oacute;s i la direcci&oacute; art&iacute;stica de Manuel Huerga, i on l&#8217;ess&egrave;ncia dels Jocs Ol&iacute;mpics de Barcelona 1992 tindr&agrave; la seva part de protagonisme revivint moments molt especials.<\/p>\n<p>&nbsp;<\/p>\n","protected":false},"author":1,"featured_media":0,"comment_status":"open","ping_status":"open","sticky":false,"template":"","format":"standard","meta":{"_acf_changed":false,"footnotes":""},"categories":[37],"tags":[],"class_list":["post-6821","post","type-post","status-publish","format-standard","hentry","category-uncategorized-ca"],"acf":[],"yoast_head":"<!-- This site is optimized with the Yoast SEO plugin v23.7 - https:\/\/yoast.com\/wordpress\/plugins\/seo\/ -->\n<title>&#039;El 28 de setembre la resposta a l\u2019Alzheimer est\u00e0 en la m\u00fasica&#039;. La Fundaci\u00f3 Pasqual Maragall organitza un gran concert al Palau Sant Jordi per a la recerca contra l\u2019Alzheimer - Fundaci\u00f3 Barcelona Ol\u00edmpica<\/title>\n<meta name=\"robots\" content=\"index, follow, max-snippet:-1, max-image-preview:large, max-video-preview:-1\" \/>\n<link rel=\"canonical\" href=\"https:\/\/www.fundaciobarcelonaolimpica.es\/ca\/el-28-de-setembre-la-resposta-a-lalzheimer-esta-en-la-musica-la-fundacio-pasqual-maragall-organitza-un-gran-concert-al-palau-sant-jordi-per-a-la-recerca-contra-lalzheimer\/\" \/>\n<meta property=\"og:locale\" content=\"ca_ES\" \/>\n<meta property=\"og:type\" content=\"article\" \/>\n<meta property=\"og:title\" content=\"&#039;El 28 de setembre la resposta a l\u2019Alzheimer est\u00e0 en la m\u00fasica&#039;. La Fundaci\u00f3 Pasqual Maragall organitza un gran concert al Palau Sant Jordi per a la recerca contra l\u2019Alzheimer - Fundaci\u00f3 Barcelona Ol\u00edmpica\" \/>\n<meta property=\"og:description\" content=\"Artistes de la talla de Joan Manuel Serrat, Noa, Barbara Hendriks, S&iacute;lvia P&eacute;rez Cruz i Miguel Poveda oferiran un recital &uacute;nic amb base simf&ograve;nica, amb la Orquestra Simf&ograve;nica del Vall&egrave;s dirigida per Joan Albert Amarg&oacute;s i la direcci&oacute; art&iacute;stica de Manuel Huerga, i on l&#039;ess&egrave;ncia dels Jocs Ol&iacute;mpics de Barcelona 1992 tindr&agrave; la seva part de protagonisme revivint moments molt especials. &nbsp;\" \/>\n<meta property=\"og:url\" content=\"https:\/\/www.fundaciobarcelonaolimpica.es\/ca\/el-28-de-setembre-la-resposta-a-lalzheimer-esta-en-la-musica-la-fundacio-pasqual-maragall-organitza-un-gran-concert-al-palau-sant-jordi-per-a-la-recerca-contra-lalzheimer\/\" \/>\n<meta property=\"og:site_name\" content=\"Fundaci\u00f3 Barcelona Ol\u00edmpica\" \/>\n<meta property=\"article:published_time\" content=\"2013-09-27T22:00:00+00:00\" \/>\n<meta name=\"author\" content=\"useradmin\" \/>\n<meta name=\"twitter:card\" content=\"summary_large_image\" \/>\n<meta name=\"twitter:label1\" content=\"Escrit per\" \/>\n\t<meta name=\"twitter:data1\" content=\"useradmin\" \/>\n<script type=\"application\/ld+json\" class=\"yoast-schema-graph\">{\"@context\":\"https:\/\/schema.org\",\"@graph\":[{\"@type\":\"Article\",\"@id\":\"https:\/\/www.fundaciobarcelonaolimpica.es\/ca\/el-28-de-setembre-la-resposta-a-lalzheimer-esta-en-la-musica-la-fundacio-pasqual-maragall-organitza-un-gran-concert-al-palau-sant-jordi-per-a-la-recerca-contra-lalzheimer\/#article\",\"isPartOf\":{\"@id\":\"https:\/\/www.fundaciobarcelonaolimpica.es\/ca\/el-28-de-setembre-la-resposta-a-lalzheimer-esta-en-la-musica-la-fundacio-pasqual-maragall-organitza-un-gran-concert-al-palau-sant-jordi-per-a-la-recerca-contra-lalzheimer\/\"},\"author\":{\"name\":\"useradmin\",\"@id\":\"https:\/\/www.fundaciobarcelonaolimpica.es\/ca\/#\/schema\/person\/d05705664e87aa04c6ce53d48133fb39\"},\"headline\":\"&#8216;El 28 de setembre la resposta a l\u2019Alzheimer est\u00e0 en la m\u00fasica&#8217;. La Fundaci\u00f3 Pasqual Maragall organitza un gran concert al Palau Sant Jordi per a la recerca contra l\u2019Alzheimer\",\"datePublished\":\"2013-09-27T22:00:00+00:00\",\"dateModified\":\"2013-09-27T22:00:00+00:00\",\"mainEntityOfPage\":{\"@id\":\"https:\/\/www.fundaciobarcelonaolimpica.es\/ca\/el-28-de-setembre-la-resposta-a-lalzheimer-esta-en-la-musica-la-fundacio-pasqual-maragall-organitza-un-gran-concert-al-palau-sant-jordi-per-a-la-recerca-contra-lalzheimer\/\"},\"wordCount\":119,\"commentCount\":0,\"publisher\":{\"@id\":\"https:\/\/www.fundaciobarcelonaolimpica.es\/ca\/#organization\"},\"articleSection\":[\"Uncategorized\"],\"inLanguage\":\"ca\",\"potentialAction\":[{\"@type\":\"CommentAction\",\"name\":\"Comment\",\"target\":[\"https:\/\/www.fundaciobarcelonaolimpica.es\/ca\/el-28-de-setembre-la-resposta-a-lalzheimer-esta-en-la-musica-la-fundacio-pasqual-maragall-organitza-un-gran-concert-al-palau-sant-jordi-per-a-la-recerca-contra-lalzheimer\/#respond\"]}]},{\"@type\":\"WebPage\",\"@id\":\"https:\/\/www.fundaciobarcelonaolimpica.es\/ca\/el-28-de-setembre-la-resposta-a-lalzheimer-esta-en-la-musica-la-fundacio-pasqual-maragall-organitza-un-gran-concert-al-palau-sant-jordi-per-a-la-recerca-contra-lalzheimer\/\",\"url\":\"https:\/\/www.fundaciobarcelonaolimpica.es\/ca\/el-28-de-setembre-la-resposta-a-lalzheimer-esta-en-la-musica-la-fundacio-pasqual-maragall-organitza-un-gran-concert-al-palau-sant-jordi-per-a-la-recerca-contra-lalzheimer\/\",\"name\":\"'El 28 de setembre la resposta a l\u2019Alzheimer est\u00e0 en la m\u00fasica'. La Fundaci\u00f3 Pasqual Maragall organitza un gran concert al Palau Sant Jordi per a la recerca contra l\u2019Alzheimer - Fundaci\u00f3 Barcelona Ol\u00edmpica\",\"isPartOf\":{\"@id\":\"https:\/\/www.fundaciobarcelonaolimpica.es\/ca\/#website\"},\"datePublished\":\"2013-09-27T22:00:00+00:00\",\"dateModified\":\"2013-09-27T22:00:00+00:00\",\"breadcrumb\":{\"@id\":\"https:\/\/www.fundaciobarcelonaolimpica.es\/ca\/el-28-de-setembre-la-resposta-a-lalzheimer-esta-en-la-musica-la-fundacio-pasqual-maragall-organitza-un-gran-concert-al-palau-sant-jordi-per-a-la-recerca-contra-lalzheimer\/#breadcrumb\"},\"inLanguage\":\"ca\",\"potentialAction\":[{\"@type\":\"ReadAction\",\"target\":[\"https:\/\/www.fundaciobarcelonaolimpica.es\/ca\/el-28-de-setembre-la-resposta-a-lalzheimer-esta-en-la-musica-la-fundacio-pasqual-maragall-organitza-un-gran-concert-al-palau-sant-jordi-per-a-la-recerca-contra-lalzheimer\/\"]}]},{\"@type\":\"BreadcrumbList\",\"@id\":\"https:\/\/www.fundaciobarcelonaolimpica.es\/ca\/el-28-de-setembre-la-resposta-a-lalzheimer-esta-en-la-musica-la-fundacio-pasqual-maragall-organitza-un-gran-concert-al-palau-sant-jordi-per-a-la-recerca-contra-lalzheimer\/#breadcrumb\",\"itemListElement\":[{\"@type\":\"ListItem\",\"position\":1,\"name\":\"FBO\",\"item\":\"https:\/\/www.fundaciobarcelonaolimpica.es\/es\/\"},{\"@type\":\"ListItem\",\"position\":2,\"name\":\"&#8216;El 28 de setembre la resposta a l\u2019Alzheimer est\u00e0 en la m\u00fasica&#8217;. La Fundaci\u00f3 Pasqual Maragall organitza un gran concert al Palau Sant Jordi per a la recerca contra l\u2019Alzheimer\"}]},{\"@type\":\"WebSite\",\"@id\":\"https:\/\/www.fundaciobarcelonaolimpica.es\/ca\/#website\",\"url\":\"https:\/\/www.fundaciobarcelonaolimpica.es\/ca\/\",\"name\":\"Fundaci\u00f3 Barcelona Ol\u00edmpica\",\"description\":\"Web del Museu Ol\u00edmpic i de l&#039;Esport\",\"publisher\":{\"@id\":\"https:\/\/www.fundaciobarcelonaolimpica.es\/ca\/#organization\"},\"potentialAction\":[{\"@type\":\"SearchAction\",\"target\":{\"@type\":\"EntryPoint\",\"urlTemplate\":\"https:\/\/www.fundaciobarcelonaolimpica.es\/ca\/?s={search_term_string}\"},\"query-input\":{\"@type\":\"PropertyValueSpecification\",\"valueRequired\":true,\"valueName\":\"search_term_string\"}}],\"inLanguage\":\"ca\"},{\"@type\":\"Organization\",\"@id\":\"https:\/\/www.fundaciobarcelonaolimpica.es\/ca\/#organization\",\"name\":\"Fundaci\u00f3 Barcelona Ol\u00edmpica\",\"url\":\"https:\/\/www.fundaciobarcelonaolimpica.es\/ca\/\",\"logo\":{\"@type\":\"ImageObject\",\"inLanguage\":\"ca\",\"@id\":\"https:\/\/www.fundaciobarcelonaolimpica.es\/ca\/#\/schema\/logo\/image\/\",\"url\":\"https:\/\/www.fundaciobarcelonaolimpica.es\/wp-content\/uploads\/sites\/3\/2019\/02\/logo-fundacio.svg\",\"contentUrl\":\"https:\/\/www.fundaciobarcelonaolimpica.es\/wp-content\/uploads\/sites\/3\/2019\/02\/logo-fundacio.svg\",\"caption\":\"Fundaci\u00f3 Barcelona Ol\u00edmpica\"},\"image\":{\"@id\":\"https:\/\/www.fundaciobarcelonaolimpica.es\/ca\/#\/schema\/logo\/image\/\"}},{\"@type\":\"Person\",\"@id\":\"https:\/\/www.fundaciobarcelonaolimpica.es\/ca\/#\/schema\/person\/d05705664e87aa04c6ce53d48133fb39\",\"name\":\"useradmin\",\"url\":\"https:\/\/www.fundaciobarcelonaolimpica.es\/ca\/author\/useradmin\/\"}]}<\/script>\n<!-- \/ Yoast SEO plugin. -->","yoast_head_json":{"title":"'El 28 de setembre la resposta a l\u2019Alzheimer est\u00e0 en la m\u00fasica'. La Fundaci\u00f3 Pasqual Maragall organitza un gran concert al Palau Sant Jordi per a la recerca contra l\u2019Alzheimer - Fundaci\u00f3 Barcelona Ol\u00edmpica","robots":{"index":"index","follow":"follow","max-snippet":"max-snippet:-1","max-image-preview":"max-image-preview:large","max-video-preview":"max-video-preview:-1"},"canonical":"https:\/\/www.fundaciobarcelonaolimpica.es\/ca\/el-28-de-setembre-la-resposta-a-lalzheimer-esta-en-la-musica-la-fundacio-pasqual-maragall-organitza-un-gran-concert-al-palau-sant-jordi-per-a-la-recerca-contra-lalzheimer\/","og_locale":"ca_ES","og_type":"article","og_title":"'El 28 de setembre la resposta a l\u2019Alzheimer est\u00e0 en la m\u00fasica'. La Fundaci\u00f3 Pasqual Maragall organitza un gran concert al Palau Sant Jordi per a la recerca contra l\u2019Alzheimer - Fundaci\u00f3 Barcelona Ol\u00edmpica","og_description":"Artistes de la talla de Joan Manuel Serrat, Noa, Barbara Hendriks, S&iacute;lvia P&eacute;rez Cruz i Miguel Poveda oferiran un recital &uacute;nic amb base simf&ograve;nica, amb la Orquestra Simf&ograve;nica del Vall&egrave;s dirigida per Joan Albert Amarg&oacute;s i la direcci&oacute; art&iacute;stica de Manuel Huerga, i on l'ess&egrave;ncia dels Jocs Ol&iacute;mpics de Barcelona 1992 tindr&agrave; la seva part de protagonisme revivint moments molt especials. &nbsp;","og_url":"https:\/\/www.fundaciobarcelonaolimpica.es\/ca\/el-28-de-setembre-la-resposta-a-lalzheimer-esta-en-la-musica-la-fundacio-pasqual-maragall-organitza-un-gran-concert-al-palau-sant-jordi-per-a-la-recerca-contra-lalzheimer\/","og_site_name":"Fundaci\u00f3 Barcelona Ol\u00edmpica","article_published_time":"2013-09-27T22:00:00+00:00","author":"useradmin","twitter_card":"summary_large_image","twitter_misc":{"Escrit per":"useradmin"},"schema":{"@context":"https:\/\/schema.org","@graph":[{"@type":"Article","@id":"https:\/\/www.fundaciobarcelonaolimpica.es\/ca\/el-28-de-setembre-la-resposta-a-lalzheimer-esta-en-la-musica-la-fundacio-pasqual-maragall-organitza-un-gran-concert-al-palau-sant-jordi-per-a-la-recerca-contra-lalzheimer\/#article","isPartOf":{"@id":"https:\/\/www.fundaciobarcelonaolimpica.es\/ca\/el-28-de-setembre-la-resposta-a-lalzheimer-esta-en-la-musica-la-fundacio-pasqual-maragall-organitza-un-gran-concert-al-palau-sant-jordi-per-a-la-recerca-contra-lalzheimer\/"},"author":{"name":"useradmin","@id":"https:\/\/www.fundaciobarcelonaolimpica.es\/ca\/#\/schema\/person\/d05705664e87aa04c6ce53d48133fb39"},"headline":"&#8216;El 28 de setembre la resposta a l\u2019Alzheimer est\u00e0 en la m\u00fasica&#8217;. La Fundaci\u00f3 Pasqual Maragall organitza un gran concert al Palau Sant Jordi per a la recerca contra l\u2019Alzheimer","datePublished":"2013-09-27T22:00:00+00:00","dateModified":"2013-09-27T22:00:00+00:00","mainEntityOfPage":{"@id":"https:\/\/www.fundaciobarcelonaolimpica.es\/ca\/el-28-de-setembre-la-resposta-a-lalzheimer-esta-en-la-musica-la-fundacio-pasqual-maragall-organitza-un-gran-concert-al-palau-sant-jordi-per-a-la-recerca-contra-lalzheimer\/"},"wordCount":119,"commentCount":0,"publisher":{"@id":"https:\/\/www.fundaciobarcelonaolimpica.es\/ca\/#organization"},"articleSection":["Uncategorized"],"inLanguage":"ca","potentialAction":[{"@type":"CommentAction","name":"Comment","target":["https:\/\/www.fundaciobarcelonaolimpica.es\/ca\/el-28-de-setembre-la-resposta-a-lalzheimer-esta-en-la-musica-la-fundacio-pasqual-maragall-organitza-un-gran-concert-al-palau-sant-jordi-per-a-la-recerca-contra-lalzheimer\/#respond"]}]},{"@type":"WebPage","@id":"https:\/\/www.fundaciobarcelonaolimpica.es\/ca\/el-28-de-setembre-la-resposta-a-lalzheimer-esta-en-la-musica-la-fundacio-pasqual-maragall-organitza-un-gran-concert-al-palau-sant-jordi-per-a-la-recerca-contra-lalzheimer\/","url":"https:\/\/www.fundaciobarcelonaolimpica.es\/ca\/el-28-de-setembre-la-resposta-a-lalzheimer-esta-en-la-musica-la-fundacio-pasqual-maragall-organitza-un-gran-concert-al-palau-sant-jordi-per-a-la-recerca-contra-lalzheimer\/","name":"'El 28 de setembre la resposta a l\u2019Alzheimer est\u00e0 en la m\u00fasica'. La Fundaci\u00f3 Pasqual Maragall organitza un gran concert al Palau Sant Jordi per a la recerca contra l\u2019Alzheimer - Fundaci\u00f3 Barcelona Ol\u00edmpica","isPartOf":{"@id":"https:\/\/www.fundaciobarcelonaolimpica.es\/ca\/#website"},"datePublished":"2013-09-27T22:00:00+00:00","dateModified":"2013-09-27T22:00:00+00:00","breadcrumb":{"@id":"https:\/\/www.fundaciobarcelonaolimpica.es\/ca\/el-28-de-setembre-la-resposta-a-lalzheimer-esta-en-la-musica-la-fundacio-pasqual-maragall-organitza-un-gran-concert-al-palau-sant-jordi-per-a-la-recerca-contra-lalzheimer\/#breadcrumb"},"inLanguage":"ca","potentialAction":[{"@type":"ReadAction","target":["https:\/\/www.fundaciobarcelonaolimpica.es\/ca\/el-28-de-setembre-la-resposta-a-lalzheimer-esta-en-la-musica-la-fundacio-pasqual-maragall-organitza-un-gran-concert-al-palau-sant-jordi-per-a-la-recerca-contra-lalzheimer\/"]}]},{"@type":"BreadcrumbList","@id":"https:\/\/www.fundaciobarcelonaolimpica.es\/ca\/el-28-de-setembre-la-resposta-a-lalzheimer-esta-en-la-musica-la-fundacio-pasqual-maragall-organitza-un-gran-concert-al-palau-sant-jordi-per-a-la-recerca-contra-lalzheimer\/#breadcrumb","itemListElement":[{"@type":"ListItem","position":1,"name":"FBO","item":"https:\/\/www.fundaciobarcelonaolimpica.es\/es\/"},{"@type":"ListItem","position":2,"name":"&#8216;El 28 de setembre la resposta a l\u2019Alzheimer est\u00e0 en la m\u00fasica&#8217;. La Fundaci\u00f3 Pasqual Maragall organitza un gran concert al Palau Sant Jordi per a la recerca contra l\u2019Alzheimer"}]},{"@type":"WebSite","@id":"https:\/\/www.fundaciobarcelonaolimpica.es\/ca\/#website","url":"https:\/\/www.fundaciobarcelonaolimpica.es\/ca\/","name":"Fundaci\u00f3 Barcelona Ol\u00edmpica","description":"Web del Museu Ol\u00edmpic i de l&#039;Esport","publisher":{"@id":"https:\/\/www.fundaciobarcelonaolimpica.es\/ca\/#organization"},"potentialAction":[{"@type":"SearchAction","target":{"@type":"EntryPoint","urlTemplate":"https:\/\/www.fundaciobarcelonaolimpica.es\/ca\/?s={search_term_string}"},"query-input":{"@type":"PropertyValueSpecification","valueRequired":true,"valueName":"search_term_string"}}],"inLanguage":"ca"},{"@type":"Organization","@id":"https:\/\/www.fundaciobarcelonaolimpica.es\/ca\/#organization","name":"Fundaci\u00f3 Barcelona Ol\u00edmpica","url":"https:\/\/www.fundaciobarcelonaolimpica.es\/ca\/","logo":{"@type":"ImageObject","inLanguage":"ca","@id":"https:\/\/www.fundaciobarcelonaolimpica.es\/ca\/#\/schema\/logo\/image\/","url":"https:\/\/www.fundaciobarcelonaolimpica.es\/wp-content\/uploads\/sites\/3\/2019\/02\/logo-fundacio.svg","contentUrl":"https:\/\/www.fundaciobarcelonaolimpica.es\/wp-content\/uploads\/sites\/3\/2019\/02\/logo-fundacio.svg","caption":"Fundaci\u00f3 Barcelona Ol\u00edmpica"},"image":{"@id":"https:\/\/www.fundaciobarcelonaolimpica.es\/ca\/#\/schema\/logo\/image\/"}},{"@type":"Person","@id":"https:\/\/www.fundaciobarcelonaolimpica.es\/ca\/#\/schema\/person\/d05705664e87aa04c6ce53d48133fb39","name":"useradmin","url":"https:\/\/www.fundaciobarcelonaolimpica.es\/ca\/author\/useradmin\/"}]}},"_links":{"self":[{"href":"https:\/\/www.fundaciobarcelonaolimpica.es\/ca\/wp-json\/wp\/v2\/posts\/6821"}],"collection":[{"href":"https:\/\/www.fundaciobarcelonaolimpica.es\/ca\/wp-json\/wp\/v2\/posts"}],"about":[{"href":"https:\/\/www.fundaciobarcelonaolimpica.es\/ca\/wp-json\/wp\/v2\/types\/post"}],"author":[{"embeddable":true,"href":"https:\/\/www.fundaciobarcelonaolimpica.es\/ca\/wp-json\/wp\/v2\/users\/1"}],"replies":[{"embeddable":true,"href":"https:\/\/www.fundaciobarcelonaolimpica.es\/ca\/wp-json\/wp\/v2\/comments?post=6821"}],"version-history":[{"count":0,"href":"https:\/\/www.fundaciobarcelonaolimpica.es\/ca\/wp-json\/wp\/v2\/posts\/6821\/revisions"}],"wp:attachment":[{"href":"https:\/\/www.fundaciobarcelonaolimpica.es\/ca\/wp-json\/wp\/v2\/media?parent=6821"}],"wp:term":[{"taxonomy":"category","embeddable":true,"href":"https:\/\/www.fundaciobarcelonaolimpica.es\/ca\/wp-json\/wp\/v2\/categories?post=6821"},{"taxonomy":"post_tag","embeddable":true,"href":"https:\/\/www.fundaciobarcelonaolimpica.es\/ca\/wp-json\/wp\/v2\/tags?post=6821"}],"curies":[{"name":"wp","href":"https:\/\/api.w.org\/{rel}","templated":true}]}}