{"id":18616,"date":"2017-04-03T11:07:11","date_gmt":"2017-04-03T09:07:11","guid":{"rendered":"https:\/\/dev.fbolimpica.es\/the-art-on-paper-exhibition-at-the-corte-ingles-ambit-cultural-gallery\/"},"modified":"2019-07-16T12:48:44","modified_gmt":"2019-07-16T10:48:44","slug":"the-art-on-paper-exhibition-at-the-corte-ingles-ambit-cultural-gallery","status":"publish","type":"post","link":"https:\/\/www.fundaciobarcelonaolimpica.es\/en\/the-art-on-paper-exhibition-at-the-corte-ingles-ambit-cultural-gallery\/","title":{"rendered":"The Art on Paper exhibition at the Corte Ingl\u00e9s \u00c0mbit Cultural gallery"},"content":{"rendered":"<p>The selection of works shown, the winning entries and the finalists, can be visited until 6 June. The exhibition illustrates the link between art and sport and explores the many possibilities that inspire the wealth of potential talent in this genre.<\/p>\n","protected":false},"excerpt":{"rendered":"<p>Art and sport came together once again this year at the Corte Ingl\u00e9s \u00c0mbit Cultural gallery Portal del l\u2019\u00c0ngel with an exhibition of the entries for the Barcelona Olympic Foundation\u2019s seventh International Art on Paper Awards.<\/p>\n","protected":false},"author":10,"featured_media":18613,"comment_status":"closed","ping_status":"closed","sticky":false,"template":"","format":"standard","meta":{"_acf_changed":false,"footnotes":""},"categories":[3],"tags":[],"class_list":["post-18616","post","type-post","status-publish","format-standard","has-post-thumbnail","hentry","category-uncategorized"],"acf":[],"yoast_head":"<!-- This site is optimized with the Yoast SEO plugin v23.7 - https:\/\/yoast.com\/wordpress\/plugins\/seo\/ -->\n<title>The Art on Paper exhibition at the Corte Ingl\u00e9s \u00c0mbit Cultural gallery - Fundaci\u00f3 Barcelona Ol\u00edmpica<\/title>\n<meta name=\"robots\" content=\"index, follow, max-snippet:-1, max-image-preview:large, max-video-preview:-1\" \/>\n<link rel=\"canonical\" href=\"https:\/\/www.fundaciobarcelonaolimpica.es\/en\/the-art-on-paper-exhibition-at-the-corte-ingles-ambit-cultural-gallery\/\" \/>\n<meta property=\"og:locale\" content=\"en_US\" \/>\n<meta property=\"og:type\" content=\"article\" \/>\n<meta property=\"og:title\" content=\"The Art on Paper exhibition at the Corte Ingl\u00e9s \u00c0mbit Cultural gallery - Fundaci\u00f3 Barcelona Ol\u00edmpica\" \/>\n<meta property=\"og:description\" content=\"Art and sport came together once again this year at the Corte Ingl\u00e9s \u00c0mbit Cultural gallery Portal del l\u2019\u00c0ngel with an exhibition of the entries for the Barcelona Olympic Foundation\u2019s seventh International Art on Paper Awards.\" \/>\n<meta property=\"og:url\" content=\"https:\/\/www.fundaciobarcelonaolimpica.es\/en\/the-art-on-paper-exhibition-at-the-corte-ingles-ambit-cultural-gallery\/\" \/>\n<meta property=\"og:site_name\" content=\"Fundaci\u00f3 Barcelona Ol\u00edmpica\" \/>\n<meta property=\"article:published_time\" content=\"2017-04-03T09:07:11+00:00\" \/>\n<meta property=\"article:modified_time\" content=\"2019-07-16T10:48:44+00:00\" \/>\n<meta property=\"og:image\" content=\"https:\/\/www.fundaciobarcelonaolimpica.es\/wp-content\/uploads\/sites\/3\/2019\/07\/ART-PAPEL-Elcorte.jpg\" \/>\n\t<meta property=\"og:image:width\" content=\"1229\" \/>\n\t<meta property=\"og:image:height\" content=\"885\" \/>\n\t<meta property=\"og:image:type\" content=\"image\/jpeg\" \/>\n<meta name=\"author\" content=\"editor\" \/>\n<meta name=\"twitter:card\" content=\"summary_large_image\" \/>\n<meta name=\"twitter:label1\" content=\"Written by\" \/>\n\t<meta name=\"twitter:data1\" content=\"editor\" \/>\n<script type=\"application\/ld+json\" class=\"yoast-schema-graph\">{\"@context\":\"https:\/\/schema.org\",\"@graph\":[{\"@type\":\"Article\",\"@id\":\"https:\/\/www.fundaciobarcelonaolimpica.es\/en\/the-art-on-paper-exhibition-at-the-corte-ingles-ambit-cultural-gallery\/#article\",\"isPartOf\":{\"@id\":\"https:\/\/www.fundaciobarcelonaolimpica.es\/en\/the-art-on-paper-exhibition-at-the-corte-ingles-ambit-cultural-gallery\/\"},\"author\":{\"name\":\"editor\",\"@id\":\"https:\/\/www.fundaciobarcelonaolimpica.es\/ca\/#\/schema\/person\/27fb3ca248933c27f53014c648c3b103\"},\"headline\":\"The Art on Paper exhibition at the Corte Ingl\u00e9s \u00c0mbit Cultural gallery\",\"datePublished\":\"2017-04-03T09:07:11+00:00\",\"dateModified\":\"2019-07-16T10:48:44+00:00\",\"mainEntityOfPage\":{\"@id\":\"https:\/\/www.fundaciobarcelonaolimpica.es\/en\/the-art-on-paper-exhibition-at-the-corte-ingles-ambit-cultural-gallery\/\"},\"wordCount\":53,\"publisher\":{\"@id\":\"https:\/\/www.fundaciobarcelonaolimpica.es\/ca\/#organization\"},\"image\":{\"@id\":\"https:\/\/www.fundaciobarcelonaolimpica.es\/en\/the-art-on-paper-exhibition-at-the-corte-ingles-ambit-cultural-gallery\/#primaryimage\"},\"thumbnailUrl\":\"https:\/\/www.fundaciobarcelonaolimpica.es\/wp-content\/uploads\/sites\/3\/2019\/07\/ART-PAPEL-Elcorte.jpg\",\"inLanguage\":\"en-US\"},{\"@type\":\"WebPage\",\"@id\":\"https:\/\/www.fundaciobarcelonaolimpica.es\/en\/the-art-on-paper-exhibition-at-the-corte-ingles-ambit-cultural-gallery\/\",\"url\":\"https:\/\/www.fundaciobarcelonaolimpica.es\/en\/the-art-on-paper-exhibition-at-the-corte-ingles-ambit-cultural-gallery\/\",\"name\":\"The Art on Paper exhibition at the Corte Ingl\u00e9s \u00c0mbit Cultural gallery - Fundaci\u00f3 Barcelona Ol\u00edmpica\",\"isPartOf\":{\"@id\":\"https:\/\/www.fundaciobarcelonaolimpica.es\/ca\/#website\"},\"primaryImageOfPage\":{\"@id\":\"https:\/\/www.fundaciobarcelonaolimpica.es\/en\/the-art-on-paper-exhibition-at-the-corte-ingles-ambit-cultural-gallery\/#primaryimage\"},\"image\":{\"@id\":\"https:\/\/www.fundaciobarcelonaolimpica.es\/en\/the-art-on-paper-exhibition-at-the-corte-ingles-ambit-cultural-gallery\/#primaryimage\"},\"thumbnailUrl\":\"https:\/\/www.fundaciobarcelonaolimpica.es\/wp-content\/uploads\/sites\/3\/2019\/07\/ART-PAPEL-Elcorte.jpg\",\"datePublished\":\"2017-04-03T09:07:11+00:00\",\"dateModified\":\"2019-07-16T10:48:44+00:00\",\"breadcrumb\":{\"@id\":\"https:\/\/www.fundaciobarcelonaolimpica.es\/en\/the-art-on-paper-exhibition-at-the-corte-ingles-ambit-cultural-gallery\/#breadcrumb\"},\"inLanguage\":\"en-US\",\"potentialAction\":[{\"@type\":\"ReadAction\",\"target\":[\"https:\/\/www.fundaciobarcelonaolimpica.es\/en\/the-art-on-paper-exhibition-at-the-corte-ingles-ambit-cultural-gallery\/\"]}]},{\"@type\":\"ImageObject\",\"inLanguage\":\"en-US\",\"@id\":\"https:\/\/www.fundaciobarcelonaolimpica.es\/en\/the-art-on-paper-exhibition-at-the-corte-ingles-ambit-cultural-gallery\/#primaryimage\",\"url\":\"https:\/\/www.fundaciobarcelonaolimpica.es\/wp-content\/uploads\/sites\/3\/2019\/07\/ART-PAPEL-Elcorte.jpg\",\"contentUrl\":\"https:\/\/www.fundaciobarcelonaolimpica.es\/wp-content\/uploads\/sites\/3\/2019\/07\/ART-PAPEL-Elcorte.jpg\",\"width\":1229,\"height\":885},{\"@type\":\"BreadcrumbList\",\"@id\":\"https:\/\/www.fundaciobarcelonaolimpica.es\/en\/the-art-on-paper-exhibition-at-the-corte-ingles-ambit-cultural-gallery\/#breadcrumb\",\"itemListElement\":[{\"@type\":\"ListItem\",\"position\":1,\"name\":\"FBO\",\"item\":\"https:\/\/www.fundaciobarcelonaolimpica.es\/es\/\"},{\"@type\":\"ListItem\",\"position\":2,\"name\":\"The Art on Paper exhibition at the Corte Ingl\u00e9s \u00c0mbit Cultural gallery\"}]},{\"@type\":\"WebSite\",\"@id\":\"https:\/\/www.fundaciobarcelonaolimpica.es\/ca\/#website\",\"url\":\"https:\/\/www.fundaciobarcelonaolimpica.es\/ca\/\",\"name\":\"Fundaci\u00f3 Barcelona Ol\u00edmpica\",\"description\":\"Web del Museu Ol\u00edmpic i de l&#039;Esport\",\"publisher\":{\"@id\":\"https:\/\/www.fundaciobarcelonaolimpica.es\/ca\/#organization\"},\"potentialAction\":[{\"@type\":\"SearchAction\",\"target\":{\"@type\":\"EntryPoint\",\"urlTemplate\":\"https:\/\/www.fundaciobarcelonaolimpica.es\/ca\/?s={search_term_string}\"},\"query-input\":{\"@type\":\"PropertyValueSpecification\",\"valueRequired\":true,\"valueName\":\"search_term_string\"}}],\"inLanguage\":\"en-US\"},{\"@type\":\"Organization\",\"@id\":\"https:\/\/www.fundaciobarcelonaolimpica.es\/ca\/#organization\",\"name\":\"Fundaci\u00f3 Barcelona Ol\u00edmpica\",\"url\":\"https:\/\/www.fundaciobarcelonaolimpica.es\/ca\/\",\"logo\":{\"@type\":\"ImageObject\",\"inLanguage\":\"en-US\",\"@id\":\"https:\/\/www.fundaciobarcelonaolimpica.es\/ca\/#\/schema\/logo\/image\/\",\"url\":\"https:\/\/www.fundaciobarcelonaolimpica.es\/wp-content\/uploads\/sites\/3\/2019\/02\/logo-fundacio.svg\",\"contentUrl\":\"https:\/\/www.fundaciobarcelonaolimpica.es\/wp-content\/uploads\/sites\/3\/2019\/02\/logo-fundacio.svg\",\"caption\":\"Fundaci\u00f3 Barcelona Ol\u00edmpica\"},\"image\":{\"@id\":\"https:\/\/www.fundaciobarcelonaolimpica.es\/ca\/#\/schema\/logo\/image\/\"}},{\"@type\":\"Person\",\"@id\":\"https:\/\/www.fundaciobarcelonaolimpica.es\/ca\/#\/schema\/person\/27fb3ca248933c27f53014c648c3b103\",\"name\":\"editor\",\"url\":\"https:\/\/www.fundaciobarcelonaolimpica.es\/en\/author\/editor\/\"}]}<\/script>\n<!-- \/ Yoast SEO plugin. -->","yoast_head_json":{"title":"The Art on Paper exhibition at the Corte Ingl\u00e9s \u00c0mbit Cultural gallery - Fundaci\u00f3 Barcelona Ol\u00edmpica","robots":{"index":"index","follow":"follow","max-snippet":"max-snippet:-1","max-image-preview":"max-image-preview:large","max-video-preview":"max-video-preview:-1"},"canonical":"https:\/\/www.fundaciobarcelonaolimpica.es\/en\/the-art-on-paper-exhibition-at-the-corte-ingles-ambit-cultural-gallery\/","og_locale":"en_US","og_type":"article","og_title":"The Art on Paper exhibition at the Corte Ingl\u00e9s \u00c0mbit Cultural gallery - Fundaci\u00f3 Barcelona Ol\u00edmpica","og_description":"Art and sport came together once again this year at the Corte Ingl\u00e9s \u00c0mbit Cultural gallery Portal del l\u2019\u00c0ngel with an exhibition of the entries for the Barcelona Olympic Foundation\u2019s seventh International Art on Paper Awards.","og_url":"https:\/\/www.fundaciobarcelonaolimpica.es\/en\/the-art-on-paper-exhibition-at-the-corte-ingles-ambit-cultural-gallery\/","og_site_name":"Fundaci\u00f3 Barcelona Ol\u00edmpica","article_published_time":"2017-04-03T09:07:11+00:00","article_modified_time":"2019-07-16T10:48:44+00:00","og_image":[{"width":1229,"height":885,"url":"https:\/\/www.fundaciobarcelonaolimpica.es\/wp-content\/uploads\/sites\/3\/2019\/07\/ART-PAPEL-Elcorte.jpg","type":"image\/jpeg"}],"author":"editor","twitter_card":"summary_large_image","twitter_misc":{"Written by":"editor"},"schema":{"@context":"https:\/\/schema.org","@graph":[{"@type":"Article","@id":"https:\/\/www.fundaciobarcelonaolimpica.es\/en\/the-art-on-paper-exhibition-at-the-corte-ingles-ambit-cultural-gallery\/#article","isPartOf":{"@id":"https:\/\/www.fundaciobarcelonaolimpica.es\/en\/the-art-on-paper-exhibition-at-the-corte-ingles-ambit-cultural-gallery\/"},"author":{"name":"editor","@id":"https:\/\/www.fundaciobarcelonaolimpica.es\/ca\/#\/schema\/person\/27fb3ca248933c27f53014c648c3b103"},"headline":"The Art on Paper exhibition at the Corte Ingl\u00e9s \u00c0mbit Cultural gallery","datePublished":"2017-04-03T09:07:11+00:00","dateModified":"2019-07-16T10:48:44+00:00","mainEntityOfPage":{"@id":"https:\/\/www.fundaciobarcelonaolimpica.es\/en\/the-art-on-paper-exhibition-at-the-corte-ingles-ambit-cultural-gallery\/"},"wordCount":53,"publisher":{"@id":"https:\/\/www.fundaciobarcelonaolimpica.es\/ca\/#organization"},"image":{"@id":"https:\/\/www.fundaciobarcelonaolimpica.es\/en\/the-art-on-paper-exhibition-at-the-corte-ingles-ambit-cultural-gallery\/#primaryimage"},"thumbnailUrl":"https:\/\/www.fundaciobarcelonaolimpica.es\/wp-content\/uploads\/sites\/3\/2019\/07\/ART-PAPEL-Elcorte.jpg","inLanguage":"en-US"},{"@type":"WebPage","@id":"https:\/\/www.fundaciobarcelonaolimpica.es\/en\/the-art-on-paper-exhibition-at-the-corte-ingles-ambit-cultural-gallery\/","url":"https:\/\/www.fundaciobarcelonaolimpica.es\/en\/the-art-on-paper-exhibition-at-the-corte-ingles-ambit-cultural-gallery\/","name":"The Art on Paper exhibition at the Corte Ingl\u00e9s \u00c0mbit Cultural gallery - Fundaci\u00f3 Barcelona Ol\u00edmpica","isPartOf":{"@id":"https:\/\/www.fundaciobarcelonaolimpica.es\/ca\/#website"},"primaryImageOfPage":{"@id":"https:\/\/www.fundaciobarcelonaolimpica.es\/en\/the-art-on-paper-exhibition-at-the-corte-ingles-ambit-cultural-gallery\/#primaryimage"},"image":{"@id":"https:\/\/www.fundaciobarcelonaolimpica.es\/en\/the-art-on-paper-exhibition-at-the-corte-ingles-ambit-cultural-gallery\/#primaryimage"},"thumbnailUrl":"https:\/\/www.fundaciobarcelonaolimpica.es\/wp-content\/uploads\/sites\/3\/2019\/07\/ART-PAPEL-Elcorte.jpg","datePublished":"2017-04-03T09:07:11+00:00","dateModified":"2019-07-16T10:48:44+00:00","breadcrumb":{"@id":"https:\/\/www.fundaciobarcelonaolimpica.es\/en\/the-art-on-paper-exhibition-at-the-corte-ingles-ambit-cultural-gallery\/#breadcrumb"},"inLanguage":"en-US","potentialAction":[{"@type":"ReadAction","target":["https:\/\/www.fundaciobarcelonaolimpica.es\/en\/the-art-on-paper-exhibition-at-the-corte-ingles-ambit-cultural-gallery\/"]}]},{"@type":"ImageObject","inLanguage":"en-US","@id":"https:\/\/www.fundaciobarcelonaolimpica.es\/en\/the-art-on-paper-exhibition-at-the-corte-ingles-ambit-cultural-gallery\/#primaryimage","url":"https:\/\/www.fundaciobarcelonaolimpica.es\/wp-content\/uploads\/sites\/3\/2019\/07\/ART-PAPEL-Elcorte.jpg","contentUrl":"https:\/\/www.fundaciobarcelonaolimpica.es\/wp-content\/uploads\/sites\/3\/2019\/07\/ART-PAPEL-Elcorte.jpg","width":1229,"height":885},{"@type":"BreadcrumbList","@id":"https:\/\/www.fundaciobarcelonaolimpica.es\/en\/the-art-on-paper-exhibition-at-the-corte-ingles-ambit-cultural-gallery\/#breadcrumb","itemListElement":[{"@type":"ListItem","position":1,"name":"FBO","item":"https:\/\/www.fundaciobarcelonaolimpica.es\/es\/"},{"@type":"ListItem","position":2,"name":"The Art on Paper exhibition at the Corte Ingl\u00e9s \u00c0mbit Cultural gallery"}]},{"@type":"WebSite","@id":"https:\/\/www.fundaciobarcelonaolimpica.es\/ca\/#website","url":"https:\/\/www.fundaciobarcelonaolimpica.es\/ca\/","name":"Fundaci\u00f3 Barcelona Ol\u00edmpica","description":"Web del Museu Ol\u00edmpic i de l&#039;Esport","publisher":{"@id":"https:\/\/www.fundaciobarcelonaolimpica.es\/ca\/#organization"},"potentialAction":[{"@type":"SearchAction","target":{"@type":"EntryPoint","urlTemplate":"https:\/\/www.fundaciobarcelonaolimpica.es\/ca\/?s={search_term_string}"},"query-input":{"@type":"PropertyValueSpecification","valueRequired":true,"valueName":"search_term_string"}}],"inLanguage":"en-US"},{"@type":"Organization","@id":"https:\/\/www.fundaciobarcelonaolimpica.es\/ca\/#organization","name":"Fundaci\u00f3 Barcelona Ol\u00edmpica","url":"https:\/\/www.fundaciobarcelonaolimpica.es\/ca\/","logo":{"@type":"ImageObject","inLanguage":"en-US","@id":"https:\/\/www.fundaciobarcelonaolimpica.es\/ca\/#\/schema\/logo\/image\/","url":"https:\/\/www.fundaciobarcelonaolimpica.es\/wp-content\/uploads\/sites\/3\/2019\/02\/logo-fundacio.svg","contentUrl":"https:\/\/www.fundaciobarcelonaolimpica.es\/wp-content\/uploads\/sites\/3\/2019\/02\/logo-fundacio.svg","caption":"Fundaci\u00f3 Barcelona Ol\u00edmpica"},"image":{"@id":"https:\/\/www.fundaciobarcelonaolimpica.es\/ca\/#\/schema\/logo\/image\/"}},{"@type":"Person","@id":"https:\/\/www.fundaciobarcelonaolimpica.es\/ca\/#\/schema\/person\/27fb3ca248933c27f53014c648c3b103","name":"editor","url":"https:\/\/www.fundaciobarcelonaolimpica.es\/en\/author\/editor\/"}]}},"_links":{"self":[{"href":"https:\/\/www.fundaciobarcelonaolimpica.es\/en\/wp-json\/wp\/v2\/posts\/18616"}],"collection":[{"href":"https:\/\/www.fundaciobarcelonaolimpica.es\/en\/wp-json\/wp\/v2\/posts"}],"about":[{"href":"https:\/\/www.fundaciobarcelonaolimpica.es\/en\/wp-json\/wp\/v2\/types\/post"}],"author":[{"embeddable":true,"href":"https:\/\/www.fundaciobarcelonaolimpica.es\/en\/wp-json\/wp\/v2\/users\/10"}],"replies":[{"embeddable":true,"href":"https:\/\/www.fundaciobarcelonaolimpica.es\/en\/wp-json\/wp\/v2\/comments?post=18616"}],"version-history":[{"count":1,"href":"https:\/\/www.fundaciobarcelonaolimpica.es\/en\/wp-json\/wp\/v2\/posts\/18616\/revisions"}],"predecessor-version":[{"id":19291,"href":"https:\/\/www.fundaciobarcelonaolimpica.es\/en\/wp-json\/wp\/v2\/posts\/18616\/revisions\/19291"}],"wp:featuredmedia":[{"embeddable":true,"href":"https:\/\/www.fundaciobarcelonaolimpica.es\/en\/wp-json\/wp\/v2\/media\/18613"}],"wp:attachment":[{"href":"https:\/\/www.fundaciobarcelonaolimpica.es\/en\/wp-json\/wp\/v2\/media?parent=18616"}],"wp:term":[{"taxonomy":"category","embeddable":true,"href":"https:\/\/www.fundaciobarcelonaolimpica.es\/en\/wp-json\/wp\/v2\/categories?post=18616"},{"taxonomy":"post_tag","embeddable":true,"href":"https:\/\/www.fundaciobarcelonaolimpica.es\/en\/wp-json\/wp\/v2\/tags?post=18616"}],"curies":[{"name":"wp","href":"https:\/\/api.w.org\/{rel}","templated":true}]}}