{"id":18877,"date":"2015-10-16T15:42:05","date_gmt":"2015-10-16T13:42:05","guid":{"rendered":"https:\/\/dev.fbolimpica.es\/final-conference-and-closing-of-the-11th-edition-of-the-olympic-forum\/"},"modified":"2019-07-16T13:43:04","modified_gmt":"2019-07-16T11:43:04","slug":"final-conference-and-closing-of-the-11th-edition-of-the-olympic-forum","status":"publish","type":"post","link":"https:\/\/www.fundaciobarcelonaolimpica.es\/en\/final-conference-and-closing-of-the-11th-edition-of-the-olympic-forum\/","title":{"rendered":"Final conference and closing of the 11th Edition of the Olympic Forum"},"content":{"rendered":"<p>The first of the two round tables moderated by Mart\u00ed Niub\u00f3 was made up by Jes\u00fas de Pablos, director of\u00a0<em>1d3a<\/em>; Jos\u00e9 Antonio Gago,\u00a0<em>Eurescat<\/em>; Alun Evans, from the\u00a0<em>Barcelona World Race: the Game<\/em>\u00a0and Xavier Sabat\u00e9, CEO at<em>\u00a0Bravento<\/em>. Three businesses specialised in giving technological solutions to the sports sector at both a professional and amateur level. People\u2019s needs lead to development.<\/p>\n<p>Technologies and sponsorship were the subjects discussed in the final round table held in the Olympic Forum. Moderated by Ibone Lallana, it was attended by Joan Ant\u00f3n Camu\u00f1as, director of the advisiry firm\u00a0<em>CRS Sport &amp; Cultura<\/em>; Francisco J. Carballo, director of\u00a0<em>SponsorTo<\/em>\u00a0and Juli\u00e1n Casas, promoter of \u201c<em>Patrocina un Esportista<\/em>\u201d (Sponsor a Sportsperson). The speakers put forward their ideas and the projects that will enable sport to survive. New sponsoring trends, crowdfunding, and interactive sponsorship are, and will continue to be, the survival of sports and sportspeople. For this reason, it is necessary to change the mentality of both companies and the general public.<\/p>\n<p>Alberto Arag\u00f3, responsible for organising the event, was in charge of closing the 11<sup>th<\/sup>Edition of the Olympic Forum, held in 2015.<\/p>\n<p><strong>GENERAL CONCLUSIONS OF THE 11<sup>th<\/sup>\u00a0EDITION OF THE OLYMPIC FORUM<\/strong><\/p>\n<p>For two days we enjoyed listening to the 21 speakers who took us closer to the reality of sport which, thanks to technology, has undergone a change in the last ten years.<\/p>\n<p>The session dedicated to\u00a0<em>Social Networks<\/em>\u00a0made us aware of two key facts: the first is that society wants to be a part of sport, and the immediacy of social networks can lead to false information, which is why it is important to verify the news.<\/p>\n<p>In the same way that individuals have to know how to be selective as regards the high number of applications offered by the technology-sports sector.<\/p>\n<p>The second session,\u00a0<em>Event and Venue Management<\/em>, was marked by the progress made during the last decade. Technology has meant that passive sport and sportspeople have taken on a participative nature. Spectators can now interact and this can lead to actively participating in sports. Technology brings the sports product closer; consequently creating a need.Another subject raised in the second session was the concept of \u201ctime\u201d. Considering time as an element of value, technology immediately transmits information that used to have to travel a long distance.<\/p>\n<p>The third and last session,\u00a0<em>Entertainment and Interactive Sponsorship,\u00a0<\/em>highlighted the presentation of\u00a0<em>Open Camp<\/em>, an innovative project within the sports sector created with the aim of making top-level sports competition a recreational and social activity. Thanks to new technologies, it makes individuals feel the emotions of sport.<\/p>\n<p>And, finally, it must be pointed out that technology still needs to address the significant issue of sports sponsorship, usually considered a cultural matter. Crowdfunding, or interactive sponsorship, has yet to establish its bases for funding sports.<\/p>\n","protected":false},"excerpt":{"rendered":"<p>Today\u2019s morning conference began with Paco Medina, director of the Open Camp Project, the first park in the world dedicated to sport where technology and sports are made available to the public. An ambitious project that will see the light of day on 16\/06\/2016 in the Olympic Ring located on Montju\u00efc and where the Olympic Museum will be a protagonist.<\/p>\n","protected":false},"author":10,"featured_media":18874,"comment_status":"closed","ping_status":"closed","sticky":false,"template":"","format":"standard","meta":{"_acf_changed":false,"footnotes":""},"categories":[3],"tags":[],"class_list":["post-18877","post","type-post","status-publish","format-standard","has-post-thumbnail","hentry","category-uncategorized"],"acf":[],"yoast_head":"<!-- This site is optimized with the Yoast SEO plugin v23.7 - https:\/\/yoast.com\/wordpress\/plugins\/seo\/ -->\n<title>Final conference and closing of the 11th Edition of the Olympic Forum - Fundaci\u00f3 Barcelona Ol\u00edmpica<\/title>\n<meta name=\"robots\" content=\"index, follow, max-snippet:-1, max-image-preview:large, max-video-preview:-1\" \/>\n<link rel=\"canonical\" href=\"https:\/\/www.fundaciobarcelonaolimpica.es\/en\/final-conference-and-closing-of-the-11th-edition-of-the-olympic-forum\/\" \/>\n<meta property=\"og:locale\" content=\"en_US\" \/>\n<meta property=\"og:type\" content=\"article\" \/>\n<meta property=\"og:title\" content=\"Final conference and closing of the 11th Edition of the Olympic Forum - Fundaci\u00f3 Barcelona Ol\u00edmpica\" \/>\n<meta property=\"og:description\" content=\"Today\u2019s morning conference began with Paco Medina, director of the Open Camp Project, the first park in the world dedicated to sport where technology and sports are made available to the public. An ambitious project that will see the light of day on 16\/06\/2016 in the Olympic Ring located on Montju\u00efc and where the Olympic Museum will be a protagonist.\" \/>\n<meta property=\"og:url\" content=\"https:\/\/www.fundaciobarcelonaolimpica.es\/en\/final-conference-and-closing-of-the-11th-edition-of-the-olympic-forum\/\" \/>\n<meta property=\"og:site_name\" content=\"Fundaci\u00f3 Barcelona Ol\u00edmpica\" \/>\n<meta property=\"article:published_time\" content=\"2015-10-16T13:42:05+00:00\" \/>\n<meta property=\"article:modified_time\" content=\"2019-07-16T11:43:04+00:00\" \/>\n<meta property=\"og:image\" content=\"https:\/\/www.fundaciobarcelonaolimpica.es\/wp-content\/uploads\/sites\/3\/2019\/07\/Forum-Olimpic2015_OpenCamp.jpg\" \/>\n\t<meta property=\"og:image:width\" content=\"600\" \/>\n\t<meta property=\"og:image:height\" content=\"401\" \/>\n\t<meta property=\"og:image:type\" content=\"image\/jpeg\" \/>\n<meta name=\"author\" content=\"editor\" \/>\n<meta name=\"twitter:card\" content=\"summary_large_image\" \/>\n<meta name=\"twitter:label1\" content=\"Written by\" \/>\n\t<meta name=\"twitter:data1\" content=\"editor\" \/>\n\t<meta name=\"twitter:label2\" content=\"Est. reading time\" \/>\n\t<meta name=\"twitter:data2\" content=\"2 minutes\" \/>\n<script type=\"application\/ld+json\" class=\"yoast-schema-graph\">{\"@context\":\"https:\/\/schema.org\",\"@graph\":[{\"@type\":\"Article\",\"@id\":\"https:\/\/www.fundaciobarcelonaolimpica.es\/en\/final-conference-and-closing-of-the-11th-edition-of-the-olympic-forum\/#article\",\"isPartOf\":{\"@id\":\"https:\/\/www.fundaciobarcelonaolimpica.es\/en\/final-conference-and-closing-of-the-11th-edition-of-the-olympic-forum\/\"},\"author\":{\"name\":\"editor\",\"@id\":\"https:\/\/www.fundaciobarcelonaolimpica.es\/ca\/#\/schema\/person\/27fb3ca248933c27f53014c648c3b103\"},\"headline\":\"Final conference and closing of the 11th Edition of the Olympic Forum\",\"datePublished\":\"2015-10-16T13:42:05+00:00\",\"dateModified\":\"2019-07-16T11:43:04+00:00\",\"mainEntityOfPage\":{\"@id\":\"https:\/\/www.fundaciobarcelonaolimpica.es\/en\/final-conference-and-closing-of-the-11th-edition-of-the-olympic-forum\/\"},\"wordCount\":489,\"publisher\":{\"@id\":\"https:\/\/www.fundaciobarcelonaolimpica.es\/ca\/#organization\"},\"image\":{\"@id\":\"https:\/\/www.fundaciobarcelonaolimpica.es\/en\/final-conference-and-closing-of-the-11th-edition-of-the-olympic-forum\/#primaryimage\"},\"thumbnailUrl\":\"https:\/\/www.fundaciobarcelonaolimpica.es\/wp-content\/uploads\/sites\/3\/2019\/07\/Forum-Olimpic2015_OpenCamp.jpg\",\"inLanguage\":\"en-US\"},{\"@type\":\"WebPage\",\"@id\":\"https:\/\/www.fundaciobarcelonaolimpica.es\/en\/final-conference-and-closing-of-the-11th-edition-of-the-olympic-forum\/\",\"url\":\"https:\/\/www.fundaciobarcelonaolimpica.es\/en\/final-conference-and-closing-of-the-11th-edition-of-the-olympic-forum\/\",\"name\":\"Final conference and closing of the 11th Edition of the Olympic Forum - Fundaci\u00f3 Barcelona Ol\u00edmpica\",\"isPartOf\":{\"@id\":\"https:\/\/www.fundaciobarcelonaolimpica.es\/ca\/#website\"},\"primaryImageOfPage\":{\"@id\":\"https:\/\/www.fundaciobarcelonaolimpica.es\/en\/final-conference-and-closing-of-the-11th-edition-of-the-olympic-forum\/#primaryimage\"},\"image\":{\"@id\":\"https:\/\/www.fundaciobarcelonaolimpica.es\/en\/final-conference-and-closing-of-the-11th-edition-of-the-olympic-forum\/#primaryimage\"},\"thumbnailUrl\":\"https:\/\/www.fundaciobarcelonaolimpica.es\/wp-content\/uploads\/sites\/3\/2019\/07\/Forum-Olimpic2015_OpenCamp.jpg\",\"datePublished\":\"2015-10-16T13:42:05+00:00\",\"dateModified\":\"2019-07-16T11:43:04+00:00\",\"breadcrumb\":{\"@id\":\"https:\/\/www.fundaciobarcelonaolimpica.es\/en\/final-conference-and-closing-of-the-11th-edition-of-the-olympic-forum\/#breadcrumb\"},\"inLanguage\":\"en-US\",\"potentialAction\":[{\"@type\":\"ReadAction\",\"target\":[\"https:\/\/www.fundaciobarcelonaolimpica.es\/en\/final-conference-and-closing-of-the-11th-edition-of-the-olympic-forum\/\"]}]},{\"@type\":\"ImageObject\",\"inLanguage\":\"en-US\",\"@id\":\"https:\/\/www.fundaciobarcelonaolimpica.es\/en\/final-conference-and-closing-of-the-11th-edition-of-the-olympic-forum\/#primaryimage\",\"url\":\"https:\/\/www.fundaciobarcelonaolimpica.es\/wp-content\/uploads\/sites\/3\/2019\/07\/Forum-Olimpic2015_OpenCamp.jpg\",\"contentUrl\":\"https:\/\/www.fundaciobarcelonaolimpica.es\/wp-content\/uploads\/sites\/3\/2019\/07\/Forum-Olimpic2015_OpenCamp.jpg\",\"width\":600,\"height\":401},{\"@type\":\"BreadcrumbList\",\"@id\":\"https:\/\/www.fundaciobarcelonaolimpica.es\/en\/final-conference-and-closing-of-the-11th-edition-of-the-olympic-forum\/#breadcrumb\",\"itemListElement\":[{\"@type\":\"ListItem\",\"position\":1,\"name\":\"FBO\",\"item\":\"https:\/\/www.fundaciobarcelonaolimpica.es\/es\/\"},{\"@type\":\"ListItem\",\"position\":2,\"name\":\"Final conference and closing of the 11th Edition of the Olympic Forum\"}]},{\"@type\":\"WebSite\",\"@id\":\"https:\/\/www.fundaciobarcelonaolimpica.es\/ca\/#website\",\"url\":\"https:\/\/www.fundaciobarcelonaolimpica.es\/ca\/\",\"name\":\"Fundaci\u00f3 Barcelona Ol\u00edmpica\",\"description\":\"Web del Museu Ol\u00edmpic i de l&#039;Esport\",\"publisher\":{\"@id\":\"https:\/\/www.fundaciobarcelonaolimpica.es\/ca\/#organization\"},\"potentialAction\":[{\"@type\":\"SearchAction\",\"target\":{\"@type\":\"EntryPoint\",\"urlTemplate\":\"https:\/\/www.fundaciobarcelonaolimpica.es\/ca\/?s={search_term_string}\"},\"query-input\":{\"@type\":\"PropertyValueSpecification\",\"valueRequired\":true,\"valueName\":\"search_term_string\"}}],\"inLanguage\":\"en-US\"},{\"@type\":\"Organization\",\"@id\":\"https:\/\/www.fundaciobarcelonaolimpica.es\/ca\/#organization\",\"name\":\"Fundaci\u00f3 Barcelona Ol\u00edmpica\",\"url\":\"https:\/\/www.fundaciobarcelonaolimpica.es\/ca\/\",\"logo\":{\"@type\":\"ImageObject\",\"inLanguage\":\"en-US\",\"@id\":\"https:\/\/www.fundaciobarcelonaolimpica.es\/ca\/#\/schema\/logo\/image\/\",\"url\":\"https:\/\/www.fundaciobarcelonaolimpica.es\/wp-content\/uploads\/sites\/3\/2019\/02\/logo-fundacio.svg\",\"contentUrl\":\"https:\/\/www.fundaciobarcelonaolimpica.es\/wp-content\/uploads\/sites\/3\/2019\/02\/logo-fundacio.svg\",\"caption\":\"Fundaci\u00f3 Barcelona Ol\u00edmpica\"},\"image\":{\"@id\":\"https:\/\/www.fundaciobarcelonaolimpica.es\/ca\/#\/schema\/logo\/image\/\"}},{\"@type\":\"Person\",\"@id\":\"https:\/\/www.fundaciobarcelonaolimpica.es\/ca\/#\/schema\/person\/27fb3ca248933c27f53014c648c3b103\",\"name\":\"editor\",\"url\":\"https:\/\/www.fundaciobarcelonaolimpica.es\/en\/author\/editor\/\"}]}<\/script>\n<!-- \/ Yoast SEO plugin. -->","yoast_head_json":{"title":"Final conference and closing of the 11th Edition of the Olympic Forum - Fundaci\u00f3 Barcelona Ol\u00edmpica","robots":{"index":"index","follow":"follow","max-snippet":"max-snippet:-1","max-image-preview":"max-image-preview:large","max-video-preview":"max-video-preview:-1"},"canonical":"https:\/\/www.fundaciobarcelonaolimpica.es\/en\/final-conference-and-closing-of-the-11th-edition-of-the-olympic-forum\/","og_locale":"en_US","og_type":"article","og_title":"Final conference and closing of the 11th Edition of the Olympic Forum - Fundaci\u00f3 Barcelona Ol\u00edmpica","og_description":"Today\u2019s morning conference began with Paco Medina, director of the Open Camp Project, the first park in the world dedicated to sport where technology and sports are made available to the public. An ambitious project that will see the light of day on 16\/06\/2016 in the Olympic Ring located on Montju\u00efc and where the Olympic Museum will be a protagonist.","og_url":"https:\/\/www.fundaciobarcelonaolimpica.es\/en\/final-conference-and-closing-of-the-11th-edition-of-the-olympic-forum\/","og_site_name":"Fundaci\u00f3 Barcelona Ol\u00edmpica","article_published_time":"2015-10-16T13:42:05+00:00","article_modified_time":"2019-07-16T11:43:04+00:00","og_image":[{"width":600,"height":401,"url":"https:\/\/www.fundaciobarcelonaolimpica.es\/wp-content\/uploads\/sites\/3\/2019\/07\/Forum-Olimpic2015_OpenCamp.jpg","type":"image\/jpeg"}],"author":"editor","twitter_card":"summary_large_image","twitter_misc":{"Written by":"editor","Est. reading time":"2 minutes"},"schema":{"@context":"https:\/\/schema.org","@graph":[{"@type":"Article","@id":"https:\/\/www.fundaciobarcelonaolimpica.es\/en\/final-conference-and-closing-of-the-11th-edition-of-the-olympic-forum\/#article","isPartOf":{"@id":"https:\/\/www.fundaciobarcelonaolimpica.es\/en\/final-conference-and-closing-of-the-11th-edition-of-the-olympic-forum\/"},"author":{"name":"editor","@id":"https:\/\/www.fundaciobarcelonaolimpica.es\/ca\/#\/schema\/person\/27fb3ca248933c27f53014c648c3b103"},"headline":"Final conference and closing of the 11th Edition of the Olympic Forum","datePublished":"2015-10-16T13:42:05+00:00","dateModified":"2019-07-16T11:43:04+00:00","mainEntityOfPage":{"@id":"https:\/\/www.fundaciobarcelonaolimpica.es\/en\/final-conference-and-closing-of-the-11th-edition-of-the-olympic-forum\/"},"wordCount":489,"publisher":{"@id":"https:\/\/www.fundaciobarcelonaolimpica.es\/ca\/#organization"},"image":{"@id":"https:\/\/www.fundaciobarcelonaolimpica.es\/en\/final-conference-and-closing-of-the-11th-edition-of-the-olympic-forum\/#primaryimage"},"thumbnailUrl":"https:\/\/www.fundaciobarcelonaolimpica.es\/wp-content\/uploads\/sites\/3\/2019\/07\/Forum-Olimpic2015_OpenCamp.jpg","inLanguage":"en-US"},{"@type":"WebPage","@id":"https:\/\/www.fundaciobarcelonaolimpica.es\/en\/final-conference-and-closing-of-the-11th-edition-of-the-olympic-forum\/","url":"https:\/\/www.fundaciobarcelonaolimpica.es\/en\/final-conference-and-closing-of-the-11th-edition-of-the-olympic-forum\/","name":"Final conference and closing of the 11th Edition of the Olympic Forum - Fundaci\u00f3 Barcelona Ol\u00edmpica","isPartOf":{"@id":"https:\/\/www.fundaciobarcelonaolimpica.es\/ca\/#website"},"primaryImageOfPage":{"@id":"https:\/\/www.fundaciobarcelonaolimpica.es\/en\/final-conference-and-closing-of-the-11th-edition-of-the-olympic-forum\/#primaryimage"},"image":{"@id":"https:\/\/www.fundaciobarcelonaolimpica.es\/en\/final-conference-and-closing-of-the-11th-edition-of-the-olympic-forum\/#primaryimage"},"thumbnailUrl":"https:\/\/www.fundaciobarcelonaolimpica.es\/wp-content\/uploads\/sites\/3\/2019\/07\/Forum-Olimpic2015_OpenCamp.jpg","datePublished":"2015-10-16T13:42:05+00:00","dateModified":"2019-07-16T11:43:04+00:00","breadcrumb":{"@id":"https:\/\/www.fundaciobarcelonaolimpica.es\/en\/final-conference-and-closing-of-the-11th-edition-of-the-olympic-forum\/#breadcrumb"},"inLanguage":"en-US","potentialAction":[{"@type":"ReadAction","target":["https:\/\/www.fundaciobarcelonaolimpica.es\/en\/final-conference-and-closing-of-the-11th-edition-of-the-olympic-forum\/"]}]},{"@type":"ImageObject","inLanguage":"en-US","@id":"https:\/\/www.fundaciobarcelonaolimpica.es\/en\/final-conference-and-closing-of-the-11th-edition-of-the-olympic-forum\/#primaryimage","url":"https:\/\/www.fundaciobarcelonaolimpica.es\/wp-content\/uploads\/sites\/3\/2019\/07\/Forum-Olimpic2015_OpenCamp.jpg","contentUrl":"https:\/\/www.fundaciobarcelonaolimpica.es\/wp-content\/uploads\/sites\/3\/2019\/07\/Forum-Olimpic2015_OpenCamp.jpg","width":600,"height":401},{"@type":"BreadcrumbList","@id":"https:\/\/www.fundaciobarcelonaolimpica.es\/en\/final-conference-and-closing-of-the-11th-edition-of-the-olympic-forum\/#breadcrumb","itemListElement":[{"@type":"ListItem","position":1,"name":"FBO","item":"https:\/\/www.fundaciobarcelonaolimpica.es\/es\/"},{"@type":"ListItem","position":2,"name":"Final conference and closing of the 11th Edition of the Olympic Forum"}]},{"@type":"WebSite","@id":"https:\/\/www.fundaciobarcelonaolimpica.es\/ca\/#website","url":"https:\/\/www.fundaciobarcelonaolimpica.es\/ca\/","name":"Fundaci\u00f3 Barcelona Ol\u00edmpica","description":"Web del Museu Ol\u00edmpic i de l&#039;Esport","publisher":{"@id":"https:\/\/www.fundaciobarcelonaolimpica.es\/ca\/#organization"},"potentialAction":[{"@type":"SearchAction","target":{"@type":"EntryPoint","urlTemplate":"https:\/\/www.fundaciobarcelonaolimpica.es\/ca\/?s={search_term_string}"},"query-input":{"@type":"PropertyValueSpecification","valueRequired":true,"valueName":"search_term_string"}}],"inLanguage":"en-US"},{"@type":"Organization","@id":"https:\/\/www.fundaciobarcelonaolimpica.es\/ca\/#organization","name":"Fundaci\u00f3 Barcelona Ol\u00edmpica","url":"https:\/\/www.fundaciobarcelonaolimpica.es\/ca\/","logo":{"@type":"ImageObject","inLanguage":"en-US","@id":"https:\/\/www.fundaciobarcelonaolimpica.es\/ca\/#\/schema\/logo\/image\/","url":"https:\/\/www.fundaciobarcelonaolimpica.es\/wp-content\/uploads\/sites\/3\/2019\/02\/logo-fundacio.svg","contentUrl":"https:\/\/www.fundaciobarcelonaolimpica.es\/wp-content\/uploads\/sites\/3\/2019\/02\/logo-fundacio.svg","caption":"Fundaci\u00f3 Barcelona Ol\u00edmpica"},"image":{"@id":"https:\/\/www.fundaciobarcelonaolimpica.es\/ca\/#\/schema\/logo\/image\/"}},{"@type":"Person","@id":"https:\/\/www.fundaciobarcelonaolimpica.es\/ca\/#\/schema\/person\/27fb3ca248933c27f53014c648c3b103","name":"editor","url":"https:\/\/www.fundaciobarcelonaolimpica.es\/en\/author\/editor\/"}]}},"_links":{"self":[{"href":"https:\/\/www.fundaciobarcelonaolimpica.es\/en\/wp-json\/wp\/v2\/posts\/18877"}],"collection":[{"href":"https:\/\/www.fundaciobarcelonaolimpica.es\/en\/wp-json\/wp\/v2\/posts"}],"about":[{"href":"https:\/\/www.fundaciobarcelonaolimpica.es\/en\/wp-json\/wp\/v2\/types\/post"}],"author":[{"embeddable":true,"href":"https:\/\/www.fundaciobarcelonaolimpica.es\/en\/wp-json\/wp\/v2\/users\/10"}],"replies":[{"embeddable":true,"href":"https:\/\/www.fundaciobarcelonaolimpica.es\/en\/wp-json\/wp\/v2\/comments?post=18877"}],"version-history":[{"count":1,"href":"https:\/\/www.fundaciobarcelonaolimpica.es\/en\/wp-json\/wp\/v2\/posts\/18877\/revisions"}],"predecessor-version":[{"id":18879,"href":"https:\/\/www.fundaciobarcelonaolimpica.es\/en\/wp-json\/wp\/v2\/posts\/18877\/revisions\/18879"}],"wp:featuredmedia":[{"embeddable":true,"href":"https:\/\/www.fundaciobarcelonaolimpica.es\/en\/wp-json\/wp\/v2\/media\/18874"}],"wp:attachment":[{"href":"https:\/\/www.fundaciobarcelonaolimpica.es\/en\/wp-json\/wp\/v2\/media?parent=18877"}],"wp:term":[{"taxonomy":"category","embeddable":true,"href":"https:\/\/www.fundaciobarcelonaolimpica.es\/en\/wp-json\/wp\/v2\/categories?post=18877"},{"taxonomy":"post_tag","embeddable":true,"href":"https:\/\/www.fundaciobarcelonaolimpica.es\/en\/wp-json\/wp\/v2\/tags?post=18877"}],"curies":[{"name":"wp","href":"https:\/\/api.w.org\/{rel}","templated":true}]}}