{"id":19377,"date":"2013-10-17T15:55:13","date_gmt":"2013-10-17T13:55:13","guid":{"rendered":"https:\/\/dev.fbolimpica.es\/j-m-gay-de-liebana-julia-bosch-and-joan-anton-camunas-exceptional-speakers-during-the-first-day-of-the-olympic-forum-on-economics-and-sport\/"},"modified":"2019-07-17T09:13:10","modified_gmt":"2019-07-17T07:13:10","slug":"j-m-gay-de-liebana-julia-bosch-and-joan-anton-camunas-exceptional-speakers-during-the-first-day-of-the-olympic-forum-on-economics-and-sport","status":"publish","type":"post","link":"https:\/\/www.fundaciobarcelonaolimpica.es\/en\/j-m-gay-de-liebana-julia-bosch-and-joan-anton-camunas-exceptional-speakers-during-the-first-day-of-the-olympic-forum-on-economics-and-sport\/","title":{"rendered":"J.M. Gay de Li\u00e9bana, J\u00falia Bosch and Joan Anton Camu\u00f1as &#8211; Exceptional Speakers during the First Day of the Olympic Forum on Economics and Sport"},"content":{"rendered":"<div>\n<p>A very interesting morning moderated by sports journalist, Joan Manuel Surroca, backed by a huge public including figures from the world of private enterprise, the public sector, and politics as well as athletes.<\/p>\n<\/div>\n<div>\n<p>Afternoon session: Roundtables\u00a0 moderated by Marta Carranza from the Barcelona Sport Institute.<\/p>\n<\/div>\n<div>\n<p>Roundtable 1: Invigorating the Economy &#8211; Speakers: Xavier Triad\u00f3, Xavier Esteve, Jordi Vi\u00f1as and Xavier P\u00e9rez<\/p>\n<\/div>\n<div>\n<p>Roundtable 2: Generating Occupation &#8211; Andreu Camps, Joan Porcar Daniel Laga and Carles Meilan<\/p>\n<\/div>\n<p>&nbsp;<\/p>\n","protected":false},"excerpt":{"rendered":"<p>The inaugural ceremony was presided by Xavier Amador, Director of Institutional Relations of the Qualitat de vida, Igualtat i Esport department; David Moner, Chairman of Uni\u00f3 de Federacions Catalanes (UFEC); Gerard Figueras, Director of the Consell Catal\u00e0 d\u2019Esport and Josep Salom, representative of the Provincial Government of Barcelona.<\/p>\n","protected":false},"author":1,"featured_media":6932,"comment_status":"open","ping_status":"open","sticky":false,"template":"","format":"standard","meta":{"_acf_changed":false,"footnotes":""},"categories":[40],"tags":[],"class_list":["post-19377","post","type-post","status-publish","format-standard","has-post-thumbnail","hentry","category-uncategorized-en"],"acf":[],"yoast_head":"<!-- This site is optimized with the Yoast SEO plugin v23.7 - https:\/\/yoast.com\/wordpress\/plugins\/seo\/ -->\n<title>J.M. Gay de Li\u00e9bana, J\u00falia Bosch and Joan Anton Camu\u00f1as - Exceptional Speakers during the First Day of the Olympic Forum on Economics and Sport - Fundaci\u00f3 Barcelona Ol\u00edmpica<\/title>\n<meta name=\"robots\" content=\"index, follow, max-snippet:-1, max-image-preview:large, max-video-preview:-1\" \/>\n<link rel=\"canonical\" href=\"https:\/\/www.fundaciobarcelonaolimpica.es\/en\/j-m-gay-de-liebana-julia-bosch-and-joan-anton-camunas-exceptional-speakers-during-the-first-day-of-the-olympic-forum-on-economics-and-sport\/\" \/>\n<meta property=\"og:locale\" content=\"en_US\" \/>\n<meta property=\"og:type\" content=\"article\" \/>\n<meta property=\"og:title\" content=\"J.M. Gay de Li\u00e9bana, J\u00falia Bosch and Joan Anton Camu\u00f1as - Exceptional Speakers during the First Day of the Olympic Forum on Economics and Sport - Fundaci\u00f3 Barcelona Ol\u00edmpica\" \/>\n<meta property=\"og:description\" content=\"The inaugural ceremony was presided by Xavier Amador, Director of Institutional Relations of the Qualitat de vida, Igualtat i Esport department; David Moner, Chairman of Uni\u00f3 de Federacions Catalanes (UFEC); Gerard Figueras, Director of the Consell Catal\u00e0 d\u2019Esport and Josep Salom, representative of the Provincial Government of Barcelona.\" \/>\n<meta property=\"og:url\" content=\"https:\/\/www.fundaciobarcelonaolimpica.es\/en\/j-m-gay-de-liebana-julia-bosch-and-joan-anton-camunas-exceptional-speakers-during-the-first-day-of-the-olympic-forum-on-economics-and-sport\/\" \/>\n<meta property=\"og:site_name\" content=\"Fundaci\u00f3 Barcelona Ol\u00edmpica\" \/>\n<meta property=\"article:published_time\" content=\"2013-10-17T13:55:13+00:00\" \/>\n<meta property=\"article:modified_time\" content=\"2019-07-17T07:13:10+00:00\" \/>\n<meta property=\"og:image\" content=\"https:\/\/www.fundaciobarcelonaolimpica.es\/wp-content\/uploads\/sites\/3\/2019\/03\/FORUM_OLIMPIC_S1_LIEBANA_SURRO.jpg\" \/>\n\t<meta property=\"og:image:width\" content=\"3888\" \/>\n\t<meta property=\"og:image:height\" content=\"2592\" \/>\n\t<meta property=\"og:image:type\" content=\"image\/jpeg\" \/>\n<meta name=\"author\" content=\"useradmin\" \/>\n<meta name=\"twitter:card\" content=\"summary_large_image\" \/>\n<meta name=\"twitter:label1\" content=\"Written by\" \/>\n\t<meta name=\"twitter:data1\" content=\"useradmin\" \/>\n<script type=\"application\/ld+json\" class=\"yoast-schema-graph\">{\"@context\":\"https:\/\/schema.org\",\"@graph\":[{\"@type\":\"Article\",\"@id\":\"https:\/\/www.fundaciobarcelonaolimpica.es\/en\/j-m-gay-de-liebana-julia-bosch-and-joan-anton-camunas-exceptional-speakers-during-the-first-day-of-the-olympic-forum-on-economics-and-sport\/#article\",\"isPartOf\":{\"@id\":\"https:\/\/www.fundaciobarcelonaolimpica.es\/en\/j-m-gay-de-liebana-julia-bosch-and-joan-anton-camunas-exceptional-speakers-during-the-first-day-of-the-olympic-forum-on-economics-and-sport\/\"},\"author\":{\"name\":\"useradmin\",\"@id\":\"https:\/\/www.fundaciobarcelonaolimpica.es\/ca\/#\/schema\/person\/d05705664e87aa04c6ce53d48133fb39\"},\"headline\":\"J.M. Gay de Li\u00e9bana, J\u00falia Bosch and Joan Anton Camu\u00f1as &#8211; Exceptional Speakers during the First Day of the Olympic Forum on Economics and Sport\",\"datePublished\":\"2013-10-17T13:55:13+00:00\",\"dateModified\":\"2019-07-17T07:13:10+00:00\",\"mainEntityOfPage\":{\"@id\":\"https:\/\/www.fundaciobarcelonaolimpica.es\/en\/j-m-gay-de-liebana-julia-bosch-and-joan-anton-camunas-exceptional-speakers-during-the-first-day-of-the-olympic-forum-on-economics-and-sport\/\"},\"wordCount\":105,\"commentCount\":0,\"publisher\":{\"@id\":\"https:\/\/www.fundaciobarcelonaolimpica.es\/ca\/#organization\"},\"image\":{\"@id\":\"https:\/\/www.fundaciobarcelonaolimpica.es\/en\/j-m-gay-de-liebana-julia-bosch-and-joan-anton-camunas-exceptional-speakers-during-the-first-day-of-the-olympic-forum-on-economics-and-sport\/#primaryimage\"},\"thumbnailUrl\":\"https:\/\/www.fundaciobarcelonaolimpica.es\/wp-content\/uploads\/sites\/3\/2019\/03\/FORUM_OLIMPIC_S1_LIEBANA_SURRO.jpg\",\"inLanguage\":\"en-US\",\"potentialAction\":[{\"@type\":\"CommentAction\",\"name\":\"Comment\",\"target\":[\"https:\/\/www.fundaciobarcelonaolimpica.es\/en\/j-m-gay-de-liebana-julia-bosch-and-joan-anton-camunas-exceptional-speakers-during-the-first-day-of-the-olympic-forum-on-economics-and-sport\/#respond\"]}]},{\"@type\":\"WebPage\",\"@id\":\"https:\/\/www.fundaciobarcelonaolimpica.es\/en\/j-m-gay-de-liebana-julia-bosch-and-joan-anton-camunas-exceptional-speakers-during-the-first-day-of-the-olympic-forum-on-economics-and-sport\/\",\"url\":\"https:\/\/www.fundaciobarcelonaolimpica.es\/en\/j-m-gay-de-liebana-julia-bosch-and-joan-anton-camunas-exceptional-speakers-during-the-first-day-of-the-olympic-forum-on-economics-and-sport\/\",\"name\":\"J.M. Gay de Li\u00e9bana, J\u00falia Bosch and Joan Anton Camu\u00f1as - Exceptional Speakers during the First Day of the Olympic Forum on Economics and Sport - Fundaci\u00f3 Barcelona Ol\u00edmpica\",\"isPartOf\":{\"@id\":\"https:\/\/www.fundaciobarcelonaolimpica.es\/ca\/#website\"},\"primaryImageOfPage\":{\"@id\":\"https:\/\/www.fundaciobarcelonaolimpica.es\/en\/j-m-gay-de-liebana-julia-bosch-and-joan-anton-camunas-exceptional-speakers-during-the-first-day-of-the-olympic-forum-on-economics-and-sport\/#primaryimage\"},\"image\":{\"@id\":\"https:\/\/www.fundaciobarcelonaolimpica.es\/en\/j-m-gay-de-liebana-julia-bosch-and-joan-anton-camunas-exceptional-speakers-during-the-first-day-of-the-olympic-forum-on-economics-and-sport\/#primaryimage\"},\"thumbnailUrl\":\"https:\/\/www.fundaciobarcelonaolimpica.es\/wp-content\/uploads\/sites\/3\/2019\/03\/FORUM_OLIMPIC_S1_LIEBANA_SURRO.jpg\",\"datePublished\":\"2013-10-17T13:55:13+00:00\",\"dateModified\":\"2019-07-17T07:13:10+00:00\",\"breadcrumb\":{\"@id\":\"https:\/\/www.fundaciobarcelonaolimpica.es\/en\/j-m-gay-de-liebana-julia-bosch-and-joan-anton-camunas-exceptional-speakers-during-the-first-day-of-the-olympic-forum-on-economics-and-sport\/#breadcrumb\"},\"inLanguage\":\"en-US\",\"potentialAction\":[{\"@type\":\"ReadAction\",\"target\":[\"https:\/\/www.fundaciobarcelonaolimpica.es\/en\/j-m-gay-de-liebana-julia-bosch-and-joan-anton-camunas-exceptional-speakers-during-the-first-day-of-the-olympic-forum-on-economics-and-sport\/\"]}]},{\"@type\":\"ImageObject\",\"inLanguage\":\"en-US\",\"@id\":\"https:\/\/www.fundaciobarcelonaolimpica.es\/en\/j-m-gay-de-liebana-julia-bosch-and-joan-anton-camunas-exceptional-speakers-during-the-first-day-of-the-olympic-forum-on-economics-and-sport\/#primaryimage\",\"url\":\"https:\/\/www.fundaciobarcelonaolimpica.es\/wp-content\/uploads\/sites\/3\/2019\/03\/FORUM_OLIMPIC_S1_LIEBANA_SURRO.jpg\",\"contentUrl\":\"https:\/\/www.fundaciobarcelonaolimpica.es\/wp-content\/uploads\/sites\/3\/2019\/03\/FORUM_OLIMPIC_S1_LIEBANA_SURRO.jpg\",\"width\":3888,\"height\":2592},{\"@type\":\"BreadcrumbList\",\"@id\":\"https:\/\/www.fundaciobarcelonaolimpica.es\/en\/j-m-gay-de-liebana-julia-bosch-and-joan-anton-camunas-exceptional-speakers-during-the-first-day-of-the-olympic-forum-on-economics-and-sport\/#breadcrumb\",\"itemListElement\":[{\"@type\":\"ListItem\",\"position\":1,\"name\":\"FBO\",\"item\":\"https:\/\/www.fundaciobarcelonaolimpica.es\/es\/\"},{\"@type\":\"ListItem\",\"position\":2,\"name\":\"J.M. Gay de Li\u00e9bana, J\u00falia Bosch and Joan Anton Camu\u00f1as &#8211; Exceptional Speakers during the First Day of the Olympic Forum on Economics and Sport\"}]},{\"@type\":\"WebSite\",\"@id\":\"https:\/\/www.fundaciobarcelonaolimpica.es\/ca\/#website\",\"url\":\"https:\/\/www.fundaciobarcelonaolimpica.es\/ca\/\",\"name\":\"Fundaci\u00f3 Barcelona Ol\u00edmpica\",\"description\":\"Web del Museu Ol\u00edmpic i de l&#039;Esport\",\"publisher\":{\"@id\":\"https:\/\/www.fundaciobarcelonaolimpica.es\/ca\/#organization\"},\"potentialAction\":[{\"@type\":\"SearchAction\",\"target\":{\"@type\":\"EntryPoint\",\"urlTemplate\":\"https:\/\/www.fundaciobarcelonaolimpica.es\/ca\/?s={search_term_string}\"},\"query-input\":{\"@type\":\"PropertyValueSpecification\",\"valueRequired\":true,\"valueName\":\"search_term_string\"}}],\"inLanguage\":\"en-US\"},{\"@type\":\"Organization\",\"@id\":\"https:\/\/www.fundaciobarcelonaolimpica.es\/ca\/#organization\",\"name\":\"Fundaci\u00f3 Barcelona Ol\u00edmpica\",\"url\":\"https:\/\/www.fundaciobarcelonaolimpica.es\/ca\/\",\"logo\":{\"@type\":\"ImageObject\",\"inLanguage\":\"en-US\",\"@id\":\"https:\/\/www.fundaciobarcelonaolimpica.es\/ca\/#\/schema\/logo\/image\/\",\"url\":\"https:\/\/www.fundaciobarcelonaolimpica.es\/wp-content\/uploads\/sites\/3\/2019\/02\/logo-fundacio.svg\",\"contentUrl\":\"https:\/\/www.fundaciobarcelonaolimpica.es\/wp-content\/uploads\/sites\/3\/2019\/02\/logo-fundacio.svg\",\"caption\":\"Fundaci\u00f3 Barcelona Ol\u00edmpica\"},\"image\":{\"@id\":\"https:\/\/www.fundaciobarcelonaolimpica.es\/ca\/#\/schema\/logo\/image\/\"}},{\"@type\":\"Person\",\"@id\":\"https:\/\/www.fundaciobarcelonaolimpica.es\/ca\/#\/schema\/person\/d05705664e87aa04c6ce53d48133fb39\",\"name\":\"useradmin\",\"url\":\"https:\/\/www.fundaciobarcelonaolimpica.es\/en\/author\/useradmin\/\"}]}<\/script>\n<!-- \/ Yoast SEO plugin. -->","yoast_head_json":{"title":"J.M. Gay de Li\u00e9bana, J\u00falia Bosch and Joan Anton Camu\u00f1as - Exceptional Speakers during the First Day of the Olympic Forum on Economics and Sport - Fundaci\u00f3 Barcelona Ol\u00edmpica","robots":{"index":"index","follow":"follow","max-snippet":"max-snippet:-1","max-image-preview":"max-image-preview:large","max-video-preview":"max-video-preview:-1"},"canonical":"https:\/\/www.fundaciobarcelonaolimpica.es\/en\/j-m-gay-de-liebana-julia-bosch-and-joan-anton-camunas-exceptional-speakers-during-the-first-day-of-the-olympic-forum-on-economics-and-sport\/","og_locale":"en_US","og_type":"article","og_title":"J.M. Gay de Li\u00e9bana, J\u00falia Bosch and Joan Anton Camu\u00f1as - Exceptional Speakers during the First Day of the Olympic Forum on Economics and Sport - Fundaci\u00f3 Barcelona Ol\u00edmpica","og_description":"The inaugural ceremony was presided by Xavier Amador, Director of Institutional Relations of the Qualitat de vida, Igualtat i Esport department; David Moner, Chairman of Uni\u00f3 de Federacions Catalanes (UFEC); Gerard Figueras, Director of the Consell Catal\u00e0 d\u2019Esport and Josep Salom, representative of the Provincial Government of Barcelona.","og_url":"https:\/\/www.fundaciobarcelonaolimpica.es\/en\/j-m-gay-de-liebana-julia-bosch-and-joan-anton-camunas-exceptional-speakers-during-the-first-day-of-the-olympic-forum-on-economics-and-sport\/","og_site_name":"Fundaci\u00f3 Barcelona Ol\u00edmpica","article_published_time":"2013-10-17T13:55:13+00:00","article_modified_time":"2019-07-17T07:13:10+00:00","og_image":[{"width":3888,"height":2592,"url":"https:\/\/www.fundaciobarcelonaolimpica.es\/wp-content\/uploads\/sites\/3\/2019\/03\/FORUM_OLIMPIC_S1_LIEBANA_SURRO.jpg","type":"image\/jpeg"}],"author":"useradmin","twitter_card":"summary_large_image","twitter_misc":{"Written by":"useradmin"},"schema":{"@context":"https:\/\/schema.org","@graph":[{"@type":"Article","@id":"https:\/\/www.fundaciobarcelonaolimpica.es\/en\/j-m-gay-de-liebana-julia-bosch-and-joan-anton-camunas-exceptional-speakers-during-the-first-day-of-the-olympic-forum-on-economics-and-sport\/#article","isPartOf":{"@id":"https:\/\/www.fundaciobarcelonaolimpica.es\/en\/j-m-gay-de-liebana-julia-bosch-and-joan-anton-camunas-exceptional-speakers-during-the-first-day-of-the-olympic-forum-on-economics-and-sport\/"},"author":{"name":"useradmin","@id":"https:\/\/www.fundaciobarcelonaolimpica.es\/ca\/#\/schema\/person\/d05705664e87aa04c6ce53d48133fb39"},"headline":"J.M. Gay de Li\u00e9bana, J\u00falia Bosch and Joan Anton Camu\u00f1as &#8211; Exceptional Speakers during the First Day of the Olympic Forum on Economics and Sport","datePublished":"2013-10-17T13:55:13+00:00","dateModified":"2019-07-17T07:13:10+00:00","mainEntityOfPage":{"@id":"https:\/\/www.fundaciobarcelonaolimpica.es\/en\/j-m-gay-de-liebana-julia-bosch-and-joan-anton-camunas-exceptional-speakers-during-the-first-day-of-the-olympic-forum-on-economics-and-sport\/"},"wordCount":105,"commentCount":0,"publisher":{"@id":"https:\/\/www.fundaciobarcelonaolimpica.es\/ca\/#organization"},"image":{"@id":"https:\/\/www.fundaciobarcelonaolimpica.es\/en\/j-m-gay-de-liebana-julia-bosch-and-joan-anton-camunas-exceptional-speakers-during-the-first-day-of-the-olympic-forum-on-economics-and-sport\/#primaryimage"},"thumbnailUrl":"https:\/\/www.fundaciobarcelonaolimpica.es\/wp-content\/uploads\/sites\/3\/2019\/03\/FORUM_OLIMPIC_S1_LIEBANA_SURRO.jpg","inLanguage":"en-US","potentialAction":[{"@type":"CommentAction","name":"Comment","target":["https:\/\/www.fundaciobarcelonaolimpica.es\/en\/j-m-gay-de-liebana-julia-bosch-and-joan-anton-camunas-exceptional-speakers-during-the-first-day-of-the-olympic-forum-on-economics-and-sport\/#respond"]}]},{"@type":"WebPage","@id":"https:\/\/www.fundaciobarcelonaolimpica.es\/en\/j-m-gay-de-liebana-julia-bosch-and-joan-anton-camunas-exceptional-speakers-during-the-first-day-of-the-olympic-forum-on-economics-and-sport\/","url":"https:\/\/www.fundaciobarcelonaolimpica.es\/en\/j-m-gay-de-liebana-julia-bosch-and-joan-anton-camunas-exceptional-speakers-during-the-first-day-of-the-olympic-forum-on-economics-and-sport\/","name":"J.M. Gay de Li\u00e9bana, J\u00falia Bosch and Joan Anton Camu\u00f1as - Exceptional Speakers during the First Day of the Olympic Forum on Economics and Sport - Fundaci\u00f3 Barcelona Ol\u00edmpica","isPartOf":{"@id":"https:\/\/www.fundaciobarcelonaolimpica.es\/ca\/#website"},"primaryImageOfPage":{"@id":"https:\/\/www.fundaciobarcelonaolimpica.es\/en\/j-m-gay-de-liebana-julia-bosch-and-joan-anton-camunas-exceptional-speakers-during-the-first-day-of-the-olympic-forum-on-economics-and-sport\/#primaryimage"},"image":{"@id":"https:\/\/www.fundaciobarcelonaolimpica.es\/en\/j-m-gay-de-liebana-julia-bosch-and-joan-anton-camunas-exceptional-speakers-during-the-first-day-of-the-olympic-forum-on-economics-and-sport\/#primaryimage"},"thumbnailUrl":"https:\/\/www.fundaciobarcelonaolimpica.es\/wp-content\/uploads\/sites\/3\/2019\/03\/FORUM_OLIMPIC_S1_LIEBANA_SURRO.jpg","datePublished":"2013-10-17T13:55:13+00:00","dateModified":"2019-07-17T07:13:10+00:00","breadcrumb":{"@id":"https:\/\/www.fundaciobarcelonaolimpica.es\/en\/j-m-gay-de-liebana-julia-bosch-and-joan-anton-camunas-exceptional-speakers-during-the-first-day-of-the-olympic-forum-on-economics-and-sport\/#breadcrumb"},"inLanguage":"en-US","potentialAction":[{"@type":"ReadAction","target":["https:\/\/www.fundaciobarcelonaolimpica.es\/en\/j-m-gay-de-liebana-julia-bosch-and-joan-anton-camunas-exceptional-speakers-during-the-first-day-of-the-olympic-forum-on-economics-and-sport\/"]}]},{"@type":"ImageObject","inLanguage":"en-US","@id":"https:\/\/www.fundaciobarcelonaolimpica.es\/en\/j-m-gay-de-liebana-julia-bosch-and-joan-anton-camunas-exceptional-speakers-during-the-first-day-of-the-olympic-forum-on-economics-and-sport\/#primaryimage","url":"https:\/\/www.fundaciobarcelonaolimpica.es\/wp-content\/uploads\/sites\/3\/2019\/03\/FORUM_OLIMPIC_S1_LIEBANA_SURRO.jpg","contentUrl":"https:\/\/www.fundaciobarcelonaolimpica.es\/wp-content\/uploads\/sites\/3\/2019\/03\/FORUM_OLIMPIC_S1_LIEBANA_SURRO.jpg","width":3888,"height":2592},{"@type":"BreadcrumbList","@id":"https:\/\/www.fundaciobarcelonaolimpica.es\/en\/j-m-gay-de-liebana-julia-bosch-and-joan-anton-camunas-exceptional-speakers-during-the-first-day-of-the-olympic-forum-on-economics-and-sport\/#breadcrumb","itemListElement":[{"@type":"ListItem","position":1,"name":"FBO","item":"https:\/\/www.fundaciobarcelonaolimpica.es\/es\/"},{"@type":"ListItem","position":2,"name":"J.M. Gay de Li\u00e9bana, J\u00falia Bosch and Joan Anton Camu\u00f1as &#8211; Exceptional Speakers during the First Day of the Olympic Forum on Economics and Sport"}]},{"@type":"WebSite","@id":"https:\/\/www.fundaciobarcelonaolimpica.es\/ca\/#website","url":"https:\/\/www.fundaciobarcelonaolimpica.es\/ca\/","name":"Fundaci\u00f3 Barcelona Ol\u00edmpica","description":"Web del Museu Ol\u00edmpic i de l&#039;Esport","publisher":{"@id":"https:\/\/www.fundaciobarcelonaolimpica.es\/ca\/#organization"},"potentialAction":[{"@type":"SearchAction","target":{"@type":"EntryPoint","urlTemplate":"https:\/\/www.fundaciobarcelonaolimpica.es\/ca\/?s={search_term_string}"},"query-input":{"@type":"PropertyValueSpecification","valueRequired":true,"valueName":"search_term_string"}}],"inLanguage":"en-US"},{"@type":"Organization","@id":"https:\/\/www.fundaciobarcelonaolimpica.es\/ca\/#organization","name":"Fundaci\u00f3 Barcelona Ol\u00edmpica","url":"https:\/\/www.fundaciobarcelonaolimpica.es\/ca\/","logo":{"@type":"ImageObject","inLanguage":"en-US","@id":"https:\/\/www.fundaciobarcelonaolimpica.es\/ca\/#\/schema\/logo\/image\/","url":"https:\/\/www.fundaciobarcelonaolimpica.es\/wp-content\/uploads\/sites\/3\/2019\/02\/logo-fundacio.svg","contentUrl":"https:\/\/www.fundaciobarcelonaolimpica.es\/wp-content\/uploads\/sites\/3\/2019\/02\/logo-fundacio.svg","caption":"Fundaci\u00f3 Barcelona Ol\u00edmpica"},"image":{"@id":"https:\/\/www.fundaciobarcelonaolimpica.es\/ca\/#\/schema\/logo\/image\/"}},{"@type":"Person","@id":"https:\/\/www.fundaciobarcelonaolimpica.es\/ca\/#\/schema\/person\/d05705664e87aa04c6ce53d48133fb39","name":"useradmin","url":"https:\/\/www.fundaciobarcelonaolimpica.es\/en\/author\/useradmin\/"}]}},"_links":{"self":[{"href":"https:\/\/www.fundaciobarcelonaolimpica.es\/en\/wp-json\/wp\/v2\/posts\/19377"}],"collection":[{"href":"https:\/\/www.fundaciobarcelonaolimpica.es\/en\/wp-json\/wp\/v2\/posts"}],"about":[{"href":"https:\/\/www.fundaciobarcelonaolimpica.es\/en\/wp-json\/wp\/v2\/types\/post"}],"author":[{"embeddable":true,"href":"https:\/\/www.fundaciobarcelonaolimpica.es\/en\/wp-json\/wp\/v2\/users\/1"}],"replies":[{"embeddable":true,"href":"https:\/\/www.fundaciobarcelonaolimpica.es\/en\/wp-json\/wp\/v2\/comments?post=19377"}],"version-history":[{"count":2,"href":"https:\/\/www.fundaciobarcelonaolimpica.es\/en\/wp-json\/wp\/v2\/posts\/19377\/revisions"}],"predecessor-version":[{"id":19380,"href":"https:\/\/www.fundaciobarcelonaolimpica.es\/en\/wp-json\/wp\/v2\/posts\/19377\/revisions\/19380"}],"wp:featuredmedia":[{"embeddable":true,"href":"https:\/\/www.fundaciobarcelonaolimpica.es\/en\/wp-json\/wp\/v2\/media\/6932"}],"wp:attachment":[{"href":"https:\/\/www.fundaciobarcelonaolimpica.es\/en\/wp-json\/wp\/v2\/media?parent=19377"}],"wp:term":[{"taxonomy":"category","embeddable":true,"href":"https:\/\/www.fundaciobarcelonaolimpica.es\/en\/wp-json\/wp\/v2\/categories?post=19377"},{"taxonomy":"post_tag","embeddable":true,"href":"https:\/\/www.fundaciobarcelonaolimpica.es\/en\/wp-json\/wp\/v2\/tags?post=19377"}],"curies":[{"name":"wp","href":"https:\/\/api.w.org\/{rel}","templated":true}]}}