{"id":23985,"date":"2021-10-06T19:43:11","date_gmt":"2021-10-06T17:43:11","guid":{"rendered":"https:\/\/www.fundaciobarcelonaolimpica.es\/the-second-day-of-the-olympic-forum-was-made-up-of-two-round-tables\/"},"modified":"2021-10-06T19:58:41","modified_gmt":"2021-10-06T17:58:41","slug":"the-second-day-of-the-olympic-forum-was-made-up-of-two-round-tables","status":"publish","type":"post","link":"https:\/\/www.fundaciobarcelonaolimpica.es\/en\/the-second-day-of-the-olympic-forum-was-made-up-of-two-round-tables\/","title":{"rendered":"The second day of the Olympic Forum was made up of two round tables"},"content":{"rendered":"<p>In the first of them representatives of entities of sports sectors: Oriol Marc\u00e9, deputy director general of Activitats Esportives i Infraestructures, general secretariat of Esport i de l\u2019Activitat F\u00edsica; Susana Closa, manager of the Institut Barcelona Esports; Isabel P\u00e9rez, general secretary of the Uni\u00f3 de Federacions Esportives de Catalunya (UFEC) and Jos\u00e9 Hidalgo, president of the Associaci\u00f3n del Deporte Espa\u00f1ol (ADESP) have discussed the past, present and future management of COVID.<\/p>\n<p>In the second of the tables, Pilar Bernab\u00e9, sports councilor of the Ajuntament de Val\u00e8ncia and David Escud\u00e9, sports councilor of the Ajuntament de Barcelona, discussed the management models for the practice and sports facilities during the pandemic in these two cities. <\/p>\n<p>If you have not been able to connect to this second session of the Olympic Forum, you can see it again at the following link: https:\/\/youtu.be\/D140Z-4O38I<\/p>\n<p>Tomorrow, Thursday, October 7 at 4:00 p.m. we are waiting for you at the following link:<a href=\"https:\/\/youtu.be\/D140Z-4O38I\">https:\/\/youtu.be\/D140Z-4O38I<\/a> of our YouTube channel.<\/p>\n","protected":false},"excerpt":{"rendered":"<p>In the first of them representatives of entities of sports sectors: Oriol Marc\u00e9, deputy director general of Activitats Esportives i Infraestructures, general secretariat of Esport i de l\u2019Activitat F\u00edsica; Susana Closa, manager of the Institut Barcelona Esports; Isabel P\u00e9rez, general secretary of the Uni\u00f3 de Federacions Esportives de Catalunya (UFEC) and Jos\u00e9 Hidalgo, president of [&hellip;]<\/p>\n","protected":false},"author":11,"featured_media":23965,"comment_status":"closed","ping_status":"closed","sticky":false,"template":"","format":"standard","meta":{"_acf_changed":false,"footnotes":""},"categories":[3],"tags":[],"class_list":["post-23985","post","type-post","status-publish","format-standard","has-post-thumbnail","hentry","category-uncategorized"],"acf":[],"yoast_head":"<!-- This site is optimized with the Yoast SEO plugin v23.7 - https:\/\/yoast.com\/wordpress\/plugins\/seo\/ -->\n<title>The second day of the Olympic Forum was made up of two round tables - Fundaci\u00f3 Barcelona Ol\u00edmpica<\/title>\n<meta name=\"robots\" content=\"index, follow, max-snippet:-1, max-image-preview:large, max-video-preview:-1\" \/>\n<link rel=\"canonical\" href=\"https:\/\/www.fundaciobarcelonaolimpica.es\/en\/the-second-day-of-the-olympic-forum-was-made-up-of-two-round-tables\/\" \/>\n<meta property=\"og:locale\" content=\"en_US\" \/>\n<meta property=\"og:type\" content=\"article\" \/>\n<meta property=\"og:title\" content=\"The second day of the Olympic Forum was made up of two round tables - Fundaci\u00f3 Barcelona Ol\u00edmpica\" \/>\n<meta property=\"og:description\" content=\"In the first of them representatives of entities of sports sectors: Oriol Marc\u00e9, deputy director general of Activitats Esportives i Infraestructures, general secretariat of Esport i de l\u2019Activitat F\u00edsica; Susana Closa, manager of the Institut Barcelona Esports; Isabel P\u00e9rez, general secretary of the Uni\u00f3 de Federacions Esportives de Catalunya (UFEC) and Jos\u00e9 Hidalgo, president of [&hellip;]\" \/>\n<meta property=\"og:url\" content=\"https:\/\/www.fundaciobarcelonaolimpica.es\/en\/the-second-day-of-the-olympic-forum-was-made-up-of-two-round-tables\/\" \/>\n<meta property=\"og:site_name\" content=\"Fundaci\u00f3 Barcelona Ol\u00edmpica\" \/>\n<meta property=\"article:published_time\" content=\"2021-10-06T17:43:11+00:00\" \/>\n<meta property=\"article:modified_time\" content=\"2021-10-06T17:58:41+00:00\" \/>\n<meta property=\"og:image\" content=\"https:\/\/www.fundaciobarcelonaolimpica.es\/wp-content\/uploads\/sites\/3\/2021\/10\/Forum-Museu-Olimpic-MEsa2.jpg\" \/>\n\t<meta property=\"og:image:width\" content=\"1903\" \/>\n\t<meta property=\"og:image:height\" content=\"1200\" \/>\n\t<meta property=\"og:image:type\" content=\"image\/jpeg\" \/>\n<meta name=\"author\" content=\"Ibone\" \/>\n<meta name=\"twitter:card\" content=\"summary_large_image\" \/>\n<meta name=\"twitter:label1\" content=\"Written by\" \/>\n\t<meta name=\"twitter:data1\" content=\"Ibone\" \/>\n\t<meta name=\"twitter:label2\" content=\"Est. reading time\" \/>\n\t<meta name=\"twitter:data2\" content=\"1 minute\" \/>\n<script type=\"application\/ld+json\" class=\"yoast-schema-graph\">{\"@context\":\"https:\/\/schema.org\",\"@graph\":[{\"@type\":\"Article\",\"@id\":\"https:\/\/www.fundaciobarcelonaolimpica.es\/en\/the-second-day-of-the-olympic-forum-was-made-up-of-two-round-tables\/#article\",\"isPartOf\":{\"@id\":\"https:\/\/www.fundaciobarcelonaolimpica.es\/en\/the-second-day-of-the-olympic-forum-was-made-up-of-two-round-tables\/\"},\"author\":{\"name\":\"Ibone\",\"@id\":\"https:\/\/www.fundaciobarcelonaolimpica.es\/ca\/#\/schema\/person\/b792834a53f193977df425a499287aa9\"},\"headline\":\"The second day of the Olympic Forum was made up of two round tables\",\"datePublished\":\"2021-10-06T17:43:11+00:00\",\"dateModified\":\"2021-10-06T17:58:41+00:00\",\"mainEntityOfPage\":{\"@id\":\"https:\/\/www.fundaciobarcelonaolimpica.es\/en\/the-second-day-of-the-olympic-forum-was-made-up-of-two-round-tables\/\"},\"wordCount\":191,\"publisher\":{\"@id\":\"https:\/\/www.fundaciobarcelonaolimpica.es\/ca\/#organization\"},\"image\":{\"@id\":\"https:\/\/www.fundaciobarcelonaolimpica.es\/en\/the-second-day-of-the-olympic-forum-was-made-up-of-two-round-tables\/#primaryimage\"},\"thumbnailUrl\":\"https:\/\/www.fundaciobarcelonaolimpica.es\/wp-content\/uploads\/sites\/3\/2021\/10\/Forum-Museu-Olimpic-MEsa2.jpg\",\"inLanguage\":\"en-US\"},{\"@type\":\"WebPage\",\"@id\":\"https:\/\/www.fundaciobarcelonaolimpica.es\/en\/the-second-day-of-the-olympic-forum-was-made-up-of-two-round-tables\/\",\"url\":\"https:\/\/www.fundaciobarcelonaolimpica.es\/en\/the-second-day-of-the-olympic-forum-was-made-up-of-two-round-tables\/\",\"name\":\"The second day of the Olympic Forum was made up of two round tables - Fundaci\u00f3 Barcelona Ol\u00edmpica\",\"isPartOf\":{\"@id\":\"https:\/\/www.fundaciobarcelonaolimpica.es\/ca\/#website\"},\"primaryImageOfPage\":{\"@id\":\"https:\/\/www.fundaciobarcelonaolimpica.es\/en\/the-second-day-of-the-olympic-forum-was-made-up-of-two-round-tables\/#primaryimage\"},\"image\":{\"@id\":\"https:\/\/www.fundaciobarcelonaolimpica.es\/en\/the-second-day-of-the-olympic-forum-was-made-up-of-two-round-tables\/#primaryimage\"},\"thumbnailUrl\":\"https:\/\/www.fundaciobarcelonaolimpica.es\/wp-content\/uploads\/sites\/3\/2021\/10\/Forum-Museu-Olimpic-MEsa2.jpg\",\"datePublished\":\"2021-10-06T17:43:11+00:00\",\"dateModified\":\"2021-10-06T17:58:41+00:00\",\"breadcrumb\":{\"@id\":\"https:\/\/www.fundaciobarcelonaolimpica.es\/en\/the-second-day-of-the-olympic-forum-was-made-up-of-two-round-tables\/#breadcrumb\"},\"inLanguage\":\"en-US\",\"potentialAction\":[{\"@type\":\"ReadAction\",\"target\":[\"https:\/\/www.fundaciobarcelonaolimpica.es\/en\/the-second-day-of-the-olympic-forum-was-made-up-of-two-round-tables\/\"]}]},{\"@type\":\"ImageObject\",\"inLanguage\":\"en-US\",\"@id\":\"https:\/\/www.fundaciobarcelonaolimpica.es\/en\/the-second-day-of-the-olympic-forum-was-made-up-of-two-round-tables\/#primaryimage\",\"url\":\"https:\/\/www.fundaciobarcelonaolimpica.es\/wp-content\/uploads\/sites\/3\/2021\/10\/Forum-Museu-Olimpic-MEsa2.jpg\",\"contentUrl\":\"https:\/\/www.fundaciobarcelonaolimpica.es\/wp-content\/uploads\/sites\/3\/2021\/10\/Forum-Museu-Olimpic-MEsa2.jpg\",\"width\":1903,\"height\":1200},{\"@type\":\"BreadcrumbList\",\"@id\":\"https:\/\/www.fundaciobarcelonaolimpica.es\/en\/the-second-day-of-the-olympic-forum-was-made-up-of-two-round-tables\/#breadcrumb\",\"itemListElement\":[{\"@type\":\"ListItem\",\"position\":1,\"name\":\"FBO\",\"item\":\"https:\/\/www.fundaciobarcelonaolimpica.es\/es\/\"},{\"@type\":\"ListItem\",\"position\":2,\"name\":\"The second day of the Olympic Forum was made up of two round tables\"}]},{\"@type\":\"WebSite\",\"@id\":\"https:\/\/www.fundaciobarcelonaolimpica.es\/ca\/#website\",\"url\":\"https:\/\/www.fundaciobarcelonaolimpica.es\/ca\/\",\"name\":\"Fundaci\u00f3 Barcelona Ol\u00edmpica\",\"description\":\"Web del Museu Ol\u00edmpic i de l&#039;Esport\",\"publisher\":{\"@id\":\"https:\/\/www.fundaciobarcelonaolimpica.es\/ca\/#organization\"},\"potentialAction\":[{\"@type\":\"SearchAction\",\"target\":{\"@type\":\"EntryPoint\",\"urlTemplate\":\"https:\/\/www.fundaciobarcelonaolimpica.es\/ca\/?s={search_term_string}\"},\"query-input\":{\"@type\":\"PropertyValueSpecification\",\"valueRequired\":true,\"valueName\":\"search_term_string\"}}],\"inLanguage\":\"en-US\"},{\"@type\":\"Organization\",\"@id\":\"https:\/\/www.fundaciobarcelonaolimpica.es\/ca\/#organization\",\"name\":\"Fundaci\u00f3 Barcelona Ol\u00edmpica\",\"url\":\"https:\/\/www.fundaciobarcelonaolimpica.es\/ca\/\",\"logo\":{\"@type\":\"ImageObject\",\"inLanguage\":\"en-US\",\"@id\":\"https:\/\/www.fundaciobarcelonaolimpica.es\/ca\/#\/schema\/logo\/image\/\",\"url\":\"https:\/\/www.fundaciobarcelonaolimpica.es\/wp-content\/uploads\/sites\/3\/2019\/02\/logo-fundacio.svg\",\"contentUrl\":\"https:\/\/www.fundaciobarcelonaolimpica.es\/wp-content\/uploads\/sites\/3\/2019\/02\/logo-fundacio.svg\",\"caption\":\"Fundaci\u00f3 Barcelona Ol\u00edmpica\"},\"image\":{\"@id\":\"https:\/\/www.fundaciobarcelonaolimpica.es\/ca\/#\/schema\/logo\/image\/\"}},{\"@type\":\"Person\",\"@id\":\"https:\/\/www.fundaciobarcelonaolimpica.es\/ca\/#\/schema\/person\/b792834a53f193977df425a499287aa9\",\"name\":\"Ibone\",\"url\":\"https:\/\/www.fundaciobarcelonaolimpica.es\/en\/author\/fbolimpica\/\"}]}<\/script>\n<!-- \/ Yoast SEO plugin. -->","yoast_head_json":{"title":"The second day of the Olympic Forum was made up of two round tables - Fundaci\u00f3 Barcelona Ol\u00edmpica","robots":{"index":"index","follow":"follow","max-snippet":"max-snippet:-1","max-image-preview":"max-image-preview:large","max-video-preview":"max-video-preview:-1"},"canonical":"https:\/\/www.fundaciobarcelonaolimpica.es\/en\/the-second-day-of-the-olympic-forum-was-made-up-of-two-round-tables\/","og_locale":"en_US","og_type":"article","og_title":"The second day of the Olympic Forum was made up of two round tables - Fundaci\u00f3 Barcelona Ol\u00edmpica","og_description":"In the first of them representatives of entities of sports sectors: Oriol Marc\u00e9, deputy director general of Activitats Esportives i Infraestructures, general secretariat of Esport i de l\u2019Activitat F\u00edsica; Susana Closa, manager of the Institut Barcelona Esports; Isabel P\u00e9rez, general secretary of the Uni\u00f3 de Federacions Esportives de Catalunya (UFEC) and Jos\u00e9 Hidalgo, president of [&hellip;]","og_url":"https:\/\/www.fundaciobarcelonaolimpica.es\/en\/the-second-day-of-the-olympic-forum-was-made-up-of-two-round-tables\/","og_site_name":"Fundaci\u00f3 Barcelona Ol\u00edmpica","article_published_time":"2021-10-06T17:43:11+00:00","article_modified_time":"2021-10-06T17:58:41+00:00","og_image":[{"width":1903,"height":1200,"url":"https:\/\/www.fundaciobarcelonaolimpica.es\/wp-content\/uploads\/sites\/3\/2021\/10\/Forum-Museu-Olimpic-MEsa2.jpg","type":"image\/jpeg"}],"author":"Ibone","twitter_card":"summary_large_image","twitter_misc":{"Written by":"Ibone","Est. reading time":"1 minute"},"schema":{"@context":"https:\/\/schema.org","@graph":[{"@type":"Article","@id":"https:\/\/www.fundaciobarcelonaolimpica.es\/en\/the-second-day-of-the-olympic-forum-was-made-up-of-two-round-tables\/#article","isPartOf":{"@id":"https:\/\/www.fundaciobarcelonaolimpica.es\/en\/the-second-day-of-the-olympic-forum-was-made-up-of-two-round-tables\/"},"author":{"name":"Ibone","@id":"https:\/\/www.fundaciobarcelonaolimpica.es\/ca\/#\/schema\/person\/b792834a53f193977df425a499287aa9"},"headline":"The second day of the Olympic Forum was made up of two round tables","datePublished":"2021-10-06T17:43:11+00:00","dateModified":"2021-10-06T17:58:41+00:00","mainEntityOfPage":{"@id":"https:\/\/www.fundaciobarcelonaolimpica.es\/en\/the-second-day-of-the-olympic-forum-was-made-up-of-two-round-tables\/"},"wordCount":191,"publisher":{"@id":"https:\/\/www.fundaciobarcelonaolimpica.es\/ca\/#organization"},"image":{"@id":"https:\/\/www.fundaciobarcelonaolimpica.es\/en\/the-second-day-of-the-olympic-forum-was-made-up-of-two-round-tables\/#primaryimage"},"thumbnailUrl":"https:\/\/www.fundaciobarcelonaolimpica.es\/wp-content\/uploads\/sites\/3\/2021\/10\/Forum-Museu-Olimpic-MEsa2.jpg","inLanguage":"en-US"},{"@type":"WebPage","@id":"https:\/\/www.fundaciobarcelonaolimpica.es\/en\/the-second-day-of-the-olympic-forum-was-made-up-of-two-round-tables\/","url":"https:\/\/www.fundaciobarcelonaolimpica.es\/en\/the-second-day-of-the-olympic-forum-was-made-up-of-two-round-tables\/","name":"The second day of the Olympic Forum was made up of two round tables - Fundaci\u00f3 Barcelona Ol\u00edmpica","isPartOf":{"@id":"https:\/\/www.fundaciobarcelonaolimpica.es\/ca\/#website"},"primaryImageOfPage":{"@id":"https:\/\/www.fundaciobarcelonaolimpica.es\/en\/the-second-day-of-the-olympic-forum-was-made-up-of-two-round-tables\/#primaryimage"},"image":{"@id":"https:\/\/www.fundaciobarcelonaolimpica.es\/en\/the-second-day-of-the-olympic-forum-was-made-up-of-two-round-tables\/#primaryimage"},"thumbnailUrl":"https:\/\/www.fundaciobarcelonaolimpica.es\/wp-content\/uploads\/sites\/3\/2021\/10\/Forum-Museu-Olimpic-MEsa2.jpg","datePublished":"2021-10-06T17:43:11+00:00","dateModified":"2021-10-06T17:58:41+00:00","breadcrumb":{"@id":"https:\/\/www.fundaciobarcelonaolimpica.es\/en\/the-second-day-of-the-olympic-forum-was-made-up-of-two-round-tables\/#breadcrumb"},"inLanguage":"en-US","potentialAction":[{"@type":"ReadAction","target":["https:\/\/www.fundaciobarcelonaolimpica.es\/en\/the-second-day-of-the-olympic-forum-was-made-up-of-two-round-tables\/"]}]},{"@type":"ImageObject","inLanguage":"en-US","@id":"https:\/\/www.fundaciobarcelonaolimpica.es\/en\/the-second-day-of-the-olympic-forum-was-made-up-of-two-round-tables\/#primaryimage","url":"https:\/\/www.fundaciobarcelonaolimpica.es\/wp-content\/uploads\/sites\/3\/2021\/10\/Forum-Museu-Olimpic-MEsa2.jpg","contentUrl":"https:\/\/www.fundaciobarcelonaolimpica.es\/wp-content\/uploads\/sites\/3\/2021\/10\/Forum-Museu-Olimpic-MEsa2.jpg","width":1903,"height":1200},{"@type":"BreadcrumbList","@id":"https:\/\/www.fundaciobarcelonaolimpica.es\/en\/the-second-day-of-the-olympic-forum-was-made-up-of-two-round-tables\/#breadcrumb","itemListElement":[{"@type":"ListItem","position":1,"name":"FBO","item":"https:\/\/www.fundaciobarcelonaolimpica.es\/es\/"},{"@type":"ListItem","position":2,"name":"The second day of the Olympic Forum was made up of two round tables"}]},{"@type":"WebSite","@id":"https:\/\/www.fundaciobarcelonaolimpica.es\/ca\/#website","url":"https:\/\/www.fundaciobarcelonaolimpica.es\/ca\/","name":"Fundaci\u00f3 Barcelona Ol\u00edmpica","description":"Web del Museu Ol\u00edmpic i de l&#039;Esport","publisher":{"@id":"https:\/\/www.fundaciobarcelonaolimpica.es\/ca\/#organization"},"potentialAction":[{"@type":"SearchAction","target":{"@type":"EntryPoint","urlTemplate":"https:\/\/www.fundaciobarcelonaolimpica.es\/ca\/?s={search_term_string}"},"query-input":{"@type":"PropertyValueSpecification","valueRequired":true,"valueName":"search_term_string"}}],"inLanguage":"en-US"},{"@type":"Organization","@id":"https:\/\/www.fundaciobarcelonaolimpica.es\/ca\/#organization","name":"Fundaci\u00f3 Barcelona Ol\u00edmpica","url":"https:\/\/www.fundaciobarcelonaolimpica.es\/ca\/","logo":{"@type":"ImageObject","inLanguage":"en-US","@id":"https:\/\/www.fundaciobarcelonaolimpica.es\/ca\/#\/schema\/logo\/image\/","url":"https:\/\/www.fundaciobarcelonaolimpica.es\/wp-content\/uploads\/sites\/3\/2019\/02\/logo-fundacio.svg","contentUrl":"https:\/\/www.fundaciobarcelonaolimpica.es\/wp-content\/uploads\/sites\/3\/2019\/02\/logo-fundacio.svg","caption":"Fundaci\u00f3 Barcelona Ol\u00edmpica"},"image":{"@id":"https:\/\/www.fundaciobarcelonaolimpica.es\/ca\/#\/schema\/logo\/image\/"}},{"@type":"Person","@id":"https:\/\/www.fundaciobarcelonaolimpica.es\/ca\/#\/schema\/person\/b792834a53f193977df425a499287aa9","name":"Ibone","url":"https:\/\/www.fundaciobarcelonaolimpica.es\/en\/author\/fbolimpica\/"}]}},"_links":{"self":[{"href":"https:\/\/www.fundaciobarcelonaolimpica.es\/en\/wp-json\/wp\/v2\/posts\/23985"}],"collection":[{"href":"https:\/\/www.fundaciobarcelonaolimpica.es\/en\/wp-json\/wp\/v2\/posts"}],"about":[{"href":"https:\/\/www.fundaciobarcelonaolimpica.es\/en\/wp-json\/wp\/v2\/types\/post"}],"author":[{"embeddable":true,"href":"https:\/\/www.fundaciobarcelonaolimpica.es\/en\/wp-json\/wp\/v2\/users\/11"}],"replies":[{"embeddable":true,"href":"https:\/\/www.fundaciobarcelonaolimpica.es\/en\/wp-json\/wp\/v2\/comments?post=23985"}],"version-history":[{"count":1,"href":"https:\/\/www.fundaciobarcelonaolimpica.es\/en\/wp-json\/wp\/v2\/posts\/23985\/revisions"}],"predecessor-version":[{"id":23988,"href":"https:\/\/www.fundaciobarcelonaolimpica.es\/en\/wp-json\/wp\/v2\/posts\/23985\/revisions\/23988"}],"wp:featuredmedia":[{"embeddable":true,"href":"https:\/\/www.fundaciobarcelonaolimpica.es\/en\/wp-json\/wp\/v2\/media\/23965"}],"wp:attachment":[{"href":"https:\/\/www.fundaciobarcelonaolimpica.es\/en\/wp-json\/wp\/v2\/media?parent=23985"}],"wp:term":[{"taxonomy":"category","embeddable":true,"href":"https:\/\/www.fundaciobarcelonaolimpica.es\/en\/wp-json\/wp\/v2\/categories?post=23985"},{"taxonomy":"post_tag","embeddable":true,"href":"https:\/\/www.fundaciobarcelonaolimpica.es\/en\/wp-json\/wp\/v2\/tags?post=23985"}],"curies":[{"name":"wp","href":"https:\/\/api.w.org\/{rel}","templated":true}]}}