{"id":24420,"date":"2021-11-23T13:25:22","date_gmt":"2021-11-23T12:25:22","guid":{"rendered":"https:\/\/www.fundaciobarcelonaolimpica.es\/juli-pernas-patron-of-the-fundacio-barcelona-olimpica-has-received-with-lolo-ibern-the-gold-medal-for-the-sports-merit-of-the-city-of-barcelona\/"},"modified":"2021-11-23T13:25:22","modified_gmt":"2021-11-23T12:25:22","slug":"juli-pernas-patron-of-the-fundacio-barcelona-olimpica-has-received-with-lolo-ibern-the-gold-medal-for-the-sports-merit-of-the-city-of-barcelona","status":"publish","type":"post","link":"https:\/\/www.fundaciobarcelonaolimpica.es\/en\/juli-pernas-patron-of-the-fundacio-barcelona-olimpica-has-received-with-lolo-ibern-the-gold-medal-for-the-sports-merit-of-the-city-of-barcelona\/","title":{"rendered":"Juli Pernas, patron of the Fundaci\u00f3 Barcelona Ol\u00edmpica, has received with Lolo Ibern the gold medal for the Sports Merit of the City of Barcelona."},"content":{"rendered":"<p>Jaume Collboni and David Escud\u00e9 have given the Gold Medal for Sports Merit of Barcelona City Council.<\/p>\n","protected":false},"excerpt":{"rendered":"<p>Jaume Collboni and David Escud\u00e9 have given the Gold Medal for Sports Merit of Barcelona City Council.<\/p>\n","protected":false},"author":11,"featured_media":24405,"comment_status":"closed","ping_status":"closed","sticky":false,"template":"","format":"standard","meta":{"_acf_changed":false,"footnotes":""},"categories":[3],"tags":[],"class_list":["post-24420","post","type-post","status-publish","format-standard","has-post-thumbnail","hentry","category-uncategorized"],"acf":[],"yoast_head":"<!-- This site is optimized with the Yoast SEO plugin v23.7 - https:\/\/yoast.com\/wordpress\/plugins\/seo\/ -->\n<title>Juli Pernas, patron of the Fundaci\u00f3 Barcelona Ol\u00edmpica, has received with Lolo Ibern the gold medal for the Sports Merit of the City of Barcelona. - Fundaci\u00f3 Barcelona Ol\u00edmpica<\/title>\n<meta name=\"robots\" content=\"index, follow, max-snippet:-1, max-image-preview:large, max-video-preview:-1\" \/>\n<link rel=\"canonical\" href=\"https:\/\/www.fundaciobarcelonaolimpica.es\/en\/juli-pernas-patron-of-the-fundacio-barcelona-olimpica-has-received-with-lolo-ibern-the-gold-medal-for-the-sports-merit-of-the-city-of-barcelona\/\" \/>\n<meta property=\"og:locale\" content=\"en_US\" \/>\n<meta property=\"og:type\" content=\"article\" \/>\n<meta property=\"og:title\" content=\"Juli Pernas, patron of the Fundaci\u00f3 Barcelona Ol\u00edmpica, has received with Lolo Ibern the gold medal for the Sports Merit of the City of Barcelona. - Fundaci\u00f3 Barcelona Ol\u00edmpica\" \/>\n<meta property=\"og:description\" content=\"Jaume Collboni and David Escud\u00e9 have given the Gold Medal for Sports Merit of Barcelona City Council.\" \/>\n<meta property=\"og:url\" content=\"https:\/\/www.fundaciobarcelonaolimpica.es\/en\/juli-pernas-patron-of-the-fundacio-barcelona-olimpica-has-received-with-lolo-ibern-the-gold-medal-for-the-sports-merit-of-the-city-of-barcelona\/\" \/>\n<meta property=\"og:site_name\" content=\"Fundaci\u00f3 Barcelona Ol\u00edmpica\" \/>\n<meta property=\"article:published_time\" content=\"2021-11-23T12:25:22+00:00\" \/>\n<meta property=\"og:image\" content=\"https:\/\/www.fundaciobarcelonaolimpica.es\/wp-content\/uploads\/sites\/3\/2021\/11\/IMG_4665-scaled.jpg\" \/>\n\t<meta property=\"og:image:width\" content=\"2560\" \/>\n\t<meta property=\"og:image:height\" content=\"1768\" \/>\n\t<meta property=\"og:image:type\" content=\"image\/jpeg\" \/>\n<meta name=\"author\" content=\"Ibone\" \/>\n<meta name=\"twitter:card\" content=\"summary_large_image\" \/>\n<meta name=\"twitter:label1\" content=\"Written by\" \/>\n\t<meta name=\"twitter:data1\" content=\"Ibone\" \/>\n<script type=\"application\/ld+json\" class=\"yoast-schema-graph\">{\"@context\":\"https:\/\/schema.org\",\"@graph\":[{\"@type\":\"Article\",\"@id\":\"https:\/\/www.fundaciobarcelonaolimpica.es\/en\/juli-pernas-patron-of-the-fundacio-barcelona-olimpica-has-received-with-lolo-ibern-the-gold-medal-for-the-sports-merit-of-the-city-of-barcelona\/#article\",\"isPartOf\":{\"@id\":\"https:\/\/www.fundaciobarcelonaolimpica.es\/en\/juli-pernas-patron-of-the-fundacio-barcelona-olimpica-has-received-with-lolo-ibern-the-gold-medal-for-the-sports-merit-of-the-city-of-barcelona\/\"},\"author\":{\"name\":\"Ibone\",\"@id\":\"https:\/\/www.fundaciobarcelonaolimpica.es\/ca\/#\/schema\/person\/b792834a53f193977df425a499287aa9\"},\"headline\":\"Juli Pernas, patron of the Fundaci\u00f3 Barcelona Ol\u00edmpica, has received with Lolo Ibern the gold medal for the Sports Merit of the City of Barcelona.\",\"datePublished\":\"2021-11-23T12:25:22+00:00\",\"dateModified\":\"2021-11-23T12:25:22+00:00\",\"mainEntityOfPage\":{\"@id\":\"https:\/\/www.fundaciobarcelonaolimpica.es\/en\/juli-pernas-patron-of-the-fundacio-barcelona-olimpica-has-received-with-lolo-ibern-the-gold-medal-for-the-sports-merit-of-the-city-of-barcelona\/\"},\"wordCount\":43,\"publisher\":{\"@id\":\"https:\/\/www.fundaciobarcelonaolimpica.es\/ca\/#organization\"},\"image\":{\"@id\":\"https:\/\/www.fundaciobarcelonaolimpica.es\/en\/juli-pernas-patron-of-the-fundacio-barcelona-olimpica-has-received-with-lolo-ibern-the-gold-medal-for-the-sports-merit-of-the-city-of-barcelona\/#primaryimage\"},\"thumbnailUrl\":\"https:\/\/www.fundaciobarcelonaolimpica.es\/wp-content\/uploads\/sites\/3\/2021\/11\/IMG_4665-scaled.jpg\",\"inLanguage\":\"en-US\"},{\"@type\":\"WebPage\",\"@id\":\"https:\/\/www.fundaciobarcelonaolimpica.es\/en\/juli-pernas-patron-of-the-fundacio-barcelona-olimpica-has-received-with-lolo-ibern-the-gold-medal-for-the-sports-merit-of-the-city-of-barcelona\/\",\"url\":\"https:\/\/www.fundaciobarcelonaolimpica.es\/en\/juli-pernas-patron-of-the-fundacio-barcelona-olimpica-has-received-with-lolo-ibern-the-gold-medal-for-the-sports-merit-of-the-city-of-barcelona\/\",\"name\":\"Juli Pernas, patron of the Fundaci\u00f3 Barcelona Ol\u00edmpica, has received with Lolo Ibern the gold medal for the Sports Merit of the City of Barcelona. - Fundaci\u00f3 Barcelona Ol\u00edmpica\",\"isPartOf\":{\"@id\":\"https:\/\/www.fundaciobarcelonaolimpica.es\/ca\/#website\"},\"primaryImageOfPage\":{\"@id\":\"https:\/\/www.fundaciobarcelonaolimpica.es\/en\/juli-pernas-patron-of-the-fundacio-barcelona-olimpica-has-received-with-lolo-ibern-the-gold-medal-for-the-sports-merit-of-the-city-of-barcelona\/#primaryimage\"},\"image\":{\"@id\":\"https:\/\/www.fundaciobarcelonaolimpica.es\/en\/juli-pernas-patron-of-the-fundacio-barcelona-olimpica-has-received-with-lolo-ibern-the-gold-medal-for-the-sports-merit-of-the-city-of-barcelona\/#primaryimage\"},\"thumbnailUrl\":\"https:\/\/www.fundaciobarcelonaolimpica.es\/wp-content\/uploads\/sites\/3\/2021\/11\/IMG_4665-scaled.jpg\",\"datePublished\":\"2021-11-23T12:25:22+00:00\",\"dateModified\":\"2021-11-23T12:25:22+00:00\",\"breadcrumb\":{\"@id\":\"https:\/\/www.fundaciobarcelonaolimpica.es\/en\/juli-pernas-patron-of-the-fundacio-barcelona-olimpica-has-received-with-lolo-ibern-the-gold-medal-for-the-sports-merit-of-the-city-of-barcelona\/#breadcrumb\"},\"inLanguage\":\"en-US\",\"potentialAction\":[{\"@type\":\"ReadAction\",\"target\":[\"https:\/\/www.fundaciobarcelonaolimpica.es\/en\/juli-pernas-patron-of-the-fundacio-barcelona-olimpica-has-received-with-lolo-ibern-the-gold-medal-for-the-sports-merit-of-the-city-of-barcelona\/\"]}]},{\"@type\":\"ImageObject\",\"inLanguage\":\"en-US\",\"@id\":\"https:\/\/www.fundaciobarcelonaolimpica.es\/en\/juli-pernas-patron-of-the-fundacio-barcelona-olimpica-has-received-with-lolo-ibern-the-gold-medal-for-the-sports-merit-of-the-city-of-barcelona\/#primaryimage\",\"url\":\"https:\/\/www.fundaciobarcelonaolimpica.es\/wp-content\/uploads\/sites\/3\/2021\/11\/IMG_4665-scaled.jpg\",\"contentUrl\":\"https:\/\/www.fundaciobarcelonaolimpica.es\/wp-content\/uploads\/sites\/3\/2021\/11\/IMG_4665-scaled.jpg\",\"width\":2560,\"height\":1768},{\"@type\":\"BreadcrumbList\",\"@id\":\"https:\/\/www.fundaciobarcelonaolimpica.es\/en\/juli-pernas-patron-of-the-fundacio-barcelona-olimpica-has-received-with-lolo-ibern-the-gold-medal-for-the-sports-merit-of-the-city-of-barcelona\/#breadcrumb\",\"itemListElement\":[{\"@type\":\"ListItem\",\"position\":1,\"name\":\"FBO\",\"item\":\"https:\/\/www.fundaciobarcelonaolimpica.es\/es\/\"},{\"@type\":\"ListItem\",\"position\":2,\"name\":\"Juli Pernas, patron of the Fundaci\u00f3 Barcelona Ol\u00edmpica, has received with Lolo Ibern the gold medal for the Sports Merit of the City of Barcelona.\"}]},{\"@type\":\"WebSite\",\"@id\":\"https:\/\/www.fundaciobarcelonaolimpica.es\/ca\/#website\",\"url\":\"https:\/\/www.fundaciobarcelonaolimpica.es\/ca\/\",\"name\":\"Fundaci\u00f3 Barcelona Ol\u00edmpica\",\"description\":\"Web del Museu Ol\u00edmpic i de l&#039;Esport\",\"publisher\":{\"@id\":\"https:\/\/www.fundaciobarcelonaolimpica.es\/ca\/#organization\"},\"potentialAction\":[{\"@type\":\"SearchAction\",\"target\":{\"@type\":\"EntryPoint\",\"urlTemplate\":\"https:\/\/www.fundaciobarcelonaolimpica.es\/ca\/?s={search_term_string}\"},\"query-input\":{\"@type\":\"PropertyValueSpecification\",\"valueRequired\":true,\"valueName\":\"search_term_string\"}}],\"inLanguage\":\"en-US\"},{\"@type\":\"Organization\",\"@id\":\"https:\/\/www.fundaciobarcelonaolimpica.es\/ca\/#organization\",\"name\":\"Fundaci\u00f3 Barcelona Ol\u00edmpica\",\"url\":\"https:\/\/www.fundaciobarcelonaolimpica.es\/ca\/\",\"logo\":{\"@type\":\"ImageObject\",\"inLanguage\":\"en-US\",\"@id\":\"https:\/\/www.fundaciobarcelonaolimpica.es\/ca\/#\/schema\/logo\/image\/\",\"url\":\"https:\/\/www.fundaciobarcelonaolimpica.es\/wp-content\/uploads\/sites\/3\/2019\/02\/logo-fundacio.svg\",\"contentUrl\":\"https:\/\/www.fundaciobarcelonaolimpica.es\/wp-content\/uploads\/sites\/3\/2019\/02\/logo-fundacio.svg\",\"caption\":\"Fundaci\u00f3 Barcelona Ol\u00edmpica\"},\"image\":{\"@id\":\"https:\/\/www.fundaciobarcelonaolimpica.es\/ca\/#\/schema\/logo\/image\/\"}},{\"@type\":\"Person\",\"@id\":\"https:\/\/www.fundaciobarcelonaolimpica.es\/ca\/#\/schema\/person\/b792834a53f193977df425a499287aa9\",\"name\":\"Ibone\",\"url\":\"https:\/\/www.fundaciobarcelonaolimpica.es\/en\/author\/fbolimpica\/\"}]}<\/script>\n<!-- \/ Yoast SEO plugin. -->","yoast_head_json":{"title":"Juli Pernas, patron of the Fundaci\u00f3 Barcelona Ol\u00edmpica, has received with Lolo Ibern the gold medal for the Sports Merit of the City of Barcelona. - Fundaci\u00f3 Barcelona Ol\u00edmpica","robots":{"index":"index","follow":"follow","max-snippet":"max-snippet:-1","max-image-preview":"max-image-preview:large","max-video-preview":"max-video-preview:-1"},"canonical":"https:\/\/www.fundaciobarcelonaolimpica.es\/en\/juli-pernas-patron-of-the-fundacio-barcelona-olimpica-has-received-with-lolo-ibern-the-gold-medal-for-the-sports-merit-of-the-city-of-barcelona\/","og_locale":"en_US","og_type":"article","og_title":"Juli Pernas, patron of the Fundaci\u00f3 Barcelona Ol\u00edmpica, has received with Lolo Ibern the gold medal for the Sports Merit of the City of Barcelona. - Fundaci\u00f3 Barcelona Ol\u00edmpica","og_description":"Jaume Collboni and David Escud\u00e9 have given the Gold Medal for Sports Merit of Barcelona City Council.","og_url":"https:\/\/www.fundaciobarcelonaolimpica.es\/en\/juli-pernas-patron-of-the-fundacio-barcelona-olimpica-has-received-with-lolo-ibern-the-gold-medal-for-the-sports-merit-of-the-city-of-barcelona\/","og_site_name":"Fundaci\u00f3 Barcelona Ol\u00edmpica","article_published_time":"2021-11-23T12:25:22+00:00","og_image":[{"width":2560,"height":1768,"url":"https:\/\/www.fundaciobarcelonaolimpica.es\/wp-content\/uploads\/sites\/3\/2021\/11\/IMG_4665-scaled.jpg","type":"image\/jpeg"}],"author":"Ibone","twitter_card":"summary_large_image","twitter_misc":{"Written by":"Ibone"},"schema":{"@context":"https:\/\/schema.org","@graph":[{"@type":"Article","@id":"https:\/\/www.fundaciobarcelonaolimpica.es\/en\/juli-pernas-patron-of-the-fundacio-barcelona-olimpica-has-received-with-lolo-ibern-the-gold-medal-for-the-sports-merit-of-the-city-of-barcelona\/#article","isPartOf":{"@id":"https:\/\/www.fundaciobarcelonaolimpica.es\/en\/juli-pernas-patron-of-the-fundacio-barcelona-olimpica-has-received-with-lolo-ibern-the-gold-medal-for-the-sports-merit-of-the-city-of-barcelona\/"},"author":{"name":"Ibone","@id":"https:\/\/www.fundaciobarcelonaolimpica.es\/ca\/#\/schema\/person\/b792834a53f193977df425a499287aa9"},"headline":"Juli Pernas, patron of the Fundaci\u00f3 Barcelona Ol\u00edmpica, has received with Lolo Ibern the gold medal for the Sports Merit of the City of Barcelona.","datePublished":"2021-11-23T12:25:22+00:00","dateModified":"2021-11-23T12:25:22+00:00","mainEntityOfPage":{"@id":"https:\/\/www.fundaciobarcelonaolimpica.es\/en\/juli-pernas-patron-of-the-fundacio-barcelona-olimpica-has-received-with-lolo-ibern-the-gold-medal-for-the-sports-merit-of-the-city-of-barcelona\/"},"wordCount":43,"publisher":{"@id":"https:\/\/www.fundaciobarcelonaolimpica.es\/ca\/#organization"},"image":{"@id":"https:\/\/www.fundaciobarcelonaolimpica.es\/en\/juli-pernas-patron-of-the-fundacio-barcelona-olimpica-has-received-with-lolo-ibern-the-gold-medal-for-the-sports-merit-of-the-city-of-barcelona\/#primaryimage"},"thumbnailUrl":"https:\/\/www.fundaciobarcelonaolimpica.es\/wp-content\/uploads\/sites\/3\/2021\/11\/IMG_4665-scaled.jpg","inLanguage":"en-US"},{"@type":"WebPage","@id":"https:\/\/www.fundaciobarcelonaolimpica.es\/en\/juli-pernas-patron-of-the-fundacio-barcelona-olimpica-has-received-with-lolo-ibern-the-gold-medal-for-the-sports-merit-of-the-city-of-barcelona\/","url":"https:\/\/www.fundaciobarcelonaolimpica.es\/en\/juli-pernas-patron-of-the-fundacio-barcelona-olimpica-has-received-with-lolo-ibern-the-gold-medal-for-the-sports-merit-of-the-city-of-barcelona\/","name":"Juli Pernas, patron of the Fundaci\u00f3 Barcelona Ol\u00edmpica, has received with Lolo Ibern the gold medal for the Sports Merit of the City of Barcelona. - Fundaci\u00f3 Barcelona Ol\u00edmpica","isPartOf":{"@id":"https:\/\/www.fundaciobarcelonaolimpica.es\/ca\/#website"},"primaryImageOfPage":{"@id":"https:\/\/www.fundaciobarcelonaolimpica.es\/en\/juli-pernas-patron-of-the-fundacio-barcelona-olimpica-has-received-with-lolo-ibern-the-gold-medal-for-the-sports-merit-of-the-city-of-barcelona\/#primaryimage"},"image":{"@id":"https:\/\/www.fundaciobarcelonaolimpica.es\/en\/juli-pernas-patron-of-the-fundacio-barcelona-olimpica-has-received-with-lolo-ibern-the-gold-medal-for-the-sports-merit-of-the-city-of-barcelona\/#primaryimage"},"thumbnailUrl":"https:\/\/www.fundaciobarcelonaolimpica.es\/wp-content\/uploads\/sites\/3\/2021\/11\/IMG_4665-scaled.jpg","datePublished":"2021-11-23T12:25:22+00:00","dateModified":"2021-11-23T12:25:22+00:00","breadcrumb":{"@id":"https:\/\/www.fundaciobarcelonaolimpica.es\/en\/juli-pernas-patron-of-the-fundacio-barcelona-olimpica-has-received-with-lolo-ibern-the-gold-medal-for-the-sports-merit-of-the-city-of-barcelona\/#breadcrumb"},"inLanguage":"en-US","potentialAction":[{"@type":"ReadAction","target":["https:\/\/www.fundaciobarcelonaolimpica.es\/en\/juli-pernas-patron-of-the-fundacio-barcelona-olimpica-has-received-with-lolo-ibern-the-gold-medal-for-the-sports-merit-of-the-city-of-barcelona\/"]}]},{"@type":"ImageObject","inLanguage":"en-US","@id":"https:\/\/www.fundaciobarcelonaolimpica.es\/en\/juli-pernas-patron-of-the-fundacio-barcelona-olimpica-has-received-with-lolo-ibern-the-gold-medal-for-the-sports-merit-of-the-city-of-barcelona\/#primaryimage","url":"https:\/\/www.fundaciobarcelonaolimpica.es\/wp-content\/uploads\/sites\/3\/2021\/11\/IMG_4665-scaled.jpg","contentUrl":"https:\/\/www.fundaciobarcelonaolimpica.es\/wp-content\/uploads\/sites\/3\/2021\/11\/IMG_4665-scaled.jpg","width":2560,"height":1768},{"@type":"BreadcrumbList","@id":"https:\/\/www.fundaciobarcelonaolimpica.es\/en\/juli-pernas-patron-of-the-fundacio-barcelona-olimpica-has-received-with-lolo-ibern-the-gold-medal-for-the-sports-merit-of-the-city-of-barcelona\/#breadcrumb","itemListElement":[{"@type":"ListItem","position":1,"name":"FBO","item":"https:\/\/www.fundaciobarcelonaolimpica.es\/es\/"},{"@type":"ListItem","position":2,"name":"Juli Pernas, patron of the Fundaci\u00f3 Barcelona Ol\u00edmpica, has received with Lolo Ibern the gold medal for the Sports Merit of the City of Barcelona."}]},{"@type":"WebSite","@id":"https:\/\/www.fundaciobarcelonaolimpica.es\/ca\/#website","url":"https:\/\/www.fundaciobarcelonaolimpica.es\/ca\/","name":"Fundaci\u00f3 Barcelona Ol\u00edmpica","description":"Web del Museu Ol\u00edmpic i de l&#039;Esport","publisher":{"@id":"https:\/\/www.fundaciobarcelonaolimpica.es\/ca\/#organization"},"potentialAction":[{"@type":"SearchAction","target":{"@type":"EntryPoint","urlTemplate":"https:\/\/www.fundaciobarcelonaolimpica.es\/ca\/?s={search_term_string}"},"query-input":{"@type":"PropertyValueSpecification","valueRequired":true,"valueName":"search_term_string"}}],"inLanguage":"en-US"},{"@type":"Organization","@id":"https:\/\/www.fundaciobarcelonaolimpica.es\/ca\/#organization","name":"Fundaci\u00f3 Barcelona Ol\u00edmpica","url":"https:\/\/www.fundaciobarcelonaolimpica.es\/ca\/","logo":{"@type":"ImageObject","inLanguage":"en-US","@id":"https:\/\/www.fundaciobarcelonaolimpica.es\/ca\/#\/schema\/logo\/image\/","url":"https:\/\/www.fundaciobarcelonaolimpica.es\/wp-content\/uploads\/sites\/3\/2019\/02\/logo-fundacio.svg","contentUrl":"https:\/\/www.fundaciobarcelonaolimpica.es\/wp-content\/uploads\/sites\/3\/2019\/02\/logo-fundacio.svg","caption":"Fundaci\u00f3 Barcelona Ol\u00edmpica"},"image":{"@id":"https:\/\/www.fundaciobarcelonaolimpica.es\/ca\/#\/schema\/logo\/image\/"}},{"@type":"Person","@id":"https:\/\/www.fundaciobarcelonaolimpica.es\/ca\/#\/schema\/person\/b792834a53f193977df425a499287aa9","name":"Ibone","url":"https:\/\/www.fundaciobarcelonaolimpica.es\/en\/author\/fbolimpica\/"}]}},"_links":{"self":[{"href":"https:\/\/www.fundaciobarcelonaolimpica.es\/en\/wp-json\/wp\/v2\/posts\/24420"}],"collection":[{"href":"https:\/\/www.fundaciobarcelonaolimpica.es\/en\/wp-json\/wp\/v2\/posts"}],"about":[{"href":"https:\/\/www.fundaciobarcelonaolimpica.es\/en\/wp-json\/wp\/v2\/types\/post"}],"author":[{"embeddable":true,"href":"https:\/\/www.fundaciobarcelonaolimpica.es\/en\/wp-json\/wp\/v2\/users\/11"}],"replies":[{"embeddable":true,"href":"https:\/\/www.fundaciobarcelonaolimpica.es\/en\/wp-json\/wp\/v2\/comments?post=24420"}],"version-history":[{"count":0,"href":"https:\/\/www.fundaciobarcelonaolimpica.es\/en\/wp-json\/wp\/v2\/posts\/24420\/revisions"}],"wp:featuredmedia":[{"embeddable":true,"href":"https:\/\/www.fundaciobarcelonaolimpica.es\/en\/wp-json\/wp\/v2\/media\/24405"}],"wp:attachment":[{"href":"https:\/\/www.fundaciobarcelonaolimpica.es\/en\/wp-json\/wp\/v2\/media?parent=24420"}],"wp:term":[{"taxonomy":"category","embeddable":true,"href":"https:\/\/www.fundaciobarcelonaolimpica.es\/en\/wp-json\/wp\/v2\/categories?post=24420"},{"taxonomy":"post_tag","embeddable":true,"href":"https:\/\/www.fundaciobarcelonaolimpica.es\/en\/wp-json\/wp\/v2\/tags?post=24420"}],"curies":[{"name":"wp","href":"https:\/\/api.w.org\/{rel}","templated":true}]}}