{"id":25142,"date":"2022-04-08T14:28:25","date_gmt":"2022-04-08T12:28:25","guid":{"rendered":"https:\/\/www.fundaciobarcelonaolimpica.es\/pere-miro-honorary-patron-of-the-barcelona-olympic-foundation-ends-his-working-life-as-a-member-of-the-international-olympic-committee\/"},"modified":"2022-04-08T14:28:25","modified_gmt":"2022-04-08T12:28:25","slug":"pere-miro-honorary-patron-of-the-barcelona-olympic-foundation-ends-his-working-life-as-a-member-of-the-international-olympic-committee","status":"publish","type":"post","link":"https:\/\/www.fundaciobarcelonaolimpica.es\/en\/pere-miro-honorary-patron-of-the-barcelona-olympic-foundation-ends-his-working-life-as-a-member-of-the-international-olympic-committee\/","title":{"rendered":"Pere Mir\u00f3, honorary patron of the Barcelona Olympic Foundation, ends his working life as a member of the International Olympic Committee"},"content":{"rendered":"<p>Pere Mir\u00f3 will continue to work as Senior Advisor to the President of the CIO, Thomas Bach.<\/p>\n<p>For 30 years, Pere Mir\u00f3 has held various strategic positions within the CIO.<br \/>\nHe joined the CIO at the hands of Juan Antonio Samaranch once the 1992 Barcelona Olympic Games were over and after a long career he has decided to officially retire.<\/p>\n<p>Among his great challenges within the IOC is the creation and direction of Olympic Solidarity, a project whose objective is to provide assistance to all National Olympic Committees (NOC) for athlete development programs, in particular those with the greatest needs.<\/p>\n<p>According to Pere Mir\u00f3: \u201cThe vocation of the Olympic Games is more relevant than ever. Games and sport help move the world forward. We can do it if we believe in ourselves.\u201d<br \/>\n<a href=\"https:\/\/olympics.com\/ioc\/news\/pere-miro-the-great-thing-about-these-30-years-at-the-ioc-has-been-working-with-exceptional-people\">IOC NEWS<\/a><\/p>\n","protected":false},"excerpt":{"rendered":"<p>Pere Mir\u00f3 will continue to work as Senior Advisor to the President of the CIO, Thomas Bach. For 30 years, Pere Mir\u00f3 has held various strategic positions within the CIO. He joined the CIO at the hands of Juan Antonio Samaranch once the 1992 Barcelona Olympic Games were over and after a long career he [&hellip;]<\/p>\n","protected":false},"author":11,"featured_media":25139,"comment_status":"closed","ping_status":"closed","sticky":false,"template":"","format":"standard","meta":{"_acf_changed":false,"footnotes":""},"categories":[3],"tags":[],"class_list":["post-25142","post","type-post","status-publish","format-standard","has-post-thumbnail","hentry","category-uncategorized"],"acf":[],"yoast_head":"<!-- This site is optimized with the Yoast SEO plugin v23.7 - https:\/\/yoast.com\/wordpress\/plugins\/seo\/ -->\n<title>Pere Mir\u00f3, honorary patron of the Barcelona Olympic Foundation, ends his working life as a member of the International Olympic Committee - Fundaci\u00f3 Barcelona Ol\u00edmpica<\/title>\n<meta name=\"robots\" content=\"index, follow, max-snippet:-1, max-image-preview:large, max-video-preview:-1\" \/>\n<link rel=\"canonical\" href=\"https:\/\/www.fundaciobarcelonaolimpica.es\/en\/pere-miro-honorary-patron-of-the-barcelona-olympic-foundation-ends-his-working-life-as-a-member-of-the-international-olympic-committee\/\" \/>\n<meta property=\"og:locale\" content=\"en_US\" \/>\n<meta property=\"og:type\" content=\"article\" \/>\n<meta property=\"og:title\" content=\"Pere Mir\u00f3, honorary patron of the Barcelona Olympic Foundation, ends his working life as a member of the International Olympic Committee - Fundaci\u00f3 Barcelona Ol\u00edmpica\" \/>\n<meta property=\"og:description\" content=\"Pere Mir\u00f3 will continue to work as Senior Advisor to the President of the CIO, Thomas Bach. For 30 years, Pere Mir\u00f3 has held various strategic positions within the CIO. He joined the CIO at the hands of Juan Antonio Samaranch once the 1992 Barcelona Olympic Games were over and after a long career he [&hellip;]\" \/>\n<meta property=\"og:url\" content=\"https:\/\/www.fundaciobarcelonaolimpica.es\/en\/pere-miro-honorary-patron-of-the-barcelona-olympic-foundation-ends-his-working-life-as-a-member-of-the-international-olympic-committee\/\" \/>\n<meta property=\"og:site_name\" content=\"Fundaci\u00f3 Barcelona Ol\u00edmpica\" \/>\n<meta property=\"article:published_time\" content=\"2022-04-08T12:28:25+00:00\" \/>\n<meta property=\"og:image\" content=\"https:\/\/www.fundaciobarcelonaolimpica.es\/wp-content\/uploads\/sites\/3\/2022\/04\/FORUM_Olimpic-Pere_Miro-3.jpg\" \/>\n\t<meta property=\"og:image:width\" content=\"1000\" \/>\n\t<meta property=\"og:image:height\" content=\"652\" \/>\n\t<meta property=\"og:image:type\" content=\"image\/jpeg\" \/>\n<meta name=\"author\" content=\"Ibone\" \/>\n<meta name=\"twitter:card\" content=\"summary_large_image\" \/>\n<meta name=\"twitter:label1\" content=\"Written by\" \/>\n\t<meta name=\"twitter:data1\" content=\"Ibone\" \/>\n\t<meta name=\"twitter:label2\" content=\"Est. reading time\" \/>\n\t<meta name=\"twitter:data2\" content=\"1 minute\" \/>\n<script type=\"application\/ld+json\" class=\"yoast-schema-graph\">{\"@context\":\"https:\/\/schema.org\",\"@graph\":[{\"@type\":\"Article\",\"@id\":\"https:\/\/www.fundaciobarcelonaolimpica.es\/en\/pere-miro-honorary-patron-of-the-barcelona-olympic-foundation-ends-his-working-life-as-a-member-of-the-international-olympic-committee\/#article\",\"isPartOf\":{\"@id\":\"https:\/\/www.fundaciobarcelonaolimpica.es\/en\/pere-miro-honorary-patron-of-the-barcelona-olympic-foundation-ends-his-working-life-as-a-member-of-the-international-olympic-committee\/\"},\"author\":{\"name\":\"Ibone\",\"@id\":\"https:\/\/www.fundaciobarcelonaolimpica.es\/ca\/#\/schema\/person\/b792834a53f193977df425a499287aa9\"},\"headline\":\"Pere Mir\u00f3, honorary patron of the Barcelona Olympic Foundation, ends his working life as a member of the International Olympic Committee\",\"datePublished\":\"2022-04-08T12:28:25+00:00\",\"dateModified\":\"2022-04-08T12:28:25+00:00\",\"mainEntityOfPage\":{\"@id\":\"https:\/\/www.fundaciobarcelonaolimpica.es\/en\/pere-miro-honorary-patron-of-the-barcelona-olympic-foundation-ends-his-working-life-as-a-member-of-the-international-olympic-committee\/\"},\"wordCount\":153,\"publisher\":{\"@id\":\"https:\/\/www.fundaciobarcelonaolimpica.es\/ca\/#organization\"},\"image\":{\"@id\":\"https:\/\/www.fundaciobarcelonaolimpica.es\/en\/pere-miro-honorary-patron-of-the-barcelona-olympic-foundation-ends-his-working-life-as-a-member-of-the-international-olympic-committee\/#primaryimage\"},\"thumbnailUrl\":\"https:\/\/www.fundaciobarcelonaolimpica.es\/wp-content\/uploads\/sites\/3\/2022\/04\/FORUM_Olimpic-Pere_Miro-3.jpg\",\"inLanguage\":\"en-US\"},{\"@type\":\"WebPage\",\"@id\":\"https:\/\/www.fundaciobarcelonaolimpica.es\/en\/pere-miro-honorary-patron-of-the-barcelona-olympic-foundation-ends-his-working-life-as-a-member-of-the-international-olympic-committee\/\",\"url\":\"https:\/\/www.fundaciobarcelonaolimpica.es\/en\/pere-miro-honorary-patron-of-the-barcelona-olympic-foundation-ends-his-working-life-as-a-member-of-the-international-olympic-committee\/\",\"name\":\"Pere Mir\u00f3, honorary patron of the Barcelona Olympic Foundation, ends his working life as a member of the International Olympic Committee - Fundaci\u00f3 Barcelona Ol\u00edmpica\",\"isPartOf\":{\"@id\":\"https:\/\/www.fundaciobarcelonaolimpica.es\/ca\/#website\"},\"primaryImageOfPage\":{\"@id\":\"https:\/\/www.fundaciobarcelonaolimpica.es\/en\/pere-miro-honorary-patron-of-the-barcelona-olympic-foundation-ends-his-working-life-as-a-member-of-the-international-olympic-committee\/#primaryimage\"},\"image\":{\"@id\":\"https:\/\/www.fundaciobarcelonaolimpica.es\/en\/pere-miro-honorary-patron-of-the-barcelona-olympic-foundation-ends-his-working-life-as-a-member-of-the-international-olympic-committee\/#primaryimage\"},\"thumbnailUrl\":\"https:\/\/www.fundaciobarcelonaolimpica.es\/wp-content\/uploads\/sites\/3\/2022\/04\/FORUM_Olimpic-Pere_Miro-3.jpg\",\"datePublished\":\"2022-04-08T12:28:25+00:00\",\"dateModified\":\"2022-04-08T12:28:25+00:00\",\"breadcrumb\":{\"@id\":\"https:\/\/www.fundaciobarcelonaolimpica.es\/en\/pere-miro-honorary-patron-of-the-barcelona-olympic-foundation-ends-his-working-life-as-a-member-of-the-international-olympic-committee\/#breadcrumb\"},\"inLanguage\":\"en-US\",\"potentialAction\":[{\"@type\":\"ReadAction\",\"target\":[\"https:\/\/www.fundaciobarcelonaolimpica.es\/en\/pere-miro-honorary-patron-of-the-barcelona-olympic-foundation-ends-his-working-life-as-a-member-of-the-international-olympic-committee\/\"]}]},{\"@type\":\"ImageObject\",\"inLanguage\":\"en-US\",\"@id\":\"https:\/\/www.fundaciobarcelonaolimpica.es\/en\/pere-miro-honorary-patron-of-the-barcelona-olympic-foundation-ends-his-working-life-as-a-member-of-the-international-olympic-committee\/#primaryimage\",\"url\":\"https:\/\/www.fundaciobarcelonaolimpica.es\/wp-content\/uploads\/sites\/3\/2022\/04\/FORUM_Olimpic-Pere_Miro-3.jpg\",\"contentUrl\":\"https:\/\/www.fundaciobarcelonaolimpica.es\/wp-content\/uploads\/sites\/3\/2022\/04\/FORUM_Olimpic-Pere_Miro-3.jpg\",\"width\":1000,\"height\":652},{\"@type\":\"BreadcrumbList\",\"@id\":\"https:\/\/www.fundaciobarcelonaolimpica.es\/en\/pere-miro-honorary-patron-of-the-barcelona-olympic-foundation-ends-his-working-life-as-a-member-of-the-international-olympic-committee\/#breadcrumb\",\"itemListElement\":[{\"@type\":\"ListItem\",\"position\":1,\"name\":\"FBO\",\"item\":\"https:\/\/www.fundaciobarcelonaolimpica.es\/es\/\"},{\"@type\":\"ListItem\",\"position\":2,\"name\":\"Pere Mir\u00f3, honorary patron of the Barcelona Olympic Foundation, ends his working life as a member of the International Olympic Committee\"}]},{\"@type\":\"WebSite\",\"@id\":\"https:\/\/www.fundaciobarcelonaolimpica.es\/ca\/#website\",\"url\":\"https:\/\/www.fundaciobarcelonaolimpica.es\/ca\/\",\"name\":\"Fundaci\u00f3 Barcelona Ol\u00edmpica\",\"description\":\"Web del Museu Ol\u00edmpic i de l&#039;Esport\",\"publisher\":{\"@id\":\"https:\/\/www.fundaciobarcelonaolimpica.es\/ca\/#organization\"},\"potentialAction\":[{\"@type\":\"SearchAction\",\"target\":{\"@type\":\"EntryPoint\",\"urlTemplate\":\"https:\/\/www.fundaciobarcelonaolimpica.es\/ca\/?s={search_term_string}\"},\"query-input\":{\"@type\":\"PropertyValueSpecification\",\"valueRequired\":true,\"valueName\":\"search_term_string\"}}],\"inLanguage\":\"en-US\"},{\"@type\":\"Organization\",\"@id\":\"https:\/\/www.fundaciobarcelonaolimpica.es\/ca\/#organization\",\"name\":\"Fundaci\u00f3 Barcelona Ol\u00edmpica\",\"url\":\"https:\/\/www.fundaciobarcelonaolimpica.es\/ca\/\",\"logo\":{\"@type\":\"ImageObject\",\"inLanguage\":\"en-US\",\"@id\":\"https:\/\/www.fundaciobarcelonaolimpica.es\/ca\/#\/schema\/logo\/image\/\",\"url\":\"https:\/\/www.fundaciobarcelonaolimpica.es\/wp-content\/uploads\/sites\/3\/2019\/02\/logo-fundacio.svg\",\"contentUrl\":\"https:\/\/www.fundaciobarcelonaolimpica.es\/wp-content\/uploads\/sites\/3\/2019\/02\/logo-fundacio.svg\",\"caption\":\"Fundaci\u00f3 Barcelona Ol\u00edmpica\"},\"image\":{\"@id\":\"https:\/\/www.fundaciobarcelonaolimpica.es\/ca\/#\/schema\/logo\/image\/\"}},{\"@type\":\"Person\",\"@id\":\"https:\/\/www.fundaciobarcelonaolimpica.es\/ca\/#\/schema\/person\/b792834a53f193977df425a499287aa9\",\"name\":\"Ibone\",\"url\":\"https:\/\/www.fundaciobarcelonaolimpica.es\/en\/author\/fbolimpica\/\"}]}<\/script>\n<!-- \/ Yoast SEO plugin. -->","yoast_head_json":{"title":"Pere Mir\u00f3, honorary patron of the Barcelona Olympic Foundation, ends his working life as a member of the International Olympic Committee - Fundaci\u00f3 Barcelona Ol\u00edmpica","robots":{"index":"index","follow":"follow","max-snippet":"max-snippet:-1","max-image-preview":"max-image-preview:large","max-video-preview":"max-video-preview:-1"},"canonical":"https:\/\/www.fundaciobarcelonaolimpica.es\/en\/pere-miro-honorary-patron-of-the-barcelona-olympic-foundation-ends-his-working-life-as-a-member-of-the-international-olympic-committee\/","og_locale":"en_US","og_type":"article","og_title":"Pere Mir\u00f3, honorary patron of the Barcelona Olympic Foundation, ends his working life as a member of the International Olympic Committee - Fundaci\u00f3 Barcelona Ol\u00edmpica","og_description":"Pere Mir\u00f3 will continue to work as Senior Advisor to the President of the CIO, Thomas Bach. For 30 years, Pere Mir\u00f3 has held various strategic positions within the CIO. He joined the CIO at the hands of Juan Antonio Samaranch once the 1992 Barcelona Olympic Games were over and after a long career he [&hellip;]","og_url":"https:\/\/www.fundaciobarcelonaolimpica.es\/en\/pere-miro-honorary-patron-of-the-barcelona-olympic-foundation-ends-his-working-life-as-a-member-of-the-international-olympic-committee\/","og_site_name":"Fundaci\u00f3 Barcelona Ol\u00edmpica","article_published_time":"2022-04-08T12:28:25+00:00","og_image":[{"width":1000,"height":652,"url":"https:\/\/www.fundaciobarcelonaolimpica.es\/wp-content\/uploads\/sites\/3\/2022\/04\/FORUM_Olimpic-Pere_Miro-3.jpg","type":"image\/jpeg"}],"author":"Ibone","twitter_card":"summary_large_image","twitter_misc":{"Written by":"Ibone","Est. reading time":"1 minute"},"schema":{"@context":"https:\/\/schema.org","@graph":[{"@type":"Article","@id":"https:\/\/www.fundaciobarcelonaolimpica.es\/en\/pere-miro-honorary-patron-of-the-barcelona-olympic-foundation-ends-his-working-life-as-a-member-of-the-international-olympic-committee\/#article","isPartOf":{"@id":"https:\/\/www.fundaciobarcelonaolimpica.es\/en\/pere-miro-honorary-patron-of-the-barcelona-olympic-foundation-ends-his-working-life-as-a-member-of-the-international-olympic-committee\/"},"author":{"name":"Ibone","@id":"https:\/\/www.fundaciobarcelonaolimpica.es\/ca\/#\/schema\/person\/b792834a53f193977df425a499287aa9"},"headline":"Pere Mir\u00f3, honorary patron of the Barcelona Olympic Foundation, ends his working life as a member of the International Olympic Committee","datePublished":"2022-04-08T12:28:25+00:00","dateModified":"2022-04-08T12:28:25+00:00","mainEntityOfPage":{"@id":"https:\/\/www.fundaciobarcelonaolimpica.es\/en\/pere-miro-honorary-patron-of-the-barcelona-olympic-foundation-ends-his-working-life-as-a-member-of-the-international-olympic-committee\/"},"wordCount":153,"publisher":{"@id":"https:\/\/www.fundaciobarcelonaolimpica.es\/ca\/#organization"},"image":{"@id":"https:\/\/www.fundaciobarcelonaolimpica.es\/en\/pere-miro-honorary-patron-of-the-barcelona-olympic-foundation-ends-his-working-life-as-a-member-of-the-international-olympic-committee\/#primaryimage"},"thumbnailUrl":"https:\/\/www.fundaciobarcelonaolimpica.es\/wp-content\/uploads\/sites\/3\/2022\/04\/FORUM_Olimpic-Pere_Miro-3.jpg","inLanguage":"en-US"},{"@type":"WebPage","@id":"https:\/\/www.fundaciobarcelonaolimpica.es\/en\/pere-miro-honorary-patron-of-the-barcelona-olympic-foundation-ends-his-working-life-as-a-member-of-the-international-olympic-committee\/","url":"https:\/\/www.fundaciobarcelonaolimpica.es\/en\/pere-miro-honorary-patron-of-the-barcelona-olympic-foundation-ends-his-working-life-as-a-member-of-the-international-olympic-committee\/","name":"Pere Mir\u00f3, honorary patron of the Barcelona Olympic Foundation, ends his working life as a member of the International Olympic Committee - Fundaci\u00f3 Barcelona Ol\u00edmpica","isPartOf":{"@id":"https:\/\/www.fundaciobarcelonaolimpica.es\/ca\/#website"},"primaryImageOfPage":{"@id":"https:\/\/www.fundaciobarcelonaolimpica.es\/en\/pere-miro-honorary-patron-of-the-barcelona-olympic-foundation-ends-his-working-life-as-a-member-of-the-international-olympic-committee\/#primaryimage"},"image":{"@id":"https:\/\/www.fundaciobarcelonaolimpica.es\/en\/pere-miro-honorary-patron-of-the-barcelona-olympic-foundation-ends-his-working-life-as-a-member-of-the-international-olympic-committee\/#primaryimage"},"thumbnailUrl":"https:\/\/www.fundaciobarcelonaolimpica.es\/wp-content\/uploads\/sites\/3\/2022\/04\/FORUM_Olimpic-Pere_Miro-3.jpg","datePublished":"2022-04-08T12:28:25+00:00","dateModified":"2022-04-08T12:28:25+00:00","breadcrumb":{"@id":"https:\/\/www.fundaciobarcelonaolimpica.es\/en\/pere-miro-honorary-patron-of-the-barcelona-olympic-foundation-ends-his-working-life-as-a-member-of-the-international-olympic-committee\/#breadcrumb"},"inLanguage":"en-US","potentialAction":[{"@type":"ReadAction","target":["https:\/\/www.fundaciobarcelonaolimpica.es\/en\/pere-miro-honorary-patron-of-the-barcelona-olympic-foundation-ends-his-working-life-as-a-member-of-the-international-olympic-committee\/"]}]},{"@type":"ImageObject","inLanguage":"en-US","@id":"https:\/\/www.fundaciobarcelonaolimpica.es\/en\/pere-miro-honorary-patron-of-the-barcelona-olympic-foundation-ends-his-working-life-as-a-member-of-the-international-olympic-committee\/#primaryimage","url":"https:\/\/www.fundaciobarcelonaolimpica.es\/wp-content\/uploads\/sites\/3\/2022\/04\/FORUM_Olimpic-Pere_Miro-3.jpg","contentUrl":"https:\/\/www.fundaciobarcelonaolimpica.es\/wp-content\/uploads\/sites\/3\/2022\/04\/FORUM_Olimpic-Pere_Miro-3.jpg","width":1000,"height":652},{"@type":"BreadcrumbList","@id":"https:\/\/www.fundaciobarcelonaolimpica.es\/en\/pere-miro-honorary-patron-of-the-barcelona-olympic-foundation-ends-his-working-life-as-a-member-of-the-international-olympic-committee\/#breadcrumb","itemListElement":[{"@type":"ListItem","position":1,"name":"FBO","item":"https:\/\/www.fundaciobarcelonaolimpica.es\/es\/"},{"@type":"ListItem","position":2,"name":"Pere Mir\u00f3, honorary patron of the Barcelona Olympic Foundation, ends his working life as a member of the International Olympic Committee"}]},{"@type":"WebSite","@id":"https:\/\/www.fundaciobarcelonaolimpica.es\/ca\/#website","url":"https:\/\/www.fundaciobarcelonaolimpica.es\/ca\/","name":"Fundaci\u00f3 Barcelona Ol\u00edmpica","description":"Web del Museu Ol\u00edmpic i de l&#039;Esport","publisher":{"@id":"https:\/\/www.fundaciobarcelonaolimpica.es\/ca\/#organization"},"potentialAction":[{"@type":"SearchAction","target":{"@type":"EntryPoint","urlTemplate":"https:\/\/www.fundaciobarcelonaolimpica.es\/ca\/?s={search_term_string}"},"query-input":{"@type":"PropertyValueSpecification","valueRequired":true,"valueName":"search_term_string"}}],"inLanguage":"en-US"},{"@type":"Organization","@id":"https:\/\/www.fundaciobarcelonaolimpica.es\/ca\/#organization","name":"Fundaci\u00f3 Barcelona Ol\u00edmpica","url":"https:\/\/www.fundaciobarcelonaolimpica.es\/ca\/","logo":{"@type":"ImageObject","inLanguage":"en-US","@id":"https:\/\/www.fundaciobarcelonaolimpica.es\/ca\/#\/schema\/logo\/image\/","url":"https:\/\/www.fundaciobarcelonaolimpica.es\/wp-content\/uploads\/sites\/3\/2019\/02\/logo-fundacio.svg","contentUrl":"https:\/\/www.fundaciobarcelonaolimpica.es\/wp-content\/uploads\/sites\/3\/2019\/02\/logo-fundacio.svg","caption":"Fundaci\u00f3 Barcelona Ol\u00edmpica"},"image":{"@id":"https:\/\/www.fundaciobarcelonaolimpica.es\/ca\/#\/schema\/logo\/image\/"}},{"@type":"Person","@id":"https:\/\/www.fundaciobarcelonaolimpica.es\/ca\/#\/schema\/person\/b792834a53f193977df425a499287aa9","name":"Ibone","url":"https:\/\/www.fundaciobarcelonaolimpica.es\/en\/author\/fbolimpica\/"}]}},"_links":{"self":[{"href":"https:\/\/www.fundaciobarcelonaolimpica.es\/en\/wp-json\/wp\/v2\/posts\/25142"}],"collection":[{"href":"https:\/\/www.fundaciobarcelonaolimpica.es\/en\/wp-json\/wp\/v2\/posts"}],"about":[{"href":"https:\/\/www.fundaciobarcelonaolimpica.es\/en\/wp-json\/wp\/v2\/types\/post"}],"author":[{"embeddable":true,"href":"https:\/\/www.fundaciobarcelonaolimpica.es\/en\/wp-json\/wp\/v2\/users\/11"}],"replies":[{"embeddable":true,"href":"https:\/\/www.fundaciobarcelonaolimpica.es\/en\/wp-json\/wp\/v2\/comments?post=25142"}],"version-history":[{"count":0,"href":"https:\/\/www.fundaciobarcelonaolimpica.es\/en\/wp-json\/wp\/v2\/posts\/25142\/revisions"}],"wp:featuredmedia":[{"embeddable":true,"href":"https:\/\/www.fundaciobarcelonaolimpica.es\/en\/wp-json\/wp\/v2\/media\/25139"}],"wp:attachment":[{"href":"https:\/\/www.fundaciobarcelonaolimpica.es\/en\/wp-json\/wp\/v2\/media?parent=25142"}],"wp:term":[{"taxonomy":"category","embeddable":true,"href":"https:\/\/www.fundaciobarcelonaolimpica.es\/en\/wp-json\/wp\/v2\/categories?post=25142"},{"taxonomy":"post_tag","embeddable":true,"href":"https:\/\/www.fundaciobarcelonaolimpica.es\/en\/wp-json\/wp\/v2\/tags?post=25142"}],"curies":[{"name":"wp","href":"https:\/\/api.w.org\/{rel}","templated":true}]}}