{"id":25265,"date":"2022-04-20T09:29:38","date_gmt":"2022-04-20T07:29:38","guid":{"rendered":"https:\/\/www.fundaciobarcelonaolimpica.es\/pedro-hernandez-author-of-barcelona-1923-indoor-world-championships-has-presented-his-aula-dhistoria-book-at-the-stand-of-the-barcelona-city-council-in-the-village-conde-de-godo-trophy\/"},"modified":"2022-04-20T09:29:38","modified_gmt":"2022-04-20T07:29:38","slug":"pedro-hernandez-author-of-barcelona-1923-indoor-world-championships-has-presented-his-aula-dhistoria-book-at-the-stand-of-the-barcelona-city-council-in-the-village-conde-de-godo-trophy","status":"publish","type":"post","link":"https:\/\/www.fundaciobarcelonaolimpica.es\/en\/pedro-hernandez-author-of-barcelona-1923-indoor-world-championships-has-presented-his-aula-dhistoria-book-at-the-stand-of-the-barcelona-city-council-in-the-village-conde-de-godo-trophy\/","title":{"rendered":"Pedro Hern\u00e1ndez, author of &#8220;Barcelona 1923: Indoor World Championships&#8221; has presented his Aula d&#8217;Hist\u00f2ria book at the Stand of the Barcelona City Council in the Village Conde de God\u00f3 Trophy."},"content":{"rendered":"<p>&#8220;Barcelona 1923: Indoor World Championships&#8221; is the chronicle of the World Indoor Tennis Championships that were held from December 1 to 11, 1923.<\/p>\n<p>Pedro Hern\u00e1ndez. Born in Barcelona in 1956. He is currently responsible for the Historical Archive of the Real Club Tenis Barcelona-1899. He has been a founding member of the International Tennis Writers Association and a member of the International Tennis Federation Press Committee (ITF). In the professional field, his works as a tennis specialist in TVE, Cadena SER and other media outlets stand out. Press Head of the Trophy Conde de God\u00f3 (1992\u20132012) and Director of the magazines Tenis en Fondo and Supertenis. Within the Real Federaci\u00f3n Espa\u00f1ola de Tenis, he was responsible for the professional tennis from 2009 to 2016. In 2002 he received the Ron Bookman Award for Journalistic Excellence.<\/p>\n","protected":false},"excerpt":{"rendered":"<p>&#8220;Barcelona 1923: Indoor World Championships&#8221; is the chronicle of the World Indoor Tennis Championships that were held from December 1 to 11, 1923. Pedro Hern\u00e1ndez. Born in Barcelona in 1956. He is currently responsible for the Historical Archive of the Real Club Tenis Barcelona-1899. He has been a founding member of the International Tennis Writers [&hellip;]<\/p>\n","protected":false},"author":11,"featured_media":25260,"comment_status":"closed","ping_status":"closed","sticky":false,"template":"","format":"standard","meta":{"_acf_changed":false,"footnotes":""},"categories":[3],"tags":[],"class_list":["post-25265","post","type-post","status-publish","format-standard","has-post-thumbnail","hentry","category-uncategorized"],"acf":[],"yoast_head":"<!-- This site is optimized with the Yoast SEO plugin v23.7 - https:\/\/yoast.com\/wordpress\/plugins\/seo\/ -->\n<title>Pedro Hern\u00e1ndez, author of &quot;Barcelona 1923: Indoor World Championships&quot; has presented his Aula d&#039;Hist\u00f2ria book at the Stand of the Barcelona City Council in the Village Conde de God\u00f3 Trophy. - Fundaci\u00f3 Barcelona Ol\u00edmpica<\/title>\n<meta name=\"robots\" content=\"index, follow, max-snippet:-1, max-image-preview:large, max-video-preview:-1\" \/>\n<link rel=\"canonical\" href=\"https:\/\/www.fundaciobarcelonaolimpica.es\/en\/pedro-hernandez-author-of-barcelona-1923-indoor-world-championships-has-presented-his-aula-dhistoria-book-at-the-stand-of-the-barcelona-city-council-in-the-village-conde-de-godo-trophy\/\" \/>\n<meta property=\"og:locale\" content=\"en_US\" \/>\n<meta property=\"og:type\" content=\"article\" \/>\n<meta property=\"og:title\" content=\"Pedro Hern\u00e1ndez, author of &quot;Barcelona 1923: Indoor World Championships&quot; has presented his Aula d&#039;Hist\u00f2ria book at the Stand of the Barcelona City Council in the Village Conde de God\u00f3 Trophy. - Fundaci\u00f3 Barcelona Ol\u00edmpica\" \/>\n<meta property=\"og:description\" content=\"&#8220;Barcelona 1923: Indoor World Championships&#8221; is the chronicle of the World Indoor Tennis Championships that were held from December 1 to 11, 1923. Pedro Hern\u00e1ndez. Born in Barcelona in 1956. He is currently responsible for the Historical Archive of the Real Club Tenis Barcelona-1899. He has been a founding member of the International Tennis Writers [&hellip;]\" \/>\n<meta property=\"og:url\" content=\"https:\/\/www.fundaciobarcelonaolimpica.es\/en\/pedro-hernandez-author-of-barcelona-1923-indoor-world-championships-has-presented-his-aula-dhistoria-book-at-the-stand-of-the-barcelona-city-council-in-the-village-conde-de-godo-trophy\/\" \/>\n<meta property=\"og:site_name\" content=\"Fundaci\u00f3 Barcelona Ol\u00edmpica\" \/>\n<meta property=\"article:published_time\" content=\"2022-04-20T07:29:38+00:00\" \/>\n<meta property=\"og:image\" content=\"https:\/\/www.fundaciobarcelonaolimpica.es\/wp-content\/uploads\/sites\/3\/2022\/04\/Auladhistoria-Museuolimpic-trofeuGodo_18-scaled.jpg\" \/>\n\t<meta property=\"og:image:width\" content=\"2560\" \/>\n\t<meta property=\"og:image:height\" content=\"1907\" \/>\n\t<meta property=\"og:image:type\" content=\"image\/jpeg\" \/>\n<meta name=\"author\" content=\"Ibone\" \/>\n<meta name=\"twitter:card\" content=\"summary_large_image\" \/>\n<meta name=\"twitter:label1\" content=\"Written by\" \/>\n\t<meta name=\"twitter:data1\" content=\"Ibone\" \/>\n\t<meta name=\"twitter:label2\" content=\"Est. reading time\" \/>\n\t<meta name=\"twitter:data2\" content=\"1 minute\" \/>\n<script type=\"application\/ld+json\" class=\"yoast-schema-graph\">{\"@context\":\"https:\/\/schema.org\",\"@graph\":[{\"@type\":\"Article\",\"@id\":\"https:\/\/www.fundaciobarcelonaolimpica.es\/en\/pedro-hernandez-author-of-barcelona-1923-indoor-world-championships-has-presented-his-aula-dhistoria-book-at-the-stand-of-the-barcelona-city-council-in-the-village-conde-de-godo-trophy\/#article\",\"isPartOf\":{\"@id\":\"https:\/\/www.fundaciobarcelonaolimpica.es\/en\/pedro-hernandez-author-of-barcelona-1923-indoor-world-championships-has-presented-his-aula-dhistoria-book-at-the-stand-of-the-barcelona-city-council-in-the-village-conde-de-godo-trophy\/\"},\"author\":{\"name\":\"Ibone\",\"@id\":\"https:\/\/www.fundaciobarcelonaolimpica.es\/ca\/#\/schema\/person\/b792834a53f193977df425a499287aa9\"},\"headline\":\"Pedro Hern\u00e1ndez, author of &#8220;Barcelona 1923: Indoor World Championships&#8221; has presented his Aula d&#8217;Hist\u00f2ria book at the Stand of the Barcelona City Council in the Village Conde de God\u00f3 Trophy.\",\"datePublished\":\"2022-04-20T07:29:38+00:00\",\"dateModified\":\"2022-04-20T07:29:38+00:00\",\"mainEntityOfPage\":{\"@id\":\"https:\/\/www.fundaciobarcelonaolimpica.es\/en\/pedro-hernandez-author-of-barcelona-1923-indoor-world-championships-has-presented-his-aula-dhistoria-book-at-the-stand-of-the-barcelona-city-council-in-the-village-conde-de-godo-trophy\/\"},\"wordCount\":160,\"publisher\":{\"@id\":\"https:\/\/www.fundaciobarcelonaolimpica.es\/ca\/#organization\"},\"image\":{\"@id\":\"https:\/\/www.fundaciobarcelonaolimpica.es\/en\/pedro-hernandez-author-of-barcelona-1923-indoor-world-championships-has-presented-his-aula-dhistoria-book-at-the-stand-of-the-barcelona-city-council-in-the-village-conde-de-godo-trophy\/#primaryimage\"},\"thumbnailUrl\":\"https:\/\/www.fundaciobarcelonaolimpica.es\/wp-content\/uploads\/sites\/3\/2022\/04\/Auladhistoria-Museuolimpic-trofeuGodo_18-scaled.jpg\",\"inLanguage\":\"en-US\"},{\"@type\":\"WebPage\",\"@id\":\"https:\/\/www.fundaciobarcelonaolimpica.es\/en\/pedro-hernandez-author-of-barcelona-1923-indoor-world-championships-has-presented-his-aula-dhistoria-book-at-the-stand-of-the-barcelona-city-council-in-the-village-conde-de-godo-trophy\/\",\"url\":\"https:\/\/www.fundaciobarcelonaolimpica.es\/en\/pedro-hernandez-author-of-barcelona-1923-indoor-world-championships-has-presented-his-aula-dhistoria-book-at-the-stand-of-the-barcelona-city-council-in-the-village-conde-de-godo-trophy\/\",\"name\":\"Pedro Hern\u00e1ndez, author of \\\"Barcelona 1923: Indoor World Championships\\\" has presented his Aula d'Hist\u00f2ria book at the Stand of the Barcelona City Council in the Village Conde de God\u00f3 Trophy. - Fundaci\u00f3 Barcelona Ol\u00edmpica\",\"isPartOf\":{\"@id\":\"https:\/\/www.fundaciobarcelonaolimpica.es\/ca\/#website\"},\"primaryImageOfPage\":{\"@id\":\"https:\/\/www.fundaciobarcelonaolimpica.es\/en\/pedro-hernandez-author-of-barcelona-1923-indoor-world-championships-has-presented-his-aula-dhistoria-book-at-the-stand-of-the-barcelona-city-council-in-the-village-conde-de-godo-trophy\/#primaryimage\"},\"image\":{\"@id\":\"https:\/\/www.fundaciobarcelonaolimpica.es\/en\/pedro-hernandez-author-of-barcelona-1923-indoor-world-championships-has-presented-his-aula-dhistoria-book-at-the-stand-of-the-barcelona-city-council-in-the-village-conde-de-godo-trophy\/#primaryimage\"},\"thumbnailUrl\":\"https:\/\/www.fundaciobarcelonaolimpica.es\/wp-content\/uploads\/sites\/3\/2022\/04\/Auladhistoria-Museuolimpic-trofeuGodo_18-scaled.jpg\",\"datePublished\":\"2022-04-20T07:29:38+00:00\",\"dateModified\":\"2022-04-20T07:29:38+00:00\",\"breadcrumb\":{\"@id\":\"https:\/\/www.fundaciobarcelonaolimpica.es\/en\/pedro-hernandez-author-of-barcelona-1923-indoor-world-championships-has-presented-his-aula-dhistoria-book-at-the-stand-of-the-barcelona-city-council-in-the-village-conde-de-godo-trophy\/#breadcrumb\"},\"inLanguage\":\"en-US\",\"potentialAction\":[{\"@type\":\"ReadAction\",\"target\":[\"https:\/\/www.fundaciobarcelonaolimpica.es\/en\/pedro-hernandez-author-of-barcelona-1923-indoor-world-championships-has-presented-his-aula-dhistoria-book-at-the-stand-of-the-barcelona-city-council-in-the-village-conde-de-godo-trophy\/\"]}]},{\"@type\":\"ImageObject\",\"inLanguage\":\"en-US\",\"@id\":\"https:\/\/www.fundaciobarcelonaolimpica.es\/en\/pedro-hernandez-author-of-barcelona-1923-indoor-world-championships-has-presented-his-aula-dhistoria-book-at-the-stand-of-the-barcelona-city-council-in-the-village-conde-de-godo-trophy\/#primaryimage\",\"url\":\"https:\/\/www.fundaciobarcelonaolimpica.es\/wp-content\/uploads\/sites\/3\/2022\/04\/Auladhistoria-Museuolimpic-trofeuGodo_18-scaled.jpg\",\"contentUrl\":\"https:\/\/www.fundaciobarcelonaolimpica.es\/wp-content\/uploads\/sites\/3\/2022\/04\/Auladhistoria-Museuolimpic-trofeuGodo_18-scaled.jpg\",\"width\":2560,\"height\":1907},{\"@type\":\"BreadcrumbList\",\"@id\":\"https:\/\/www.fundaciobarcelonaolimpica.es\/en\/pedro-hernandez-author-of-barcelona-1923-indoor-world-championships-has-presented-his-aula-dhistoria-book-at-the-stand-of-the-barcelona-city-council-in-the-village-conde-de-godo-trophy\/#breadcrumb\",\"itemListElement\":[{\"@type\":\"ListItem\",\"position\":1,\"name\":\"FBO\",\"item\":\"https:\/\/www.fundaciobarcelonaolimpica.es\/es\/\"},{\"@type\":\"ListItem\",\"position\":2,\"name\":\"Pedro Hern\u00e1ndez, author of &#8220;Barcelona 1923: Indoor World Championships&#8221; has presented his Aula d&#8217;Hist\u00f2ria book at the Stand of the Barcelona City Council in the Village Conde de God\u00f3 Trophy.\"}]},{\"@type\":\"WebSite\",\"@id\":\"https:\/\/www.fundaciobarcelonaolimpica.es\/ca\/#website\",\"url\":\"https:\/\/www.fundaciobarcelonaolimpica.es\/ca\/\",\"name\":\"Fundaci\u00f3 Barcelona Ol\u00edmpica\",\"description\":\"Web del Museu Ol\u00edmpic i de l&#039;Esport\",\"publisher\":{\"@id\":\"https:\/\/www.fundaciobarcelonaolimpica.es\/ca\/#organization\"},\"potentialAction\":[{\"@type\":\"SearchAction\",\"target\":{\"@type\":\"EntryPoint\",\"urlTemplate\":\"https:\/\/www.fundaciobarcelonaolimpica.es\/ca\/?s={search_term_string}\"},\"query-input\":{\"@type\":\"PropertyValueSpecification\",\"valueRequired\":true,\"valueName\":\"search_term_string\"}}],\"inLanguage\":\"en-US\"},{\"@type\":\"Organization\",\"@id\":\"https:\/\/www.fundaciobarcelonaolimpica.es\/ca\/#organization\",\"name\":\"Fundaci\u00f3 Barcelona Ol\u00edmpica\",\"url\":\"https:\/\/www.fundaciobarcelonaolimpica.es\/ca\/\",\"logo\":{\"@type\":\"ImageObject\",\"inLanguage\":\"en-US\",\"@id\":\"https:\/\/www.fundaciobarcelonaolimpica.es\/ca\/#\/schema\/logo\/image\/\",\"url\":\"https:\/\/www.fundaciobarcelonaolimpica.es\/wp-content\/uploads\/sites\/3\/2019\/02\/logo-fundacio.svg\",\"contentUrl\":\"https:\/\/www.fundaciobarcelonaolimpica.es\/wp-content\/uploads\/sites\/3\/2019\/02\/logo-fundacio.svg\",\"caption\":\"Fundaci\u00f3 Barcelona Ol\u00edmpica\"},\"image\":{\"@id\":\"https:\/\/www.fundaciobarcelonaolimpica.es\/ca\/#\/schema\/logo\/image\/\"}},{\"@type\":\"Person\",\"@id\":\"https:\/\/www.fundaciobarcelonaolimpica.es\/ca\/#\/schema\/person\/b792834a53f193977df425a499287aa9\",\"name\":\"Ibone\",\"url\":\"https:\/\/www.fundaciobarcelonaolimpica.es\/en\/author\/fbolimpica\/\"}]}<\/script>\n<!-- \/ Yoast SEO plugin. -->","yoast_head_json":{"title":"Pedro Hern\u00e1ndez, author of \"Barcelona 1923: Indoor World Championships\" has presented his Aula d'Hist\u00f2ria book at the Stand of the Barcelona City Council in the Village Conde de God\u00f3 Trophy. - Fundaci\u00f3 Barcelona Ol\u00edmpica","robots":{"index":"index","follow":"follow","max-snippet":"max-snippet:-1","max-image-preview":"max-image-preview:large","max-video-preview":"max-video-preview:-1"},"canonical":"https:\/\/www.fundaciobarcelonaolimpica.es\/en\/pedro-hernandez-author-of-barcelona-1923-indoor-world-championships-has-presented-his-aula-dhistoria-book-at-the-stand-of-the-barcelona-city-council-in-the-village-conde-de-godo-trophy\/","og_locale":"en_US","og_type":"article","og_title":"Pedro Hern\u00e1ndez, author of \"Barcelona 1923: Indoor World Championships\" has presented his Aula d'Hist\u00f2ria book at the Stand of the Barcelona City Council in the Village Conde de God\u00f3 Trophy. - Fundaci\u00f3 Barcelona Ol\u00edmpica","og_description":"&#8220;Barcelona 1923: Indoor World Championships&#8221; is the chronicle of the World Indoor Tennis Championships that were held from December 1 to 11, 1923. Pedro Hern\u00e1ndez. Born in Barcelona in 1956. He is currently responsible for the Historical Archive of the Real Club Tenis Barcelona-1899. He has been a founding member of the International Tennis Writers [&hellip;]","og_url":"https:\/\/www.fundaciobarcelonaolimpica.es\/en\/pedro-hernandez-author-of-barcelona-1923-indoor-world-championships-has-presented-his-aula-dhistoria-book-at-the-stand-of-the-barcelona-city-council-in-the-village-conde-de-godo-trophy\/","og_site_name":"Fundaci\u00f3 Barcelona Ol\u00edmpica","article_published_time":"2022-04-20T07:29:38+00:00","og_image":[{"width":2560,"height":1907,"url":"https:\/\/www.fundaciobarcelonaolimpica.es\/wp-content\/uploads\/sites\/3\/2022\/04\/Auladhistoria-Museuolimpic-trofeuGodo_18-scaled.jpg","type":"image\/jpeg"}],"author":"Ibone","twitter_card":"summary_large_image","twitter_misc":{"Written by":"Ibone","Est. reading time":"1 minute"},"schema":{"@context":"https:\/\/schema.org","@graph":[{"@type":"Article","@id":"https:\/\/www.fundaciobarcelonaolimpica.es\/en\/pedro-hernandez-author-of-barcelona-1923-indoor-world-championships-has-presented-his-aula-dhistoria-book-at-the-stand-of-the-barcelona-city-council-in-the-village-conde-de-godo-trophy\/#article","isPartOf":{"@id":"https:\/\/www.fundaciobarcelonaolimpica.es\/en\/pedro-hernandez-author-of-barcelona-1923-indoor-world-championships-has-presented-his-aula-dhistoria-book-at-the-stand-of-the-barcelona-city-council-in-the-village-conde-de-godo-trophy\/"},"author":{"name":"Ibone","@id":"https:\/\/www.fundaciobarcelonaolimpica.es\/ca\/#\/schema\/person\/b792834a53f193977df425a499287aa9"},"headline":"Pedro Hern\u00e1ndez, author of &#8220;Barcelona 1923: Indoor World Championships&#8221; has presented his Aula d&#8217;Hist\u00f2ria book at the Stand of the Barcelona City Council in the Village Conde de God\u00f3 Trophy.","datePublished":"2022-04-20T07:29:38+00:00","dateModified":"2022-04-20T07:29:38+00:00","mainEntityOfPage":{"@id":"https:\/\/www.fundaciobarcelonaolimpica.es\/en\/pedro-hernandez-author-of-barcelona-1923-indoor-world-championships-has-presented-his-aula-dhistoria-book-at-the-stand-of-the-barcelona-city-council-in-the-village-conde-de-godo-trophy\/"},"wordCount":160,"publisher":{"@id":"https:\/\/www.fundaciobarcelonaolimpica.es\/ca\/#organization"},"image":{"@id":"https:\/\/www.fundaciobarcelonaolimpica.es\/en\/pedro-hernandez-author-of-barcelona-1923-indoor-world-championships-has-presented-his-aula-dhistoria-book-at-the-stand-of-the-barcelona-city-council-in-the-village-conde-de-godo-trophy\/#primaryimage"},"thumbnailUrl":"https:\/\/www.fundaciobarcelonaolimpica.es\/wp-content\/uploads\/sites\/3\/2022\/04\/Auladhistoria-Museuolimpic-trofeuGodo_18-scaled.jpg","inLanguage":"en-US"},{"@type":"WebPage","@id":"https:\/\/www.fundaciobarcelonaolimpica.es\/en\/pedro-hernandez-author-of-barcelona-1923-indoor-world-championships-has-presented-his-aula-dhistoria-book-at-the-stand-of-the-barcelona-city-council-in-the-village-conde-de-godo-trophy\/","url":"https:\/\/www.fundaciobarcelonaolimpica.es\/en\/pedro-hernandez-author-of-barcelona-1923-indoor-world-championships-has-presented-his-aula-dhistoria-book-at-the-stand-of-the-barcelona-city-council-in-the-village-conde-de-godo-trophy\/","name":"Pedro Hern\u00e1ndez, author of \"Barcelona 1923: Indoor World Championships\" has presented his Aula d'Hist\u00f2ria book at the Stand of the Barcelona City Council in the Village Conde de God\u00f3 Trophy. - Fundaci\u00f3 Barcelona Ol\u00edmpica","isPartOf":{"@id":"https:\/\/www.fundaciobarcelonaolimpica.es\/ca\/#website"},"primaryImageOfPage":{"@id":"https:\/\/www.fundaciobarcelonaolimpica.es\/en\/pedro-hernandez-author-of-barcelona-1923-indoor-world-championships-has-presented-his-aula-dhistoria-book-at-the-stand-of-the-barcelona-city-council-in-the-village-conde-de-godo-trophy\/#primaryimage"},"image":{"@id":"https:\/\/www.fundaciobarcelonaolimpica.es\/en\/pedro-hernandez-author-of-barcelona-1923-indoor-world-championships-has-presented-his-aula-dhistoria-book-at-the-stand-of-the-barcelona-city-council-in-the-village-conde-de-godo-trophy\/#primaryimage"},"thumbnailUrl":"https:\/\/www.fundaciobarcelonaolimpica.es\/wp-content\/uploads\/sites\/3\/2022\/04\/Auladhistoria-Museuolimpic-trofeuGodo_18-scaled.jpg","datePublished":"2022-04-20T07:29:38+00:00","dateModified":"2022-04-20T07:29:38+00:00","breadcrumb":{"@id":"https:\/\/www.fundaciobarcelonaolimpica.es\/en\/pedro-hernandez-author-of-barcelona-1923-indoor-world-championships-has-presented-his-aula-dhistoria-book-at-the-stand-of-the-barcelona-city-council-in-the-village-conde-de-godo-trophy\/#breadcrumb"},"inLanguage":"en-US","potentialAction":[{"@type":"ReadAction","target":["https:\/\/www.fundaciobarcelonaolimpica.es\/en\/pedro-hernandez-author-of-barcelona-1923-indoor-world-championships-has-presented-his-aula-dhistoria-book-at-the-stand-of-the-barcelona-city-council-in-the-village-conde-de-godo-trophy\/"]}]},{"@type":"ImageObject","inLanguage":"en-US","@id":"https:\/\/www.fundaciobarcelonaolimpica.es\/en\/pedro-hernandez-author-of-barcelona-1923-indoor-world-championships-has-presented-his-aula-dhistoria-book-at-the-stand-of-the-barcelona-city-council-in-the-village-conde-de-godo-trophy\/#primaryimage","url":"https:\/\/www.fundaciobarcelonaolimpica.es\/wp-content\/uploads\/sites\/3\/2022\/04\/Auladhistoria-Museuolimpic-trofeuGodo_18-scaled.jpg","contentUrl":"https:\/\/www.fundaciobarcelonaolimpica.es\/wp-content\/uploads\/sites\/3\/2022\/04\/Auladhistoria-Museuolimpic-trofeuGodo_18-scaled.jpg","width":2560,"height":1907},{"@type":"BreadcrumbList","@id":"https:\/\/www.fundaciobarcelonaolimpica.es\/en\/pedro-hernandez-author-of-barcelona-1923-indoor-world-championships-has-presented-his-aula-dhistoria-book-at-the-stand-of-the-barcelona-city-council-in-the-village-conde-de-godo-trophy\/#breadcrumb","itemListElement":[{"@type":"ListItem","position":1,"name":"FBO","item":"https:\/\/www.fundaciobarcelonaolimpica.es\/es\/"},{"@type":"ListItem","position":2,"name":"Pedro Hern\u00e1ndez, author of &#8220;Barcelona 1923: Indoor World Championships&#8221; has presented his Aula d&#8217;Hist\u00f2ria book at the Stand of the Barcelona City Council in the Village Conde de God\u00f3 Trophy."}]},{"@type":"WebSite","@id":"https:\/\/www.fundaciobarcelonaolimpica.es\/ca\/#website","url":"https:\/\/www.fundaciobarcelonaolimpica.es\/ca\/","name":"Fundaci\u00f3 Barcelona Ol\u00edmpica","description":"Web del Museu Ol\u00edmpic i de l&#039;Esport","publisher":{"@id":"https:\/\/www.fundaciobarcelonaolimpica.es\/ca\/#organization"},"potentialAction":[{"@type":"SearchAction","target":{"@type":"EntryPoint","urlTemplate":"https:\/\/www.fundaciobarcelonaolimpica.es\/ca\/?s={search_term_string}"},"query-input":{"@type":"PropertyValueSpecification","valueRequired":true,"valueName":"search_term_string"}}],"inLanguage":"en-US"},{"@type":"Organization","@id":"https:\/\/www.fundaciobarcelonaolimpica.es\/ca\/#organization","name":"Fundaci\u00f3 Barcelona Ol\u00edmpica","url":"https:\/\/www.fundaciobarcelonaolimpica.es\/ca\/","logo":{"@type":"ImageObject","inLanguage":"en-US","@id":"https:\/\/www.fundaciobarcelonaolimpica.es\/ca\/#\/schema\/logo\/image\/","url":"https:\/\/www.fundaciobarcelonaolimpica.es\/wp-content\/uploads\/sites\/3\/2019\/02\/logo-fundacio.svg","contentUrl":"https:\/\/www.fundaciobarcelonaolimpica.es\/wp-content\/uploads\/sites\/3\/2019\/02\/logo-fundacio.svg","caption":"Fundaci\u00f3 Barcelona Ol\u00edmpica"},"image":{"@id":"https:\/\/www.fundaciobarcelonaolimpica.es\/ca\/#\/schema\/logo\/image\/"}},{"@type":"Person","@id":"https:\/\/www.fundaciobarcelonaolimpica.es\/ca\/#\/schema\/person\/b792834a53f193977df425a499287aa9","name":"Ibone","url":"https:\/\/www.fundaciobarcelonaolimpica.es\/en\/author\/fbolimpica\/"}]}},"_links":{"self":[{"href":"https:\/\/www.fundaciobarcelonaolimpica.es\/en\/wp-json\/wp\/v2\/posts\/25265"}],"collection":[{"href":"https:\/\/www.fundaciobarcelonaolimpica.es\/en\/wp-json\/wp\/v2\/posts"}],"about":[{"href":"https:\/\/www.fundaciobarcelonaolimpica.es\/en\/wp-json\/wp\/v2\/types\/post"}],"author":[{"embeddable":true,"href":"https:\/\/www.fundaciobarcelonaolimpica.es\/en\/wp-json\/wp\/v2\/users\/11"}],"replies":[{"embeddable":true,"href":"https:\/\/www.fundaciobarcelonaolimpica.es\/en\/wp-json\/wp\/v2\/comments?post=25265"}],"version-history":[{"count":0,"href":"https:\/\/www.fundaciobarcelonaolimpica.es\/en\/wp-json\/wp\/v2\/posts\/25265\/revisions"}],"wp:featuredmedia":[{"embeddable":true,"href":"https:\/\/www.fundaciobarcelonaolimpica.es\/en\/wp-json\/wp\/v2\/media\/25260"}],"wp:attachment":[{"href":"https:\/\/www.fundaciobarcelonaolimpica.es\/en\/wp-json\/wp\/v2\/media?parent=25265"}],"wp:term":[{"taxonomy":"category","embeddable":true,"href":"https:\/\/www.fundaciobarcelonaolimpica.es\/en\/wp-json\/wp\/v2\/categories?post=25265"},{"taxonomy":"post_tag","embeddable":true,"href":"https:\/\/www.fundaciobarcelonaolimpica.es\/en\/wp-json\/wp\/v2\/tags?post=25265"}],"curies":[{"name":"wp","href":"https:\/\/api.w.org\/{rel}","templated":true}]}}