{"id":26611,"date":"2022-11-22T19:12:01","date_gmt":"2022-11-22T18:12:01","guid":{"rendered":"https:\/\/www.fundaciobarcelonaolimpica.es\/?p=26611"},"modified":"2022-11-22T19:12:42","modified_gmt":"2022-11-22T18:12:42","slug":"presentation-of-the-documentary-30-views-30-years-later","status":"publish","type":"post","link":"https:\/\/www.fundaciobarcelonaolimpica.es\/en\/presentation-of-the-documentary-30-views-30-years-later\/","title":{"rendered":"Presentation of the documentary &#8220;30 views, 30 years later&#8221;"},"content":{"rendered":"<p>The Museu Ol\u00edmpic de Barcelona has hosted the premiere of the documentary &#8220;30 views, 30 years later&#8221; made by the Fundaci\u00f3 Barcelona Ol\u00edmpica.<\/p>\n<p>David Escud\u00e9, president of the Fundaci\u00f3 Barcelona Ol\u00edmpica and Councilor for Esports of the Barcelona City Council, presided over the event in the auditorium of the Museu Ol\u00edmpic de Barcelona.<\/p>\n<p>Prior to the screening of the documentary, the Fundaci\u00f3 Barcelona Ol\u00edmpica wanted to remember two of its patrons: Rom\u00e0 Cuy\u00e0s and Josep Llu\u00eds Vilaseca, who were involved in the success of the Barcelona&#8217;92 Olympic and Paralympic Games and who, unfortunately, are no longer among U.S.<\/p>\n<p>The event was attended by members of the Board of Trustees of the Barcelona Olympic Foundation, protagonists of the documentary, relatives and friends of Pasqual Maragall, Rom\u00e0 Cuy\u00e0s and Josep Llu\u00eds Vilaseca, members of COOB&#8217;92 and other authorities from the world of sport. <\/p>\n","protected":false},"excerpt":{"rendered":"<p>The Museu Ol\u00edmpic de Barcelona has hosted the premiere of the documentary &#8220;30 views, 30 years later&#8221; made by the Fundaci\u00f3 Barcelona Ol\u00edmpica. David Escud\u00e9, president of the Fundaci\u00f3 Barcelona Ol\u00edmpica and Councilor for Esports of the Barcelona City Council, presided over the event in the auditorium of the Museu Ol\u00edmpic de Barcelona. Prior to [&hellip;]<\/p>\n","protected":false},"author":11,"featured_media":26672,"comment_status":"closed","ping_status":"closed","sticky":false,"template":"","format":"standard","meta":{"_acf_changed":false,"footnotes":""},"categories":[3],"tags":[],"class_list":["post-26611","post","type-post","status-publish","format-standard","has-post-thumbnail","hentry","category-uncategorized"],"acf":[],"yoast_head":"<!-- This site is optimized with the Yoast SEO plugin v23.7 - https:\/\/yoast.com\/wordpress\/plugins\/seo\/ -->\n<title>Presentation of the documentary &quot;30 views, 30 years later&quot; - Fundaci\u00f3 Barcelona Ol\u00edmpica<\/title>\n<meta name=\"robots\" content=\"index, follow, max-snippet:-1, max-image-preview:large, max-video-preview:-1\" \/>\n<link rel=\"canonical\" href=\"https:\/\/www.fundaciobarcelonaolimpica.es\/en\/presentation-of-the-documentary-30-views-30-years-later\/\" \/>\n<meta property=\"og:locale\" content=\"en_US\" \/>\n<meta property=\"og:type\" content=\"article\" \/>\n<meta property=\"og:title\" content=\"Presentation of the documentary &quot;30 views, 30 years later&quot; - Fundaci\u00f3 Barcelona Ol\u00edmpica\" \/>\n<meta property=\"og:description\" content=\"The Museu Ol\u00edmpic de Barcelona has hosted the premiere of the documentary &#8220;30 views, 30 years later&#8221; made by the Fundaci\u00f3 Barcelona Ol\u00edmpica. David Escud\u00e9, president of the Fundaci\u00f3 Barcelona Ol\u00edmpica and Councilor for Esports of the Barcelona City Council, presided over the event in the auditorium of the Museu Ol\u00edmpic de Barcelona. Prior to [&hellip;]\" \/>\n<meta property=\"og:url\" content=\"https:\/\/www.fundaciobarcelonaolimpica.es\/en\/presentation-of-the-documentary-30-views-30-years-later\/\" \/>\n<meta property=\"og:site_name\" content=\"Fundaci\u00f3 Barcelona Ol\u00edmpica\" \/>\n<meta property=\"article:published_time\" content=\"2022-11-22T18:12:01+00:00\" \/>\n<meta property=\"article:modified_time\" content=\"2022-11-22T18:12:42+00:00\" \/>\n<meta property=\"og:image\" content=\"https:\/\/www.fundaciobarcelonaolimpica.es\/wp-content\/uploads\/sites\/3\/2022\/11\/35FF1215-3B5B-4A17-8884-72428638D9BE.jpeg\" \/>\n\t<meta property=\"og:image:width\" content=\"1600\" \/>\n\t<meta property=\"og:image:height\" content=\"1043\" \/>\n\t<meta property=\"og:image:type\" content=\"image\/jpeg\" \/>\n<meta name=\"author\" content=\"Ibone\" \/>\n<meta name=\"twitter:card\" content=\"summary_large_image\" \/>\n<meta name=\"twitter:label1\" content=\"Written by\" \/>\n\t<meta name=\"twitter:data1\" content=\"Ibone\" \/>\n\t<meta name=\"twitter:label2\" content=\"Est. reading time\" \/>\n\t<meta name=\"twitter:data2\" content=\"1 minute\" \/>\n<script type=\"application\/ld+json\" class=\"yoast-schema-graph\">{\"@context\":\"https:\/\/schema.org\",\"@graph\":[{\"@type\":\"Article\",\"@id\":\"https:\/\/www.fundaciobarcelonaolimpica.es\/en\/presentation-of-the-documentary-30-views-30-years-later\/#article\",\"isPartOf\":{\"@id\":\"https:\/\/www.fundaciobarcelonaolimpica.es\/en\/presentation-of-the-documentary-30-views-30-years-later\/\"},\"author\":{\"name\":\"Ibone\",\"@id\":\"https:\/\/www.fundaciobarcelonaolimpica.es\/ca\/#\/schema\/person\/b792834a53f193977df425a499287aa9\"},\"headline\":\"Presentation of the documentary &#8220;30 views, 30 years later&#8221;\",\"datePublished\":\"2022-11-22T18:12:01+00:00\",\"dateModified\":\"2022-11-22T18:12:42+00:00\",\"mainEntityOfPage\":{\"@id\":\"https:\/\/www.fundaciobarcelonaolimpica.es\/en\/presentation-of-the-documentary-30-views-30-years-later\/\"},\"wordCount\":156,\"publisher\":{\"@id\":\"https:\/\/www.fundaciobarcelonaolimpica.es\/ca\/#organization\"},\"image\":{\"@id\":\"https:\/\/www.fundaciobarcelonaolimpica.es\/en\/presentation-of-the-documentary-30-views-30-years-later\/#primaryimage\"},\"thumbnailUrl\":\"https:\/\/www.fundaciobarcelonaolimpica.es\/wp-content\/uploads\/sites\/3\/2022\/11\/35FF1215-3B5B-4A17-8884-72428638D9BE.jpeg\",\"inLanguage\":\"en-US\"},{\"@type\":\"WebPage\",\"@id\":\"https:\/\/www.fundaciobarcelonaolimpica.es\/en\/presentation-of-the-documentary-30-views-30-years-later\/\",\"url\":\"https:\/\/www.fundaciobarcelonaolimpica.es\/en\/presentation-of-the-documentary-30-views-30-years-later\/\",\"name\":\"Presentation of the documentary \\\"30 views, 30 years later\\\" - Fundaci\u00f3 Barcelona Ol\u00edmpica\",\"isPartOf\":{\"@id\":\"https:\/\/www.fundaciobarcelonaolimpica.es\/ca\/#website\"},\"primaryImageOfPage\":{\"@id\":\"https:\/\/www.fundaciobarcelonaolimpica.es\/en\/presentation-of-the-documentary-30-views-30-years-later\/#primaryimage\"},\"image\":{\"@id\":\"https:\/\/www.fundaciobarcelonaolimpica.es\/en\/presentation-of-the-documentary-30-views-30-years-later\/#primaryimage\"},\"thumbnailUrl\":\"https:\/\/www.fundaciobarcelonaolimpica.es\/wp-content\/uploads\/sites\/3\/2022\/11\/35FF1215-3B5B-4A17-8884-72428638D9BE.jpeg\",\"datePublished\":\"2022-11-22T18:12:01+00:00\",\"dateModified\":\"2022-11-22T18:12:42+00:00\",\"breadcrumb\":{\"@id\":\"https:\/\/www.fundaciobarcelonaolimpica.es\/en\/presentation-of-the-documentary-30-views-30-years-later\/#breadcrumb\"},\"inLanguage\":\"en-US\",\"potentialAction\":[{\"@type\":\"ReadAction\",\"target\":[\"https:\/\/www.fundaciobarcelonaolimpica.es\/en\/presentation-of-the-documentary-30-views-30-years-later\/\"]}]},{\"@type\":\"ImageObject\",\"inLanguage\":\"en-US\",\"@id\":\"https:\/\/www.fundaciobarcelonaolimpica.es\/en\/presentation-of-the-documentary-30-views-30-years-later\/#primaryimage\",\"url\":\"https:\/\/www.fundaciobarcelonaolimpica.es\/wp-content\/uploads\/sites\/3\/2022\/11\/35FF1215-3B5B-4A17-8884-72428638D9BE.jpeg\",\"contentUrl\":\"https:\/\/www.fundaciobarcelonaolimpica.es\/wp-content\/uploads\/sites\/3\/2022\/11\/35FF1215-3B5B-4A17-8884-72428638D9BE.jpeg\",\"width\":1600,\"height\":1043},{\"@type\":\"BreadcrumbList\",\"@id\":\"https:\/\/www.fundaciobarcelonaolimpica.es\/en\/presentation-of-the-documentary-30-views-30-years-later\/#breadcrumb\",\"itemListElement\":[{\"@type\":\"ListItem\",\"position\":1,\"name\":\"FBO\",\"item\":\"https:\/\/www.fundaciobarcelonaolimpica.es\/es\/\"},{\"@type\":\"ListItem\",\"position\":2,\"name\":\"Presentation of the documentary &#8220;30 views, 30 years later&#8221;\"}]},{\"@type\":\"WebSite\",\"@id\":\"https:\/\/www.fundaciobarcelonaolimpica.es\/ca\/#website\",\"url\":\"https:\/\/www.fundaciobarcelonaolimpica.es\/ca\/\",\"name\":\"Fundaci\u00f3 Barcelona Ol\u00edmpica\",\"description\":\"Web del Museu Ol\u00edmpic i de l&#039;Esport\",\"publisher\":{\"@id\":\"https:\/\/www.fundaciobarcelonaolimpica.es\/ca\/#organization\"},\"potentialAction\":[{\"@type\":\"SearchAction\",\"target\":{\"@type\":\"EntryPoint\",\"urlTemplate\":\"https:\/\/www.fundaciobarcelonaolimpica.es\/ca\/?s={search_term_string}\"},\"query-input\":{\"@type\":\"PropertyValueSpecification\",\"valueRequired\":true,\"valueName\":\"search_term_string\"}}],\"inLanguage\":\"en-US\"},{\"@type\":\"Organization\",\"@id\":\"https:\/\/www.fundaciobarcelonaolimpica.es\/ca\/#organization\",\"name\":\"Fundaci\u00f3 Barcelona Ol\u00edmpica\",\"url\":\"https:\/\/www.fundaciobarcelonaolimpica.es\/ca\/\",\"logo\":{\"@type\":\"ImageObject\",\"inLanguage\":\"en-US\",\"@id\":\"https:\/\/www.fundaciobarcelonaolimpica.es\/ca\/#\/schema\/logo\/image\/\",\"url\":\"https:\/\/www.fundaciobarcelonaolimpica.es\/wp-content\/uploads\/sites\/3\/2019\/02\/logo-fundacio.svg\",\"contentUrl\":\"https:\/\/www.fundaciobarcelonaolimpica.es\/wp-content\/uploads\/sites\/3\/2019\/02\/logo-fundacio.svg\",\"caption\":\"Fundaci\u00f3 Barcelona Ol\u00edmpica\"},\"image\":{\"@id\":\"https:\/\/www.fundaciobarcelonaolimpica.es\/ca\/#\/schema\/logo\/image\/\"}},{\"@type\":\"Person\",\"@id\":\"https:\/\/www.fundaciobarcelonaolimpica.es\/ca\/#\/schema\/person\/b792834a53f193977df425a499287aa9\",\"name\":\"Ibone\",\"url\":\"https:\/\/www.fundaciobarcelonaolimpica.es\/en\/author\/fbolimpica\/\"}]}<\/script>\n<!-- \/ Yoast SEO plugin. -->","yoast_head_json":{"title":"Presentation of the documentary \"30 views, 30 years later\" - Fundaci\u00f3 Barcelona Ol\u00edmpica","robots":{"index":"index","follow":"follow","max-snippet":"max-snippet:-1","max-image-preview":"max-image-preview:large","max-video-preview":"max-video-preview:-1"},"canonical":"https:\/\/www.fundaciobarcelonaolimpica.es\/en\/presentation-of-the-documentary-30-views-30-years-later\/","og_locale":"en_US","og_type":"article","og_title":"Presentation of the documentary \"30 views, 30 years later\" - Fundaci\u00f3 Barcelona Ol\u00edmpica","og_description":"The Museu Ol\u00edmpic de Barcelona has hosted the premiere of the documentary &#8220;30 views, 30 years later&#8221; made by the Fundaci\u00f3 Barcelona Ol\u00edmpica. David Escud\u00e9, president of the Fundaci\u00f3 Barcelona Ol\u00edmpica and Councilor for Esports of the Barcelona City Council, presided over the event in the auditorium of the Museu Ol\u00edmpic de Barcelona. Prior to [&hellip;]","og_url":"https:\/\/www.fundaciobarcelonaolimpica.es\/en\/presentation-of-the-documentary-30-views-30-years-later\/","og_site_name":"Fundaci\u00f3 Barcelona Ol\u00edmpica","article_published_time":"2022-11-22T18:12:01+00:00","article_modified_time":"2022-11-22T18:12:42+00:00","og_image":[{"width":1600,"height":1043,"url":"https:\/\/www.fundaciobarcelonaolimpica.es\/wp-content\/uploads\/sites\/3\/2022\/11\/35FF1215-3B5B-4A17-8884-72428638D9BE.jpeg","type":"image\/jpeg"}],"author":"Ibone","twitter_card":"summary_large_image","twitter_misc":{"Written by":"Ibone","Est. reading time":"1 minute"},"schema":{"@context":"https:\/\/schema.org","@graph":[{"@type":"Article","@id":"https:\/\/www.fundaciobarcelonaolimpica.es\/en\/presentation-of-the-documentary-30-views-30-years-later\/#article","isPartOf":{"@id":"https:\/\/www.fundaciobarcelonaolimpica.es\/en\/presentation-of-the-documentary-30-views-30-years-later\/"},"author":{"name":"Ibone","@id":"https:\/\/www.fundaciobarcelonaolimpica.es\/ca\/#\/schema\/person\/b792834a53f193977df425a499287aa9"},"headline":"Presentation of the documentary &#8220;30 views, 30 years later&#8221;","datePublished":"2022-11-22T18:12:01+00:00","dateModified":"2022-11-22T18:12:42+00:00","mainEntityOfPage":{"@id":"https:\/\/www.fundaciobarcelonaolimpica.es\/en\/presentation-of-the-documentary-30-views-30-years-later\/"},"wordCount":156,"publisher":{"@id":"https:\/\/www.fundaciobarcelonaolimpica.es\/ca\/#organization"},"image":{"@id":"https:\/\/www.fundaciobarcelonaolimpica.es\/en\/presentation-of-the-documentary-30-views-30-years-later\/#primaryimage"},"thumbnailUrl":"https:\/\/www.fundaciobarcelonaolimpica.es\/wp-content\/uploads\/sites\/3\/2022\/11\/35FF1215-3B5B-4A17-8884-72428638D9BE.jpeg","inLanguage":"en-US"},{"@type":"WebPage","@id":"https:\/\/www.fundaciobarcelonaolimpica.es\/en\/presentation-of-the-documentary-30-views-30-years-later\/","url":"https:\/\/www.fundaciobarcelonaolimpica.es\/en\/presentation-of-the-documentary-30-views-30-years-later\/","name":"Presentation of the documentary \"30 views, 30 years later\" - Fundaci\u00f3 Barcelona Ol\u00edmpica","isPartOf":{"@id":"https:\/\/www.fundaciobarcelonaolimpica.es\/ca\/#website"},"primaryImageOfPage":{"@id":"https:\/\/www.fundaciobarcelonaolimpica.es\/en\/presentation-of-the-documentary-30-views-30-years-later\/#primaryimage"},"image":{"@id":"https:\/\/www.fundaciobarcelonaolimpica.es\/en\/presentation-of-the-documentary-30-views-30-years-later\/#primaryimage"},"thumbnailUrl":"https:\/\/www.fundaciobarcelonaolimpica.es\/wp-content\/uploads\/sites\/3\/2022\/11\/35FF1215-3B5B-4A17-8884-72428638D9BE.jpeg","datePublished":"2022-11-22T18:12:01+00:00","dateModified":"2022-11-22T18:12:42+00:00","breadcrumb":{"@id":"https:\/\/www.fundaciobarcelonaolimpica.es\/en\/presentation-of-the-documentary-30-views-30-years-later\/#breadcrumb"},"inLanguage":"en-US","potentialAction":[{"@type":"ReadAction","target":["https:\/\/www.fundaciobarcelonaolimpica.es\/en\/presentation-of-the-documentary-30-views-30-years-later\/"]}]},{"@type":"ImageObject","inLanguage":"en-US","@id":"https:\/\/www.fundaciobarcelonaolimpica.es\/en\/presentation-of-the-documentary-30-views-30-years-later\/#primaryimage","url":"https:\/\/www.fundaciobarcelonaolimpica.es\/wp-content\/uploads\/sites\/3\/2022\/11\/35FF1215-3B5B-4A17-8884-72428638D9BE.jpeg","contentUrl":"https:\/\/www.fundaciobarcelonaolimpica.es\/wp-content\/uploads\/sites\/3\/2022\/11\/35FF1215-3B5B-4A17-8884-72428638D9BE.jpeg","width":1600,"height":1043},{"@type":"BreadcrumbList","@id":"https:\/\/www.fundaciobarcelonaolimpica.es\/en\/presentation-of-the-documentary-30-views-30-years-later\/#breadcrumb","itemListElement":[{"@type":"ListItem","position":1,"name":"FBO","item":"https:\/\/www.fundaciobarcelonaolimpica.es\/es\/"},{"@type":"ListItem","position":2,"name":"Presentation of the documentary &#8220;30 views, 30 years later&#8221;"}]},{"@type":"WebSite","@id":"https:\/\/www.fundaciobarcelonaolimpica.es\/ca\/#website","url":"https:\/\/www.fundaciobarcelonaolimpica.es\/ca\/","name":"Fundaci\u00f3 Barcelona Ol\u00edmpica","description":"Web del Museu Ol\u00edmpic i de l&#039;Esport","publisher":{"@id":"https:\/\/www.fundaciobarcelonaolimpica.es\/ca\/#organization"},"potentialAction":[{"@type":"SearchAction","target":{"@type":"EntryPoint","urlTemplate":"https:\/\/www.fundaciobarcelonaolimpica.es\/ca\/?s={search_term_string}"},"query-input":{"@type":"PropertyValueSpecification","valueRequired":true,"valueName":"search_term_string"}}],"inLanguage":"en-US"},{"@type":"Organization","@id":"https:\/\/www.fundaciobarcelonaolimpica.es\/ca\/#organization","name":"Fundaci\u00f3 Barcelona Ol\u00edmpica","url":"https:\/\/www.fundaciobarcelonaolimpica.es\/ca\/","logo":{"@type":"ImageObject","inLanguage":"en-US","@id":"https:\/\/www.fundaciobarcelonaolimpica.es\/ca\/#\/schema\/logo\/image\/","url":"https:\/\/www.fundaciobarcelonaolimpica.es\/wp-content\/uploads\/sites\/3\/2019\/02\/logo-fundacio.svg","contentUrl":"https:\/\/www.fundaciobarcelonaolimpica.es\/wp-content\/uploads\/sites\/3\/2019\/02\/logo-fundacio.svg","caption":"Fundaci\u00f3 Barcelona Ol\u00edmpica"},"image":{"@id":"https:\/\/www.fundaciobarcelonaolimpica.es\/ca\/#\/schema\/logo\/image\/"}},{"@type":"Person","@id":"https:\/\/www.fundaciobarcelonaolimpica.es\/ca\/#\/schema\/person\/b792834a53f193977df425a499287aa9","name":"Ibone","url":"https:\/\/www.fundaciobarcelonaolimpica.es\/en\/author\/fbolimpica\/"}]}},"_links":{"self":[{"href":"https:\/\/www.fundaciobarcelonaolimpica.es\/en\/wp-json\/wp\/v2\/posts\/26611"}],"collection":[{"href":"https:\/\/www.fundaciobarcelonaolimpica.es\/en\/wp-json\/wp\/v2\/posts"}],"about":[{"href":"https:\/\/www.fundaciobarcelonaolimpica.es\/en\/wp-json\/wp\/v2\/types\/post"}],"author":[{"embeddable":true,"href":"https:\/\/www.fundaciobarcelonaolimpica.es\/en\/wp-json\/wp\/v2\/users\/11"}],"replies":[{"embeddable":true,"href":"https:\/\/www.fundaciobarcelonaolimpica.es\/en\/wp-json\/wp\/v2\/comments?post=26611"}],"version-history":[{"count":1,"href":"https:\/\/www.fundaciobarcelonaolimpica.es\/en\/wp-json\/wp\/v2\/posts\/26611\/revisions"}],"predecessor-version":[{"id":26674,"href":"https:\/\/www.fundaciobarcelonaolimpica.es\/en\/wp-json\/wp\/v2\/posts\/26611\/revisions\/26674"}],"wp:featuredmedia":[{"embeddable":true,"href":"https:\/\/www.fundaciobarcelonaolimpica.es\/en\/wp-json\/wp\/v2\/media\/26672"}],"wp:attachment":[{"href":"https:\/\/www.fundaciobarcelonaolimpica.es\/en\/wp-json\/wp\/v2\/media?parent=26611"}],"wp:term":[{"taxonomy":"category","embeddable":true,"href":"https:\/\/www.fundaciobarcelonaolimpica.es\/en\/wp-json\/wp\/v2\/categories?post=26611"},{"taxonomy":"post_tag","embeddable":true,"href":"https:\/\/www.fundaciobarcelonaolimpica.es\/en\/wp-json\/wp\/v2\/tags?post=26611"}],"curies":[{"name":"wp","href":"https:\/\/api.w.org\/{rel}","templated":true}]}}