{"id":3297,"date":"2011-05-05T00:00:00","date_gmt":"2011-05-04T22:00:00","guid":{"rendered":"http:\/\/dev.fundaciobarcelonaolimpica.es\/el-museu-olimpic-i-de-lesport-joan-antoni-samaranch-has-held-anostalgic-cinema-session-about-futbol\/"},"modified":"2011-05-05T00:00:00","modified_gmt":"2011-05-04T22:00:00","slug":"el-museu-olimpic-i-de-lesport-joan-antoni-samaranch-has-held-anostalgic-cinema-session-about-futbol","status":"publish","type":"post","link":"https:\/\/www.fundaciobarcelonaolimpica.es\/en\/el-museu-olimpic-i-de-lesport-joan-antoni-samaranch-has-held-anostalgic-cinema-session-about-futbol\/","title":{"rendered":"El Museu Ol\u00edmpic i de l\u2019Esport Joan Antoni Samaranch has held aNostalgic Cinema Session about futbol."},"content":{"rendered":"<p>The assistents were able to see some properties of the footballer, actual properties of&nbsp;<strong>Daniel Crespo<\/strong>, established in the&nbsp;<strong>KUBALA CYBER MUSEUM<\/strong>.<\/p>\n<p>You can visit all the objects&nbsp;<em>on-line:<\/em><em>http:\/\/kubalacybermuseum.blogspot.com<\/em><\/p>\n","protected":false},"excerpt":{"rendered":"<p>With the screening of the film &ldquo;<strong>Kubala, los ases buscan la paz<\/strong>&rdquo; the Cinema and TV Sport Festival of Barcelona, the<strong>&nbsp;BCN Sports Film Festival<\/strong>&nbsp;-that will be taking place from may&nbsp;<strong>17th to may 21st<\/strong>&nbsp;in the city of Barcelona- has wanted to pay tribute to one of the best players in the history of&nbsp;<strong>F.C. Barcelona<\/strong>.<\/p>\n","protected":false},"author":1,"featured_media":0,"comment_status":"open","ping_status":"open","sticky":false,"template":"","format":"standard","meta":{"_acf_changed":false,"footnotes":""},"categories":[3],"tags":[],"class_list":["post-3297","post","type-post","status-publish","format-standard","hentry","category-uncategorized"],"acf":[],"yoast_head":"<!-- This site is optimized with the Yoast SEO plugin v23.7 - https:\/\/yoast.com\/wordpress\/plugins\/seo\/ -->\n<title>El Museu Ol\u00edmpic i de l\u2019Esport Joan Antoni Samaranch has held aNostalgic Cinema Session about futbol. - Fundaci\u00f3 Barcelona Ol\u00edmpica<\/title>\n<meta name=\"robots\" content=\"index, follow, max-snippet:-1, max-image-preview:large, max-video-preview:-1\" \/>\n<link rel=\"canonical\" href=\"https:\/\/www.fundaciobarcelonaolimpica.es\/en\/el-museu-olimpic-i-de-lesport-joan-antoni-samaranch-has-held-anostalgic-cinema-session-about-futbol\/\" \/>\n<meta property=\"og:locale\" content=\"en_US\" \/>\n<meta property=\"og:type\" content=\"article\" \/>\n<meta property=\"og:title\" content=\"El Museu Ol\u00edmpic i de l\u2019Esport Joan Antoni Samaranch has held aNostalgic Cinema Session about futbol. - Fundaci\u00f3 Barcelona Ol\u00edmpica\" \/>\n<meta property=\"og:description\" content=\"With the screening of the film &ldquo;Kubala, los ases buscan la paz&rdquo; the Cinema and TV Sport Festival of Barcelona, the&nbsp;BCN Sports Film Festival&nbsp;-that will be taking place from may&nbsp;17th to may 21st&nbsp;in the city of Barcelona- has wanted to pay tribute to one of the best players in the history of&nbsp;F.C. Barcelona.\" \/>\n<meta property=\"og:url\" content=\"https:\/\/www.fundaciobarcelonaolimpica.es\/en\/el-museu-olimpic-i-de-lesport-joan-antoni-samaranch-has-held-anostalgic-cinema-session-about-futbol\/\" \/>\n<meta property=\"og:site_name\" content=\"Fundaci\u00f3 Barcelona Ol\u00edmpica\" \/>\n<meta property=\"article:published_time\" content=\"2011-05-04T22:00:00+00:00\" \/>\n<meta name=\"author\" content=\"useradmin\" \/>\n<meta name=\"twitter:card\" content=\"summary_large_image\" \/>\n<meta name=\"twitter:label1\" content=\"Written by\" \/>\n\t<meta name=\"twitter:data1\" content=\"useradmin\" \/>\n<script type=\"application\/ld+json\" class=\"yoast-schema-graph\">{\"@context\":\"https:\/\/schema.org\",\"@graph\":[{\"@type\":\"Article\",\"@id\":\"https:\/\/www.fundaciobarcelonaolimpica.es\/en\/el-museu-olimpic-i-de-lesport-joan-antoni-samaranch-has-held-anostalgic-cinema-session-about-futbol\/#article\",\"isPartOf\":{\"@id\":\"https:\/\/www.fundaciobarcelonaolimpica.es\/en\/el-museu-olimpic-i-de-lesport-joan-antoni-samaranch-has-held-anostalgic-cinema-session-about-futbol\/\"},\"author\":{\"name\":\"useradmin\",\"@id\":\"https:\/\/www.fundaciobarcelonaolimpica.es\/ca\/#\/schema\/person\/d05705664e87aa04c6ce53d48133fb39\"},\"headline\":\"El Museu Ol\u00edmpic i de l\u2019Esport Joan Antoni Samaranch has held aNostalgic Cinema Session about futbol.\",\"datePublished\":\"2011-05-04T22:00:00+00:00\",\"dateModified\":\"2011-05-04T22:00:00+00:00\",\"mainEntityOfPage\":{\"@id\":\"https:\/\/www.fundaciobarcelonaolimpica.es\/en\/el-museu-olimpic-i-de-lesport-joan-antoni-samaranch-has-held-anostalgic-cinema-session-about-futbol\/\"},\"wordCount\":54,\"commentCount\":0,\"publisher\":{\"@id\":\"https:\/\/www.fundaciobarcelonaolimpica.es\/ca\/#organization\"},\"inLanguage\":\"en-US\",\"potentialAction\":[{\"@type\":\"CommentAction\",\"name\":\"Comment\",\"target\":[\"https:\/\/www.fundaciobarcelonaolimpica.es\/en\/el-museu-olimpic-i-de-lesport-joan-antoni-samaranch-has-held-anostalgic-cinema-session-about-futbol\/#respond\"]}]},{\"@type\":\"WebPage\",\"@id\":\"https:\/\/www.fundaciobarcelonaolimpica.es\/en\/el-museu-olimpic-i-de-lesport-joan-antoni-samaranch-has-held-anostalgic-cinema-session-about-futbol\/\",\"url\":\"https:\/\/www.fundaciobarcelonaolimpica.es\/en\/el-museu-olimpic-i-de-lesport-joan-antoni-samaranch-has-held-anostalgic-cinema-session-about-futbol\/\",\"name\":\"El Museu Ol\u00edmpic i de l\u2019Esport Joan Antoni Samaranch has held aNostalgic Cinema Session about futbol. - Fundaci\u00f3 Barcelona Ol\u00edmpica\",\"isPartOf\":{\"@id\":\"https:\/\/www.fundaciobarcelonaolimpica.es\/ca\/#website\"},\"datePublished\":\"2011-05-04T22:00:00+00:00\",\"dateModified\":\"2011-05-04T22:00:00+00:00\",\"breadcrumb\":{\"@id\":\"https:\/\/www.fundaciobarcelonaolimpica.es\/en\/el-museu-olimpic-i-de-lesport-joan-antoni-samaranch-has-held-anostalgic-cinema-session-about-futbol\/#breadcrumb\"},\"inLanguage\":\"en-US\",\"potentialAction\":[{\"@type\":\"ReadAction\",\"target\":[\"https:\/\/www.fundaciobarcelonaolimpica.es\/en\/el-museu-olimpic-i-de-lesport-joan-antoni-samaranch-has-held-anostalgic-cinema-session-about-futbol\/\"]}]},{\"@type\":\"BreadcrumbList\",\"@id\":\"https:\/\/www.fundaciobarcelonaolimpica.es\/en\/el-museu-olimpic-i-de-lesport-joan-antoni-samaranch-has-held-anostalgic-cinema-session-about-futbol\/#breadcrumb\",\"itemListElement\":[{\"@type\":\"ListItem\",\"position\":1,\"name\":\"FBO\",\"item\":\"https:\/\/www.fundaciobarcelonaolimpica.es\/es\/\"},{\"@type\":\"ListItem\",\"position\":2,\"name\":\"El Museu Ol\u00edmpic i de l\u2019Esport Joan Antoni Samaranch has held aNostalgic Cinema Session about futbol.\"}]},{\"@type\":\"WebSite\",\"@id\":\"https:\/\/www.fundaciobarcelonaolimpica.es\/ca\/#website\",\"url\":\"https:\/\/www.fundaciobarcelonaolimpica.es\/ca\/\",\"name\":\"Fundaci\u00f3 Barcelona Ol\u00edmpica\",\"description\":\"Web del Museu Ol\u00edmpic i de l&#039;Esport\",\"publisher\":{\"@id\":\"https:\/\/www.fundaciobarcelonaolimpica.es\/ca\/#organization\"},\"potentialAction\":[{\"@type\":\"SearchAction\",\"target\":{\"@type\":\"EntryPoint\",\"urlTemplate\":\"https:\/\/www.fundaciobarcelonaolimpica.es\/ca\/?s={search_term_string}\"},\"query-input\":{\"@type\":\"PropertyValueSpecification\",\"valueRequired\":true,\"valueName\":\"search_term_string\"}}],\"inLanguage\":\"en-US\"},{\"@type\":\"Organization\",\"@id\":\"https:\/\/www.fundaciobarcelonaolimpica.es\/ca\/#organization\",\"name\":\"Fundaci\u00f3 Barcelona Ol\u00edmpica\",\"url\":\"https:\/\/www.fundaciobarcelonaolimpica.es\/ca\/\",\"logo\":{\"@type\":\"ImageObject\",\"inLanguage\":\"en-US\",\"@id\":\"https:\/\/www.fundaciobarcelonaolimpica.es\/ca\/#\/schema\/logo\/image\/\",\"url\":\"https:\/\/www.fundaciobarcelonaolimpica.es\/wp-content\/uploads\/sites\/3\/2019\/02\/logo-fundacio.svg\",\"contentUrl\":\"https:\/\/www.fundaciobarcelonaolimpica.es\/wp-content\/uploads\/sites\/3\/2019\/02\/logo-fundacio.svg\",\"caption\":\"Fundaci\u00f3 Barcelona Ol\u00edmpica\"},\"image\":{\"@id\":\"https:\/\/www.fundaciobarcelonaolimpica.es\/ca\/#\/schema\/logo\/image\/\"}},{\"@type\":\"Person\",\"@id\":\"https:\/\/www.fundaciobarcelonaolimpica.es\/ca\/#\/schema\/person\/d05705664e87aa04c6ce53d48133fb39\",\"name\":\"useradmin\",\"url\":\"https:\/\/www.fundaciobarcelonaolimpica.es\/en\/author\/useradmin\/\"}]}<\/script>\n<!-- \/ Yoast SEO plugin. -->","yoast_head_json":{"title":"El Museu Ol\u00edmpic i de l\u2019Esport Joan Antoni Samaranch has held aNostalgic Cinema Session about futbol. - Fundaci\u00f3 Barcelona Ol\u00edmpica","robots":{"index":"index","follow":"follow","max-snippet":"max-snippet:-1","max-image-preview":"max-image-preview:large","max-video-preview":"max-video-preview:-1"},"canonical":"https:\/\/www.fundaciobarcelonaolimpica.es\/en\/el-museu-olimpic-i-de-lesport-joan-antoni-samaranch-has-held-anostalgic-cinema-session-about-futbol\/","og_locale":"en_US","og_type":"article","og_title":"El Museu Ol\u00edmpic i de l\u2019Esport Joan Antoni Samaranch has held aNostalgic Cinema Session about futbol. - Fundaci\u00f3 Barcelona Ol\u00edmpica","og_description":"With the screening of the film &ldquo;Kubala, los ases buscan la paz&rdquo; the Cinema and TV Sport Festival of Barcelona, the&nbsp;BCN Sports Film Festival&nbsp;-that will be taking place from may&nbsp;17th to may 21st&nbsp;in the city of Barcelona- has wanted to pay tribute to one of the best players in the history of&nbsp;F.C. Barcelona.","og_url":"https:\/\/www.fundaciobarcelonaolimpica.es\/en\/el-museu-olimpic-i-de-lesport-joan-antoni-samaranch-has-held-anostalgic-cinema-session-about-futbol\/","og_site_name":"Fundaci\u00f3 Barcelona Ol\u00edmpica","article_published_time":"2011-05-04T22:00:00+00:00","author":"useradmin","twitter_card":"summary_large_image","twitter_misc":{"Written by":"useradmin"},"schema":{"@context":"https:\/\/schema.org","@graph":[{"@type":"Article","@id":"https:\/\/www.fundaciobarcelonaolimpica.es\/en\/el-museu-olimpic-i-de-lesport-joan-antoni-samaranch-has-held-anostalgic-cinema-session-about-futbol\/#article","isPartOf":{"@id":"https:\/\/www.fundaciobarcelonaolimpica.es\/en\/el-museu-olimpic-i-de-lesport-joan-antoni-samaranch-has-held-anostalgic-cinema-session-about-futbol\/"},"author":{"name":"useradmin","@id":"https:\/\/www.fundaciobarcelonaolimpica.es\/ca\/#\/schema\/person\/d05705664e87aa04c6ce53d48133fb39"},"headline":"El Museu Ol\u00edmpic i de l\u2019Esport Joan Antoni Samaranch has held aNostalgic Cinema Session about futbol.","datePublished":"2011-05-04T22:00:00+00:00","dateModified":"2011-05-04T22:00:00+00:00","mainEntityOfPage":{"@id":"https:\/\/www.fundaciobarcelonaolimpica.es\/en\/el-museu-olimpic-i-de-lesport-joan-antoni-samaranch-has-held-anostalgic-cinema-session-about-futbol\/"},"wordCount":54,"commentCount":0,"publisher":{"@id":"https:\/\/www.fundaciobarcelonaolimpica.es\/ca\/#organization"},"inLanguage":"en-US","potentialAction":[{"@type":"CommentAction","name":"Comment","target":["https:\/\/www.fundaciobarcelonaolimpica.es\/en\/el-museu-olimpic-i-de-lesport-joan-antoni-samaranch-has-held-anostalgic-cinema-session-about-futbol\/#respond"]}]},{"@type":"WebPage","@id":"https:\/\/www.fundaciobarcelonaolimpica.es\/en\/el-museu-olimpic-i-de-lesport-joan-antoni-samaranch-has-held-anostalgic-cinema-session-about-futbol\/","url":"https:\/\/www.fundaciobarcelonaolimpica.es\/en\/el-museu-olimpic-i-de-lesport-joan-antoni-samaranch-has-held-anostalgic-cinema-session-about-futbol\/","name":"El Museu Ol\u00edmpic i de l\u2019Esport Joan Antoni Samaranch has held aNostalgic Cinema Session about futbol. - Fundaci\u00f3 Barcelona Ol\u00edmpica","isPartOf":{"@id":"https:\/\/www.fundaciobarcelonaolimpica.es\/ca\/#website"},"datePublished":"2011-05-04T22:00:00+00:00","dateModified":"2011-05-04T22:00:00+00:00","breadcrumb":{"@id":"https:\/\/www.fundaciobarcelonaolimpica.es\/en\/el-museu-olimpic-i-de-lesport-joan-antoni-samaranch-has-held-anostalgic-cinema-session-about-futbol\/#breadcrumb"},"inLanguage":"en-US","potentialAction":[{"@type":"ReadAction","target":["https:\/\/www.fundaciobarcelonaolimpica.es\/en\/el-museu-olimpic-i-de-lesport-joan-antoni-samaranch-has-held-anostalgic-cinema-session-about-futbol\/"]}]},{"@type":"BreadcrumbList","@id":"https:\/\/www.fundaciobarcelonaolimpica.es\/en\/el-museu-olimpic-i-de-lesport-joan-antoni-samaranch-has-held-anostalgic-cinema-session-about-futbol\/#breadcrumb","itemListElement":[{"@type":"ListItem","position":1,"name":"FBO","item":"https:\/\/www.fundaciobarcelonaolimpica.es\/es\/"},{"@type":"ListItem","position":2,"name":"El Museu Ol\u00edmpic i de l\u2019Esport Joan Antoni Samaranch has held aNostalgic Cinema Session about futbol."}]},{"@type":"WebSite","@id":"https:\/\/www.fundaciobarcelonaolimpica.es\/ca\/#website","url":"https:\/\/www.fundaciobarcelonaolimpica.es\/ca\/","name":"Fundaci\u00f3 Barcelona Ol\u00edmpica","description":"Web del Museu Ol\u00edmpic i de l&#039;Esport","publisher":{"@id":"https:\/\/www.fundaciobarcelonaolimpica.es\/ca\/#organization"},"potentialAction":[{"@type":"SearchAction","target":{"@type":"EntryPoint","urlTemplate":"https:\/\/www.fundaciobarcelonaolimpica.es\/ca\/?s={search_term_string}"},"query-input":{"@type":"PropertyValueSpecification","valueRequired":true,"valueName":"search_term_string"}}],"inLanguage":"en-US"},{"@type":"Organization","@id":"https:\/\/www.fundaciobarcelonaolimpica.es\/ca\/#organization","name":"Fundaci\u00f3 Barcelona Ol\u00edmpica","url":"https:\/\/www.fundaciobarcelonaolimpica.es\/ca\/","logo":{"@type":"ImageObject","inLanguage":"en-US","@id":"https:\/\/www.fundaciobarcelonaolimpica.es\/ca\/#\/schema\/logo\/image\/","url":"https:\/\/www.fundaciobarcelonaolimpica.es\/wp-content\/uploads\/sites\/3\/2019\/02\/logo-fundacio.svg","contentUrl":"https:\/\/www.fundaciobarcelonaolimpica.es\/wp-content\/uploads\/sites\/3\/2019\/02\/logo-fundacio.svg","caption":"Fundaci\u00f3 Barcelona Ol\u00edmpica"},"image":{"@id":"https:\/\/www.fundaciobarcelonaolimpica.es\/ca\/#\/schema\/logo\/image\/"}},{"@type":"Person","@id":"https:\/\/www.fundaciobarcelonaolimpica.es\/ca\/#\/schema\/person\/d05705664e87aa04c6ce53d48133fb39","name":"useradmin","url":"https:\/\/www.fundaciobarcelonaolimpica.es\/en\/author\/useradmin\/"}]}},"_links":{"self":[{"href":"https:\/\/www.fundaciobarcelonaolimpica.es\/en\/wp-json\/wp\/v2\/posts\/3297"}],"collection":[{"href":"https:\/\/www.fundaciobarcelonaolimpica.es\/en\/wp-json\/wp\/v2\/posts"}],"about":[{"href":"https:\/\/www.fundaciobarcelonaolimpica.es\/en\/wp-json\/wp\/v2\/types\/post"}],"author":[{"embeddable":true,"href":"https:\/\/www.fundaciobarcelonaolimpica.es\/en\/wp-json\/wp\/v2\/users\/1"}],"replies":[{"embeddable":true,"href":"https:\/\/www.fundaciobarcelonaolimpica.es\/en\/wp-json\/wp\/v2\/comments?post=3297"}],"version-history":[{"count":0,"href":"https:\/\/www.fundaciobarcelonaolimpica.es\/en\/wp-json\/wp\/v2\/posts\/3297\/revisions"}],"wp:attachment":[{"href":"https:\/\/www.fundaciobarcelonaolimpica.es\/en\/wp-json\/wp\/v2\/media?parent=3297"}],"wp:term":[{"taxonomy":"category","embeddable":true,"href":"https:\/\/www.fundaciobarcelonaolimpica.es\/en\/wp-json\/wp\/v2\/categories?post=3297"},{"taxonomy":"post_tag","embeddable":true,"href":"https:\/\/www.fundaciobarcelonaolimpica.es\/en\/wp-json\/wp\/v2\/tags?post=3297"}],"curies":[{"name":"wp","href":"https:\/\/api.w.org\/{rel}","templated":true}]}}