{"id":5660,"date":"2012-10-15T00:00:00","date_gmt":"2012-10-14T22:00:00","guid":{"rendered":"http:\/\/dev.fundaciobarcelonaolimpica.es\/the-international-association-of-athletics-federations-iaaf-marked-its-centenary-with-the-launch-of-the-exhibition-100-years-of-athletics-excellence-at-barcelonas-olympic-museum\/"},"modified":"2012-10-15T00:00:00","modified_gmt":"2012-10-14T22:00:00","slug":"the-international-association-of-athletics-federations-iaaf-marked-its-centenary-with-the-launch-of-the-exhibition-100-years-of-athletics-excellence-at-barcelonas-olympic-museum","status":"publish","type":"post","link":"https:\/\/www.fundaciobarcelonaolimpica.es\/en\/the-international-association-of-athletics-federations-iaaf-marked-its-centenary-with-the-launch-of-the-exhibition-100-years-of-athletics-excellence-at-barcelonas-olympic-museum\/","title":{"rendered":"The International Association of Athletics Federations (IAAF) marked its centenary with the launch of the exhibition &#8220;100 Years of Athletics Excellence&#8221; at Barcelona&#8217;s Olympic Museum."},"content":{"rendered":"<p>&#8220;100 Years of Athletics Excellence&#8221; featured a remarkable range of striking exhibits from the past 100 years of history, including a replica of the track shoes used by Jesse Owens at the Berlin 1936 Olympics, the originals worn in the 1950s by Emil Zapotek and Fanny Blankers-Koen, and the most modern and sophisticated materials employed by such figures as Usain Bolt.<\/p>\n<p>HRH Prince Albert II of Monaco visited the IAAF centenary exhibition at the Joan Antoni Samaranch Olympic and Sport Museum.<\/p>\n<p>The sporting roll call present at the official delegation of the International Athletics Federation included Javier Sotomayor, Alberto Juantorena, Edwin Moses, Sebastian Coe, Said Aouita, Bob Beamon, Steve Cram, David Rudisha, Pauline Danies and Steve Ovett.<\/p>\n<p>&nbsp;<\/p>\n","protected":false},"excerpt":{"rendered":"<p>Maite Fandos, Deputy Mayor for Quality of Life, Equality and Sport at Barcelona City Council, had the task of hosting the event, accompanied by Lamine Diack, President of the IAAF. The ceremony was also attended by such sporting dignitaries as Jos&eacute; Mar&iacute;a Odriozola, President of the Royal Spanish Athletics Federation, and Joan Villuendas, President of the Catalan Athletics Federation. Other notable guests included Ferm&iacute;b Cacho, Valent&iacute;n Massana and Javier Moracho.<\/p>\n<p>&nbsp;<\/p>\n","protected":false},"author":1,"featured_media":0,"comment_status":"open","ping_status":"open","sticky":false,"template":"","format":"standard","meta":{"_acf_changed":false,"footnotes":""},"categories":[3],"tags":[],"class_list":["post-5660","post","type-post","status-publish","format-standard","hentry","category-uncategorized"],"acf":[],"yoast_head":"<!-- This site is optimized with the Yoast SEO plugin v23.7 - https:\/\/yoast.com\/wordpress\/plugins\/seo\/ -->\n<title>The International Association of Athletics Federations (IAAF) marked its centenary with the launch of the exhibition &quot;100 Years of Athletics Excellence&quot; at Barcelona&#039;s Olympic Museum. - Fundaci\u00f3 Barcelona Ol\u00edmpica<\/title>\n<meta name=\"robots\" content=\"index, follow, max-snippet:-1, max-image-preview:large, max-video-preview:-1\" \/>\n<link rel=\"canonical\" href=\"https:\/\/www.fundaciobarcelonaolimpica.es\/en\/the-international-association-of-athletics-federations-iaaf-marked-its-centenary-with-the-launch-of-the-exhibition-100-years-of-athletics-excellence-at-barcelonas-olympic-museum\/\" \/>\n<meta property=\"og:locale\" content=\"en_US\" \/>\n<meta property=\"og:type\" content=\"article\" \/>\n<meta property=\"og:title\" content=\"The International Association of Athletics Federations (IAAF) marked its centenary with the launch of the exhibition &quot;100 Years of Athletics Excellence&quot; at Barcelona&#039;s Olympic Museum. - Fundaci\u00f3 Barcelona Ol\u00edmpica\" \/>\n<meta property=\"og:description\" content=\"Maite Fandos, Deputy Mayor for Quality of Life, Equality and Sport at Barcelona City Council, had the task of hosting the event, accompanied by Lamine Diack, President of the IAAF. The ceremony was also attended by such sporting dignitaries as Jos&eacute; Mar&iacute;a Odriozola, President of the Royal Spanish Athletics Federation, and Joan Villuendas, President of the Catalan Athletics Federation. Other notable guests included Ferm&iacute;b Cacho, Valent&iacute;n Massana and Javier Moracho. &nbsp;\" \/>\n<meta property=\"og:url\" content=\"https:\/\/www.fundaciobarcelonaolimpica.es\/en\/the-international-association-of-athletics-federations-iaaf-marked-its-centenary-with-the-launch-of-the-exhibition-100-years-of-athletics-excellence-at-barcelonas-olympic-museum\/\" \/>\n<meta property=\"og:site_name\" content=\"Fundaci\u00f3 Barcelona Ol\u00edmpica\" \/>\n<meta property=\"article:published_time\" content=\"2012-10-14T22:00:00+00:00\" \/>\n<meta name=\"author\" content=\"useradmin\" \/>\n<meta name=\"twitter:card\" content=\"summary_large_image\" \/>\n<meta name=\"twitter:label1\" content=\"Written by\" \/>\n\t<meta name=\"twitter:data1\" content=\"useradmin\" \/>\n\t<meta name=\"twitter:label2\" content=\"Est. reading time\" \/>\n\t<meta name=\"twitter:data2\" content=\"1 minute\" \/>\n<script type=\"application\/ld+json\" class=\"yoast-schema-graph\">{\"@context\":\"https:\/\/schema.org\",\"@graph\":[{\"@type\":\"Article\",\"@id\":\"https:\/\/www.fundaciobarcelonaolimpica.es\/en\/the-international-association-of-athletics-federations-iaaf-marked-its-centenary-with-the-launch-of-the-exhibition-100-years-of-athletics-excellence-at-barcelonas-olympic-museum\/#article\",\"isPartOf\":{\"@id\":\"https:\/\/www.fundaciobarcelonaolimpica.es\/en\/the-international-association-of-athletics-federations-iaaf-marked-its-centenary-with-the-launch-of-the-exhibition-100-years-of-athletics-excellence-at-barcelonas-olympic-museum\/\"},\"author\":{\"name\":\"useradmin\",\"@id\":\"https:\/\/www.fundaciobarcelonaolimpica.es\/ca\/#\/schema\/person\/d05705664e87aa04c6ce53d48133fb39\"},\"headline\":\"The International Association of Athletics Federations (IAAF) marked its centenary with the launch of the exhibition &#8220;100 Years of Athletics Excellence&#8221; at Barcelona&#8217;s Olympic Museum.\",\"datePublished\":\"2012-10-14T22:00:00+00:00\",\"dateModified\":\"2012-10-14T22:00:00+00:00\",\"mainEntityOfPage\":{\"@id\":\"https:\/\/www.fundaciobarcelonaolimpica.es\/en\/the-international-association-of-athletics-federations-iaaf-marked-its-centenary-with-the-launch-of-the-exhibition-100-years-of-athletics-excellence-at-barcelonas-olympic-museum\/\"},\"wordCount\":139,\"commentCount\":0,\"publisher\":{\"@id\":\"https:\/\/www.fundaciobarcelonaolimpica.es\/ca\/#organization\"},\"inLanguage\":\"en-US\",\"potentialAction\":[{\"@type\":\"CommentAction\",\"name\":\"Comment\",\"target\":[\"https:\/\/www.fundaciobarcelonaolimpica.es\/en\/the-international-association-of-athletics-federations-iaaf-marked-its-centenary-with-the-launch-of-the-exhibition-100-years-of-athletics-excellence-at-barcelonas-olympic-museum\/#respond\"]}]},{\"@type\":\"WebPage\",\"@id\":\"https:\/\/www.fundaciobarcelonaolimpica.es\/en\/the-international-association-of-athletics-federations-iaaf-marked-its-centenary-with-the-launch-of-the-exhibition-100-years-of-athletics-excellence-at-barcelonas-olympic-museum\/\",\"url\":\"https:\/\/www.fundaciobarcelonaolimpica.es\/en\/the-international-association-of-athletics-federations-iaaf-marked-its-centenary-with-the-launch-of-the-exhibition-100-years-of-athletics-excellence-at-barcelonas-olympic-museum\/\",\"name\":\"The International Association of Athletics Federations (IAAF) marked its centenary with the launch of the exhibition \\\"100 Years of Athletics Excellence\\\" at Barcelona's Olympic Museum. - Fundaci\u00f3 Barcelona Ol\u00edmpica\",\"isPartOf\":{\"@id\":\"https:\/\/www.fundaciobarcelonaolimpica.es\/ca\/#website\"},\"datePublished\":\"2012-10-14T22:00:00+00:00\",\"dateModified\":\"2012-10-14T22:00:00+00:00\",\"breadcrumb\":{\"@id\":\"https:\/\/www.fundaciobarcelonaolimpica.es\/en\/the-international-association-of-athletics-federations-iaaf-marked-its-centenary-with-the-launch-of-the-exhibition-100-years-of-athletics-excellence-at-barcelonas-olympic-museum\/#breadcrumb\"},\"inLanguage\":\"en-US\",\"potentialAction\":[{\"@type\":\"ReadAction\",\"target\":[\"https:\/\/www.fundaciobarcelonaolimpica.es\/en\/the-international-association-of-athletics-federations-iaaf-marked-its-centenary-with-the-launch-of-the-exhibition-100-years-of-athletics-excellence-at-barcelonas-olympic-museum\/\"]}]},{\"@type\":\"BreadcrumbList\",\"@id\":\"https:\/\/www.fundaciobarcelonaolimpica.es\/en\/the-international-association-of-athletics-federations-iaaf-marked-its-centenary-with-the-launch-of-the-exhibition-100-years-of-athletics-excellence-at-barcelonas-olympic-museum\/#breadcrumb\",\"itemListElement\":[{\"@type\":\"ListItem\",\"position\":1,\"name\":\"FBO\",\"item\":\"https:\/\/www.fundaciobarcelonaolimpica.es\/es\/\"},{\"@type\":\"ListItem\",\"position\":2,\"name\":\"The International Association of Athletics Federations (IAAF) marked its centenary with the launch of the exhibition &#8220;100 Years of Athletics Excellence&#8221; at Barcelona&#8217;s Olympic Museum.\"}]},{\"@type\":\"WebSite\",\"@id\":\"https:\/\/www.fundaciobarcelonaolimpica.es\/ca\/#website\",\"url\":\"https:\/\/www.fundaciobarcelonaolimpica.es\/ca\/\",\"name\":\"Fundaci\u00f3 Barcelona Ol\u00edmpica\",\"description\":\"Web del Museu Ol\u00edmpic i de l&#039;Esport\",\"publisher\":{\"@id\":\"https:\/\/www.fundaciobarcelonaolimpica.es\/ca\/#organization\"},\"potentialAction\":[{\"@type\":\"SearchAction\",\"target\":{\"@type\":\"EntryPoint\",\"urlTemplate\":\"https:\/\/www.fundaciobarcelonaolimpica.es\/ca\/?s={search_term_string}\"},\"query-input\":{\"@type\":\"PropertyValueSpecification\",\"valueRequired\":true,\"valueName\":\"search_term_string\"}}],\"inLanguage\":\"en-US\"},{\"@type\":\"Organization\",\"@id\":\"https:\/\/www.fundaciobarcelonaolimpica.es\/ca\/#organization\",\"name\":\"Fundaci\u00f3 Barcelona Ol\u00edmpica\",\"url\":\"https:\/\/www.fundaciobarcelonaolimpica.es\/ca\/\",\"logo\":{\"@type\":\"ImageObject\",\"inLanguage\":\"en-US\",\"@id\":\"https:\/\/www.fundaciobarcelonaolimpica.es\/ca\/#\/schema\/logo\/image\/\",\"url\":\"https:\/\/www.fundaciobarcelonaolimpica.es\/wp-content\/uploads\/sites\/3\/2019\/02\/logo-fundacio.svg\",\"contentUrl\":\"https:\/\/www.fundaciobarcelonaolimpica.es\/wp-content\/uploads\/sites\/3\/2019\/02\/logo-fundacio.svg\",\"caption\":\"Fundaci\u00f3 Barcelona Ol\u00edmpica\"},\"image\":{\"@id\":\"https:\/\/www.fundaciobarcelonaolimpica.es\/ca\/#\/schema\/logo\/image\/\"}},{\"@type\":\"Person\",\"@id\":\"https:\/\/www.fundaciobarcelonaolimpica.es\/ca\/#\/schema\/person\/d05705664e87aa04c6ce53d48133fb39\",\"name\":\"useradmin\",\"url\":\"https:\/\/www.fundaciobarcelonaolimpica.es\/en\/author\/useradmin\/\"}]}<\/script>\n<!-- \/ Yoast SEO plugin. -->","yoast_head_json":{"title":"The International Association of Athletics Federations (IAAF) marked its centenary with the launch of the exhibition \"100 Years of Athletics Excellence\" at Barcelona's Olympic Museum. - Fundaci\u00f3 Barcelona Ol\u00edmpica","robots":{"index":"index","follow":"follow","max-snippet":"max-snippet:-1","max-image-preview":"max-image-preview:large","max-video-preview":"max-video-preview:-1"},"canonical":"https:\/\/www.fundaciobarcelonaolimpica.es\/en\/the-international-association-of-athletics-federations-iaaf-marked-its-centenary-with-the-launch-of-the-exhibition-100-years-of-athletics-excellence-at-barcelonas-olympic-museum\/","og_locale":"en_US","og_type":"article","og_title":"The International Association of Athletics Federations (IAAF) marked its centenary with the launch of the exhibition \"100 Years of Athletics Excellence\" at Barcelona's Olympic Museum. - Fundaci\u00f3 Barcelona Ol\u00edmpica","og_description":"Maite Fandos, Deputy Mayor for Quality of Life, Equality and Sport at Barcelona City Council, had the task of hosting the event, accompanied by Lamine Diack, President of the IAAF. The ceremony was also attended by such sporting dignitaries as Jos&eacute; Mar&iacute;a Odriozola, President of the Royal Spanish Athletics Federation, and Joan Villuendas, President of the Catalan Athletics Federation. Other notable guests included Ferm&iacute;b Cacho, Valent&iacute;n Massana and Javier Moracho. &nbsp;","og_url":"https:\/\/www.fundaciobarcelonaolimpica.es\/en\/the-international-association-of-athletics-federations-iaaf-marked-its-centenary-with-the-launch-of-the-exhibition-100-years-of-athletics-excellence-at-barcelonas-olympic-museum\/","og_site_name":"Fundaci\u00f3 Barcelona Ol\u00edmpica","article_published_time":"2012-10-14T22:00:00+00:00","author":"useradmin","twitter_card":"summary_large_image","twitter_misc":{"Written by":"useradmin","Est. reading time":"1 minute"},"schema":{"@context":"https:\/\/schema.org","@graph":[{"@type":"Article","@id":"https:\/\/www.fundaciobarcelonaolimpica.es\/en\/the-international-association-of-athletics-federations-iaaf-marked-its-centenary-with-the-launch-of-the-exhibition-100-years-of-athletics-excellence-at-barcelonas-olympic-museum\/#article","isPartOf":{"@id":"https:\/\/www.fundaciobarcelonaolimpica.es\/en\/the-international-association-of-athletics-federations-iaaf-marked-its-centenary-with-the-launch-of-the-exhibition-100-years-of-athletics-excellence-at-barcelonas-olympic-museum\/"},"author":{"name":"useradmin","@id":"https:\/\/www.fundaciobarcelonaolimpica.es\/ca\/#\/schema\/person\/d05705664e87aa04c6ce53d48133fb39"},"headline":"The International Association of Athletics Federations (IAAF) marked its centenary with the launch of the exhibition &#8220;100 Years of Athletics Excellence&#8221; at Barcelona&#8217;s Olympic Museum.","datePublished":"2012-10-14T22:00:00+00:00","dateModified":"2012-10-14T22:00:00+00:00","mainEntityOfPage":{"@id":"https:\/\/www.fundaciobarcelonaolimpica.es\/en\/the-international-association-of-athletics-federations-iaaf-marked-its-centenary-with-the-launch-of-the-exhibition-100-years-of-athletics-excellence-at-barcelonas-olympic-museum\/"},"wordCount":139,"commentCount":0,"publisher":{"@id":"https:\/\/www.fundaciobarcelonaolimpica.es\/ca\/#organization"},"inLanguage":"en-US","potentialAction":[{"@type":"CommentAction","name":"Comment","target":["https:\/\/www.fundaciobarcelonaolimpica.es\/en\/the-international-association-of-athletics-federations-iaaf-marked-its-centenary-with-the-launch-of-the-exhibition-100-years-of-athletics-excellence-at-barcelonas-olympic-museum\/#respond"]}]},{"@type":"WebPage","@id":"https:\/\/www.fundaciobarcelonaolimpica.es\/en\/the-international-association-of-athletics-federations-iaaf-marked-its-centenary-with-the-launch-of-the-exhibition-100-years-of-athletics-excellence-at-barcelonas-olympic-museum\/","url":"https:\/\/www.fundaciobarcelonaolimpica.es\/en\/the-international-association-of-athletics-federations-iaaf-marked-its-centenary-with-the-launch-of-the-exhibition-100-years-of-athletics-excellence-at-barcelonas-olympic-museum\/","name":"The International Association of Athletics Federations (IAAF) marked its centenary with the launch of the exhibition \"100 Years of Athletics Excellence\" at Barcelona's Olympic Museum. - Fundaci\u00f3 Barcelona Ol\u00edmpica","isPartOf":{"@id":"https:\/\/www.fundaciobarcelonaolimpica.es\/ca\/#website"},"datePublished":"2012-10-14T22:00:00+00:00","dateModified":"2012-10-14T22:00:00+00:00","breadcrumb":{"@id":"https:\/\/www.fundaciobarcelonaolimpica.es\/en\/the-international-association-of-athletics-federations-iaaf-marked-its-centenary-with-the-launch-of-the-exhibition-100-years-of-athletics-excellence-at-barcelonas-olympic-museum\/#breadcrumb"},"inLanguage":"en-US","potentialAction":[{"@type":"ReadAction","target":["https:\/\/www.fundaciobarcelonaolimpica.es\/en\/the-international-association-of-athletics-federations-iaaf-marked-its-centenary-with-the-launch-of-the-exhibition-100-years-of-athletics-excellence-at-barcelonas-olympic-museum\/"]}]},{"@type":"BreadcrumbList","@id":"https:\/\/www.fundaciobarcelonaolimpica.es\/en\/the-international-association-of-athletics-federations-iaaf-marked-its-centenary-with-the-launch-of-the-exhibition-100-years-of-athletics-excellence-at-barcelonas-olympic-museum\/#breadcrumb","itemListElement":[{"@type":"ListItem","position":1,"name":"FBO","item":"https:\/\/www.fundaciobarcelonaolimpica.es\/es\/"},{"@type":"ListItem","position":2,"name":"The International Association of Athletics Federations (IAAF) marked its centenary with the launch of the exhibition &#8220;100 Years of Athletics Excellence&#8221; at Barcelona&#8217;s Olympic Museum."}]},{"@type":"WebSite","@id":"https:\/\/www.fundaciobarcelonaolimpica.es\/ca\/#website","url":"https:\/\/www.fundaciobarcelonaolimpica.es\/ca\/","name":"Fundaci\u00f3 Barcelona Ol\u00edmpica","description":"Web del Museu Ol\u00edmpic i de l&#039;Esport","publisher":{"@id":"https:\/\/www.fundaciobarcelonaolimpica.es\/ca\/#organization"},"potentialAction":[{"@type":"SearchAction","target":{"@type":"EntryPoint","urlTemplate":"https:\/\/www.fundaciobarcelonaolimpica.es\/ca\/?s={search_term_string}"},"query-input":{"@type":"PropertyValueSpecification","valueRequired":true,"valueName":"search_term_string"}}],"inLanguage":"en-US"},{"@type":"Organization","@id":"https:\/\/www.fundaciobarcelonaolimpica.es\/ca\/#organization","name":"Fundaci\u00f3 Barcelona Ol\u00edmpica","url":"https:\/\/www.fundaciobarcelonaolimpica.es\/ca\/","logo":{"@type":"ImageObject","inLanguage":"en-US","@id":"https:\/\/www.fundaciobarcelonaolimpica.es\/ca\/#\/schema\/logo\/image\/","url":"https:\/\/www.fundaciobarcelonaolimpica.es\/wp-content\/uploads\/sites\/3\/2019\/02\/logo-fundacio.svg","contentUrl":"https:\/\/www.fundaciobarcelonaolimpica.es\/wp-content\/uploads\/sites\/3\/2019\/02\/logo-fundacio.svg","caption":"Fundaci\u00f3 Barcelona Ol\u00edmpica"},"image":{"@id":"https:\/\/www.fundaciobarcelonaolimpica.es\/ca\/#\/schema\/logo\/image\/"}},{"@type":"Person","@id":"https:\/\/www.fundaciobarcelonaolimpica.es\/ca\/#\/schema\/person\/d05705664e87aa04c6ce53d48133fb39","name":"useradmin","url":"https:\/\/www.fundaciobarcelonaolimpica.es\/en\/author\/useradmin\/"}]}},"_links":{"self":[{"href":"https:\/\/www.fundaciobarcelonaolimpica.es\/en\/wp-json\/wp\/v2\/posts\/5660"}],"collection":[{"href":"https:\/\/www.fundaciobarcelonaolimpica.es\/en\/wp-json\/wp\/v2\/posts"}],"about":[{"href":"https:\/\/www.fundaciobarcelonaolimpica.es\/en\/wp-json\/wp\/v2\/types\/post"}],"author":[{"embeddable":true,"href":"https:\/\/www.fundaciobarcelonaolimpica.es\/en\/wp-json\/wp\/v2\/users\/1"}],"replies":[{"embeddable":true,"href":"https:\/\/www.fundaciobarcelonaolimpica.es\/en\/wp-json\/wp\/v2\/comments?post=5660"}],"version-history":[{"count":0,"href":"https:\/\/www.fundaciobarcelonaolimpica.es\/en\/wp-json\/wp\/v2\/posts\/5660\/revisions"}],"wp:attachment":[{"href":"https:\/\/www.fundaciobarcelonaolimpica.es\/en\/wp-json\/wp\/v2\/media?parent=5660"}],"wp:term":[{"taxonomy":"category","embeddable":true,"href":"https:\/\/www.fundaciobarcelonaolimpica.es\/en\/wp-json\/wp\/v2\/categories?post=5660"},{"taxonomy":"post_tag","embeddable":true,"href":"https:\/\/www.fundaciobarcelonaolimpica.es\/en\/wp-json\/wp\/v2\/tags?post=5660"}],"curies":[{"name":"wp","href":"https:\/\/api.w.org\/{rel}","templated":true}]}}