{"id":18570,"date":"2017-10-26T10:43:24","date_gmt":"2017-10-26T08:43:24","guid":{"rendered":"https:\/\/dev.fbolimpica.es\/?p=18570"},"modified":"2019-07-16T12:19:04","modified_gmt":"2019-07-16T10:19:04","slug":"pere-miro-director-adjunto-del-cio-abre-la-jornada-del-xii-forum-olimpico-dedicado-al-25-aniversario-de-barcelona92","status":"publish","type":"post","link":"https:\/\/www.fundaciobarcelonaolimpica.es\/es\/pere-miro-director-adjunto-del-cio-abre-la-jornada-del-xii-forum-olimpico-dedicado-al-25-aniversario-de-barcelona92\/","title":{"rendered":"Pere Mir\u00f3, director adjunto del CIO, abre la jornada del XII F\u00f3rum Ol\u00edmpico dedicado al 25 aniversario de Barcelona\u201992"},"content":{"rendered":"<p>Pere Mir\u00f3 ha destacado la importancia de la Agenda 2020 que establece la estrategia a seguir por el Comit\u00e9 Internacional Ol\u00edmpico para el futuro del movimiento ol\u00edmpico. La Agenda 2020 fue adoptada por el CIO en diciembre del 2014 y establece directrices y objetivos de los Juegos Ol\u00edmpicos. Aspectos tales como que los Juegos tienen que ser \u00fatiles para el deporte y la sociedad, la sostenibilidad y el medio ambiente, y el uso de las instalaciones una vez finalizados los Juegos son algunos de los puntos m\u00e1s importantes que Pere Mir\u00f3 ha destacado en su ponencia.<\/p>\n<p>A continuaci\u00f3n, Washington Fajardo, arquitecto de R\u00edo de Janeiro, nos ha explicado c\u00f3mo desde el Ayuntamiento de R\u00edo se ten\u00eda como objetivo mejorar y mantener el patrimonio hist\u00f3rico de la ciudad, tal como establece la Agenda 2020. Para ello, se dieron grandes facilidades a los propietarios para que restaurasen sus casas poniendo en valor un tesoro cultural. Esta acci\u00f3n se inspir\u00f3 en la campa\u00f1a \u201cBarcelona, posa\u2019t guapa\u201d que el Ayuntamiento de Barcelona lanz\u00f3 a mediados de los a\u00f1os 80.<\/p>\n<p>Manteniendo esta l\u00ednea, Enric Tru\u00f1\u00f3, regidor de deportes del Ayuntamiento de Barcelona y de los JJ.OO. 1992, ha explicado c\u00f3mo, con el fin de concienciar al ciudadano, se pusieron en marcha campa\u00f1as como \u201cDeporte para todos\u201d o la de voluntarios para los JJ.OO.; esto implic\u00f3 que la ciudadan\u00eda se involucrase y adoptase los JJ.OO. como suyos y la importancia del deporte. Este sentimiento sigue vigente en Barcelona a d\u00eda de hoy.<\/p>\n<p>Llu\u00eds Millet, arquitecto responsable del departamento de Infraestructuras del COOB\u201992, ha descubierto algunas de las grandes pautas en la reestructuraci\u00f3n de Barcelona y de las infraestructuras, un arduo trabajo que se hizo mirando m\u00e1s all\u00e1 del \u201992.<\/p>\n<p>La jornada del jueves 26 de octubre ha concluido con la mesa redonda de ciudades ol\u00edmpicas donde Anders Lindstad, profesor de la Universidad noruega \u201cLillehammer University College\u201d, Kostas Georgiadis, profesor de la universidad griega \u201cPeloponeso University\u201d y delegado de la Academia Ol\u00edmpica Internacional y Simon Cooper, director de deportes del Ayuntamiento de Londres, coordinados por Josep Roca, responsable de proyectos de Barcelona Activa, han tratado aquellos aspectos positivos y negativos de la organizaci\u00f3n de los Juegos y c\u00f3mo a d\u00eda de hoy se est\u00e1n tratando para solventar o potenciar sus consecuencias.<\/p>\n","protected":false},"excerpt":{"rendered":"<p>La bienvenida oficial fue a cargo de David Escud\u00e9, presidente de la Fundaci\u00f3 Barcelona Ol\u00edmpica y comisionado de Deportes del Ayuntamiento de Barcelona; Jordi Sol\u00e1, director del INEF Catalu\u00f1a; Gerard Figueras, Secretario General del Deporte de Catalu\u00f1a; Victoria Cabezas, Secretaria General del COE y Gerard Esteva, presidente de la UFEC.<\/p>\n","protected":false},"author":10,"featured_media":18580,"comment_status":"closed","ping_status":"closed","sticky":false,"template":"","format":"standard","meta":{"_acf_changed":false,"footnotes":""},"categories":[1],"tags":[],"class_list":["post-18570","post","type-post","status-publish","format-standard","has-post-thumbnail","hentry","category-sin-categorizar"],"acf":[],"yoast_head":"<!-- This site is optimized with the Yoast SEO plugin v23.7 - https:\/\/yoast.com\/wordpress\/plugins\/seo\/ -->\n<title>Pere Mir\u00f3, director adjunto del CIO, abre la jornada del XII F\u00f3rum Ol\u00edmpico dedicado al 25 aniversario de Barcelona\u201992 - Fundaci\u00f3 Barcelona Ol\u00edmpica<\/title>\n<meta name=\"robots\" content=\"index, follow, max-snippet:-1, max-image-preview:large, max-video-preview:-1\" \/>\n<link rel=\"canonical\" href=\"https:\/\/www.fundaciobarcelonaolimpica.es\/es\/pere-miro-director-adjunto-del-cio-abre-la-jornada-del-xii-forum-olimpico-dedicado-al-25-aniversario-de-barcelona92\/\" \/>\n<meta property=\"og:locale\" content=\"es_ES\" \/>\n<meta property=\"og:type\" content=\"article\" \/>\n<meta property=\"og:title\" content=\"Pere Mir\u00f3, director adjunto del CIO, abre la jornada del XII F\u00f3rum Ol\u00edmpico dedicado al 25 aniversario de Barcelona\u201992 - Fundaci\u00f3 Barcelona Ol\u00edmpica\" \/>\n<meta property=\"og:description\" content=\"La bienvenida oficial fue a cargo de David Escud\u00e9, presidente de la Fundaci\u00f3 Barcelona Ol\u00edmpica y comisionado de Deportes del Ayuntamiento de Barcelona; Jordi Sol\u00e1, director del INEF Catalu\u00f1a; Gerard Figueras, Secretario General del Deporte de Catalu\u00f1a; Victoria Cabezas, Secretaria General del COE y Gerard Esteva, presidente de la UFEC.\" \/>\n<meta property=\"og:url\" content=\"https:\/\/www.fundaciobarcelonaolimpica.es\/es\/pere-miro-director-adjunto-del-cio-abre-la-jornada-del-xii-forum-olimpico-dedicado-al-25-aniversario-de-barcelona92\/\" \/>\n<meta property=\"og:site_name\" content=\"Fundaci\u00f3 Barcelona Ol\u00edmpica\" \/>\n<meta property=\"article:published_time\" content=\"2017-10-26T08:43:24+00:00\" \/>\n<meta property=\"article:modified_time\" content=\"2019-07-16T10:19:04+00:00\" \/>\n<meta property=\"og:image\" content=\"https:\/\/www.fundaciobarcelonaolimpica.es\/wp-content\/uploads\/sites\/3\/2019\/07\/FORUM_Olimpic-Pere_Miro-3.jpg\" \/>\n\t<meta property=\"og:image:width\" content=\"1000\" \/>\n\t<meta property=\"og:image:height\" content=\"652\" \/>\n\t<meta property=\"og:image:type\" content=\"image\/jpeg\" \/>\n<meta name=\"author\" content=\"editor\" \/>\n<meta name=\"twitter:card\" content=\"summary_large_image\" \/>\n<meta name=\"twitter:label1\" content=\"Escrito por\" \/>\n\t<meta name=\"twitter:data1\" content=\"editor\" \/>\n\t<meta name=\"twitter:label2\" content=\"Tiempo de lectura\" \/>\n\t<meta name=\"twitter:data2\" content=\"2 minutos\" \/>\n<script type=\"application\/ld+json\" class=\"yoast-schema-graph\">{\"@context\":\"https:\/\/schema.org\",\"@graph\":[{\"@type\":\"Article\",\"@id\":\"https:\/\/www.fundaciobarcelonaolimpica.es\/es\/pere-miro-director-adjunto-del-cio-abre-la-jornada-del-xii-forum-olimpico-dedicado-al-25-aniversario-de-barcelona92\/#article\",\"isPartOf\":{\"@id\":\"https:\/\/www.fundaciobarcelonaolimpica.es\/es\/pere-miro-director-adjunto-del-cio-abre-la-jornada-del-xii-forum-olimpico-dedicado-al-25-aniversario-de-barcelona92\/\"},\"author\":{\"name\":\"editor\",\"@id\":\"https:\/\/www.fundaciobarcelonaolimpica.es\/ca\/#\/schema\/person\/27fb3ca248933c27f53014c648c3b103\"},\"headline\":\"Pere Mir\u00f3, director adjunto del CIO, abre la jornada del XII F\u00f3rum Ol\u00edmpico dedicado al 25 aniversario de Barcelona\u201992\",\"datePublished\":\"2017-10-26T08:43:24+00:00\",\"dateModified\":\"2019-07-16T10:19:04+00:00\",\"mainEntityOfPage\":{\"@id\":\"https:\/\/www.fundaciobarcelonaolimpica.es\/es\/pere-miro-director-adjunto-del-cio-abre-la-jornada-del-xii-forum-olimpico-dedicado-al-25-aniversario-de-barcelona92\/\"},\"wordCount\":417,\"publisher\":{\"@id\":\"https:\/\/www.fundaciobarcelonaolimpica.es\/ca\/#organization\"},\"image\":{\"@id\":\"https:\/\/www.fundaciobarcelonaolimpica.es\/es\/pere-miro-director-adjunto-del-cio-abre-la-jornada-del-xii-forum-olimpico-dedicado-al-25-aniversario-de-barcelona92\/#primaryimage\"},\"thumbnailUrl\":\"https:\/\/www.fundaciobarcelonaolimpica.es\/wp-content\/uploads\/sites\/3\/2019\/07\/FORUM_Olimpic-Pere_Miro-3.jpg\",\"articleSection\":[\"Sin categorizar\"],\"inLanguage\":\"es\"},{\"@type\":\"WebPage\",\"@id\":\"https:\/\/www.fundaciobarcelonaolimpica.es\/es\/pere-miro-director-adjunto-del-cio-abre-la-jornada-del-xii-forum-olimpico-dedicado-al-25-aniversario-de-barcelona92\/\",\"url\":\"https:\/\/www.fundaciobarcelonaolimpica.es\/es\/pere-miro-director-adjunto-del-cio-abre-la-jornada-del-xii-forum-olimpico-dedicado-al-25-aniversario-de-barcelona92\/\",\"name\":\"Pere Mir\u00f3, director adjunto del CIO, abre la jornada del XII F\u00f3rum Ol\u00edmpico dedicado al 25 aniversario de Barcelona\u201992 - Fundaci\u00f3 Barcelona Ol\u00edmpica\",\"isPartOf\":{\"@id\":\"https:\/\/www.fundaciobarcelonaolimpica.es\/ca\/#website\"},\"primaryImageOfPage\":{\"@id\":\"https:\/\/www.fundaciobarcelonaolimpica.es\/es\/pere-miro-director-adjunto-del-cio-abre-la-jornada-del-xii-forum-olimpico-dedicado-al-25-aniversario-de-barcelona92\/#primaryimage\"},\"image\":{\"@id\":\"https:\/\/www.fundaciobarcelonaolimpica.es\/es\/pere-miro-director-adjunto-del-cio-abre-la-jornada-del-xii-forum-olimpico-dedicado-al-25-aniversario-de-barcelona92\/#primaryimage\"},\"thumbnailUrl\":\"https:\/\/www.fundaciobarcelonaolimpica.es\/wp-content\/uploads\/sites\/3\/2019\/07\/FORUM_Olimpic-Pere_Miro-3.jpg\",\"datePublished\":\"2017-10-26T08:43:24+00:00\",\"dateModified\":\"2019-07-16T10:19:04+00:00\",\"breadcrumb\":{\"@id\":\"https:\/\/www.fundaciobarcelonaolimpica.es\/es\/pere-miro-director-adjunto-del-cio-abre-la-jornada-del-xii-forum-olimpico-dedicado-al-25-aniversario-de-barcelona92\/#breadcrumb\"},\"inLanguage\":\"es\",\"potentialAction\":[{\"@type\":\"ReadAction\",\"target\":[\"https:\/\/www.fundaciobarcelonaolimpica.es\/es\/pere-miro-director-adjunto-del-cio-abre-la-jornada-del-xii-forum-olimpico-dedicado-al-25-aniversario-de-barcelona92\/\"]}]},{\"@type\":\"ImageObject\",\"inLanguage\":\"es\",\"@id\":\"https:\/\/www.fundaciobarcelonaolimpica.es\/es\/pere-miro-director-adjunto-del-cio-abre-la-jornada-del-xii-forum-olimpico-dedicado-al-25-aniversario-de-barcelona92\/#primaryimage\",\"url\":\"https:\/\/www.fundaciobarcelonaolimpica.es\/wp-content\/uploads\/sites\/3\/2019\/07\/FORUM_Olimpic-Pere_Miro-3.jpg\",\"contentUrl\":\"https:\/\/www.fundaciobarcelonaolimpica.es\/wp-content\/uploads\/sites\/3\/2019\/07\/FORUM_Olimpic-Pere_Miro-3.jpg\",\"width\":1000,\"height\":652},{\"@type\":\"BreadcrumbList\",\"@id\":\"https:\/\/www.fundaciobarcelonaolimpica.es\/es\/pere-miro-director-adjunto-del-cio-abre-la-jornada-del-xii-forum-olimpico-dedicado-al-25-aniversario-de-barcelona92\/#breadcrumb\",\"itemListElement\":[{\"@type\":\"ListItem\",\"position\":1,\"name\":\"FBO\",\"item\":\"https:\/\/www.fundaciobarcelonaolimpica.es\/es\/\"},{\"@type\":\"ListItem\",\"position\":2,\"name\":\"Pere Mir\u00f3, director adjunto del CIO, abre la jornada del XII F\u00f3rum Ol\u00edmpico dedicado al 25 aniversario de Barcelona\u201992\"}]},{\"@type\":\"WebSite\",\"@id\":\"https:\/\/www.fundaciobarcelonaolimpica.es\/ca\/#website\",\"url\":\"https:\/\/www.fundaciobarcelonaolimpica.es\/ca\/\",\"name\":\"Fundaci\u00f3 Barcelona Ol\u00edmpica\",\"description\":\"Web del Museu Ol\u00edmpic i de l&#039;Esport\",\"publisher\":{\"@id\":\"https:\/\/www.fundaciobarcelonaolimpica.es\/ca\/#organization\"},\"potentialAction\":[{\"@type\":\"SearchAction\",\"target\":{\"@type\":\"EntryPoint\",\"urlTemplate\":\"https:\/\/www.fundaciobarcelonaolimpica.es\/ca\/?s={search_term_string}\"},\"query-input\":{\"@type\":\"PropertyValueSpecification\",\"valueRequired\":true,\"valueName\":\"search_term_string\"}}],\"inLanguage\":\"es\"},{\"@type\":\"Organization\",\"@id\":\"https:\/\/www.fundaciobarcelonaolimpica.es\/ca\/#organization\",\"name\":\"Fundaci\u00f3 Barcelona Ol\u00edmpica\",\"url\":\"https:\/\/www.fundaciobarcelonaolimpica.es\/ca\/\",\"logo\":{\"@type\":\"ImageObject\",\"inLanguage\":\"es\",\"@id\":\"https:\/\/www.fundaciobarcelonaolimpica.es\/ca\/#\/schema\/logo\/image\/\",\"url\":\"https:\/\/www.fundaciobarcelonaolimpica.es\/wp-content\/uploads\/sites\/3\/2019\/02\/logo-fundacio.svg\",\"contentUrl\":\"https:\/\/www.fundaciobarcelonaolimpica.es\/wp-content\/uploads\/sites\/3\/2019\/02\/logo-fundacio.svg\",\"caption\":\"Fundaci\u00f3 Barcelona Ol\u00edmpica\"},\"image\":{\"@id\":\"https:\/\/www.fundaciobarcelonaolimpica.es\/ca\/#\/schema\/logo\/image\/\"}},{\"@type\":\"Person\",\"@id\":\"https:\/\/www.fundaciobarcelonaolimpica.es\/ca\/#\/schema\/person\/27fb3ca248933c27f53014c648c3b103\",\"name\":\"editor\",\"url\":\"https:\/\/www.fundaciobarcelonaolimpica.es\/es\/author\/editor\/\"}]}<\/script>\n<!-- \/ Yoast SEO plugin. -->","yoast_head_json":{"title":"Pere Mir\u00f3, director adjunto del CIO, abre la jornada del XII F\u00f3rum Ol\u00edmpico dedicado al 25 aniversario de Barcelona\u201992 - Fundaci\u00f3 Barcelona Ol\u00edmpica","robots":{"index":"index","follow":"follow","max-snippet":"max-snippet:-1","max-image-preview":"max-image-preview:large","max-video-preview":"max-video-preview:-1"},"canonical":"https:\/\/www.fundaciobarcelonaolimpica.es\/es\/pere-miro-director-adjunto-del-cio-abre-la-jornada-del-xii-forum-olimpico-dedicado-al-25-aniversario-de-barcelona92\/","og_locale":"es_ES","og_type":"article","og_title":"Pere Mir\u00f3, director adjunto del CIO, abre la jornada del XII F\u00f3rum Ol\u00edmpico dedicado al 25 aniversario de Barcelona\u201992 - Fundaci\u00f3 Barcelona Ol\u00edmpica","og_description":"La bienvenida oficial fue a cargo de David Escud\u00e9, presidente de la Fundaci\u00f3 Barcelona Ol\u00edmpica y comisionado de Deportes del Ayuntamiento de Barcelona; Jordi Sol\u00e1, director del INEF Catalu\u00f1a; Gerard Figueras, Secretario General del Deporte de Catalu\u00f1a; Victoria Cabezas, Secretaria General del COE y Gerard Esteva, presidente de la UFEC.","og_url":"https:\/\/www.fundaciobarcelonaolimpica.es\/es\/pere-miro-director-adjunto-del-cio-abre-la-jornada-del-xii-forum-olimpico-dedicado-al-25-aniversario-de-barcelona92\/","og_site_name":"Fundaci\u00f3 Barcelona Ol\u00edmpica","article_published_time":"2017-10-26T08:43:24+00:00","article_modified_time":"2019-07-16T10:19:04+00:00","og_image":[{"width":1000,"height":652,"url":"https:\/\/www.fundaciobarcelonaolimpica.es\/wp-content\/uploads\/sites\/3\/2019\/07\/FORUM_Olimpic-Pere_Miro-3.jpg","type":"image\/jpeg"}],"author":"editor","twitter_card":"summary_large_image","twitter_misc":{"Escrito por":"editor","Tiempo de lectura":"2 minutos"},"schema":{"@context":"https:\/\/schema.org","@graph":[{"@type":"Article","@id":"https:\/\/www.fundaciobarcelonaolimpica.es\/es\/pere-miro-director-adjunto-del-cio-abre-la-jornada-del-xii-forum-olimpico-dedicado-al-25-aniversario-de-barcelona92\/#article","isPartOf":{"@id":"https:\/\/www.fundaciobarcelonaolimpica.es\/es\/pere-miro-director-adjunto-del-cio-abre-la-jornada-del-xii-forum-olimpico-dedicado-al-25-aniversario-de-barcelona92\/"},"author":{"name":"editor","@id":"https:\/\/www.fundaciobarcelonaolimpica.es\/ca\/#\/schema\/person\/27fb3ca248933c27f53014c648c3b103"},"headline":"Pere Mir\u00f3, director adjunto del CIO, abre la jornada del XII F\u00f3rum Ol\u00edmpico dedicado al 25 aniversario de Barcelona\u201992","datePublished":"2017-10-26T08:43:24+00:00","dateModified":"2019-07-16T10:19:04+00:00","mainEntityOfPage":{"@id":"https:\/\/www.fundaciobarcelonaolimpica.es\/es\/pere-miro-director-adjunto-del-cio-abre-la-jornada-del-xii-forum-olimpico-dedicado-al-25-aniversario-de-barcelona92\/"},"wordCount":417,"publisher":{"@id":"https:\/\/www.fundaciobarcelonaolimpica.es\/ca\/#organization"},"image":{"@id":"https:\/\/www.fundaciobarcelonaolimpica.es\/es\/pere-miro-director-adjunto-del-cio-abre-la-jornada-del-xii-forum-olimpico-dedicado-al-25-aniversario-de-barcelona92\/#primaryimage"},"thumbnailUrl":"https:\/\/www.fundaciobarcelonaolimpica.es\/wp-content\/uploads\/sites\/3\/2019\/07\/FORUM_Olimpic-Pere_Miro-3.jpg","articleSection":["Sin categorizar"],"inLanguage":"es"},{"@type":"WebPage","@id":"https:\/\/www.fundaciobarcelonaolimpica.es\/es\/pere-miro-director-adjunto-del-cio-abre-la-jornada-del-xii-forum-olimpico-dedicado-al-25-aniversario-de-barcelona92\/","url":"https:\/\/www.fundaciobarcelonaolimpica.es\/es\/pere-miro-director-adjunto-del-cio-abre-la-jornada-del-xii-forum-olimpico-dedicado-al-25-aniversario-de-barcelona92\/","name":"Pere Mir\u00f3, director adjunto del CIO, abre la jornada del XII F\u00f3rum Ol\u00edmpico dedicado al 25 aniversario de Barcelona\u201992 - Fundaci\u00f3 Barcelona Ol\u00edmpica","isPartOf":{"@id":"https:\/\/www.fundaciobarcelonaolimpica.es\/ca\/#website"},"primaryImageOfPage":{"@id":"https:\/\/www.fundaciobarcelonaolimpica.es\/es\/pere-miro-director-adjunto-del-cio-abre-la-jornada-del-xii-forum-olimpico-dedicado-al-25-aniversario-de-barcelona92\/#primaryimage"},"image":{"@id":"https:\/\/www.fundaciobarcelonaolimpica.es\/es\/pere-miro-director-adjunto-del-cio-abre-la-jornada-del-xii-forum-olimpico-dedicado-al-25-aniversario-de-barcelona92\/#primaryimage"},"thumbnailUrl":"https:\/\/www.fundaciobarcelonaolimpica.es\/wp-content\/uploads\/sites\/3\/2019\/07\/FORUM_Olimpic-Pere_Miro-3.jpg","datePublished":"2017-10-26T08:43:24+00:00","dateModified":"2019-07-16T10:19:04+00:00","breadcrumb":{"@id":"https:\/\/www.fundaciobarcelonaolimpica.es\/es\/pere-miro-director-adjunto-del-cio-abre-la-jornada-del-xii-forum-olimpico-dedicado-al-25-aniversario-de-barcelona92\/#breadcrumb"},"inLanguage":"es","potentialAction":[{"@type":"ReadAction","target":["https:\/\/www.fundaciobarcelonaolimpica.es\/es\/pere-miro-director-adjunto-del-cio-abre-la-jornada-del-xii-forum-olimpico-dedicado-al-25-aniversario-de-barcelona92\/"]}]},{"@type":"ImageObject","inLanguage":"es","@id":"https:\/\/www.fundaciobarcelonaolimpica.es\/es\/pere-miro-director-adjunto-del-cio-abre-la-jornada-del-xii-forum-olimpico-dedicado-al-25-aniversario-de-barcelona92\/#primaryimage","url":"https:\/\/www.fundaciobarcelonaolimpica.es\/wp-content\/uploads\/sites\/3\/2019\/07\/FORUM_Olimpic-Pere_Miro-3.jpg","contentUrl":"https:\/\/www.fundaciobarcelonaolimpica.es\/wp-content\/uploads\/sites\/3\/2019\/07\/FORUM_Olimpic-Pere_Miro-3.jpg","width":1000,"height":652},{"@type":"BreadcrumbList","@id":"https:\/\/www.fundaciobarcelonaolimpica.es\/es\/pere-miro-director-adjunto-del-cio-abre-la-jornada-del-xii-forum-olimpico-dedicado-al-25-aniversario-de-barcelona92\/#breadcrumb","itemListElement":[{"@type":"ListItem","position":1,"name":"FBO","item":"https:\/\/www.fundaciobarcelonaolimpica.es\/es\/"},{"@type":"ListItem","position":2,"name":"Pere Mir\u00f3, director adjunto del CIO, abre la jornada del XII F\u00f3rum Ol\u00edmpico dedicado al 25 aniversario de Barcelona\u201992"}]},{"@type":"WebSite","@id":"https:\/\/www.fundaciobarcelonaolimpica.es\/ca\/#website","url":"https:\/\/www.fundaciobarcelonaolimpica.es\/ca\/","name":"Fundaci\u00f3 Barcelona Ol\u00edmpica","description":"Web del Museu Ol\u00edmpic i de l&#039;Esport","publisher":{"@id":"https:\/\/www.fundaciobarcelonaolimpica.es\/ca\/#organization"},"potentialAction":[{"@type":"SearchAction","target":{"@type":"EntryPoint","urlTemplate":"https:\/\/www.fundaciobarcelonaolimpica.es\/ca\/?s={search_term_string}"},"query-input":{"@type":"PropertyValueSpecification","valueRequired":true,"valueName":"search_term_string"}}],"inLanguage":"es"},{"@type":"Organization","@id":"https:\/\/www.fundaciobarcelonaolimpica.es\/ca\/#organization","name":"Fundaci\u00f3 Barcelona Ol\u00edmpica","url":"https:\/\/www.fundaciobarcelonaolimpica.es\/ca\/","logo":{"@type":"ImageObject","inLanguage":"es","@id":"https:\/\/www.fundaciobarcelonaolimpica.es\/ca\/#\/schema\/logo\/image\/","url":"https:\/\/www.fundaciobarcelonaolimpica.es\/wp-content\/uploads\/sites\/3\/2019\/02\/logo-fundacio.svg","contentUrl":"https:\/\/www.fundaciobarcelonaolimpica.es\/wp-content\/uploads\/sites\/3\/2019\/02\/logo-fundacio.svg","caption":"Fundaci\u00f3 Barcelona Ol\u00edmpica"},"image":{"@id":"https:\/\/www.fundaciobarcelonaolimpica.es\/ca\/#\/schema\/logo\/image\/"}},{"@type":"Person","@id":"https:\/\/www.fundaciobarcelonaolimpica.es\/ca\/#\/schema\/person\/27fb3ca248933c27f53014c648c3b103","name":"editor","url":"https:\/\/www.fundaciobarcelonaolimpica.es\/es\/author\/editor\/"}]}},"_links":{"self":[{"href":"https:\/\/www.fundaciobarcelonaolimpica.es\/es\/wp-json\/wp\/v2\/posts\/18570"}],"collection":[{"href":"https:\/\/www.fundaciobarcelonaolimpica.es\/es\/wp-json\/wp\/v2\/posts"}],"about":[{"href":"https:\/\/www.fundaciobarcelonaolimpica.es\/es\/wp-json\/wp\/v2\/types\/post"}],"author":[{"embeddable":true,"href":"https:\/\/www.fundaciobarcelonaolimpica.es\/es\/wp-json\/wp\/v2\/users\/10"}],"replies":[{"embeddable":true,"href":"https:\/\/www.fundaciobarcelonaolimpica.es\/es\/wp-json\/wp\/v2\/comments?post=18570"}],"version-history":[{"count":2,"href":"https:\/\/www.fundaciobarcelonaolimpica.es\/es\/wp-json\/wp\/v2\/posts\/18570\/revisions"}],"predecessor-version":[{"id":19276,"href":"https:\/\/www.fundaciobarcelonaolimpica.es\/es\/wp-json\/wp\/v2\/posts\/18570\/revisions\/19276"}],"wp:featuredmedia":[{"embeddable":true,"href":"https:\/\/www.fundaciobarcelonaolimpica.es\/es\/wp-json\/wp\/v2\/media\/18580"}],"wp:attachment":[{"href":"https:\/\/www.fundaciobarcelonaolimpica.es\/es\/wp-json\/wp\/v2\/media?parent=18570"}],"wp:term":[{"taxonomy":"category","embeddable":true,"href":"https:\/\/www.fundaciobarcelonaolimpica.es\/es\/wp-json\/wp\/v2\/categories?post=18570"},{"taxonomy":"post_tag","embeddable":true,"href":"https:\/\/www.fundaciobarcelonaolimpica.es\/es\/wp-json\/wp\/v2\/tags?post=18570"}],"curies":[{"name":"wp","href":"https:\/\/api.w.org\/{rel}","templated":true}]}}