{"id":18862,"date":"2015-10-16T15:40:53","date_gmt":"2015-10-16T13:40:53","guid":{"rendered":"https:\/\/dev.fbolimpica.es\/?p=18862"},"modified":"2019-07-16T13:42:46","modified_gmt":"2019-07-16T11:42:46","slug":"ultima-jornada-y-clausura-de-la-xi-edicion-del-forum-olimpic","status":"publish","type":"post","link":"https:\/\/www.fundaciobarcelonaolimpica.es\/es\/ultima-jornada-y-clausura-de-la-xi-edicion-del-forum-olimpic\/","title":{"rendered":"\u00daltima jornada y clausura de la XI edici\u00f3n del F\u00f3rum Ol\u00edmpic"},"content":{"rendered":"<p>La primera de las dos mesas redondas moderada por Mart\u00ed Niub\u00f3, ha estado compuesta por Jes\u00fas de Pablos, director de\u00a0<em>1d3a<\/em>; Jos\u00e9 Antonio Gago,\u00a0<em>Eurescat<\/em>; Alun Evans, de la\u00a0<em>Barcelona World Race, the Game<\/em>\u00a0y Xavier Sabat\u00e9, CEO de\u00a0<em>Bravento<\/em>. Tres empresas especializadas en dar soluciones tecnol\u00f3gicas al sector deportivo a niveles profesionales y amateurs. Las necesidades hacen el desarrollo.<\/p>\n<p>Las tecnolog\u00edas y el patrocinio ha sido la \u00faltima de las mesas redondas de este Forum Ol\u00edmpic.\u00a0 Moderada por Ibone Lallana ha contado con la actuaci\u00f3n de Joan Ant\u00f3n Camu\u00f1as, director de la empresa de asesoramiento\u00a0<em>CRS Sport &amp; Cultura<\/em>; Francisco J. Carballo, director\u00a0<em>de SponsorTo<\/em>\u00a0y\u00a0 Juli\u00e1n Casas, empresario promotor de\u00a0<em>Patrocina un Deportista<\/em>.\u00a0 Los ponentes han mostrado sus ideas y proyectos de lo que ser\u00e1 la forma de supervivencia del deporte. Las nuevas tendencias del patrocino, el\u00a0<em>Crowfunding\u00a0<\/em>\u00a0(micromecenazgo) y el patrocinio interactivo son y ser\u00e1n la forma de supervivencia del deporte y del deportista. Para ello hay que cambiar la mentalidad del p\u00fablico y de las empresas.<\/p>\n<p>Alberto Arag\u00f3n, responsable de la organizaci\u00f3n del evento, ha sido el encargado de cerrar esta XI edici\u00f3n del F\u00f3rum Ol\u00edmpic 2015.<\/p>\n<p><strong>CONCLUSIONES GENERALES DE LA XI EDICI\u00d3N DEL FORUM OL\u00cdMPICO<\/strong><\/p>\n<p>Durante dos d\u00edas hemos disfrutado de 21 ponentes que nos han acercado a la realidad del deporte, que durante la \u00faltima d\u00e9cada ha cambiado gracias a la tecnolog\u00eda.<\/p>\n<p>La sesi\u00f3n destinada a las\u00a0<em>Redes Sociales<\/em>\u00a0nos ha dejado dos ideas claves, la primera que la sociedad quiere formar parte del deporte y que la inmediatez de las redes sociales puede dar lugar a bulos, de ah\u00ed la importancia de contrastar las noticias.<\/p>\n<p>De la misma forma que el individuo ha de saber ser selectivo con el gran n\u00famero de ofertas aplicativas que le ofrece el sector tecnol\u00f3gico-deportivo.<\/p>\n<p>La segunda de las sesiones\u00a0<em>Gesti\u00f3n de eventos e instalaciones<\/em>\u00a0ha estado marcada por los avances de la \u00faltima d\u00e9cada. La tecnolog\u00eda ha hecho que el deporte (deportista) pasivo se convierta en participativo. El espectador interact\u00faa y esto puede llevar a la pr\u00e1ctica activa. La tecnolog\u00eda acerca el producto deporte al individuo y esto genera una necesidad.<\/p>\n<p>Otra de las ideas de esta segunda sesi\u00f3n ha sido el concepto \u201ctiempo\u201d. El tiempo como elemento de valor, la tecnolog\u00eda te hace inmediato lo que antes era un recorrido de larga distancia.<\/p>\n<p>Por \u00faltimo la tercera de las sesiones\u00a0<em>Entretenimiento y patrocinio interactivo<\/em>\u00a0ha destacado la presentaci\u00f3n del Open Camp, un proyecto innovador dentro del sector deportivo cuyo objetivo es hacer l\u00fadico y social la alta competici\u00f3n deportiva. Hacer part\u00edcipe al individuo de las sensaciones del deporte gracias a las nuevas tecnolog\u00edas.<\/p>\n<p>Por \u00faltimo destacar que la gran asignatura pendiente que tiene la tecnolog\u00eda con el deporte es el patrocinio. Achacado m\u00e1s a un tema cultural el\u00a0<em>crowfunding<\/em>\u00a0o el patrocinio interactivo no acaba de asentar sus bases dentro de la financiaci\u00f3n del deporte.<\/p>\n","protected":false},"excerpt":{"rendered":"<p>En la jornada matinal del d\u00eda de hoy ha comenzado de la mano de Paco Medina, director del proyecto Open Camp, el primer parque de atracciones deportivo del mundo donde tecnolog\u00eda y deporte se ponen al servicio del p\u00fablico. Un proyecto ambicioso que ver\u00e1 la luz el pr\u00f3ximo 16\/06\/2016 en la Anilla Ol\u00edmpica de Montju\u00efc y donde el Museu Ol\u00edmpic tendr\u00e1 protagonismo.<\/p>\n","protected":false},"author":10,"featured_media":18872,"comment_status":"closed","ping_status":"closed","sticky":false,"template":"","format":"standard","meta":{"_acf_changed":false,"footnotes":""},"categories":[1],"tags":[],"class_list":["post-18862","post","type-post","status-publish","format-standard","has-post-thumbnail","hentry","category-sin-categorizar"],"acf":[],"yoast_head":"<!-- This site is optimized with the Yoast SEO plugin v23.7 - https:\/\/yoast.com\/wordpress\/plugins\/seo\/ -->\n<title>\u00daltima jornada y clausura de la XI edici\u00f3n del F\u00f3rum Ol\u00edmpic - Fundaci\u00f3 Barcelona Ol\u00edmpica<\/title>\n<meta name=\"robots\" content=\"index, follow, max-snippet:-1, max-image-preview:large, max-video-preview:-1\" \/>\n<link rel=\"canonical\" href=\"https:\/\/www.fundaciobarcelonaolimpica.es\/es\/ultima-jornada-y-clausura-de-la-xi-edicion-del-forum-olimpic\/\" \/>\n<meta property=\"og:locale\" content=\"es_ES\" \/>\n<meta property=\"og:type\" content=\"article\" \/>\n<meta property=\"og:title\" content=\"\u00daltima jornada y clausura de la XI edici\u00f3n del F\u00f3rum Ol\u00edmpic - Fundaci\u00f3 Barcelona Ol\u00edmpica\" \/>\n<meta property=\"og:description\" content=\"En la jornada matinal del d\u00eda de hoy ha comenzado de la mano de Paco Medina, director del proyecto Open Camp, el primer parque de atracciones deportivo del mundo donde tecnolog\u00eda y deporte se ponen al servicio del p\u00fablico. Un proyecto ambicioso que ver\u00e1 la luz el pr\u00f3ximo 16\/06\/2016 en la Anilla Ol\u00edmpica de Montju\u00efc y donde el Museu Ol\u00edmpic tendr\u00e1 protagonismo.\" \/>\n<meta property=\"og:url\" content=\"https:\/\/www.fundaciobarcelonaolimpica.es\/es\/ultima-jornada-y-clausura-de-la-xi-edicion-del-forum-olimpic\/\" \/>\n<meta property=\"og:site_name\" content=\"Fundaci\u00f3 Barcelona Ol\u00edmpica\" \/>\n<meta property=\"article:published_time\" content=\"2015-10-16T13:40:53+00:00\" \/>\n<meta property=\"article:modified_time\" content=\"2019-07-16T11:42:46+00:00\" \/>\n<meta property=\"og:image\" content=\"https:\/\/www.fundaciobarcelonaolimpica.es\/wp-content\/uploads\/sites\/3\/2019\/07\/Forum-Olimpic2015_OpenCamp.jpg\" \/>\n\t<meta property=\"og:image:width\" content=\"600\" \/>\n\t<meta property=\"og:image:height\" content=\"401\" \/>\n\t<meta property=\"og:image:type\" content=\"image\/jpeg\" \/>\n<meta name=\"author\" content=\"editor\" \/>\n<meta name=\"twitter:card\" content=\"summary_large_image\" \/>\n<meta name=\"twitter:label1\" content=\"Escrito por\" \/>\n\t<meta name=\"twitter:data1\" content=\"editor\" \/>\n\t<meta name=\"twitter:label2\" content=\"Tiempo de lectura\" \/>\n\t<meta name=\"twitter:data2\" content=\"3 minutos\" \/>\n<script type=\"application\/ld+json\" class=\"yoast-schema-graph\">{\"@context\":\"https:\/\/schema.org\",\"@graph\":[{\"@type\":\"Article\",\"@id\":\"https:\/\/www.fundaciobarcelonaolimpica.es\/es\/ultima-jornada-y-clausura-de-la-xi-edicion-del-forum-olimpic\/#article\",\"isPartOf\":{\"@id\":\"https:\/\/www.fundaciobarcelonaolimpica.es\/es\/ultima-jornada-y-clausura-de-la-xi-edicion-del-forum-olimpic\/\"},\"author\":{\"name\":\"editor\",\"@id\":\"https:\/\/www.fundaciobarcelonaolimpica.es\/ca\/#\/schema\/person\/27fb3ca248933c27f53014c648c3b103\"},\"headline\":\"\u00daltima jornada y clausura de la XI edici\u00f3n del F\u00f3rum Ol\u00edmpic\",\"datePublished\":\"2015-10-16T13:40:53+00:00\",\"dateModified\":\"2019-07-16T11:42:46+00:00\",\"mainEntityOfPage\":{\"@id\":\"https:\/\/www.fundaciobarcelonaolimpica.es\/es\/ultima-jornada-y-clausura-de-la-xi-edicion-del-forum-olimpic\/\"},\"wordCount\":531,\"publisher\":{\"@id\":\"https:\/\/www.fundaciobarcelonaolimpica.es\/ca\/#organization\"},\"image\":{\"@id\":\"https:\/\/www.fundaciobarcelonaolimpica.es\/es\/ultima-jornada-y-clausura-de-la-xi-edicion-del-forum-olimpic\/#primaryimage\"},\"thumbnailUrl\":\"https:\/\/www.fundaciobarcelonaolimpica.es\/wp-content\/uploads\/sites\/3\/2019\/07\/Forum-Olimpic2015_OpenCamp.jpg\",\"articleSection\":[\"Sin categorizar\"],\"inLanguage\":\"es\"},{\"@type\":\"WebPage\",\"@id\":\"https:\/\/www.fundaciobarcelonaolimpica.es\/es\/ultima-jornada-y-clausura-de-la-xi-edicion-del-forum-olimpic\/\",\"url\":\"https:\/\/www.fundaciobarcelonaolimpica.es\/es\/ultima-jornada-y-clausura-de-la-xi-edicion-del-forum-olimpic\/\",\"name\":\"\u00daltima jornada y clausura de la XI edici\u00f3n del F\u00f3rum Ol\u00edmpic - Fundaci\u00f3 Barcelona Ol\u00edmpica\",\"isPartOf\":{\"@id\":\"https:\/\/www.fundaciobarcelonaolimpica.es\/ca\/#website\"},\"primaryImageOfPage\":{\"@id\":\"https:\/\/www.fundaciobarcelonaolimpica.es\/es\/ultima-jornada-y-clausura-de-la-xi-edicion-del-forum-olimpic\/#primaryimage\"},\"image\":{\"@id\":\"https:\/\/www.fundaciobarcelonaolimpica.es\/es\/ultima-jornada-y-clausura-de-la-xi-edicion-del-forum-olimpic\/#primaryimage\"},\"thumbnailUrl\":\"https:\/\/www.fundaciobarcelonaolimpica.es\/wp-content\/uploads\/sites\/3\/2019\/07\/Forum-Olimpic2015_OpenCamp.jpg\",\"datePublished\":\"2015-10-16T13:40:53+00:00\",\"dateModified\":\"2019-07-16T11:42:46+00:00\",\"breadcrumb\":{\"@id\":\"https:\/\/www.fundaciobarcelonaolimpica.es\/es\/ultima-jornada-y-clausura-de-la-xi-edicion-del-forum-olimpic\/#breadcrumb\"},\"inLanguage\":\"es\",\"potentialAction\":[{\"@type\":\"ReadAction\",\"target\":[\"https:\/\/www.fundaciobarcelonaolimpica.es\/es\/ultima-jornada-y-clausura-de-la-xi-edicion-del-forum-olimpic\/\"]}]},{\"@type\":\"ImageObject\",\"inLanguage\":\"es\",\"@id\":\"https:\/\/www.fundaciobarcelonaolimpica.es\/es\/ultima-jornada-y-clausura-de-la-xi-edicion-del-forum-olimpic\/#primaryimage\",\"url\":\"https:\/\/www.fundaciobarcelonaolimpica.es\/wp-content\/uploads\/sites\/3\/2019\/07\/Forum-Olimpic2015_OpenCamp.jpg\",\"contentUrl\":\"https:\/\/www.fundaciobarcelonaolimpica.es\/wp-content\/uploads\/sites\/3\/2019\/07\/Forum-Olimpic2015_OpenCamp.jpg\",\"width\":600,\"height\":401},{\"@type\":\"BreadcrumbList\",\"@id\":\"https:\/\/www.fundaciobarcelonaolimpica.es\/es\/ultima-jornada-y-clausura-de-la-xi-edicion-del-forum-olimpic\/#breadcrumb\",\"itemListElement\":[{\"@type\":\"ListItem\",\"position\":1,\"name\":\"FBO\",\"item\":\"https:\/\/www.fundaciobarcelonaolimpica.es\/es\/\"},{\"@type\":\"ListItem\",\"position\":2,\"name\":\"\u00daltima jornada y clausura de la XI edici\u00f3n del F\u00f3rum Ol\u00edmpic\"}]},{\"@type\":\"WebSite\",\"@id\":\"https:\/\/www.fundaciobarcelonaolimpica.es\/ca\/#website\",\"url\":\"https:\/\/www.fundaciobarcelonaolimpica.es\/ca\/\",\"name\":\"Fundaci\u00f3 Barcelona Ol\u00edmpica\",\"description\":\"Web del Museu Ol\u00edmpic i de l&#039;Esport\",\"publisher\":{\"@id\":\"https:\/\/www.fundaciobarcelonaolimpica.es\/ca\/#organization\"},\"potentialAction\":[{\"@type\":\"SearchAction\",\"target\":{\"@type\":\"EntryPoint\",\"urlTemplate\":\"https:\/\/www.fundaciobarcelonaolimpica.es\/ca\/?s={search_term_string}\"},\"query-input\":{\"@type\":\"PropertyValueSpecification\",\"valueRequired\":true,\"valueName\":\"search_term_string\"}}],\"inLanguage\":\"es\"},{\"@type\":\"Organization\",\"@id\":\"https:\/\/www.fundaciobarcelonaolimpica.es\/ca\/#organization\",\"name\":\"Fundaci\u00f3 Barcelona Ol\u00edmpica\",\"url\":\"https:\/\/www.fundaciobarcelonaolimpica.es\/ca\/\",\"logo\":{\"@type\":\"ImageObject\",\"inLanguage\":\"es\",\"@id\":\"https:\/\/www.fundaciobarcelonaolimpica.es\/ca\/#\/schema\/logo\/image\/\",\"url\":\"https:\/\/www.fundaciobarcelonaolimpica.es\/wp-content\/uploads\/sites\/3\/2019\/02\/logo-fundacio.svg\",\"contentUrl\":\"https:\/\/www.fundaciobarcelonaolimpica.es\/wp-content\/uploads\/sites\/3\/2019\/02\/logo-fundacio.svg\",\"caption\":\"Fundaci\u00f3 Barcelona Ol\u00edmpica\"},\"image\":{\"@id\":\"https:\/\/www.fundaciobarcelonaolimpica.es\/ca\/#\/schema\/logo\/image\/\"}},{\"@type\":\"Person\",\"@id\":\"https:\/\/www.fundaciobarcelonaolimpica.es\/ca\/#\/schema\/person\/27fb3ca248933c27f53014c648c3b103\",\"name\":\"editor\",\"url\":\"https:\/\/www.fundaciobarcelonaolimpica.es\/es\/author\/editor\/\"}]}<\/script>\n<!-- \/ Yoast SEO plugin. -->","yoast_head_json":{"title":"\u00daltima jornada y clausura de la XI edici\u00f3n del F\u00f3rum Ol\u00edmpic - Fundaci\u00f3 Barcelona Ol\u00edmpica","robots":{"index":"index","follow":"follow","max-snippet":"max-snippet:-1","max-image-preview":"max-image-preview:large","max-video-preview":"max-video-preview:-1"},"canonical":"https:\/\/www.fundaciobarcelonaolimpica.es\/es\/ultima-jornada-y-clausura-de-la-xi-edicion-del-forum-olimpic\/","og_locale":"es_ES","og_type":"article","og_title":"\u00daltima jornada y clausura de la XI edici\u00f3n del F\u00f3rum Ol\u00edmpic - Fundaci\u00f3 Barcelona Ol\u00edmpica","og_description":"En la jornada matinal del d\u00eda de hoy ha comenzado de la mano de Paco Medina, director del proyecto Open Camp, el primer parque de atracciones deportivo del mundo donde tecnolog\u00eda y deporte se ponen al servicio del p\u00fablico. Un proyecto ambicioso que ver\u00e1 la luz el pr\u00f3ximo 16\/06\/2016 en la Anilla Ol\u00edmpica de Montju\u00efc y donde el Museu Ol\u00edmpic tendr\u00e1 protagonismo.","og_url":"https:\/\/www.fundaciobarcelonaolimpica.es\/es\/ultima-jornada-y-clausura-de-la-xi-edicion-del-forum-olimpic\/","og_site_name":"Fundaci\u00f3 Barcelona Ol\u00edmpica","article_published_time":"2015-10-16T13:40:53+00:00","article_modified_time":"2019-07-16T11:42:46+00:00","og_image":[{"width":600,"height":401,"url":"https:\/\/www.fundaciobarcelonaolimpica.es\/wp-content\/uploads\/sites\/3\/2019\/07\/Forum-Olimpic2015_OpenCamp.jpg","type":"image\/jpeg"}],"author":"editor","twitter_card":"summary_large_image","twitter_misc":{"Escrito por":"editor","Tiempo de lectura":"3 minutos"},"schema":{"@context":"https:\/\/schema.org","@graph":[{"@type":"Article","@id":"https:\/\/www.fundaciobarcelonaolimpica.es\/es\/ultima-jornada-y-clausura-de-la-xi-edicion-del-forum-olimpic\/#article","isPartOf":{"@id":"https:\/\/www.fundaciobarcelonaolimpica.es\/es\/ultima-jornada-y-clausura-de-la-xi-edicion-del-forum-olimpic\/"},"author":{"name":"editor","@id":"https:\/\/www.fundaciobarcelonaolimpica.es\/ca\/#\/schema\/person\/27fb3ca248933c27f53014c648c3b103"},"headline":"\u00daltima jornada y clausura de la XI edici\u00f3n del F\u00f3rum Ol\u00edmpic","datePublished":"2015-10-16T13:40:53+00:00","dateModified":"2019-07-16T11:42:46+00:00","mainEntityOfPage":{"@id":"https:\/\/www.fundaciobarcelonaolimpica.es\/es\/ultima-jornada-y-clausura-de-la-xi-edicion-del-forum-olimpic\/"},"wordCount":531,"publisher":{"@id":"https:\/\/www.fundaciobarcelonaolimpica.es\/ca\/#organization"},"image":{"@id":"https:\/\/www.fundaciobarcelonaolimpica.es\/es\/ultima-jornada-y-clausura-de-la-xi-edicion-del-forum-olimpic\/#primaryimage"},"thumbnailUrl":"https:\/\/www.fundaciobarcelonaolimpica.es\/wp-content\/uploads\/sites\/3\/2019\/07\/Forum-Olimpic2015_OpenCamp.jpg","articleSection":["Sin categorizar"],"inLanguage":"es"},{"@type":"WebPage","@id":"https:\/\/www.fundaciobarcelonaolimpica.es\/es\/ultima-jornada-y-clausura-de-la-xi-edicion-del-forum-olimpic\/","url":"https:\/\/www.fundaciobarcelonaolimpica.es\/es\/ultima-jornada-y-clausura-de-la-xi-edicion-del-forum-olimpic\/","name":"\u00daltima jornada y clausura de la XI edici\u00f3n del F\u00f3rum Ol\u00edmpic - Fundaci\u00f3 Barcelona Ol\u00edmpica","isPartOf":{"@id":"https:\/\/www.fundaciobarcelonaolimpica.es\/ca\/#website"},"primaryImageOfPage":{"@id":"https:\/\/www.fundaciobarcelonaolimpica.es\/es\/ultima-jornada-y-clausura-de-la-xi-edicion-del-forum-olimpic\/#primaryimage"},"image":{"@id":"https:\/\/www.fundaciobarcelonaolimpica.es\/es\/ultima-jornada-y-clausura-de-la-xi-edicion-del-forum-olimpic\/#primaryimage"},"thumbnailUrl":"https:\/\/www.fundaciobarcelonaolimpica.es\/wp-content\/uploads\/sites\/3\/2019\/07\/Forum-Olimpic2015_OpenCamp.jpg","datePublished":"2015-10-16T13:40:53+00:00","dateModified":"2019-07-16T11:42:46+00:00","breadcrumb":{"@id":"https:\/\/www.fundaciobarcelonaolimpica.es\/es\/ultima-jornada-y-clausura-de-la-xi-edicion-del-forum-olimpic\/#breadcrumb"},"inLanguage":"es","potentialAction":[{"@type":"ReadAction","target":["https:\/\/www.fundaciobarcelonaolimpica.es\/es\/ultima-jornada-y-clausura-de-la-xi-edicion-del-forum-olimpic\/"]}]},{"@type":"ImageObject","inLanguage":"es","@id":"https:\/\/www.fundaciobarcelonaolimpica.es\/es\/ultima-jornada-y-clausura-de-la-xi-edicion-del-forum-olimpic\/#primaryimage","url":"https:\/\/www.fundaciobarcelonaolimpica.es\/wp-content\/uploads\/sites\/3\/2019\/07\/Forum-Olimpic2015_OpenCamp.jpg","contentUrl":"https:\/\/www.fundaciobarcelonaolimpica.es\/wp-content\/uploads\/sites\/3\/2019\/07\/Forum-Olimpic2015_OpenCamp.jpg","width":600,"height":401},{"@type":"BreadcrumbList","@id":"https:\/\/www.fundaciobarcelonaolimpica.es\/es\/ultima-jornada-y-clausura-de-la-xi-edicion-del-forum-olimpic\/#breadcrumb","itemListElement":[{"@type":"ListItem","position":1,"name":"FBO","item":"https:\/\/www.fundaciobarcelonaolimpica.es\/es\/"},{"@type":"ListItem","position":2,"name":"\u00daltima jornada y clausura de la XI edici\u00f3n del F\u00f3rum Ol\u00edmpic"}]},{"@type":"WebSite","@id":"https:\/\/www.fundaciobarcelonaolimpica.es\/ca\/#website","url":"https:\/\/www.fundaciobarcelonaolimpica.es\/ca\/","name":"Fundaci\u00f3 Barcelona Ol\u00edmpica","description":"Web del Museu Ol\u00edmpic i de l&#039;Esport","publisher":{"@id":"https:\/\/www.fundaciobarcelonaolimpica.es\/ca\/#organization"},"potentialAction":[{"@type":"SearchAction","target":{"@type":"EntryPoint","urlTemplate":"https:\/\/www.fundaciobarcelonaolimpica.es\/ca\/?s={search_term_string}"},"query-input":{"@type":"PropertyValueSpecification","valueRequired":true,"valueName":"search_term_string"}}],"inLanguage":"es"},{"@type":"Organization","@id":"https:\/\/www.fundaciobarcelonaolimpica.es\/ca\/#organization","name":"Fundaci\u00f3 Barcelona Ol\u00edmpica","url":"https:\/\/www.fundaciobarcelonaolimpica.es\/ca\/","logo":{"@type":"ImageObject","inLanguage":"es","@id":"https:\/\/www.fundaciobarcelonaolimpica.es\/ca\/#\/schema\/logo\/image\/","url":"https:\/\/www.fundaciobarcelonaolimpica.es\/wp-content\/uploads\/sites\/3\/2019\/02\/logo-fundacio.svg","contentUrl":"https:\/\/www.fundaciobarcelonaolimpica.es\/wp-content\/uploads\/sites\/3\/2019\/02\/logo-fundacio.svg","caption":"Fundaci\u00f3 Barcelona Ol\u00edmpica"},"image":{"@id":"https:\/\/www.fundaciobarcelonaolimpica.es\/ca\/#\/schema\/logo\/image\/"}},{"@type":"Person","@id":"https:\/\/www.fundaciobarcelonaolimpica.es\/ca\/#\/schema\/person\/27fb3ca248933c27f53014c648c3b103","name":"editor","url":"https:\/\/www.fundaciobarcelonaolimpica.es\/es\/author\/editor\/"}]}},"_links":{"self":[{"href":"https:\/\/www.fundaciobarcelonaolimpica.es\/es\/wp-json\/wp\/v2\/posts\/18862"}],"collection":[{"href":"https:\/\/www.fundaciobarcelonaolimpica.es\/es\/wp-json\/wp\/v2\/posts"}],"about":[{"href":"https:\/\/www.fundaciobarcelonaolimpica.es\/es\/wp-json\/wp\/v2\/types\/post"}],"author":[{"embeddable":true,"href":"https:\/\/www.fundaciobarcelonaolimpica.es\/es\/wp-json\/wp\/v2\/users\/10"}],"replies":[{"embeddable":true,"href":"https:\/\/www.fundaciobarcelonaolimpica.es\/es\/wp-json\/wp\/v2\/comments?post=18862"}],"version-history":[{"count":1,"href":"https:\/\/www.fundaciobarcelonaolimpica.es\/es\/wp-json\/wp\/v2\/posts\/18862\/revisions"}],"predecessor-version":[{"id":18875,"href":"https:\/\/www.fundaciobarcelonaolimpica.es\/es\/wp-json\/wp\/v2\/posts\/18862\/revisions\/18875"}],"wp:featuredmedia":[{"embeddable":true,"href":"https:\/\/www.fundaciobarcelonaolimpica.es\/es\/wp-json\/wp\/v2\/media\/18872"}],"wp:attachment":[{"href":"https:\/\/www.fundaciobarcelonaolimpica.es\/es\/wp-json\/wp\/v2\/media?parent=18862"}],"wp:term":[{"taxonomy":"category","embeddable":true,"href":"https:\/\/www.fundaciobarcelonaolimpica.es\/es\/wp-json\/wp\/v2\/categories?post=18862"},{"taxonomy":"post_tag","embeddable":true,"href":"https:\/\/www.fundaciobarcelonaolimpica.es\/es\/wp-json\/wp\/v2\/tags?post=18862"}],"curies":[{"name":"wp","href":"https:\/\/api.w.org\/{rel}","templated":true}]}}