{"id":18928,"date":"2015-10-15T15:57:15","date_gmt":"2015-10-15T13:57:15","guid":{"rendered":"https:\/\/dev.fbolimpica.es\/las-redes-sociales-han-cubierto-la-jornada-de-manana-de-la-xi-edicion-del-forum-olimpic\/"},"modified":"2019-07-16T13:44:26","modified_gmt":"2019-07-16T11:44:26","slug":"las-redes-sociales-han-cubierto-la-jornada-de-manana-de-la-xi-edicion-del-forum-olimpic","status":"publish","type":"post","link":"https:\/\/www.fundaciobarcelonaolimpica.es\/es\/las-redes-sociales-han-cubierto-la-jornada-de-manana-de-la-xi-edicion-del-forum-olimpic\/","title":{"rendered":"Las Redes Sociales han cubierto la jornada de ma\u00f1ana de la XI edici\u00f3n del F\u00f3rum Ol\u00edmpic."},"content":{"rendered":"<p>Tras la apertura, la jornada matinal del F\u00f3rum Ol\u00edmpic se han iniciado las ponencias de mano de Emilio Fernandez, profesor de la UAB, que nos ha mostrado la realidad de las redes sociales. Por su parte Jana Garcia, directora de proyectos deportivos y sociales de ITIK, ha remarcado la versatilidad y variedad de redes y sus usos dentro del \u201cSocial Sport\u201d. Para finalizar la mesa redonda compuesta por el periodista Jaume Soler; la responsable de comunicaci\u00f3n de la UFEC, Ver\u00f3nica Caro y Joan Mayol, representante de Fasttriatlon, nos ha marcado tres de las vertientes de uso de las redes sociales.<\/p>\n<p>Ver\u00f3nica de la Uni\u00f3 de Federacions Esportives de Catalunya, ha destacado su uso de visibilidad para aquellos deportes y federaciones a las que ellos dan soporte y a las que les proporcionan un poquito de visibilidad en los medios. Por su parte, Joan Mayol ha explicado como a trav\u00e9s de las redes sociales nace un club llamado Fasttriatlon que inici\u00f3 su andadura gracias a Facebook bajo la iniciativa de Albert Parre\u00f1o. Hoy d\u00eda gracias a m\u00e1s de sus 200 socios ya tienen sede social. Por \u00faltimo y para terminar la jornada Jaume Soler ha explicado como ha cambiado en la \u00faltima d\u00e9cada la vida de un periodista deportivo gracias o a pesar de las redes sociales.<\/p>\n","protected":false},"excerpt":{"rendered":"<p>Rom\u00e0 Cuyas, exsecretario de Estado para el Deporte; Gerard Esteva, presidente   la UFEC, Santiago Siquier, representante territorial de la Generalitat y Marta Carranza, comisionada de deportes del Ayuntamiento de Barcelona, han sido los encargados de abrir las jornadas de esta XI edici\u00f3n del F\u00f3rum Ol\u00edmpic.<\/p>\n","protected":false},"author":10,"featured_media":18924,"comment_status":"closed","ping_status":"closed","sticky":false,"template":"","format":"standard","meta":{"_acf_changed":false,"footnotes":""},"categories":[1],"tags":[],"class_list":["post-18928","post","type-post","status-publish","format-standard","has-post-thumbnail","hentry","category-sin-categorizar"],"acf":[],"yoast_head":"<!-- This site is optimized with the Yoast SEO plugin v23.7 - https:\/\/yoast.com\/wordpress\/plugins\/seo\/ -->\n<title>Las Redes Sociales han cubierto la jornada de ma\u00f1ana de la XI edici\u00f3n del F\u00f3rum Ol\u00edmpic. - Fundaci\u00f3 Barcelona Ol\u00edmpica<\/title>\n<meta name=\"robots\" content=\"index, follow, max-snippet:-1, max-image-preview:large, max-video-preview:-1\" \/>\n<link rel=\"canonical\" href=\"https:\/\/www.fundaciobarcelonaolimpica.es\/es\/las-redes-sociales-han-cubierto-la-jornada-de-manana-de-la-xi-edicion-del-forum-olimpic\/\" \/>\n<meta property=\"og:locale\" content=\"es_ES\" \/>\n<meta property=\"og:type\" content=\"article\" \/>\n<meta property=\"og:title\" content=\"Las Redes Sociales han cubierto la jornada de ma\u00f1ana de la XI edici\u00f3n del F\u00f3rum Ol\u00edmpic. - Fundaci\u00f3 Barcelona Ol\u00edmpica\" \/>\n<meta property=\"og:description\" content=\"Rom\u00e0 Cuyas, exsecretario de Estado para el Deporte; Gerard Esteva, presidente  la UFEC, Santiago Siquier, representante territorial de la Generalitat y Marta Carranza, comisionada de deportes del Ayuntamiento de Barcelona, han sido los encargados de abrir las jornadas de esta XI edici\u00f3n del F\u00f3rum Ol\u00edmpic.\" \/>\n<meta property=\"og:url\" content=\"https:\/\/www.fundaciobarcelonaolimpica.es\/es\/las-redes-sociales-han-cubierto-la-jornada-de-manana-de-la-xi-edicion-del-forum-olimpic\/\" \/>\n<meta property=\"og:site_name\" content=\"Fundaci\u00f3 Barcelona Ol\u00edmpica\" \/>\n<meta property=\"article:published_time\" content=\"2015-10-15T13:57:15+00:00\" \/>\n<meta property=\"article:modified_time\" content=\"2019-07-16T11:44:26+00:00\" \/>\n<meta property=\"og:image\" content=\"https:\/\/www.fundaciobarcelonaolimpica.es\/wp-content\/uploads\/sites\/3\/2019\/07\/Forum_olimpic2015-Mesa-Redonda-01.jpg\" \/>\n\t<meta property=\"og:image:width\" content=\"600\" \/>\n\t<meta property=\"og:image:height\" content=\"435\" \/>\n\t<meta property=\"og:image:type\" content=\"image\/jpeg\" \/>\n<meta name=\"author\" content=\"editor\" \/>\n<meta name=\"twitter:card\" content=\"summary_large_image\" \/>\n<meta name=\"twitter:label1\" content=\"Escrito por\" \/>\n\t<meta name=\"twitter:data1\" content=\"editor\" \/>\n\t<meta name=\"twitter:label2\" content=\"Tiempo de lectura\" \/>\n\t<meta name=\"twitter:data2\" content=\"1 minuto\" \/>\n<script type=\"application\/ld+json\" class=\"yoast-schema-graph\">{\"@context\":\"https:\/\/schema.org\",\"@graph\":[{\"@type\":\"Article\",\"@id\":\"https:\/\/www.fundaciobarcelonaolimpica.es\/es\/las-redes-sociales-han-cubierto-la-jornada-de-manana-de-la-xi-edicion-del-forum-olimpic\/#article\",\"isPartOf\":{\"@id\":\"https:\/\/www.fundaciobarcelonaolimpica.es\/es\/las-redes-sociales-han-cubierto-la-jornada-de-manana-de-la-xi-edicion-del-forum-olimpic\/\"},\"author\":{\"name\":\"editor\",\"@id\":\"https:\/\/www.fundaciobarcelonaolimpica.es\/ca\/#\/schema\/person\/27fb3ca248933c27f53014c648c3b103\"},\"headline\":\"Las Redes Sociales han cubierto la jornada de ma\u00f1ana de la XI edici\u00f3n del F\u00f3rum Ol\u00edmpic.\",\"datePublished\":\"2015-10-15T13:57:15+00:00\",\"dateModified\":\"2019-07-16T11:44:26+00:00\",\"mainEntityOfPage\":{\"@id\":\"https:\/\/www.fundaciobarcelonaolimpica.es\/es\/las-redes-sociales-han-cubierto-la-jornada-de-manana-de-la-xi-edicion-del-forum-olimpic\/\"},\"wordCount\":245,\"publisher\":{\"@id\":\"https:\/\/www.fundaciobarcelonaolimpica.es\/ca\/#organization\"},\"image\":{\"@id\":\"https:\/\/www.fundaciobarcelonaolimpica.es\/es\/las-redes-sociales-han-cubierto-la-jornada-de-manana-de-la-xi-edicion-del-forum-olimpic\/#primaryimage\"},\"thumbnailUrl\":\"https:\/\/www.fundaciobarcelonaolimpica.es\/wp-content\/uploads\/sites\/3\/2019\/07\/Forum_olimpic2015-Mesa-Redonda-01.jpg\",\"articleSection\":[\"Sin categorizar\"],\"inLanguage\":\"es\"},{\"@type\":\"WebPage\",\"@id\":\"https:\/\/www.fundaciobarcelonaolimpica.es\/es\/las-redes-sociales-han-cubierto-la-jornada-de-manana-de-la-xi-edicion-del-forum-olimpic\/\",\"url\":\"https:\/\/www.fundaciobarcelonaolimpica.es\/es\/las-redes-sociales-han-cubierto-la-jornada-de-manana-de-la-xi-edicion-del-forum-olimpic\/\",\"name\":\"Las Redes Sociales han cubierto la jornada de ma\u00f1ana de la XI edici\u00f3n del F\u00f3rum Ol\u00edmpic. - Fundaci\u00f3 Barcelona Ol\u00edmpica\",\"isPartOf\":{\"@id\":\"https:\/\/www.fundaciobarcelonaolimpica.es\/ca\/#website\"},\"primaryImageOfPage\":{\"@id\":\"https:\/\/www.fundaciobarcelonaolimpica.es\/es\/las-redes-sociales-han-cubierto-la-jornada-de-manana-de-la-xi-edicion-del-forum-olimpic\/#primaryimage\"},\"image\":{\"@id\":\"https:\/\/www.fundaciobarcelonaolimpica.es\/es\/las-redes-sociales-han-cubierto-la-jornada-de-manana-de-la-xi-edicion-del-forum-olimpic\/#primaryimage\"},\"thumbnailUrl\":\"https:\/\/www.fundaciobarcelonaolimpica.es\/wp-content\/uploads\/sites\/3\/2019\/07\/Forum_olimpic2015-Mesa-Redonda-01.jpg\",\"datePublished\":\"2015-10-15T13:57:15+00:00\",\"dateModified\":\"2019-07-16T11:44:26+00:00\",\"breadcrumb\":{\"@id\":\"https:\/\/www.fundaciobarcelonaolimpica.es\/es\/las-redes-sociales-han-cubierto-la-jornada-de-manana-de-la-xi-edicion-del-forum-olimpic\/#breadcrumb\"},\"inLanguage\":\"es\",\"potentialAction\":[{\"@type\":\"ReadAction\",\"target\":[\"https:\/\/www.fundaciobarcelonaolimpica.es\/es\/las-redes-sociales-han-cubierto-la-jornada-de-manana-de-la-xi-edicion-del-forum-olimpic\/\"]}]},{\"@type\":\"ImageObject\",\"inLanguage\":\"es\",\"@id\":\"https:\/\/www.fundaciobarcelonaolimpica.es\/es\/las-redes-sociales-han-cubierto-la-jornada-de-manana-de-la-xi-edicion-del-forum-olimpic\/#primaryimage\",\"url\":\"https:\/\/www.fundaciobarcelonaolimpica.es\/wp-content\/uploads\/sites\/3\/2019\/07\/Forum_olimpic2015-Mesa-Redonda-01.jpg\",\"contentUrl\":\"https:\/\/www.fundaciobarcelonaolimpica.es\/wp-content\/uploads\/sites\/3\/2019\/07\/Forum_olimpic2015-Mesa-Redonda-01.jpg\",\"width\":600,\"height\":435},{\"@type\":\"BreadcrumbList\",\"@id\":\"https:\/\/www.fundaciobarcelonaolimpica.es\/es\/las-redes-sociales-han-cubierto-la-jornada-de-manana-de-la-xi-edicion-del-forum-olimpic\/#breadcrumb\",\"itemListElement\":[{\"@type\":\"ListItem\",\"position\":1,\"name\":\"FBO\",\"item\":\"https:\/\/www.fundaciobarcelonaolimpica.es\/es\/\"},{\"@type\":\"ListItem\",\"position\":2,\"name\":\"Las Redes Sociales han cubierto la jornada de ma\u00f1ana de la XI edici\u00f3n del F\u00f3rum Ol\u00edmpic.\"}]},{\"@type\":\"WebSite\",\"@id\":\"https:\/\/www.fundaciobarcelonaolimpica.es\/ca\/#website\",\"url\":\"https:\/\/www.fundaciobarcelonaolimpica.es\/ca\/\",\"name\":\"Fundaci\u00f3 Barcelona Ol\u00edmpica\",\"description\":\"Web del Museu Ol\u00edmpic i de l&#039;Esport\",\"publisher\":{\"@id\":\"https:\/\/www.fundaciobarcelonaolimpica.es\/ca\/#organization\"},\"potentialAction\":[{\"@type\":\"SearchAction\",\"target\":{\"@type\":\"EntryPoint\",\"urlTemplate\":\"https:\/\/www.fundaciobarcelonaolimpica.es\/ca\/?s={search_term_string}\"},\"query-input\":{\"@type\":\"PropertyValueSpecification\",\"valueRequired\":true,\"valueName\":\"search_term_string\"}}],\"inLanguage\":\"es\"},{\"@type\":\"Organization\",\"@id\":\"https:\/\/www.fundaciobarcelonaolimpica.es\/ca\/#organization\",\"name\":\"Fundaci\u00f3 Barcelona Ol\u00edmpica\",\"url\":\"https:\/\/www.fundaciobarcelonaolimpica.es\/ca\/\",\"logo\":{\"@type\":\"ImageObject\",\"inLanguage\":\"es\",\"@id\":\"https:\/\/www.fundaciobarcelonaolimpica.es\/ca\/#\/schema\/logo\/image\/\",\"url\":\"https:\/\/www.fundaciobarcelonaolimpica.es\/wp-content\/uploads\/sites\/3\/2019\/02\/logo-fundacio.svg\",\"contentUrl\":\"https:\/\/www.fundaciobarcelonaolimpica.es\/wp-content\/uploads\/sites\/3\/2019\/02\/logo-fundacio.svg\",\"caption\":\"Fundaci\u00f3 Barcelona Ol\u00edmpica\"},\"image\":{\"@id\":\"https:\/\/www.fundaciobarcelonaolimpica.es\/ca\/#\/schema\/logo\/image\/\"}},{\"@type\":\"Person\",\"@id\":\"https:\/\/www.fundaciobarcelonaolimpica.es\/ca\/#\/schema\/person\/27fb3ca248933c27f53014c648c3b103\",\"name\":\"editor\",\"url\":\"https:\/\/www.fundaciobarcelonaolimpica.es\/es\/author\/editor\/\"}]}<\/script>\n<!-- \/ Yoast SEO plugin. -->","yoast_head_json":{"title":"Las Redes Sociales han cubierto la jornada de ma\u00f1ana de la XI edici\u00f3n del F\u00f3rum Ol\u00edmpic. - Fundaci\u00f3 Barcelona Ol\u00edmpica","robots":{"index":"index","follow":"follow","max-snippet":"max-snippet:-1","max-image-preview":"max-image-preview:large","max-video-preview":"max-video-preview:-1"},"canonical":"https:\/\/www.fundaciobarcelonaolimpica.es\/es\/las-redes-sociales-han-cubierto-la-jornada-de-manana-de-la-xi-edicion-del-forum-olimpic\/","og_locale":"es_ES","og_type":"article","og_title":"Las Redes Sociales han cubierto la jornada de ma\u00f1ana de la XI edici\u00f3n del F\u00f3rum Ol\u00edmpic. - Fundaci\u00f3 Barcelona Ol\u00edmpica","og_description":"Rom\u00e0 Cuyas, exsecretario de Estado para el Deporte; Gerard Esteva, presidente  la UFEC, Santiago Siquier, representante territorial de la Generalitat y Marta Carranza, comisionada de deportes del Ayuntamiento de Barcelona, han sido los encargados de abrir las jornadas de esta XI edici\u00f3n del F\u00f3rum Ol\u00edmpic.","og_url":"https:\/\/www.fundaciobarcelonaolimpica.es\/es\/las-redes-sociales-han-cubierto-la-jornada-de-manana-de-la-xi-edicion-del-forum-olimpic\/","og_site_name":"Fundaci\u00f3 Barcelona Ol\u00edmpica","article_published_time":"2015-10-15T13:57:15+00:00","article_modified_time":"2019-07-16T11:44:26+00:00","og_image":[{"width":600,"height":435,"url":"https:\/\/www.fundaciobarcelonaolimpica.es\/wp-content\/uploads\/sites\/3\/2019\/07\/Forum_olimpic2015-Mesa-Redonda-01.jpg","type":"image\/jpeg"}],"author":"editor","twitter_card":"summary_large_image","twitter_misc":{"Escrito por":"editor","Tiempo de lectura":"1 minuto"},"schema":{"@context":"https:\/\/schema.org","@graph":[{"@type":"Article","@id":"https:\/\/www.fundaciobarcelonaolimpica.es\/es\/las-redes-sociales-han-cubierto-la-jornada-de-manana-de-la-xi-edicion-del-forum-olimpic\/#article","isPartOf":{"@id":"https:\/\/www.fundaciobarcelonaolimpica.es\/es\/las-redes-sociales-han-cubierto-la-jornada-de-manana-de-la-xi-edicion-del-forum-olimpic\/"},"author":{"name":"editor","@id":"https:\/\/www.fundaciobarcelonaolimpica.es\/ca\/#\/schema\/person\/27fb3ca248933c27f53014c648c3b103"},"headline":"Las Redes Sociales han cubierto la jornada de ma\u00f1ana de la XI edici\u00f3n del F\u00f3rum Ol\u00edmpic.","datePublished":"2015-10-15T13:57:15+00:00","dateModified":"2019-07-16T11:44:26+00:00","mainEntityOfPage":{"@id":"https:\/\/www.fundaciobarcelonaolimpica.es\/es\/las-redes-sociales-han-cubierto-la-jornada-de-manana-de-la-xi-edicion-del-forum-olimpic\/"},"wordCount":245,"publisher":{"@id":"https:\/\/www.fundaciobarcelonaolimpica.es\/ca\/#organization"},"image":{"@id":"https:\/\/www.fundaciobarcelonaolimpica.es\/es\/las-redes-sociales-han-cubierto-la-jornada-de-manana-de-la-xi-edicion-del-forum-olimpic\/#primaryimage"},"thumbnailUrl":"https:\/\/www.fundaciobarcelonaolimpica.es\/wp-content\/uploads\/sites\/3\/2019\/07\/Forum_olimpic2015-Mesa-Redonda-01.jpg","articleSection":["Sin categorizar"],"inLanguage":"es"},{"@type":"WebPage","@id":"https:\/\/www.fundaciobarcelonaolimpica.es\/es\/las-redes-sociales-han-cubierto-la-jornada-de-manana-de-la-xi-edicion-del-forum-olimpic\/","url":"https:\/\/www.fundaciobarcelonaolimpica.es\/es\/las-redes-sociales-han-cubierto-la-jornada-de-manana-de-la-xi-edicion-del-forum-olimpic\/","name":"Las Redes Sociales han cubierto la jornada de ma\u00f1ana de la XI edici\u00f3n del F\u00f3rum Ol\u00edmpic. - Fundaci\u00f3 Barcelona Ol\u00edmpica","isPartOf":{"@id":"https:\/\/www.fundaciobarcelonaolimpica.es\/ca\/#website"},"primaryImageOfPage":{"@id":"https:\/\/www.fundaciobarcelonaolimpica.es\/es\/las-redes-sociales-han-cubierto-la-jornada-de-manana-de-la-xi-edicion-del-forum-olimpic\/#primaryimage"},"image":{"@id":"https:\/\/www.fundaciobarcelonaolimpica.es\/es\/las-redes-sociales-han-cubierto-la-jornada-de-manana-de-la-xi-edicion-del-forum-olimpic\/#primaryimage"},"thumbnailUrl":"https:\/\/www.fundaciobarcelonaolimpica.es\/wp-content\/uploads\/sites\/3\/2019\/07\/Forum_olimpic2015-Mesa-Redonda-01.jpg","datePublished":"2015-10-15T13:57:15+00:00","dateModified":"2019-07-16T11:44:26+00:00","breadcrumb":{"@id":"https:\/\/www.fundaciobarcelonaolimpica.es\/es\/las-redes-sociales-han-cubierto-la-jornada-de-manana-de-la-xi-edicion-del-forum-olimpic\/#breadcrumb"},"inLanguage":"es","potentialAction":[{"@type":"ReadAction","target":["https:\/\/www.fundaciobarcelonaolimpica.es\/es\/las-redes-sociales-han-cubierto-la-jornada-de-manana-de-la-xi-edicion-del-forum-olimpic\/"]}]},{"@type":"ImageObject","inLanguage":"es","@id":"https:\/\/www.fundaciobarcelonaolimpica.es\/es\/las-redes-sociales-han-cubierto-la-jornada-de-manana-de-la-xi-edicion-del-forum-olimpic\/#primaryimage","url":"https:\/\/www.fundaciobarcelonaolimpica.es\/wp-content\/uploads\/sites\/3\/2019\/07\/Forum_olimpic2015-Mesa-Redonda-01.jpg","contentUrl":"https:\/\/www.fundaciobarcelonaolimpica.es\/wp-content\/uploads\/sites\/3\/2019\/07\/Forum_olimpic2015-Mesa-Redonda-01.jpg","width":600,"height":435},{"@type":"BreadcrumbList","@id":"https:\/\/www.fundaciobarcelonaolimpica.es\/es\/las-redes-sociales-han-cubierto-la-jornada-de-manana-de-la-xi-edicion-del-forum-olimpic\/#breadcrumb","itemListElement":[{"@type":"ListItem","position":1,"name":"FBO","item":"https:\/\/www.fundaciobarcelonaolimpica.es\/es\/"},{"@type":"ListItem","position":2,"name":"Las Redes Sociales han cubierto la jornada de ma\u00f1ana de la XI edici\u00f3n del F\u00f3rum Ol\u00edmpic."}]},{"@type":"WebSite","@id":"https:\/\/www.fundaciobarcelonaolimpica.es\/ca\/#website","url":"https:\/\/www.fundaciobarcelonaolimpica.es\/ca\/","name":"Fundaci\u00f3 Barcelona Ol\u00edmpica","description":"Web del Museu Ol\u00edmpic i de l&#039;Esport","publisher":{"@id":"https:\/\/www.fundaciobarcelonaolimpica.es\/ca\/#organization"},"potentialAction":[{"@type":"SearchAction","target":{"@type":"EntryPoint","urlTemplate":"https:\/\/www.fundaciobarcelonaolimpica.es\/ca\/?s={search_term_string}"},"query-input":{"@type":"PropertyValueSpecification","valueRequired":true,"valueName":"search_term_string"}}],"inLanguage":"es"},{"@type":"Organization","@id":"https:\/\/www.fundaciobarcelonaolimpica.es\/ca\/#organization","name":"Fundaci\u00f3 Barcelona Ol\u00edmpica","url":"https:\/\/www.fundaciobarcelonaolimpica.es\/ca\/","logo":{"@type":"ImageObject","inLanguage":"es","@id":"https:\/\/www.fundaciobarcelonaolimpica.es\/ca\/#\/schema\/logo\/image\/","url":"https:\/\/www.fundaciobarcelonaolimpica.es\/wp-content\/uploads\/sites\/3\/2019\/02\/logo-fundacio.svg","contentUrl":"https:\/\/www.fundaciobarcelonaolimpica.es\/wp-content\/uploads\/sites\/3\/2019\/02\/logo-fundacio.svg","caption":"Fundaci\u00f3 Barcelona Ol\u00edmpica"},"image":{"@id":"https:\/\/www.fundaciobarcelonaolimpica.es\/ca\/#\/schema\/logo\/image\/"}},{"@type":"Person","@id":"https:\/\/www.fundaciobarcelonaolimpica.es\/ca\/#\/schema\/person\/27fb3ca248933c27f53014c648c3b103","name":"editor","url":"https:\/\/www.fundaciobarcelonaolimpica.es\/es\/author\/editor\/"}]}},"_links":{"self":[{"href":"https:\/\/www.fundaciobarcelonaolimpica.es\/es\/wp-json\/wp\/v2\/posts\/18928"}],"collection":[{"href":"https:\/\/www.fundaciobarcelonaolimpica.es\/es\/wp-json\/wp\/v2\/posts"}],"about":[{"href":"https:\/\/www.fundaciobarcelonaolimpica.es\/es\/wp-json\/wp\/v2\/types\/post"}],"author":[{"embeddable":true,"href":"https:\/\/www.fundaciobarcelonaolimpica.es\/es\/wp-json\/wp\/v2\/users\/10"}],"replies":[{"embeddable":true,"href":"https:\/\/www.fundaciobarcelonaolimpica.es\/es\/wp-json\/wp\/v2\/comments?post=18928"}],"version-history":[{"count":1,"href":"https:\/\/www.fundaciobarcelonaolimpica.es\/es\/wp-json\/wp\/v2\/posts\/18928\/revisions"}],"predecessor-version":[{"id":18941,"href":"https:\/\/www.fundaciobarcelonaolimpica.es\/es\/wp-json\/wp\/v2\/posts\/18928\/revisions\/18941"}],"wp:featuredmedia":[{"embeddable":true,"href":"https:\/\/www.fundaciobarcelonaolimpica.es\/es\/wp-json\/wp\/v2\/media\/18924"}],"wp:attachment":[{"href":"https:\/\/www.fundaciobarcelonaolimpica.es\/es\/wp-json\/wp\/v2\/media?parent=18928"}],"wp:term":[{"taxonomy":"category","embeddable":true,"href":"https:\/\/www.fundaciobarcelonaolimpica.es\/es\/wp-json\/wp\/v2\/categories?post=18928"},{"taxonomy":"post_tag","embeddable":true,"href":"https:\/\/www.fundaciobarcelonaolimpica.es\/es\/wp-json\/wp\/v2\/tags?post=18928"}],"curies":[{"name":"wp","href":"https:\/\/api.w.org\/{rel}","templated":true}]}}