{"id":19002,"date":"2015-11-17T16:29:54","date_gmt":"2015-11-17T15:29:54","guid":{"rendered":"https:\/\/dev.fbolimpica.es\/?p=19002"},"modified":"2019-07-16T13:35:20","modified_gmt":"2019-07-16T11:35:20","slug":"pedro-peracio-jefe-ejecutivo-digital-del-ayuntamiento-de-rio-de-janeiro-presento-en-la-roca-gallery-de-les-corts-la-propuesta-destino-rio-2016-ciudad-en-transformacion-inspirada","status":"publish","type":"post","link":"https:\/\/www.fundaciobarcelonaolimpica.es\/es\/pedro-peracio-jefe-ejecutivo-digital-del-ayuntamiento-de-rio-de-janeiro-presento-en-la-roca-gallery-de-les-corts-la-propuesta-destino-rio-2016-ciudad-en-transformacion-inspirada\/","title":{"rendered":"Pedro Peracio, Jefe Ejecutivo Digital del Ayuntamiento de Rio de Janeiro, present\u00f3, en la Roca Gallery de Les Corts, la propuesta \u2018Destino Rio 2016. Ciudad en transformaci\u00f3n\u2019 inspirada en gran parte en el modelo de transformaci\u00f3n de Barcelona 1992"},"content":{"rendered":"<p>Pedro Peracio destac\u00f3 el \u00e9xito organizativo de Barcelona\u201992, e hizo un paralelismo con la gran transformaci\u00f3n que est\u00e1 viviendo la ciudad de Rio con motivo de la celebraci\u00f3n de los pr\u00f3ximos Juegos Ol\u00edmpicos en el 2016. Otro de los aspectos que quiso destacar fue el estado avanzado en que transcurren las obras, uno de los mayores objetos de pol\u00e9mica con el que se est\u00e1 encontrando la organizaci\u00f3n.<\/p>\n<p>Pedro Peracio quiso remitirse a Rio como en su d\u00eda lo hizo Pasqual Maragall antes de Barcelona 92: \u201cHay dos tipos de ciudades ol\u00edmpicas: las que est\u00e1n al servicio de los Juegos y las que se sirven de los Juegos. Barcelona\/Rio es la segunda\u201d.<\/p>\n","protected":false},"excerpt":{"rendered":"<p>El acto, enmarcado en el  Smart City Expo World Congress de la C\u00e1mara de Comercio de Barcelona, estuvo presidido por Javier Mirallas, President de la Cambra de Comer\u00e7 Brasil-Catalunya; Jos\u00e9 Augusto Lindgren Alves, c\u00f3nsul de Brasil en Barcelona; Pedro Peracio, Jefe Ejecutivo Digital del Ayuntamiento de Rio de Janeiro, y un representante de la empresa Roca, sede del acto donde la Fundaci\u00f3 Barcelona Ol\u00edmpica ocup\u00f3 un lugar especial como instituci\u00f3n depositaria del legado de los Juegos de Barcelona 1992.<\/p>\n","protected":false},"author":10,"featured_media":19006,"comment_status":"closed","ping_status":"closed","sticky":false,"template":"","format":"standard","meta":{"_acf_changed":false,"footnotes":""},"categories":[1],"tags":[],"class_list":["post-19002","post","type-post","status-publish","format-standard","has-post-thumbnail","hentry","category-sin-categorizar"],"acf":[],"yoast_head":"<!-- This site is optimized with the Yoast SEO plugin v23.7 - https:\/\/yoast.com\/wordpress\/plugins\/seo\/ -->\n<title>Pedro Peracio, Jefe Ejecutivo Digital del Ayuntamiento de Rio de Janeiro, present\u00f3, en la Roca Gallery de Les Corts, la propuesta \u2018Destino Rio 2016. Ciudad en transformaci\u00f3n\u2019 inspirada en gran parte en el modelo de transformaci\u00f3n de Barcelona 1992 - Fundaci\u00f3 Barcelona Ol\u00edmpica<\/title>\n<meta name=\"robots\" content=\"index, follow, max-snippet:-1, max-image-preview:large, max-video-preview:-1\" \/>\n<link rel=\"canonical\" href=\"https:\/\/www.fundaciobarcelonaolimpica.es\/es\/pedro-peracio-jefe-ejecutivo-digital-del-ayuntamiento-de-rio-de-janeiro-presento-en-la-roca-gallery-de-les-corts-la-propuesta-destino-rio-2016-ciudad-en-transformacion-inspirada\/\" \/>\n<meta property=\"og:locale\" content=\"es_ES\" \/>\n<meta property=\"og:type\" content=\"article\" \/>\n<meta property=\"og:title\" content=\"Pedro Peracio, Jefe Ejecutivo Digital del Ayuntamiento de Rio de Janeiro, present\u00f3, en la Roca Gallery de Les Corts, la propuesta \u2018Destino Rio 2016. Ciudad en transformaci\u00f3n\u2019 inspirada en gran parte en el modelo de transformaci\u00f3n de Barcelona 1992 - Fundaci\u00f3 Barcelona Ol\u00edmpica\" \/>\n<meta property=\"og:description\" content=\"El acto, enmarcado en el Smart City Expo World Congress de la C\u00e1mara de Comercio de Barcelona, estuvo presidido por Javier Mirallas, President de la Cambra de Comer\u00e7 Brasil-Catalunya; Jos\u00e9 Augusto Lindgren Alves, c\u00f3nsul de Brasil en Barcelona; Pedro Peracio, Jefe Ejecutivo Digital del Ayuntamiento de Rio de Janeiro, y un representante de la empresa Roca, sede del acto donde la Fundaci\u00f3 Barcelona Ol\u00edmpica ocup\u00f3 un lugar especial como instituci\u00f3n depositaria del legado de los Juegos de Barcelona 1992.\" \/>\n<meta property=\"og:url\" content=\"https:\/\/www.fundaciobarcelonaolimpica.es\/es\/pedro-peracio-jefe-ejecutivo-digital-del-ayuntamiento-de-rio-de-janeiro-presento-en-la-roca-gallery-de-les-corts-la-propuesta-destino-rio-2016-ciudad-en-transformacion-inspirada\/\" \/>\n<meta property=\"og:site_name\" content=\"Fundaci\u00f3 Barcelona Ol\u00edmpica\" \/>\n<meta property=\"article:published_time\" content=\"2015-11-17T15:29:54+00:00\" \/>\n<meta property=\"article:modified_time\" content=\"2019-07-16T11:35:20+00:00\" \/>\n<meta property=\"og:image\" content=\"https:\/\/www.fundaciobarcelonaolimpica.es\/wp-content\/uploads\/sites\/3\/2019\/07\/IMG_8659.jpg\" \/>\n\t<meta property=\"og:image:width\" content=\"600\" \/>\n\t<meta property=\"og:image:height\" content=\"408\" \/>\n\t<meta property=\"og:image:type\" content=\"image\/jpeg\" \/>\n<meta name=\"author\" content=\"editor\" \/>\n<meta name=\"twitter:card\" content=\"summary_large_image\" \/>\n<meta name=\"twitter:label1\" content=\"Escrito por\" \/>\n\t<meta name=\"twitter:data1\" content=\"editor\" \/>\n\t<meta name=\"twitter:label2\" content=\"Tiempo de lectura\" \/>\n\t<meta name=\"twitter:data2\" content=\"1 minuto\" \/>\n<script type=\"application\/ld+json\" class=\"yoast-schema-graph\">{\"@context\":\"https:\/\/schema.org\",\"@graph\":[{\"@type\":\"Article\",\"@id\":\"https:\/\/www.fundaciobarcelonaolimpica.es\/es\/pedro-peracio-jefe-ejecutivo-digital-del-ayuntamiento-de-rio-de-janeiro-presento-en-la-roca-gallery-de-les-corts-la-propuesta-destino-rio-2016-ciudad-en-transformacion-inspirada\/#article\",\"isPartOf\":{\"@id\":\"https:\/\/www.fundaciobarcelonaolimpica.es\/es\/pedro-peracio-jefe-ejecutivo-digital-del-ayuntamiento-de-rio-de-janeiro-presento-en-la-roca-gallery-de-les-corts-la-propuesta-destino-rio-2016-ciudad-en-transformacion-inspirada\/\"},\"author\":{\"name\":\"editor\",\"@id\":\"https:\/\/www.fundaciobarcelonaolimpica.es\/ca\/#\/schema\/person\/27fb3ca248933c27f53014c648c3b103\"},\"headline\":\"Pedro Peracio, Jefe Ejecutivo Digital del Ayuntamiento de Rio de Janeiro, present\u00f3, en la Roca Gallery de Les Corts, la propuesta \u2018Destino Rio 2016. Ciudad en transformaci\u00f3n\u2019 inspirada en gran parte en el modelo de transformaci\u00f3n de Barcelona 1992\",\"datePublished\":\"2015-11-17T15:29:54+00:00\",\"dateModified\":\"2019-07-16T11:35:20+00:00\",\"mainEntityOfPage\":{\"@id\":\"https:\/\/www.fundaciobarcelonaolimpica.es\/es\/pedro-peracio-jefe-ejecutivo-digital-del-ayuntamiento-de-rio-de-janeiro-presento-en-la-roca-gallery-de-les-corts-la-propuesta-destino-rio-2016-ciudad-en-transformacion-inspirada\/\"},\"wordCount\":158,\"publisher\":{\"@id\":\"https:\/\/www.fundaciobarcelonaolimpica.es\/ca\/#organization\"},\"image\":{\"@id\":\"https:\/\/www.fundaciobarcelonaolimpica.es\/es\/pedro-peracio-jefe-ejecutivo-digital-del-ayuntamiento-de-rio-de-janeiro-presento-en-la-roca-gallery-de-les-corts-la-propuesta-destino-rio-2016-ciudad-en-transformacion-inspirada\/#primaryimage\"},\"thumbnailUrl\":\"https:\/\/www.fundaciobarcelonaolimpica.es\/wp-content\/uploads\/sites\/3\/2019\/07\/IMG_8659.jpg\",\"articleSection\":[\"Sin categorizar\"],\"inLanguage\":\"es\"},{\"@type\":\"WebPage\",\"@id\":\"https:\/\/www.fundaciobarcelonaolimpica.es\/es\/pedro-peracio-jefe-ejecutivo-digital-del-ayuntamiento-de-rio-de-janeiro-presento-en-la-roca-gallery-de-les-corts-la-propuesta-destino-rio-2016-ciudad-en-transformacion-inspirada\/\",\"url\":\"https:\/\/www.fundaciobarcelonaolimpica.es\/es\/pedro-peracio-jefe-ejecutivo-digital-del-ayuntamiento-de-rio-de-janeiro-presento-en-la-roca-gallery-de-les-corts-la-propuesta-destino-rio-2016-ciudad-en-transformacion-inspirada\/\",\"name\":\"Pedro Peracio, Jefe Ejecutivo Digital del Ayuntamiento de Rio de Janeiro, present\u00f3, en la Roca Gallery de Les Corts, la propuesta \u2018Destino Rio 2016. Ciudad en transformaci\u00f3n\u2019 inspirada en gran parte en el modelo de transformaci\u00f3n de Barcelona 1992 - Fundaci\u00f3 Barcelona Ol\u00edmpica\",\"isPartOf\":{\"@id\":\"https:\/\/www.fundaciobarcelonaolimpica.es\/ca\/#website\"},\"primaryImageOfPage\":{\"@id\":\"https:\/\/www.fundaciobarcelonaolimpica.es\/es\/pedro-peracio-jefe-ejecutivo-digital-del-ayuntamiento-de-rio-de-janeiro-presento-en-la-roca-gallery-de-les-corts-la-propuesta-destino-rio-2016-ciudad-en-transformacion-inspirada\/#primaryimage\"},\"image\":{\"@id\":\"https:\/\/www.fundaciobarcelonaolimpica.es\/es\/pedro-peracio-jefe-ejecutivo-digital-del-ayuntamiento-de-rio-de-janeiro-presento-en-la-roca-gallery-de-les-corts-la-propuesta-destino-rio-2016-ciudad-en-transformacion-inspirada\/#primaryimage\"},\"thumbnailUrl\":\"https:\/\/www.fundaciobarcelonaolimpica.es\/wp-content\/uploads\/sites\/3\/2019\/07\/IMG_8659.jpg\",\"datePublished\":\"2015-11-17T15:29:54+00:00\",\"dateModified\":\"2019-07-16T11:35:20+00:00\",\"breadcrumb\":{\"@id\":\"https:\/\/www.fundaciobarcelonaolimpica.es\/es\/pedro-peracio-jefe-ejecutivo-digital-del-ayuntamiento-de-rio-de-janeiro-presento-en-la-roca-gallery-de-les-corts-la-propuesta-destino-rio-2016-ciudad-en-transformacion-inspirada\/#breadcrumb\"},\"inLanguage\":\"es\",\"potentialAction\":[{\"@type\":\"ReadAction\",\"target\":[\"https:\/\/www.fundaciobarcelonaolimpica.es\/es\/pedro-peracio-jefe-ejecutivo-digital-del-ayuntamiento-de-rio-de-janeiro-presento-en-la-roca-gallery-de-les-corts-la-propuesta-destino-rio-2016-ciudad-en-transformacion-inspirada\/\"]}]},{\"@type\":\"ImageObject\",\"inLanguage\":\"es\",\"@id\":\"https:\/\/www.fundaciobarcelonaolimpica.es\/es\/pedro-peracio-jefe-ejecutivo-digital-del-ayuntamiento-de-rio-de-janeiro-presento-en-la-roca-gallery-de-les-corts-la-propuesta-destino-rio-2016-ciudad-en-transformacion-inspirada\/#primaryimage\",\"url\":\"https:\/\/www.fundaciobarcelonaolimpica.es\/wp-content\/uploads\/sites\/3\/2019\/07\/IMG_8659.jpg\",\"contentUrl\":\"https:\/\/www.fundaciobarcelonaolimpica.es\/wp-content\/uploads\/sites\/3\/2019\/07\/IMG_8659.jpg\",\"width\":600,\"height\":408},{\"@type\":\"BreadcrumbList\",\"@id\":\"https:\/\/www.fundaciobarcelonaolimpica.es\/es\/pedro-peracio-jefe-ejecutivo-digital-del-ayuntamiento-de-rio-de-janeiro-presento-en-la-roca-gallery-de-les-corts-la-propuesta-destino-rio-2016-ciudad-en-transformacion-inspirada\/#breadcrumb\",\"itemListElement\":[{\"@type\":\"ListItem\",\"position\":1,\"name\":\"FBO\",\"item\":\"https:\/\/www.fundaciobarcelonaolimpica.es\/es\/\"},{\"@type\":\"ListItem\",\"position\":2,\"name\":\"Pedro Peracio, Jefe Ejecutivo Digital del Ayuntamiento de Rio de Janeiro, present\u00f3, en la Roca Gallery de Les Corts, la propuesta \u2018Destino Rio 2016. Ciudad en transformaci\u00f3n\u2019 inspirada en gran parte en el modelo de transformaci\u00f3n de Barcelona 1992\"}]},{\"@type\":\"WebSite\",\"@id\":\"https:\/\/www.fundaciobarcelonaolimpica.es\/ca\/#website\",\"url\":\"https:\/\/www.fundaciobarcelonaolimpica.es\/ca\/\",\"name\":\"Fundaci\u00f3 Barcelona Ol\u00edmpica\",\"description\":\"Web del Museu Ol\u00edmpic i de l&#039;Esport\",\"publisher\":{\"@id\":\"https:\/\/www.fundaciobarcelonaolimpica.es\/ca\/#organization\"},\"potentialAction\":[{\"@type\":\"SearchAction\",\"target\":{\"@type\":\"EntryPoint\",\"urlTemplate\":\"https:\/\/www.fundaciobarcelonaolimpica.es\/ca\/?s={search_term_string}\"},\"query-input\":{\"@type\":\"PropertyValueSpecification\",\"valueRequired\":true,\"valueName\":\"search_term_string\"}}],\"inLanguage\":\"es\"},{\"@type\":\"Organization\",\"@id\":\"https:\/\/www.fundaciobarcelonaolimpica.es\/ca\/#organization\",\"name\":\"Fundaci\u00f3 Barcelona Ol\u00edmpica\",\"url\":\"https:\/\/www.fundaciobarcelonaolimpica.es\/ca\/\",\"logo\":{\"@type\":\"ImageObject\",\"inLanguage\":\"es\",\"@id\":\"https:\/\/www.fundaciobarcelonaolimpica.es\/ca\/#\/schema\/logo\/image\/\",\"url\":\"https:\/\/www.fundaciobarcelonaolimpica.es\/wp-content\/uploads\/sites\/3\/2019\/02\/logo-fundacio.svg\",\"contentUrl\":\"https:\/\/www.fundaciobarcelonaolimpica.es\/wp-content\/uploads\/sites\/3\/2019\/02\/logo-fundacio.svg\",\"caption\":\"Fundaci\u00f3 Barcelona Ol\u00edmpica\"},\"image\":{\"@id\":\"https:\/\/www.fundaciobarcelonaolimpica.es\/ca\/#\/schema\/logo\/image\/\"}},{\"@type\":\"Person\",\"@id\":\"https:\/\/www.fundaciobarcelonaolimpica.es\/ca\/#\/schema\/person\/27fb3ca248933c27f53014c648c3b103\",\"name\":\"editor\",\"url\":\"https:\/\/www.fundaciobarcelonaolimpica.es\/es\/author\/editor\/\"}]}<\/script>\n<!-- \/ Yoast SEO plugin. -->","yoast_head_json":{"title":"Pedro Peracio, Jefe Ejecutivo Digital del Ayuntamiento de Rio de Janeiro, present\u00f3, en la Roca Gallery de Les Corts, la propuesta \u2018Destino Rio 2016. Ciudad en transformaci\u00f3n\u2019 inspirada en gran parte en el modelo de transformaci\u00f3n de Barcelona 1992 - Fundaci\u00f3 Barcelona Ol\u00edmpica","robots":{"index":"index","follow":"follow","max-snippet":"max-snippet:-1","max-image-preview":"max-image-preview:large","max-video-preview":"max-video-preview:-1"},"canonical":"https:\/\/www.fundaciobarcelonaolimpica.es\/es\/pedro-peracio-jefe-ejecutivo-digital-del-ayuntamiento-de-rio-de-janeiro-presento-en-la-roca-gallery-de-les-corts-la-propuesta-destino-rio-2016-ciudad-en-transformacion-inspirada\/","og_locale":"es_ES","og_type":"article","og_title":"Pedro Peracio, Jefe Ejecutivo Digital del Ayuntamiento de Rio de Janeiro, present\u00f3, en la Roca Gallery de Les Corts, la propuesta \u2018Destino Rio 2016. Ciudad en transformaci\u00f3n\u2019 inspirada en gran parte en el modelo de transformaci\u00f3n de Barcelona 1992 - Fundaci\u00f3 Barcelona Ol\u00edmpica","og_description":"El acto, enmarcado en el Smart City Expo World Congress de la C\u00e1mara de Comercio de Barcelona, estuvo presidido por Javier Mirallas, President de la Cambra de Comer\u00e7 Brasil-Catalunya; Jos\u00e9 Augusto Lindgren Alves, c\u00f3nsul de Brasil en Barcelona; Pedro Peracio, Jefe Ejecutivo Digital del Ayuntamiento de Rio de Janeiro, y un representante de la empresa Roca, sede del acto donde la Fundaci\u00f3 Barcelona Ol\u00edmpica ocup\u00f3 un lugar especial como instituci\u00f3n depositaria del legado de los Juegos de Barcelona 1992.","og_url":"https:\/\/www.fundaciobarcelonaolimpica.es\/es\/pedro-peracio-jefe-ejecutivo-digital-del-ayuntamiento-de-rio-de-janeiro-presento-en-la-roca-gallery-de-les-corts-la-propuesta-destino-rio-2016-ciudad-en-transformacion-inspirada\/","og_site_name":"Fundaci\u00f3 Barcelona Ol\u00edmpica","article_published_time":"2015-11-17T15:29:54+00:00","article_modified_time":"2019-07-16T11:35:20+00:00","og_image":[{"width":600,"height":408,"url":"https:\/\/www.fundaciobarcelonaolimpica.es\/wp-content\/uploads\/sites\/3\/2019\/07\/IMG_8659.jpg","type":"image\/jpeg"}],"author":"editor","twitter_card":"summary_large_image","twitter_misc":{"Escrito por":"editor","Tiempo de lectura":"1 minuto"},"schema":{"@context":"https:\/\/schema.org","@graph":[{"@type":"Article","@id":"https:\/\/www.fundaciobarcelonaolimpica.es\/es\/pedro-peracio-jefe-ejecutivo-digital-del-ayuntamiento-de-rio-de-janeiro-presento-en-la-roca-gallery-de-les-corts-la-propuesta-destino-rio-2016-ciudad-en-transformacion-inspirada\/#article","isPartOf":{"@id":"https:\/\/www.fundaciobarcelonaolimpica.es\/es\/pedro-peracio-jefe-ejecutivo-digital-del-ayuntamiento-de-rio-de-janeiro-presento-en-la-roca-gallery-de-les-corts-la-propuesta-destino-rio-2016-ciudad-en-transformacion-inspirada\/"},"author":{"name":"editor","@id":"https:\/\/www.fundaciobarcelonaolimpica.es\/ca\/#\/schema\/person\/27fb3ca248933c27f53014c648c3b103"},"headline":"Pedro Peracio, Jefe Ejecutivo Digital del Ayuntamiento de Rio de Janeiro, present\u00f3, en la Roca Gallery de Les Corts, la propuesta \u2018Destino Rio 2016. Ciudad en transformaci\u00f3n\u2019 inspirada en gran parte en el modelo de transformaci\u00f3n de Barcelona 1992","datePublished":"2015-11-17T15:29:54+00:00","dateModified":"2019-07-16T11:35:20+00:00","mainEntityOfPage":{"@id":"https:\/\/www.fundaciobarcelonaolimpica.es\/es\/pedro-peracio-jefe-ejecutivo-digital-del-ayuntamiento-de-rio-de-janeiro-presento-en-la-roca-gallery-de-les-corts-la-propuesta-destino-rio-2016-ciudad-en-transformacion-inspirada\/"},"wordCount":158,"publisher":{"@id":"https:\/\/www.fundaciobarcelonaolimpica.es\/ca\/#organization"},"image":{"@id":"https:\/\/www.fundaciobarcelonaolimpica.es\/es\/pedro-peracio-jefe-ejecutivo-digital-del-ayuntamiento-de-rio-de-janeiro-presento-en-la-roca-gallery-de-les-corts-la-propuesta-destino-rio-2016-ciudad-en-transformacion-inspirada\/#primaryimage"},"thumbnailUrl":"https:\/\/www.fundaciobarcelonaolimpica.es\/wp-content\/uploads\/sites\/3\/2019\/07\/IMG_8659.jpg","articleSection":["Sin categorizar"],"inLanguage":"es"},{"@type":"WebPage","@id":"https:\/\/www.fundaciobarcelonaolimpica.es\/es\/pedro-peracio-jefe-ejecutivo-digital-del-ayuntamiento-de-rio-de-janeiro-presento-en-la-roca-gallery-de-les-corts-la-propuesta-destino-rio-2016-ciudad-en-transformacion-inspirada\/","url":"https:\/\/www.fundaciobarcelonaolimpica.es\/es\/pedro-peracio-jefe-ejecutivo-digital-del-ayuntamiento-de-rio-de-janeiro-presento-en-la-roca-gallery-de-les-corts-la-propuesta-destino-rio-2016-ciudad-en-transformacion-inspirada\/","name":"Pedro Peracio, Jefe Ejecutivo Digital del Ayuntamiento de Rio de Janeiro, present\u00f3, en la Roca Gallery de Les Corts, la propuesta \u2018Destino Rio 2016. Ciudad en transformaci\u00f3n\u2019 inspirada en gran parte en el modelo de transformaci\u00f3n de Barcelona 1992 - Fundaci\u00f3 Barcelona Ol\u00edmpica","isPartOf":{"@id":"https:\/\/www.fundaciobarcelonaolimpica.es\/ca\/#website"},"primaryImageOfPage":{"@id":"https:\/\/www.fundaciobarcelonaolimpica.es\/es\/pedro-peracio-jefe-ejecutivo-digital-del-ayuntamiento-de-rio-de-janeiro-presento-en-la-roca-gallery-de-les-corts-la-propuesta-destino-rio-2016-ciudad-en-transformacion-inspirada\/#primaryimage"},"image":{"@id":"https:\/\/www.fundaciobarcelonaolimpica.es\/es\/pedro-peracio-jefe-ejecutivo-digital-del-ayuntamiento-de-rio-de-janeiro-presento-en-la-roca-gallery-de-les-corts-la-propuesta-destino-rio-2016-ciudad-en-transformacion-inspirada\/#primaryimage"},"thumbnailUrl":"https:\/\/www.fundaciobarcelonaolimpica.es\/wp-content\/uploads\/sites\/3\/2019\/07\/IMG_8659.jpg","datePublished":"2015-11-17T15:29:54+00:00","dateModified":"2019-07-16T11:35:20+00:00","breadcrumb":{"@id":"https:\/\/www.fundaciobarcelonaolimpica.es\/es\/pedro-peracio-jefe-ejecutivo-digital-del-ayuntamiento-de-rio-de-janeiro-presento-en-la-roca-gallery-de-les-corts-la-propuesta-destino-rio-2016-ciudad-en-transformacion-inspirada\/#breadcrumb"},"inLanguage":"es","potentialAction":[{"@type":"ReadAction","target":["https:\/\/www.fundaciobarcelonaolimpica.es\/es\/pedro-peracio-jefe-ejecutivo-digital-del-ayuntamiento-de-rio-de-janeiro-presento-en-la-roca-gallery-de-les-corts-la-propuesta-destino-rio-2016-ciudad-en-transformacion-inspirada\/"]}]},{"@type":"ImageObject","inLanguage":"es","@id":"https:\/\/www.fundaciobarcelonaolimpica.es\/es\/pedro-peracio-jefe-ejecutivo-digital-del-ayuntamiento-de-rio-de-janeiro-presento-en-la-roca-gallery-de-les-corts-la-propuesta-destino-rio-2016-ciudad-en-transformacion-inspirada\/#primaryimage","url":"https:\/\/www.fundaciobarcelonaolimpica.es\/wp-content\/uploads\/sites\/3\/2019\/07\/IMG_8659.jpg","contentUrl":"https:\/\/www.fundaciobarcelonaolimpica.es\/wp-content\/uploads\/sites\/3\/2019\/07\/IMG_8659.jpg","width":600,"height":408},{"@type":"BreadcrumbList","@id":"https:\/\/www.fundaciobarcelonaolimpica.es\/es\/pedro-peracio-jefe-ejecutivo-digital-del-ayuntamiento-de-rio-de-janeiro-presento-en-la-roca-gallery-de-les-corts-la-propuesta-destino-rio-2016-ciudad-en-transformacion-inspirada\/#breadcrumb","itemListElement":[{"@type":"ListItem","position":1,"name":"FBO","item":"https:\/\/www.fundaciobarcelonaolimpica.es\/es\/"},{"@type":"ListItem","position":2,"name":"Pedro Peracio, Jefe Ejecutivo Digital del Ayuntamiento de Rio de Janeiro, present\u00f3, en la Roca Gallery de Les Corts, la propuesta \u2018Destino Rio 2016. Ciudad en transformaci\u00f3n\u2019 inspirada en gran parte en el modelo de transformaci\u00f3n de Barcelona 1992"}]},{"@type":"WebSite","@id":"https:\/\/www.fundaciobarcelonaolimpica.es\/ca\/#website","url":"https:\/\/www.fundaciobarcelonaolimpica.es\/ca\/","name":"Fundaci\u00f3 Barcelona Ol\u00edmpica","description":"Web del Museu Ol\u00edmpic i de l&#039;Esport","publisher":{"@id":"https:\/\/www.fundaciobarcelonaolimpica.es\/ca\/#organization"},"potentialAction":[{"@type":"SearchAction","target":{"@type":"EntryPoint","urlTemplate":"https:\/\/www.fundaciobarcelonaolimpica.es\/ca\/?s={search_term_string}"},"query-input":{"@type":"PropertyValueSpecification","valueRequired":true,"valueName":"search_term_string"}}],"inLanguage":"es"},{"@type":"Organization","@id":"https:\/\/www.fundaciobarcelonaolimpica.es\/ca\/#organization","name":"Fundaci\u00f3 Barcelona Ol\u00edmpica","url":"https:\/\/www.fundaciobarcelonaolimpica.es\/ca\/","logo":{"@type":"ImageObject","inLanguage":"es","@id":"https:\/\/www.fundaciobarcelonaolimpica.es\/ca\/#\/schema\/logo\/image\/","url":"https:\/\/www.fundaciobarcelonaolimpica.es\/wp-content\/uploads\/sites\/3\/2019\/02\/logo-fundacio.svg","contentUrl":"https:\/\/www.fundaciobarcelonaolimpica.es\/wp-content\/uploads\/sites\/3\/2019\/02\/logo-fundacio.svg","caption":"Fundaci\u00f3 Barcelona Ol\u00edmpica"},"image":{"@id":"https:\/\/www.fundaciobarcelonaolimpica.es\/ca\/#\/schema\/logo\/image\/"}},{"@type":"Person","@id":"https:\/\/www.fundaciobarcelonaolimpica.es\/ca\/#\/schema\/person\/27fb3ca248933c27f53014c648c3b103","name":"editor","url":"https:\/\/www.fundaciobarcelonaolimpica.es\/es\/author\/editor\/"}]}},"_links":{"self":[{"href":"https:\/\/www.fundaciobarcelonaolimpica.es\/es\/wp-json\/wp\/v2\/posts\/19002"}],"collection":[{"href":"https:\/\/www.fundaciobarcelonaolimpica.es\/es\/wp-json\/wp\/v2\/posts"}],"about":[{"href":"https:\/\/www.fundaciobarcelonaolimpica.es\/es\/wp-json\/wp\/v2\/types\/post"}],"author":[{"embeddable":true,"href":"https:\/\/www.fundaciobarcelonaolimpica.es\/es\/wp-json\/wp\/v2\/users\/10"}],"replies":[{"embeddable":true,"href":"https:\/\/www.fundaciobarcelonaolimpica.es\/es\/wp-json\/wp\/v2\/comments?post=19002"}],"version-history":[{"count":3,"href":"https:\/\/www.fundaciobarcelonaolimpica.es\/es\/wp-json\/wp\/v2\/posts\/19002\/revisions"}],"predecessor-version":[{"id":19044,"href":"https:\/\/www.fundaciobarcelonaolimpica.es\/es\/wp-json\/wp\/v2\/posts\/19002\/revisions\/19044"}],"wp:featuredmedia":[{"embeddable":true,"href":"https:\/\/www.fundaciobarcelonaolimpica.es\/es\/wp-json\/wp\/v2\/media\/19006"}],"wp:attachment":[{"href":"https:\/\/www.fundaciobarcelonaolimpica.es\/es\/wp-json\/wp\/v2\/media?parent=19002"}],"wp:term":[{"taxonomy":"category","embeddable":true,"href":"https:\/\/www.fundaciobarcelonaolimpica.es\/es\/wp-json\/wp\/v2\/categories?post=19002"},{"taxonomy":"post_tag","embeddable":true,"href":"https:\/\/www.fundaciobarcelonaolimpica.es\/es\/wp-json\/wp\/v2\/tags?post=19002"}],"curies":[{"name":"wp","href":"https:\/\/api.w.org\/{rel}","templated":true}]}}