{"id":19115,"date":"2014-12-16T09:19:10","date_gmt":"2014-12-16T08:19:10","guid":{"rendered":"https:\/\/dev.fbolimpica.es\/?p=19115"},"modified":"2019-07-16T09:20:10","modified_gmt":"2019-07-16T07:20:10","slug":"la-sede-del-comite-olimpico-espanol-ha-sido-el-escenario-en-el-que-se-ha-celebrado-la-tradicional-gala-del-coe","status":"publish","type":"post","link":"https:\/\/www.fundaciobarcelonaolimpica.es\/es\/la-sede-del-comite-olimpico-espanol-ha-sido-el-escenario-en-el-que-se-ha-celebrado-la-tradicional-gala-del-coe\/","title":{"rendered":"La sede del Comit\u00e9 Ol\u00edmpico Espa\u00f1ol ha sido el escenario en el que se ha celebrado la tradicional Gala del COE."},"content":{"rendered":"<p>Entre entidades y personalidades premiadas estaban la periodista Mar\u00eda Escario, Juan de Dios Rom\u00e1n, Ferm\u00edn Cacho e Isabel Fernandez entre otros. Queremos destacar la orden ol\u00edmpica a Juli Pernas,\u00a0 por su labor como presidente de la Federaci\u00f3n Espa\u00f1ola de Beisbol y S\u00f3fbol que compagina con la direcci\u00f3n\u00a0 de la Fundaci\u00f3 Barcelona Ol\u00edmpica.<\/p>\n","protected":false},"excerpt":{"rendered":"<p>El premio del COE al deportista destacado en 2014, galard\u00f3n creado este a\u00f1o, fue a para a manos de dos deportistas en activo que est\u00e1n haciendo historia dentro del deporte espa\u00f1ol, la nadadora Mireia Belmonte y el patinador Javier Fern\u00e1ndez.<\/p>\n","protected":false},"author":10,"featured_media":19119,"comment_status":"closed","ping_status":"closed","sticky":false,"template":"","format":"standard","meta":{"_acf_changed":false,"footnotes":""},"categories":[1],"tags":[],"class_list":["post-19115","post","type-post","status-publish","format-standard","has-post-thumbnail","hentry","category-sin-categorizar"],"acf":[],"yoast_head":"<!-- This site is optimized with the Yoast SEO plugin v23.7 - https:\/\/yoast.com\/wordpress\/plugins\/seo\/ -->\n<title>La sede del Comit\u00e9 Ol\u00edmpico Espa\u00f1ol ha sido el escenario en el que se ha celebrado la tradicional Gala del COE. - Fundaci\u00f3 Barcelona Ol\u00edmpica<\/title>\n<meta name=\"robots\" content=\"index, follow, max-snippet:-1, max-image-preview:large, max-video-preview:-1\" \/>\n<link rel=\"canonical\" href=\"https:\/\/www.fundaciobarcelonaolimpica.es\/es\/la-sede-del-comite-olimpico-espanol-ha-sido-el-escenario-en-el-que-se-ha-celebrado-la-tradicional-gala-del-coe\/\" \/>\n<meta property=\"og:locale\" content=\"es_ES\" \/>\n<meta property=\"og:type\" content=\"article\" \/>\n<meta property=\"og:title\" content=\"La sede del Comit\u00e9 Ol\u00edmpico Espa\u00f1ol ha sido el escenario en el que se ha celebrado la tradicional Gala del COE. - Fundaci\u00f3 Barcelona Ol\u00edmpica\" \/>\n<meta property=\"og:description\" content=\"El premio del COE al deportista destacado en 2014, galard\u00f3n creado este a\u00f1o, fue a para a manos de dos deportistas en activo que est\u00e1n haciendo historia dentro del deporte espa\u00f1ol, la nadadora Mireia Belmonte y el patinador Javier Fern\u00e1ndez.\" \/>\n<meta property=\"og:url\" content=\"https:\/\/www.fundaciobarcelonaolimpica.es\/es\/la-sede-del-comite-olimpico-espanol-ha-sido-el-escenario-en-el-que-se-ha-celebrado-la-tradicional-gala-del-coe\/\" \/>\n<meta property=\"og:site_name\" content=\"Fundaci\u00f3 Barcelona Ol\u00edmpica\" \/>\n<meta property=\"article:published_time\" content=\"2014-12-16T08:19:10+00:00\" \/>\n<meta property=\"article:modified_time\" content=\"2019-07-16T07:20:10+00:00\" \/>\n<meta property=\"og:image\" content=\"https:\/\/www.fundaciobarcelonaolimpica.es\/wp-content\/uploads\/sites\/3\/2019\/07\/0.jpg\" \/>\n\t<meta property=\"og:image:width\" content=\"750\" \/>\n\t<meta property=\"og:image:height\" content=\"229\" \/>\n\t<meta property=\"og:image:type\" content=\"image\/jpeg\" \/>\n<meta name=\"author\" content=\"editor\" \/>\n<meta name=\"twitter:card\" content=\"summary_large_image\" \/>\n<meta name=\"twitter:label1\" content=\"Escrito por\" \/>\n\t<meta name=\"twitter:data1\" content=\"editor\" \/>\n<script type=\"application\/ld+json\" class=\"yoast-schema-graph\">{\"@context\":\"https:\/\/schema.org\",\"@graph\":[{\"@type\":\"Article\",\"@id\":\"https:\/\/www.fundaciobarcelonaolimpica.es\/es\/la-sede-del-comite-olimpico-espanol-ha-sido-el-escenario-en-el-que-se-ha-celebrado-la-tradicional-gala-del-coe\/#article\",\"isPartOf\":{\"@id\":\"https:\/\/www.fundaciobarcelonaolimpica.es\/es\/la-sede-del-comite-olimpico-espanol-ha-sido-el-escenario-en-el-que-se-ha-celebrado-la-tradicional-gala-del-coe\/\"},\"author\":{\"name\":\"editor\",\"@id\":\"https:\/\/www.fundaciobarcelonaolimpica.es\/ca\/#\/schema\/person\/27fb3ca248933c27f53014c648c3b103\"},\"headline\":\"La sede del Comit\u00e9 Ol\u00edmpico Espa\u00f1ol ha sido el escenario en el que se ha celebrado la tradicional Gala del COE.\",\"datePublished\":\"2014-12-16T08:19:10+00:00\",\"dateModified\":\"2019-07-16T07:20:10+00:00\",\"mainEntityOfPage\":{\"@id\":\"https:\/\/www.fundaciobarcelonaolimpica.es\/es\/la-sede-del-comite-olimpico-espanol-ha-sido-el-escenario-en-el-que-se-ha-celebrado-la-tradicional-gala-del-coe\/\"},\"wordCount\":84,\"publisher\":{\"@id\":\"https:\/\/www.fundaciobarcelonaolimpica.es\/ca\/#organization\"},\"image\":{\"@id\":\"https:\/\/www.fundaciobarcelonaolimpica.es\/es\/la-sede-del-comite-olimpico-espanol-ha-sido-el-escenario-en-el-que-se-ha-celebrado-la-tradicional-gala-del-coe\/#primaryimage\"},\"thumbnailUrl\":\"https:\/\/www.fundaciobarcelonaolimpica.es\/wp-content\/uploads\/sites\/3\/2019\/07\/0.jpg\",\"articleSection\":[\"Sin categorizar\"],\"inLanguage\":\"es\"},{\"@type\":\"WebPage\",\"@id\":\"https:\/\/www.fundaciobarcelonaolimpica.es\/es\/la-sede-del-comite-olimpico-espanol-ha-sido-el-escenario-en-el-que-se-ha-celebrado-la-tradicional-gala-del-coe\/\",\"url\":\"https:\/\/www.fundaciobarcelonaolimpica.es\/es\/la-sede-del-comite-olimpico-espanol-ha-sido-el-escenario-en-el-que-se-ha-celebrado-la-tradicional-gala-del-coe\/\",\"name\":\"La sede del Comit\u00e9 Ol\u00edmpico Espa\u00f1ol ha sido el escenario en el que se ha celebrado la tradicional Gala del COE. - Fundaci\u00f3 Barcelona Ol\u00edmpica\",\"isPartOf\":{\"@id\":\"https:\/\/www.fundaciobarcelonaolimpica.es\/ca\/#website\"},\"primaryImageOfPage\":{\"@id\":\"https:\/\/www.fundaciobarcelonaolimpica.es\/es\/la-sede-del-comite-olimpico-espanol-ha-sido-el-escenario-en-el-que-se-ha-celebrado-la-tradicional-gala-del-coe\/#primaryimage\"},\"image\":{\"@id\":\"https:\/\/www.fundaciobarcelonaolimpica.es\/es\/la-sede-del-comite-olimpico-espanol-ha-sido-el-escenario-en-el-que-se-ha-celebrado-la-tradicional-gala-del-coe\/#primaryimage\"},\"thumbnailUrl\":\"https:\/\/www.fundaciobarcelonaolimpica.es\/wp-content\/uploads\/sites\/3\/2019\/07\/0.jpg\",\"datePublished\":\"2014-12-16T08:19:10+00:00\",\"dateModified\":\"2019-07-16T07:20:10+00:00\",\"breadcrumb\":{\"@id\":\"https:\/\/www.fundaciobarcelonaolimpica.es\/es\/la-sede-del-comite-olimpico-espanol-ha-sido-el-escenario-en-el-que-se-ha-celebrado-la-tradicional-gala-del-coe\/#breadcrumb\"},\"inLanguage\":\"es\",\"potentialAction\":[{\"@type\":\"ReadAction\",\"target\":[\"https:\/\/www.fundaciobarcelonaolimpica.es\/es\/la-sede-del-comite-olimpico-espanol-ha-sido-el-escenario-en-el-que-se-ha-celebrado-la-tradicional-gala-del-coe\/\"]}]},{\"@type\":\"ImageObject\",\"inLanguage\":\"es\",\"@id\":\"https:\/\/www.fundaciobarcelonaolimpica.es\/es\/la-sede-del-comite-olimpico-espanol-ha-sido-el-escenario-en-el-que-se-ha-celebrado-la-tradicional-gala-del-coe\/#primaryimage\",\"url\":\"https:\/\/www.fundaciobarcelonaolimpica.es\/wp-content\/uploads\/sites\/3\/2019\/07\/0.jpg\",\"contentUrl\":\"https:\/\/www.fundaciobarcelonaolimpica.es\/wp-content\/uploads\/sites\/3\/2019\/07\/0.jpg\",\"width\":750,\"height\":229},{\"@type\":\"BreadcrumbList\",\"@id\":\"https:\/\/www.fundaciobarcelonaolimpica.es\/es\/la-sede-del-comite-olimpico-espanol-ha-sido-el-escenario-en-el-que-se-ha-celebrado-la-tradicional-gala-del-coe\/#breadcrumb\",\"itemListElement\":[{\"@type\":\"ListItem\",\"position\":1,\"name\":\"FBO\",\"item\":\"https:\/\/www.fundaciobarcelonaolimpica.es\/es\/\"},{\"@type\":\"ListItem\",\"position\":2,\"name\":\"La sede del Comit\u00e9 Ol\u00edmpico Espa\u00f1ol ha sido el escenario en el que se ha celebrado la tradicional Gala del COE.\"}]},{\"@type\":\"WebSite\",\"@id\":\"https:\/\/www.fundaciobarcelonaolimpica.es\/ca\/#website\",\"url\":\"https:\/\/www.fundaciobarcelonaolimpica.es\/ca\/\",\"name\":\"Fundaci\u00f3 Barcelona Ol\u00edmpica\",\"description\":\"Web del Museu Ol\u00edmpic i de l&#039;Esport\",\"publisher\":{\"@id\":\"https:\/\/www.fundaciobarcelonaolimpica.es\/ca\/#organization\"},\"potentialAction\":[{\"@type\":\"SearchAction\",\"target\":{\"@type\":\"EntryPoint\",\"urlTemplate\":\"https:\/\/www.fundaciobarcelonaolimpica.es\/ca\/?s={search_term_string}\"},\"query-input\":{\"@type\":\"PropertyValueSpecification\",\"valueRequired\":true,\"valueName\":\"search_term_string\"}}],\"inLanguage\":\"es\"},{\"@type\":\"Organization\",\"@id\":\"https:\/\/www.fundaciobarcelonaolimpica.es\/ca\/#organization\",\"name\":\"Fundaci\u00f3 Barcelona Ol\u00edmpica\",\"url\":\"https:\/\/www.fundaciobarcelonaolimpica.es\/ca\/\",\"logo\":{\"@type\":\"ImageObject\",\"inLanguage\":\"es\",\"@id\":\"https:\/\/www.fundaciobarcelonaolimpica.es\/ca\/#\/schema\/logo\/image\/\",\"url\":\"https:\/\/www.fundaciobarcelonaolimpica.es\/wp-content\/uploads\/sites\/3\/2019\/02\/logo-fundacio.svg\",\"contentUrl\":\"https:\/\/www.fundaciobarcelonaolimpica.es\/wp-content\/uploads\/sites\/3\/2019\/02\/logo-fundacio.svg\",\"caption\":\"Fundaci\u00f3 Barcelona Ol\u00edmpica\"},\"image\":{\"@id\":\"https:\/\/www.fundaciobarcelonaolimpica.es\/ca\/#\/schema\/logo\/image\/\"}},{\"@type\":\"Person\",\"@id\":\"https:\/\/www.fundaciobarcelonaolimpica.es\/ca\/#\/schema\/person\/27fb3ca248933c27f53014c648c3b103\",\"name\":\"editor\",\"url\":\"https:\/\/www.fundaciobarcelonaolimpica.es\/es\/author\/editor\/\"}]}<\/script>\n<!-- \/ Yoast SEO plugin. -->","yoast_head_json":{"title":"La sede del Comit\u00e9 Ol\u00edmpico Espa\u00f1ol ha sido el escenario en el que se ha celebrado la tradicional Gala del COE. - Fundaci\u00f3 Barcelona Ol\u00edmpica","robots":{"index":"index","follow":"follow","max-snippet":"max-snippet:-1","max-image-preview":"max-image-preview:large","max-video-preview":"max-video-preview:-1"},"canonical":"https:\/\/www.fundaciobarcelonaolimpica.es\/es\/la-sede-del-comite-olimpico-espanol-ha-sido-el-escenario-en-el-que-se-ha-celebrado-la-tradicional-gala-del-coe\/","og_locale":"es_ES","og_type":"article","og_title":"La sede del Comit\u00e9 Ol\u00edmpico Espa\u00f1ol ha sido el escenario en el que se ha celebrado la tradicional Gala del COE. - Fundaci\u00f3 Barcelona Ol\u00edmpica","og_description":"El premio del COE al deportista destacado en 2014, galard\u00f3n creado este a\u00f1o, fue a para a manos de dos deportistas en activo que est\u00e1n haciendo historia dentro del deporte espa\u00f1ol, la nadadora Mireia Belmonte y el patinador Javier Fern\u00e1ndez.","og_url":"https:\/\/www.fundaciobarcelonaolimpica.es\/es\/la-sede-del-comite-olimpico-espanol-ha-sido-el-escenario-en-el-que-se-ha-celebrado-la-tradicional-gala-del-coe\/","og_site_name":"Fundaci\u00f3 Barcelona Ol\u00edmpica","article_published_time":"2014-12-16T08:19:10+00:00","article_modified_time":"2019-07-16T07:20:10+00:00","og_image":[{"width":750,"height":229,"url":"https:\/\/www.fundaciobarcelonaolimpica.es\/wp-content\/uploads\/sites\/3\/2019\/07\/0.jpg","type":"image\/jpeg"}],"author":"editor","twitter_card":"summary_large_image","twitter_misc":{"Escrito por":"editor"},"schema":{"@context":"https:\/\/schema.org","@graph":[{"@type":"Article","@id":"https:\/\/www.fundaciobarcelonaolimpica.es\/es\/la-sede-del-comite-olimpico-espanol-ha-sido-el-escenario-en-el-que-se-ha-celebrado-la-tradicional-gala-del-coe\/#article","isPartOf":{"@id":"https:\/\/www.fundaciobarcelonaolimpica.es\/es\/la-sede-del-comite-olimpico-espanol-ha-sido-el-escenario-en-el-que-se-ha-celebrado-la-tradicional-gala-del-coe\/"},"author":{"name":"editor","@id":"https:\/\/www.fundaciobarcelonaolimpica.es\/ca\/#\/schema\/person\/27fb3ca248933c27f53014c648c3b103"},"headline":"La sede del Comit\u00e9 Ol\u00edmpico Espa\u00f1ol ha sido el escenario en el que se ha celebrado la tradicional Gala del COE.","datePublished":"2014-12-16T08:19:10+00:00","dateModified":"2019-07-16T07:20:10+00:00","mainEntityOfPage":{"@id":"https:\/\/www.fundaciobarcelonaolimpica.es\/es\/la-sede-del-comite-olimpico-espanol-ha-sido-el-escenario-en-el-que-se-ha-celebrado-la-tradicional-gala-del-coe\/"},"wordCount":84,"publisher":{"@id":"https:\/\/www.fundaciobarcelonaolimpica.es\/ca\/#organization"},"image":{"@id":"https:\/\/www.fundaciobarcelonaolimpica.es\/es\/la-sede-del-comite-olimpico-espanol-ha-sido-el-escenario-en-el-que-se-ha-celebrado-la-tradicional-gala-del-coe\/#primaryimage"},"thumbnailUrl":"https:\/\/www.fundaciobarcelonaolimpica.es\/wp-content\/uploads\/sites\/3\/2019\/07\/0.jpg","articleSection":["Sin categorizar"],"inLanguage":"es"},{"@type":"WebPage","@id":"https:\/\/www.fundaciobarcelonaolimpica.es\/es\/la-sede-del-comite-olimpico-espanol-ha-sido-el-escenario-en-el-que-se-ha-celebrado-la-tradicional-gala-del-coe\/","url":"https:\/\/www.fundaciobarcelonaolimpica.es\/es\/la-sede-del-comite-olimpico-espanol-ha-sido-el-escenario-en-el-que-se-ha-celebrado-la-tradicional-gala-del-coe\/","name":"La sede del Comit\u00e9 Ol\u00edmpico Espa\u00f1ol ha sido el escenario en el que se ha celebrado la tradicional Gala del COE. - Fundaci\u00f3 Barcelona Ol\u00edmpica","isPartOf":{"@id":"https:\/\/www.fundaciobarcelonaolimpica.es\/ca\/#website"},"primaryImageOfPage":{"@id":"https:\/\/www.fundaciobarcelonaolimpica.es\/es\/la-sede-del-comite-olimpico-espanol-ha-sido-el-escenario-en-el-que-se-ha-celebrado-la-tradicional-gala-del-coe\/#primaryimage"},"image":{"@id":"https:\/\/www.fundaciobarcelonaolimpica.es\/es\/la-sede-del-comite-olimpico-espanol-ha-sido-el-escenario-en-el-que-se-ha-celebrado-la-tradicional-gala-del-coe\/#primaryimage"},"thumbnailUrl":"https:\/\/www.fundaciobarcelonaolimpica.es\/wp-content\/uploads\/sites\/3\/2019\/07\/0.jpg","datePublished":"2014-12-16T08:19:10+00:00","dateModified":"2019-07-16T07:20:10+00:00","breadcrumb":{"@id":"https:\/\/www.fundaciobarcelonaolimpica.es\/es\/la-sede-del-comite-olimpico-espanol-ha-sido-el-escenario-en-el-que-se-ha-celebrado-la-tradicional-gala-del-coe\/#breadcrumb"},"inLanguage":"es","potentialAction":[{"@type":"ReadAction","target":["https:\/\/www.fundaciobarcelonaolimpica.es\/es\/la-sede-del-comite-olimpico-espanol-ha-sido-el-escenario-en-el-que-se-ha-celebrado-la-tradicional-gala-del-coe\/"]}]},{"@type":"ImageObject","inLanguage":"es","@id":"https:\/\/www.fundaciobarcelonaolimpica.es\/es\/la-sede-del-comite-olimpico-espanol-ha-sido-el-escenario-en-el-que-se-ha-celebrado-la-tradicional-gala-del-coe\/#primaryimage","url":"https:\/\/www.fundaciobarcelonaolimpica.es\/wp-content\/uploads\/sites\/3\/2019\/07\/0.jpg","contentUrl":"https:\/\/www.fundaciobarcelonaolimpica.es\/wp-content\/uploads\/sites\/3\/2019\/07\/0.jpg","width":750,"height":229},{"@type":"BreadcrumbList","@id":"https:\/\/www.fundaciobarcelonaolimpica.es\/es\/la-sede-del-comite-olimpico-espanol-ha-sido-el-escenario-en-el-que-se-ha-celebrado-la-tradicional-gala-del-coe\/#breadcrumb","itemListElement":[{"@type":"ListItem","position":1,"name":"FBO","item":"https:\/\/www.fundaciobarcelonaolimpica.es\/es\/"},{"@type":"ListItem","position":2,"name":"La sede del Comit\u00e9 Ol\u00edmpico Espa\u00f1ol ha sido el escenario en el que se ha celebrado la tradicional Gala del COE."}]},{"@type":"WebSite","@id":"https:\/\/www.fundaciobarcelonaolimpica.es\/ca\/#website","url":"https:\/\/www.fundaciobarcelonaolimpica.es\/ca\/","name":"Fundaci\u00f3 Barcelona Ol\u00edmpica","description":"Web del Museu Ol\u00edmpic i de l&#039;Esport","publisher":{"@id":"https:\/\/www.fundaciobarcelonaolimpica.es\/ca\/#organization"},"potentialAction":[{"@type":"SearchAction","target":{"@type":"EntryPoint","urlTemplate":"https:\/\/www.fundaciobarcelonaolimpica.es\/ca\/?s={search_term_string}"},"query-input":{"@type":"PropertyValueSpecification","valueRequired":true,"valueName":"search_term_string"}}],"inLanguage":"es"},{"@type":"Organization","@id":"https:\/\/www.fundaciobarcelonaolimpica.es\/ca\/#organization","name":"Fundaci\u00f3 Barcelona Ol\u00edmpica","url":"https:\/\/www.fundaciobarcelonaolimpica.es\/ca\/","logo":{"@type":"ImageObject","inLanguage":"es","@id":"https:\/\/www.fundaciobarcelonaolimpica.es\/ca\/#\/schema\/logo\/image\/","url":"https:\/\/www.fundaciobarcelonaolimpica.es\/wp-content\/uploads\/sites\/3\/2019\/02\/logo-fundacio.svg","contentUrl":"https:\/\/www.fundaciobarcelonaolimpica.es\/wp-content\/uploads\/sites\/3\/2019\/02\/logo-fundacio.svg","caption":"Fundaci\u00f3 Barcelona Ol\u00edmpica"},"image":{"@id":"https:\/\/www.fundaciobarcelonaolimpica.es\/ca\/#\/schema\/logo\/image\/"}},{"@type":"Person","@id":"https:\/\/www.fundaciobarcelonaolimpica.es\/ca\/#\/schema\/person\/27fb3ca248933c27f53014c648c3b103","name":"editor","url":"https:\/\/www.fundaciobarcelonaolimpica.es\/es\/author\/editor\/"}]}},"_links":{"self":[{"href":"https:\/\/www.fundaciobarcelonaolimpica.es\/es\/wp-json\/wp\/v2\/posts\/19115"}],"collection":[{"href":"https:\/\/www.fundaciobarcelonaolimpica.es\/es\/wp-json\/wp\/v2\/posts"}],"about":[{"href":"https:\/\/www.fundaciobarcelonaolimpica.es\/es\/wp-json\/wp\/v2\/types\/post"}],"author":[{"embeddable":true,"href":"https:\/\/www.fundaciobarcelonaolimpica.es\/es\/wp-json\/wp\/v2\/users\/10"}],"replies":[{"embeddable":true,"href":"https:\/\/www.fundaciobarcelonaolimpica.es\/es\/wp-json\/wp\/v2\/comments?post=19115"}],"version-history":[{"count":1,"href":"https:\/\/www.fundaciobarcelonaolimpica.es\/es\/wp-json\/wp\/v2\/posts\/19115\/revisions"}],"predecessor-version":[{"id":19125,"href":"https:\/\/www.fundaciobarcelonaolimpica.es\/es\/wp-json\/wp\/v2\/posts\/19115\/revisions\/19125"}],"wp:featuredmedia":[{"embeddable":true,"href":"https:\/\/www.fundaciobarcelonaolimpica.es\/es\/wp-json\/wp\/v2\/media\/19119"}],"wp:attachment":[{"href":"https:\/\/www.fundaciobarcelonaolimpica.es\/es\/wp-json\/wp\/v2\/media?parent=19115"}],"wp:term":[{"taxonomy":"category","embeddable":true,"href":"https:\/\/www.fundaciobarcelonaolimpica.es\/es\/wp-json\/wp\/v2\/categories?post=19115"},{"taxonomy":"post_tag","embeddable":true,"href":"https:\/\/www.fundaciobarcelonaolimpica.es\/es\/wp-json\/wp\/v2\/tags?post=19115"}],"curies":[{"name":"wp","href":"https:\/\/api.w.org\/{rel}","templated":true}]}}