{"id":1948,"date":"2009-11-26T00:00:00","date_gmt":"2009-11-25T23:00:00","guid":{"rendered":"http:\/\/dev.fundaciobarcelonaolimpica.es\/los-gestores-de-instalaciones-deportivas\/"},"modified":"2009-11-26T00:00:00","modified_gmt":"2009-11-25T23:00:00","slug":"los-gestores-de-instalaciones-deportivas","status":"publish","type":"post","link":"https:\/\/www.fundaciobarcelonaolimpica.es\/es\/los-gestores-de-instalaciones-deportivas\/","title":{"rendered":"Los Gestores de Instalaciones deportivas"},"content":{"rendered":"<p>La conferencia ha sido cuidadosamente seguida por personalidades, mayoritariamente de la rama de gesti\u00f3n deportiva, que han aprovechado la oportunidad que desde el Museo Ol\u00edmpico se les ha ofrecido. El periodista Sergi Valdivieso ha sido el encargado de dirigir la ponencia. Os recordamos que el pr\u00f3ximo 10 de dicembre a las 19:00 h ENB el Museo Ol\u00edmpico y del Deporte se realizar\u00e1 la \u00faltima de las conferencias, \u00ab\u00bb La proyecci\u00f3n internacional a trav\u00e9s de los eventos deportivos \u00ab\u00bb con Juan Porcar, consejero delegado de RPM Racing, Albert Agust\u00ed, consejero delegado de Havas Sport Entertainment y Andor Serra, director general Barcelona World Race. Dentro del ciclo dedicado a Barcelona os invitamos a visitar la exposici\u00f3n \u00ab\u00bb la ciudad del deporte: barcelona 1979 -2009 \u00abque estar\u00e1 abierta a todo el p\u00fablico de forma gratuita desde el 8 de octubre hasta el 10 de enero de 2010 en el Museo Ol\u00edmpico y del Deporte de Barcelona. Esta exposici\u00f3n recoge los procesos de cambio y desarrollo, de estos \u00faltimos 30 a\u00f1os, que han hecho de Barcelona una ciudad pionera y referente en el mundo del deporte. Instalaciones, campa\u00f1a de promoci\u00f3n, actividades y m\u00faltiples acontecimientos deportivos como los Juegos Ol\u00edmpicos de 1992 o los mundiales de nataci\u00f3n de 2003, toman parte de la exposici\u00f3n.<\/p>\n","protected":false},"excerpt":{"rendered":"<p>La conferencia \u00abLos Gestores de instalaciones deportivas\u00bb \u00ab- con la participaci\u00f3n de Ricard Llorens, vicepresidente de UBAE, Alfred Tabuenca, director de proyectos de IGE-BCN y Pedro Andreu, director del Mar\u00edtimo Claror &#8211; ha compartido el auditorio del Museo Ol\u00edmpico y del Deporte con \u00ab\u00bb La ensaladera de plata \u00ab, trofeo m\u00e1s prestigioso del Tenis Mundial, la COPA DAVIS.\u00bb<\/p>\n","protected":false},"author":1,"featured_media":0,"comment_status":"open","ping_status":"open","sticky":false,"template":"","format":"standard","meta":{"_acf_changed":false,"footnotes":""},"categories":[1],"tags":[],"class_list":["post-1948","post","type-post","status-publish","format-standard","hentry","category-sin-categorizar"],"acf":[],"yoast_head":"<!-- This site is optimized with the Yoast SEO plugin v23.7 - https:\/\/yoast.com\/wordpress\/plugins\/seo\/ -->\n<title>Los Gestores de Instalaciones deportivas - Fundaci\u00f3 Barcelona Ol\u00edmpica<\/title>\n<meta name=\"robots\" content=\"index, follow, max-snippet:-1, max-image-preview:large, max-video-preview:-1\" \/>\n<link rel=\"canonical\" href=\"https:\/\/www.fundaciobarcelonaolimpica.es\/es\/los-gestores-de-instalaciones-deportivas\/\" \/>\n<meta property=\"og:locale\" content=\"es_ES\" \/>\n<meta property=\"og:type\" content=\"article\" \/>\n<meta property=\"og:title\" content=\"Los Gestores de Instalaciones deportivas - Fundaci\u00f3 Barcelona Ol\u00edmpica\" \/>\n<meta property=\"og:description\" content=\"La conferencia &quot;Los Gestores de instalaciones deportivas&quot; &quot;- con la participaci\u00f3n de Ricard Llorens, vicepresidente de UBAE, Alfred Tabuenca, director de proyectos de IGE-BCN y Pedro Andreu, director del Mar\u00edtimo Claror - ha compartido el auditorio del Museo Ol\u00edmpico y del Deporte con &quot;&quot; La ensaladera de plata &quot;, trofeo m\u00e1s prestigioso del Tenis Mundial, la COPA DAVIS.&quot;\" \/>\n<meta property=\"og:url\" content=\"https:\/\/www.fundaciobarcelonaolimpica.es\/es\/los-gestores-de-instalaciones-deportivas\/\" \/>\n<meta property=\"og:site_name\" content=\"Fundaci\u00f3 Barcelona Ol\u00edmpica\" \/>\n<meta property=\"article:published_time\" content=\"2009-11-25T23:00:00+00:00\" \/>\n<meta name=\"author\" content=\"useradmin\" \/>\n<meta name=\"twitter:card\" content=\"summary_large_image\" \/>\n<meta name=\"twitter:label1\" content=\"Escrito por\" \/>\n\t<meta name=\"twitter:data1\" content=\"useradmin\" \/>\n\t<meta name=\"twitter:label2\" content=\"Tiempo de lectura\" \/>\n\t<meta name=\"twitter:data2\" content=\"1 minuto\" \/>\n<script type=\"application\/ld+json\" class=\"yoast-schema-graph\">{\"@context\":\"https:\/\/schema.org\",\"@graph\":[{\"@type\":\"Article\",\"@id\":\"https:\/\/www.fundaciobarcelonaolimpica.es\/es\/los-gestores-de-instalaciones-deportivas\/#article\",\"isPartOf\":{\"@id\":\"https:\/\/www.fundaciobarcelonaolimpica.es\/es\/los-gestores-de-instalaciones-deportivas\/\"},\"author\":{\"name\":\"useradmin\",\"@id\":\"https:\/\/www.fundaciobarcelonaolimpica.es\/ca\/#\/schema\/person\/d05705664e87aa04c6ce53d48133fb39\"},\"headline\":\"Los Gestores de Instalaciones deportivas\",\"datePublished\":\"2009-11-25T23:00:00+00:00\",\"dateModified\":\"2009-11-25T23:00:00+00:00\",\"mainEntityOfPage\":{\"@id\":\"https:\/\/www.fundaciobarcelonaolimpica.es\/es\/los-gestores-de-instalaciones-deportivas\/\"},\"wordCount\":219,\"commentCount\":12,\"publisher\":{\"@id\":\"https:\/\/www.fundaciobarcelonaolimpica.es\/ca\/#organization\"},\"articleSection\":[\"Sin categorizar\"],\"inLanguage\":\"es\",\"potentialAction\":[{\"@type\":\"CommentAction\",\"name\":\"Comment\",\"target\":[\"https:\/\/www.fundaciobarcelonaolimpica.es\/es\/los-gestores-de-instalaciones-deportivas\/#respond\"]}]},{\"@type\":\"WebPage\",\"@id\":\"https:\/\/www.fundaciobarcelonaolimpica.es\/es\/los-gestores-de-instalaciones-deportivas\/\",\"url\":\"https:\/\/www.fundaciobarcelonaolimpica.es\/es\/los-gestores-de-instalaciones-deportivas\/\",\"name\":\"Los Gestores de Instalaciones deportivas - Fundaci\u00f3 Barcelona Ol\u00edmpica\",\"isPartOf\":{\"@id\":\"https:\/\/www.fundaciobarcelonaolimpica.es\/ca\/#website\"},\"datePublished\":\"2009-11-25T23:00:00+00:00\",\"dateModified\":\"2009-11-25T23:00:00+00:00\",\"breadcrumb\":{\"@id\":\"https:\/\/www.fundaciobarcelonaolimpica.es\/es\/los-gestores-de-instalaciones-deportivas\/#breadcrumb\"},\"inLanguage\":\"es\",\"potentialAction\":[{\"@type\":\"ReadAction\",\"target\":[\"https:\/\/www.fundaciobarcelonaolimpica.es\/es\/los-gestores-de-instalaciones-deportivas\/\"]}]},{\"@type\":\"BreadcrumbList\",\"@id\":\"https:\/\/www.fundaciobarcelonaolimpica.es\/es\/los-gestores-de-instalaciones-deportivas\/#breadcrumb\",\"itemListElement\":[{\"@type\":\"ListItem\",\"position\":1,\"name\":\"FBO\",\"item\":\"https:\/\/www.fundaciobarcelonaolimpica.es\/es\/\"},{\"@type\":\"ListItem\",\"position\":2,\"name\":\"Los Gestores de Instalaciones deportivas\"}]},{\"@type\":\"WebSite\",\"@id\":\"https:\/\/www.fundaciobarcelonaolimpica.es\/ca\/#website\",\"url\":\"https:\/\/www.fundaciobarcelonaolimpica.es\/ca\/\",\"name\":\"Fundaci\u00f3 Barcelona Ol\u00edmpica\",\"description\":\"Web del Museu Ol\u00edmpic i de l&#039;Esport\",\"publisher\":{\"@id\":\"https:\/\/www.fundaciobarcelonaolimpica.es\/ca\/#organization\"},\"potentialAction\":[{\"@type\":\"SearchAction\",\"target\":{\"@type\":\"EntryPoint\",\"urlTemplate\":\"https:\/\/www.fundaciobarcelonaolimpica.es\/ca\/?s={search_term_string}\"},\"query-input\":{\"@type\":\"PropertyValueSpecification\",\"valueRequired\":true,\"valueName\":\"search_term_string\"}}],\"inLanguage\":\"es\"},{\"@type\":\"Organization\",\"@id\":\"https:\/\/www.fundaciobarcelonaolimpica.es\/ca\/#organization\",\"name\":\"Fundaci\u00f3 Barcelona Ol\u00edmpica\",\"url\":\"https:\/\/www.fundaciobarcelonaolimpica.es\/ca\/\",\"logo\":{\"@type\":\"ImageObject\",\"inLanguage\":\"es\",\"@id\":\"https:\/\/www.fundaciobarcelonaolimpica.es\/ca\/#\/schema\/logo\/image\/\",\"url\":\"https:\/\/www.fundaciobarcelonaolimpica.es\/wp-content\/uploads\/sites\/3\/2019\/02\/logo-fundacio.svg\",\"contentUrl\":\"https:\/\/www.fundaciobarcelonaolimpica.es\/wp-content\/uploads\/sites\/3\/2019\/02\/logo-fundacio.svg\",\"caption\":\"Fundaci\u00f3 Barcelona Ol\u00edmpica\"},\"image\":{\"@id\":\"https:\/\/www.fundaciobarcelonaolimpica.es\/ca\/#\/schema\/logo\/image\/\"}},{\"@type\":\"Person\",\"@id\":\"https:\/\/www.fundaciobarcelonaolimpica.es\/ca\/#\/schema\/person\/d05705664e87aa04c6ce53d48133fb39\",\"name\":\"useradmin\",\"url\":\"https:\/\/www.fundaciobarcelonaolimpica.es\/es\/author\/useradmin\/\"}]}<\/script>\n<!-- \/ Yoast SEO plugin. -->","yoast_head_json":{"title":"Los Gestores de Instalaciones deportivas - Fundaci\u00f3 Barcelona Ol\u00edmpica","robots":{"index":"index","follow":"follow","max-snippet":"max-snippet:-1","max-image-preview":"max-image-preview:large","max-video-preview":"max-video-preview:-1"},"canonical":"https:\/\/www.fundaciobarcelonaolimpica.es\/es\/los-gestores-de-instalaciones-deportivas\/","og_locale":"es_ES","og_type":"article","og_title":"Los Gestores de Instalaciones deportivas - Fundaci\u00f3 Barcelona Ol\u00edmpica","og_description":"La conferencia \"Los Gestores de instalaciones deportivas\" \"- con la participaci\u00f3n de Ricard Llorens, vicepresidente de UBAE, Alfred Tabuenca, director de proyectos de IGE-BCN y Pedro Andreu, director del Mar\u00edtimo Claror - ha compartido el auditorio del Museo Ol\u00edmpico y del Deporte con \"\" La ensaladera de plata \", trofeo m\u00e1s prestigioso del Tenis Mundial, la COPA DAVIS.\"","og_url":"https:\/\/www.fundaciobarcelonaolimpica.es\/es\/los-gestores-de-instalaciones-deportivas\/","og_site_name":"Fundaci\u00f3 Barcelona Ol\u00edmpica","article_published_time":"2009-11-25T23:00:00+00:00","author":"useradmin","twitter_card":"summary_large_image","twitter_misc":{"Escrito por":"useradmin","Tiempo de lectura":"1 minuto"},"schema":{"@context":"https:\/\/schema.org","@graph":[{"@type":"Article","@id":"https:\/\/www.fundaciobarcelonaolimpica.es\/es\/los-gestores-de-instalaciones-deportivas\/#article","isPartOf":{"@id":"https:\/\/www.fundaciobarcelonaolimpica.es\/es\/los-gestores-de-instalaciones-deportivas\/"},"author":{"name":"useradmin","@id":"https:\/\/www.fundaciobarcelonaolimpica.es\/ca\/#\/schema\/person\/d05705664e87aa04c6ce53d48133fb39"},"headline":"Los Gestores de Instalaciones deportivas","datePublished":"2009-11-25T23:00:00+00:00","dateModified":"2009-11-25T23:00:00+00:00","mainEntityOfPage":{"@id":"https:\/\/www.fundaciobarcelonaolimpica.es\/es\/los-gestores-de-instalaciones-deportivas\/"},"wordCount":219,"commentCount":12,"publisher":{"@id":"https:\/\/www.fundaciobarcelonaolimpica.es\/ca\/#organization"},"articleSection":["Sin categorizar"],"inLanguage":"es","potentialAction":[{"@type":"CommentAction","name":"Comment","target":["https:\/\/www.fundaciobarcelonaolimpica.es\/es\/los-gestores-de-instalaciones-deportivas\/#respond"]}]},{"@type":"WebPage","@id":"https:\/\/www.fundaciobarcelonaolimpica.es\/es\/los-gestores-de-instalaciones-deportivas\/","url":"https:\/\/www.fundaciobarcelonaolimpica.es\/es\/los-gestores-de-instalaciones-deportivas\/","name":"Los Gestores de Instalaciones deportivas - Fundaci\u00f3 Barcelona Ol\u00edmpica","isPartOf":{"@id":"https:\/\/www.fundaciobarcelonaolimpica.es\/ca\/#website"},"datePublished":"2009-11-25T23:00:00+00:00","dateModified":"2009-11-25T23:00:00+00:00","breadcrumb":{"@id":"https:\/\/www.fundaciobarcelonaolimpica.es\/es\/los-gestores-de-instalaciones-deportivas\/#breadcrumb"},"inLanguage":"es","potentialAction":[{"@type":"ReadAction","target":["https:\/\/www.fundaciobarcelonaolimpica.es\/es\/los-gestores-de-instalaciones-deportivas\/"]}]},{"@type":"BreadcrumbList","@id":"https:\/\/www.fundaciobarcelonaolimpica.es\/es\/los-gestores-de-instalaciones-deportivas\/#breadcrumb","itemListElement":[{"@type":"ListItem","position":1,"name":"FBO","item":"https:\/\/www.fundaciobarcelonaolimpica.es\/es\/"},{"@type":"ListItem","position":2,"name":"Los Gestores de Instalaciones deportivas"}]},{"@type":"WebSite","@id":"https:\/\/www.fundaciobarcelonaolimpica.es\/ca\/#website","url":"https:\/\/www.fundaciobarcelonaolimpica.es\/ca\/","name":"Fundaci\u00f3 Barcelona Ol\u00edmpica","description":"Web del Museu Ol\u00edmpic i de l&#039;Esport","publisher":{"@id":"https:\/\/www.fundaciobarcelonaolimpica.es\/ca\/#organization"},"potentialAction":[{"@type":"SearchAction","target":{"@type":"EntryPoint","urlTemplate":"https:\/\/www.fundaciobarcelonaolimpica.es\/ca\/?s={search_term_string}"},"query-input":{"@type":"PropertyValueSpecification","valueRequired":true,"valueName":"search_term_string"}}],"inLanguage":"es"},{"@type":"Organization","@id":"https:\/\/www.fundaciobarcelonaolimpica.es\/ca\/#organization","name":"Fundaci\u00f3 Barcelona Ol\u00edmpica","url":"https:\/\/www.fundaciobarcelonaolimpica.es\/ca\/","logo":{"@type":"ImageObject","inLanguage":"es","@id":"https:\/\/www.fundaciobarcelonaolimpica.es\/ca\/#\/schema\/logo\/image\/","url":"https:\/\/www.fundaciobarcelonaolimpica.es\/wp-content\/uploads\/sites\/3\/2019\/02\/logo-fundacio.svg","contentUrl":"https:\/\/www.fundaciobarcelonaolimpica.es\/wp-content\/uploads\/sites\/3\/2019\/02\/logo-fundacio.svg","caption":"Fundaci\u00f3 Barcelona Ol\u00edmpica"},"image":{"@id":"https:\/\/www.fundaciobarcelonaolimpica.es\/ca\/#\/schema\/logo\/image\/"}},{"@type":"Person","@id":"https:\/\/www.fundaciobarcelonaolimpica.es\/ca\/#\/schema\/person\/d05705664e87aa04c6ce53d48133fb39","name":"useradmin","url":"https:\/\/www.fundaciobarcelonaolimpica.es\/es\/author\/useradmin\/"}]}},"_links":{"self":[{"href":"https:\/\/www.fundaciobarcelonaolimpica.es\/es\/wp-json\/wp\/v2\/posts\/1948"}],"collection":[{"href":"https:\/\/www.fundaciobarcelonaolimpica.es\/es\/wp-json\/wp\/v2\/posts"}],"about":[{"href":"https:\/\/www.fundaciobarcelonaolimpica.es\/es\/wp-json\/wp\/v2\/types\/post"}],"author":[{"embeddable":true,"href":"https:\/\/www.fundaciobarcelonaolimpica.es\/es\/wp-json\/wp\/v2\/users\/1"}],"replies":[{"embeddable":true,"href":"https:\/\/www.fundaciobarcelonaolimpica.es\/es\/wp-json\/wp\/v2\/comments?post=1948"}],"version-history":[{"count":0,"href":"https:\/\/www.fundaciobarcelonaolimpica.es\/es\/wp-json\/wp\/v2\/posts\/1948\/revisions"}],"wp:attachment":[{"href":"https:\/\/www.fundaciobarcelonaolimpica.es\/es\/wp-json\/wp\/v2\/media?parent=1948"}],"wp:term":[{"taxonomy":"category","embeddable":true,"href":"https:\/\/www.fundaciobarcelonaolimpica.es\/es\/wp-json\/wp\/v2\/categories?post=1948"},{"taxonomy":"post_tag","embeddable":true,"href":"https:\/\/www.fundaciobarcelonaolimpica.es\/es\/wp-json\/wp\/v2\/tags?post=1948"}],"curies":[{"name":"wp","href":"https:\/\/api.w.org\/{rel}","templated":true}]}}