{"id":1950,"date":"2009-11-24T00:00:00","date_gmt":"2009-11-23T23:00:00","guid":{"rendered":"http:\/\/dev.fundaciobarcelonaolimpica.es\/ven-al-museo-olimpico-y-del-deporte-del-24-al-27-de-noviembre-y-haz-como-barna-disfrutar-de-la-ensaladera-de-plata-la-original-copa-davis\/"},"modified":"2009-11-24T00:00:00","modified_gmt":"2009-11-23T23:00:00","slug":"ven-al-museo-olimpico-y-del-deporte-del-24-al-27-de-noviembre-y-haz-como-barna-disfrutar-de-la-ensaladera-de-plata-la-original-copa-davis","status":"publish","type":"post","link":"https:\/\/www.fundaciobarcelonaolimpica.es\/es\/ven-al-museo-olimpico-y-del-deporte-del-24-al-27-de-noviembre-y-haz-como-barna-disfrutar-de-la-ensaladera-de-plata-la-original-copa-davis\/","title":{"rendered":"Ven al Museo Ol\u00edmpico y del Deporte del 24 al 27 de noviembre y haz como BARNA, DISFRUTAR de La ensaladera de plata , la Original COPA DAVIS"},"content":{"rendered":"<p>La edici\u00f3n n\u00famero 1 del certamen se realiz\u00f3 el 8 de agosto de 1900 y su sede fue Boston, Estados Unidos. La idea lleg\u00f3 de la mano de Dwight Filley Davis, un estadounidense de 21 a\u00f1os graduado de la Universidad de Harvard, que hab\u00eda propuesto en 1899 de realizar un torneo de tenis entre naciones. Finalmente, la United States National Association acept\u00f3 la iniciativa del joven, al igual que, posteriormente, lo hicieron los ingleses. Davis mand\u00f3 a confeccionar un trofeo para la ocasi\u00f3n. Recurri\u00f3 a tres plateros de Boston, que fundieron m\u00e1s de doscientas onzas del metal preciado, y as\u00ed, dieron forma al premio que se denomin\u00f3 International Lawn Tennis Challenge Trophy. Aunque en realidad fue bautizada r\u00e1pidamente, en honor a su gestor, como Copa Davis. Asimismo, a partir de los componentes y la forma del galard\u00f3n, se le conoce como \u00abensaladera de plata\u00bb. El ganador de aquella primera edici\u00f3n del torneo, con sede en el Longwood Cricket Club, fueron los Estados Unidos, quien venci\u00f3 por 3-0 a los visitantes. Los integrantes del primer campe\u00f3n de la historia fueron: el mismo Dwight Davis, Malcom Whitman y Holcombe War. La Copa Davis tiene 109 a\u00f1os de historia y 97 ediciones disputadas, de las cuales 32 han sido para los Estados Unidos y 28 para Australia. Espa\u00f1a, por su parte, ha llegado un total de siete veces a la final: tres derrotas (las tres, curiosamente, ante Australia), tres victorias (ante Australia en 2000, contra Estados Unidos en 2004 y Argentina en 2008). En esta 98 edici\u00f3n esperamos que el Palau Sant Jordi pueda volver a ver a los integrantes del equipo espa\u00f1ol &#8211; Rafael Nadal (2 \u00ba del Ranking mundial), Fernando Verdasco (8 \u00ba), David Ferrer (18 \u00ba), Feliciano L\u00f3pez (47) &#8211; ganar por cuarta vez \u00abla ensaladera de plata\u00bb preciada.<\/p>\n","protected":false},"excerpt":{"rendered":"<p>El Museo Ol\u00edmpico y del Deporte aloja el trofeo m\u00e1s prestigioso del Tenis Mundial, la COPA DAVIS. BARNA, la mascota del Campeonato de Europa de Atletismo 2010, visit\u00f3 el Museo Ol\u00edmpico y del Deporte y se hizo una magn\u00edfica foto al lado de \u00abla ensaladera de plata\u00bb de la COPA DAVIS.<\/p>\n","protected":false},"author":1,"featured_media":0,"comment_status":"open","ping_status":"open","sticky":false,"template":"","format":"standard","meta":{"_acf_changed":false,"footnotes":""},"categories":[1],"tags":[],"class_list":["post-1950","post","type-post","status-publish","format-standard","hentry","category-sin-categorizar"],"acf":[],"yoast_head":"<!-- This site is optimized with the Yoast SEO plugin v23.7 - https:\/\/yoast.com\/wordpress\/plugins\/seo\/ -->\n<title>Ven al Museo Ol\u00edmpico y del Deporte del 24 al 27 de noviembre y haz como BARNA, DISFRUTAR de La ensaladera de plata , la Original COPA DAVIS - Fundaci\u00f3 Barcelona Ol\u00edmpica<\/title>\n<meta name=\"robots\" content=\"index, follow, max-snippet:-1, max-image-preview:large, max-video-preview:-1\" \/>\n<link rel=\"canonical\" href=\"https:\/\/www.fundaciobarcelonaolimpica.es\/es\/ven-al-museo-olimpico-y-del-deporte-del-24-al-27-de-noviembre-y-haz-como-barna-disfrutar-de-la-ensaladera-de-plata-la-original-copa-davis\/\" \/>\n<meta property=\"og:locale\" content=\"es_ES\" \/>\n<meta property=\"og:type\" content=\"article\" \/>\n<meta property=\"og:title\" content=\"Ven al Museo Ol\u00edmpico y del Deporte del 24 al 27 de noviembre y haz como BARNA, DISFRUTAR de La ensaladera de plata , la Original COPA DAVIS - Fundaci\u00f3 Barcelona Ol\u00edmpica\" \/>\n<meta property=\"og:description\" content=\"El Museo Ol\u00edmpico y del Deporte aloja el trofeo m\u00e1s prestigioso del Tenis Mundial, la COPA DAVIS. BARNA, la mascota del Campeonato de Europa de Atletismo 2010, visit\u00f3 el Museo Ol\u00edmpico y del Deporte y se hizo una magn\u00edfica foto al lado de &quot;la ensaladera de plata&quot; de la COPA DAVIS.\" \/>\n<meta property=\"og:url\" content=\"https:\/\/www.fundaciobarcelonaolimpica.es\/es\/ven-al-museo-olimpico-y-del-deporte-del-24-al-27-de-noviembre-y-haz-como-barna-disfrutar-de-la-ensaladera-de-plata-la-original-copa-davis\/\" \/>\n<meta property=\"og:site_name\" content=\"Fundaci\u00f3 Barcelona Ol\u00edmpica\" \/>\n<meta property=\"article:published_time\" content=\"2009-11-23T23:00:00+00:00\" \/>\n<meta name=\"author\" content=\"useradmin\" \/>\n<meta name=\"twitter:card\" content=\"summary_large_image\" \/>\n<meta name=\"twitter:label1\" content=\"Escrito por\" \/>\n\t<meta name=\"twitter:data1\" content=\"useradmin\" \/>\n\t<meta name=\"twitter:label2\" content=\"Tiempo de lectura\" \/>\n\t<meta name=\"twitter:data2\" content=\"1 minuto\" \/>\n<script type=\"application\/ld+json\" class=\"yoast-schema-graph\">{\"@context\":\"https:\/\/schema.org\",\"@graph\":[{\"@type\":\"Article\",\"@id\":\"https:\/\/www.fundaciobarcelonaolimpica.es\/es\/ven-al-museo-olimpico-y-del-deporte-del-24-al-27-de-noviembre-y-haz-como-barna-disfrutar-de-la-ensaladera-de-plata-la-original-copa-davis\/#article\",\"isPartOf\":{\"@id\":\"https:\/\/www.fundaciobarcelonaolimpica.es\/es\/ven-al-museo-olimpico-y-del-deporte-del-24-al-27-de-noviembre-y-haz-como-barna-disfrutar-de-la-ensaladera-de-plata-la-original-copa-davis\/\"},\"author\":{\"name\":\"useradmin\",\"@id\":\"https:\/\/www.fundaciobarcelonaolimpica.es\/ca\/#\/schema\/person\/d05705664e87aa04c6ce53d48133fb39\"},\"headline\":\"Ven al Museo Ol\u00edmpico y del Deporte del 24 al 27 de noviembre y haz como BARNA, DISFRUTAR de La ensaladera de plata , la Original COPA DAVIS\",\"datePublished\":\"2009-11-23T23:00:00+00:00\",\"dateModified\":\"2009-11-23T23:00:00+00:00\",\"mainEntityOfPage\":{\"@id\":\"https:\/\/www.fundaciobarcelonaolimpica.es\/es\/ven-al-museo-olimpico-y-del-deporte-del-24-al-27-de-noviembre-y-haz-como-barna-disfrutar-de-la-ensaladera-de-plata-la-original-copa-davis\/\"},\"wordCount\":320,\"commentCount\":13,\"publisher\":{\"@id\":\"https:\/\/www.fundaciobarcelonaolimpica.es\/ca\/#organization\"},\"articleSection\":[\"Sin categorizar\"],\"inLanguage\":\"es\",\"potentialAction\":[{\"@type\":\"CommentAction\",\"name\":\"Comment\",\"target\":[\"https:\/\/www.fundaciobarcelonaolimpica.es\/es\/ven-al-museo-olimpico-y-del-deporte-del-24-al-27-de-noviembre-y-haz-como-barna-disfrutar-de-la-ensaladera-de-plata-la-original-copa-davis\/#respond\"]}]},{\"@type\":\"WebPage\",\"@id\":\"https:\/\/www.fundaciobarcelonaolimpica.es\/es\/ven-al-museo-olimpico-y-del-deporte-del-24-al-27-de-noviembre-y-haz-como-barna-disfrutar-de-la-ensaladera-de-plata-la-original-copa-davis\/\",\"url\":\"https:\/\/www.fundaciobarcelonaolimpica.es\/es\/ven-al-museo-olimpico-y-del-deporte-del-24-al-27-de-noviembre-y-haz-como-barna-disfrutar-de-la-ensaladera-de-plata-la-original-copa-davis\/\",\"name\":\"Ven al Museo Ol\u00edmpico y del Deporte del 24 al 27 de noviembre y haz como BARNA, DISFRUTAR de La ensaladera de plata , la Original COPA DAVIS - Fundaci\u00f3 Barcelona Ol\u00edmpica\",\"isPartOf\":{\"@id\":\"https:\/\/www.fundaciobarcelonaolimpica.es\/ca\/#website\"},\"datePublished\":\"2009-11-23T23:00:00+00:00\",\"dateModified\":\"2009-11-23T23:00:00+00:00\",\"breadcrumb\":{\"@id\":\"https:\/\/www.fundaciobarcelonaolimpica.es\/es\/ven-al-museo-olimpico-y-del-deporte-del-24-al-27-de-noviembre-y-haz-como-barna-disfrutar-de-la-ensaladera-de-plata-la-original-copa-davis\/#breadcrumb\"},\"inLanguage\":\"es\",\"potentialAction\":[{\"@type\":\"ReadAction\",\"target\":[\"https:\/\/www.fundaciobarcelonaolimpica.es\/es\/ven-al-museo-olimpico-y-del-deporte-del-24-al-27-de-noviembre-y-haz-como-barna-disfrutar-de-la-ensaladera-de-plata-la-original-copa-davis\/\"]}]},{\"@type\":\"BreadcrumbList\",\"@id\":\"https:\/\/www.fundaciobarcelonaolimpica.es\/es\/ven-al-museo-olimpico-y-del-deporte-del-24-al-27-de-noviembre-y-haz-como-barna-disfrutar-de-la-ensaladera-de-plata-la-original-copa-davis\/#breadcrumb\",\"itemListElement\":[{\"@type\":\"ListItem\",\"position\":1,\"name\":\"FBO\",\"item\":\"https:\/\/www.fundaciobarcelonaolimpica.es\/es\/\"},{\"@type\":\"ListItem\",\"position\":2,\"name\":\"Ven al Museo Ol\u00edmpico y del Deporte del 24 al 27 de noviembre y haz como BARNA, DISFRUTAR de La ensaladera de plata , la Original COPA DAVIS\"}]},{\"@type\":\"WebSite\",\"@id\":\"https:\/\/www.fundaciobarcelonaolimpica.es\/ca\/#website\",\"url\":\"https:\/\/www.fundaciobarcelonaolimpica.es\/ca\/\",\"name\":\"Fundaci\u00f3 Barcelona Ol\u00edmpica\",\"description\":\"Web del Museu Ol\u00edmpic i de l&#039;Esport\",\"publisher\":{\"@id\":\"https:\/\/www.fundaciobarcelonaolimpica.es\/ca\/#organization\"},\"potentialAction\":[{\"@type\":\"SearchAction\",\"target\":{\"@type\":\"EntryPoint\",\"urlTemplate\":\"https:\/\/www.fundaciobarcelonaolimpica.es\/ca\/?s={search_term_string}\"},\"query-input\":{\"@type\":\"PropertyValueSpecification\",\"valueRequired\":true,\"valueName\":\"search_term_string\"}}],\"inLanguage\":\"es\"},{\"@type\":\"Organization\",\"@id\":\"https:\/\/www.fundaciobarcelonaolimpica.es\/ca\/#organization\",\"name\":\"Fundaci\u00f3 Barcelona Ol\u00edmpica\",\"url\":\"https:\/\/www.fundaciobarcelonaolimpica.es\/ca\/\",\"logo\":{\"@type\":\"ImageObject\",\"inLanguage\":\"es\",\"@id\":\"https:\/\/www.fundaciobarcelonaolimpica.es\/ca\/#\/schema\/logo\/image\/\",\"url\":\"https:\/\/www.fundaciobarcelonaolimpica.es\/wp-content\/uploads\/sites\/3\/2019\/02\/logo-fundacio.svg\",\"contentUrl\":\"https:\/\/www.fundaciobarcelonaolimpica.es\/wp-content\/uploads\/sites\/3\/2019\/02\/logo-fundacio.svg\",\"caption\":\"Fundaci\u00f3 Barcelona Ol\u00edmpica\"},\"image\":{\"@id\":\"https:\/\/www.fundaciobarcelonaolimpica.es\/ca\/#\/schema\/logo\/image\/\"}},{\"@type\":\"Person\",\"@id\":\"https:\/\/www.fundaciobarcelonaolimpica.es\/ca\/#\/schema\/person\/d05705664e87aa04c6ce53d48133fb39\",\"name\":\"useradmin\",\"url\":\"https:\/\/www.fundaciobarcelonaolimpica.es\/es\/author\/useradmin\/\"}]}<\/script>\n<!-- \/ Yoast SEO plugin. -->","yoast_head_json":{"title":"Ven al Museo Ol\u00edmpico y del Deporte del 24 al 27 de noviembre y haz como BARNA, DISFRUTAR de La ensaladera de plata , la Original COPA DAVIS - Fundaci\u00f3 Barcelona Ol\u00edmpica","robots":{"index":"index","follow":"follow","max-snippet":"max-snippet:-1","max-image-preview":"max-image-preview:large","max-video-preview":"max-video-preview:-1"},"canonical":"https:\/\/www.fundaciobarcelonaolimpica.es\/es\/ven-al-museo-olimpico-y-del-deporte-del-24-al-27-de-noviembre-y-haz-como-barna-disfrutar-de-la-ensaladera-de-plata-la-original-copa-davis\/","og_locale":"es_ES","og_type":"article","og_title":"Ven al Museo Ol\u00edmpico y del Deporte del 24 al 27 de noviembre y haz como BARNA, DISFRUTAR de La ensaladera de plata , la Original COPA DAVIS - Fundaci\u00f3 Barcelona Ol\u00edmpica","og_description":"El Museo Ol\u00edmpico y del Deporte aloja el trofeo m\u00e1s prestigioso del Tenis Mundial, la COPA DAVIS. BARNA, la mascota del Campeonato de Europa de Atletismo 2010, visit\u00f3 el Museo Ol\u00edmpico y del Deporte y se hizo una magn\u00edfica foto al lado de \"la ensaladera de plata\" de la COPA DAVIS.","og_url":"https:\/\/www.fundaciobarcelonaolimpica.es\/es\/ven-al-museo-olimpico-y-del-deporte-del-24-al-27-de-noviembre-y-haz-como-barna-disfrutar-de-la-ensaladera-de-plata-la-original-copa-davis\/","og_site_name":"Fundaci\u00f3 Barcelona Ol\u00edmpica","article_published_time":"2009-11-23T23:00:00+00:00","author":"useradmin","twitter_card":"summary_large_image","twitter_misc":{"Escrito por":"useradmin","Tiempo de lectura":"1 minuto"},"schema":{"@context":"https:\/\/schema.org","@graph":[{"@type":"Article","@id":"https:\/\/www.fundaciobarcelonaolimpica.es\/es\/ven-al-museo-olimpico-y-del-deporte-del-24-al-27-de-noviembre-y-haz-como-barna-disfrutar-de-la-ensaladera-de-plata-la-original-copa-davis\/#article","isPartOf":{"@id":"https:\/\/www.fundaciobarcelonaolimpica.es\/es\/ven-al-museo-olimpico-y-del-deporte-del-24-al-27-de-noviembre-y-haz-como-barna-disfrutar-de-la-ensaladera-de-plata-la-original-copa-davis\/"},"author":{"name":"useradmin","@id":"https:\/\/www.fundaciobarcelonaolimpica.es\/ca\/#\/schema\/person\/d05705664e87aa04c6ce53d48133fb39"},"headline":"Ven al Museo Ol\u00edmpico y del Deporte del 24 al 27 de noviembre y haz como BARNA, DISFRUTAR de La ensaladera de plata , la Original COPA DAVIS","datePublished":"2009-11-23T23:00:00+00:00","dateModified":"2009-11-23T23:00:00+00:00","mainEntityOfPage":{"@id":"https:\/\/www.fundaciobarcelonaolimpica.es\/es\/ven-al-museo-olimpico-y-del-deporte-del-24-al-27-de-noviembre-y-haz-como-barna-disfrutar-de-la-ensaladera-de-plata-la-original-copa-davis\/"},"wordCount":320,"commentCount":13,"publisher":{"@id":"https:\/\/www.fundaciobarcelonaolimpica.es\/ca\/#organization"},"articleSection":["Sin categorizar"],"inLanguage":"es","potentialAction":[{"@type":"CommentAction","name":"Comment","target":["https:\/\/www.fundaciobarcelonaolimpica.es\/es\/ven-al-museo-olimpico-y-del-deporte-del-24-al-27-de-noviembre-y-haz-como-barna-disfrutar-de-la-ensaladera-de-plata-la-original-copa-davis\/#respond"]}]},{"@type":"WebPage","@id":"https:\/\/www.fundaciobarcelonaolimpica.es\/es\/ven-al-museo-olimpico-y-del-deporte-del-24-al-27-de-noviembre-y-haz-como-barna-disfrutar-de-la-ensaladera-de-plata-la-original-copa-davis\/","url":"https:\/\/www.fundaciobarcelonaolimpica.es\/es\/ven-al-museo-olimpico-y-del-deporte-del-24-al-27-de-noviembre-y-haz-como-barna-disfrutar-de-la-ensaladera-de-plata-la-original-copa-davis\/","name":"Ven al Museo Ol\u00edmpico y del Deporte del 24 al 27 de noviembre y haz como BARNA, DISFRUTAR de La ensaladera de plata , la Original COPA DAVIS - Fundaci\u00f3 Barcelona Ol\u00edmpica","isPartOf":{"@id":"https:\/\/www.fundaciobarcelonaolimpica.es\/ca\/#website"},"datePublished":"2009-11-23T23:00:00+00:00","dateModified":"2009-11-23T23:00:00+00:00","breadcrumb":{"@id":"https:\/\/www.fundaciobarcelonaolimpica.es\/es\/ven-al-museo-olimpico-y-del-deporte-del-24-al-27-de-noviembre-y-haz-como-barna-disfrutar-de-la-ensaladera-de-plata-la-original-copa-davis\/#breadcrumb"},"inLanguage":"es","potentialAction":[{"@type":"ReadAction","target":["https:\/\/www.fundaciobarcelonaolimpica.es\/es\/ven-al-museo-olimpico-y-del-deporte-del-24-al-27-de-noviembre-y-haz-como-barna-disfrutar-de-la-ensaladera-de-plata-la-original-copa-davis\/"]}]},{"@type":"BreadcrumbList","@id":"https:\/\/www.fundaciobarcelonaolimpica.es\/es\/ven-al-museo-olimpico-y-del-deporte-del-24-al-27-de-noviembre-y-haz-como-barna-disfrutar-de-la-ensaladera-de-plata-la-original-copa-davis\/#breadcrumb","itemListElement":[{"@type":"ListItem","position":1,"name":"FBO","item":"https:\/\/www.fundaciobarcelonaolimpica.es\/es\/"},{"@type":"ListItem","position":2,"name":"Ven al Museo Ol\u00edmpico y del Deporte del 24 al 27 de noviembre y haz como BARNA, DISFRUTAR de La ensaladera de plata , la Original COPA DAVIS"}]},{"@type":"WebSite","@id":"https:\/\/www.fundaciobarcelonaolimpica.es\/ca\/#website","url":"https:\/\/www.fundaciobarcelonaolimpica.es\/ca\/","name":"Fundaci\u00f3 Barcelona Ol\u00edmpica","description":"Web del Museu Ol\u00edmpic i de l&#039;Esport","publisher":{"@id":"https:\/\/www.fundaciobarcelonaolimpica.es\/ca\/#organization"},"potentialAction":[{"@type":"SearchAction","target":{"@type":"EntryPoint","urlTemplate":"https:\/\/www.fundaciobarcelonaolimpica.es\/ca\/?s={search_term_string}"},"query-input":{"@type":"PropertyValueSpecification","valueRequired":true,"valueName":"search_term_string"}}],"inLanguage":"es"},{"@type":"Organization","@id":"https:\/\/www.fundaciobarcelonaolimpica.es\/ca\/#organization","name":"Fundaci\u00f3 Barcelona Ol\u00edmpica","url":"https:\/\/www.fundaciobarcelonaolimpica.es\/ca\/","logo":{"@type":"ImageObject","inLanguage":"es","@id":"https:\/\/www.fundaciobarcelonaolimpica.es\/ca\/#\/schema\/logo\/image\/","url":"https:\/\/www.fundaciobarcelonaolimpica.es\/wp-content\/uploads\/sites\/3\/2019\/02\/logo-fundacio.svg","contentUrl":"https:\/\/www.fundaciobarcelonaolimpica.es\/wp-content\/uploads\/sites\/3\/2019\/02\/logo-fundacio.svg","caption":"Fundaci\u00f3 Barcelona Ol\u00edmpica"},"image":{"@id":"https:\/\/www.fundaciobarcelonaolimpica.es\/ca\/#\/schema\/logo\/image\/"}},{"@type":"Person","@id":"https:\/\/www.fundaciobarcelonaolimpica.es\/ca\/#\/schema\/person\/d05705664e87aa04c6ce53d48133fb39","name":"useradmin","url":"https:\/\/www.fundaciobarcelonaolimpica.es\/es\/author\/useradmin\/"}]}},"_links":{"self":[{"href":"https:\/\/www.fundaciobarcelonaolimpica.es\/es\/wp-json\/wp\/v2\/posts\/1950"}],"collection":[{"href":"https:\/\/www.fundaciobarcelonaolimpica.es\/es\/wp-json\/wp\/v2\/posts"}],"about":[{"href":"https:\/\/www.fundaciobarcelonaolimpica.es\/es\/wp-json\/wp\/v2\/types\/post"}],"author":[{"embeddable":true,"href":"https:\/\/www.fundaciobarcelonaolimpica.es\/es\/wp-json\/wp\/v2\/users\/1"}],"replies":[{"embeddable":true,"href":"https:\/\/www.fundaciobarcelonaolimpica.es\/es\/wp-json\/wp\/v2\/comments?post=1950"}],"version-history":[{"count":0,"href":"https:\/\/www.fundaciobarcelonaolimpica.es\/es\/wp-json\/wp\/v2\/posts\/1950\/revisions"}],"wp:attachment":[{"href":"https:\/\/www.fundaciobarcelonaolimpica.es\/es\/wp-json\/wp\/v2\/media?parent=1950"}],"wp:term":[{"taxonomy":"category","embeddable":true,"href":"https:\/\/www.fundaciobarcelonaolimpica.es\/es\/wp-json\/wp\/v2\/categories?post=1950"},{"taxonomy":"post_tag","embeddable":true,"href":"https:\/\/www.fundaciobarcelonaolimpica.es\/es\/wp-json\/wp\/v2\/tags?post=1950"}],"curies":[{"name":"wp","href":"https:\/\/api.w.org\/{rel}","templated":true}]}}