{"id":2042,"date":"2010-02-18T00:00:00","date_gmt":"2010-02-17T23:00:00","guid":{"rendered":"http:\/\/dev.fundaciobarcelonaolimpica.es\/tribuna-bcn-deporte-y-sociedad-pere-sust-desarrollo-del-deporte-federado-en-cataluna\/"},"modified":"2010-02-18T00:00:00","modified_gmt":"2010-02-17T23:00:00","slug":"tribuna-bcn-deporte-y-sociedad-pere-sust-desarrollo-del-deporte-federado-en-cataluna","status":"publish","type":"post","link":"https:\/\/www.fundaciobarcelonaolimpica.es\/es\/tribuna-bcn-deporte-y-sociedad-pere-sust-desarrollo-del-deporte-federado-en-cataluna\/","title":{"rendered":"Tribuna BCN: Deporte y Sociedad. Pere Sust: Desarrollo del Deporte Federado en Catalu\u00f1a"},"content":{"rendered":"<p>Pere Sust, posee una gran trayectoria profesional que le avala como una de las personas m&aacute;s vinculadas con el deporte federado en Catalunya. Nacido el 28 de noviembre de 1941 en Barcelona, Pere Sust ha tenido siempre una vinculaci&oacute;n muy directa con el deporte y, especialmente, con el mundo del baloncesto.  Jugador de baloncesto de primera divisi&oacute;n con el CB Laiet&agrave; y el CE Sant Joan-Maristes, su trayectoria profesional ha estado muy ligada a los despachos, desde donde ha desarrollado diferentes tareas: fundador y actual presidente de la Asociaci&oacute;n Catalana de Dirigentes del Deporte. Sust ha sido secretario general del deporte,  presidente de la Federaci&oacute;n Catalana de Baloncesto, presidente de la Federaci&oacute;n Espa&ntilde;ola de Baloncesto, vicepresidente del Comit&eacute; Ol&iacute;mpico Espa&ntilde;ol y miembro del Comit&eacute; Ejecutivo del COOB 92 y de la FIBA, entre otros.   Hemos podido apreciar el recorrido hist&oacute;rico federativo del deporte en Catalunya a trav&eacute;s Pere Sust, un hombre que lo ha vivido y ha ayudado a construir el deporte que hoy disfrutamos.<\/p>\n","protected":false},"excerpt":{"rendered":"<p>El Museu Ol\u00edmpic i de l\u2019Esport acogi\u00f3 la conferencia \u201cDesarrollo del Deporte Federado en Catalunya\u201d por Pere Sust.<\/p>\n","protected":false},"author":1,"featured_media":0,"comment_status":"open","ping_status":"open","sticky":false,"template":"","format":"standard","meta":{"_acf_changed":false,"footnotes":""},"categories":[1],"tags":[],"class_list":["post-2042","post","type-post","status-publish","format-standard","hentry","category-sin-categorizar"],"acf":[],"yoast_head":"<!-- This site is optimized with the Yoast SEO plugin v23.7 - https:\/\/yoast.com\/wordpress\/plugins\/seo\/ -->\n<title>Tribuna BCN: Deporte y Sociedad. Pere Sust: Desarrollo del Deporte Federado en Catalu\u00f1a - Fundaci\u00f3 Barcelona Ol\u00edmpica<\/title>\n<meta name=\"robots\" content=\"index, follow, max-snippet:-1, max-image-preview:large, max-video-preview:-1\" \/>\n<link rel=\"canonical\" href=\"https:\/\/www.fundaciobarcelonaolimpica.es\/es\/tribuna-bcn-deporte-y-sociedad-pere-sust-desarrollo-del-deporte-federado-en-cataluna\/\" \/>\n<meta property=\"og:locale\" content=\"es_ES\" \/>\n<meta property=\"og:type\" content=\"article\" \/>\n<meta property=\"og:title\" content=\"Tribuna BCN: Deporte y Sociedad. Pere Sust: Desarrollo del Deporte Federado en Catalu\u00f1a - Fundaci\u00f3 Barcelona Ol\u00edmpica\" \/>\n<meta property=\"og:description\" content=\"El Museu Ol\u00edmpic i de l\u2019Esport acogi\u00f3 la conferencia \u201cDesarrollo del Deporte Federado en Catalunya\u201d por Pere Sust.\" \/>\n<meta property=\"og:url\" content=\"https:\/\/www.fundaciobarcelonaolimpica.es\/es\/tribuna-bcn-deporte-y-sociedad-pere-sust-desarrollo-del-deporte-federado-en-cataluna\/\" \/>\n<meta property=\"og:site_name\" content=\"Fundaci\u00f3 Barcelona Ol\u00edmpica\" \/>\n<meta property=\"article:published_time\" content=\"2010-02-17T23:00:00+00:00\" \/>\n<meta name=\"author\" content=\"useradmin\" \/>\n<meta name=\"twitter:card\" content=\"summary_large_image\" \/>\n<meta name=\"twitter:label1\" content=\"Escrito por\" \/>\n\t<meta name=\"twitter:data1\" content=\"useradmin\" \/>\n\t<meta name=\"twitter:label2\" content=\"Tiempo de lectura\" \/>\n\t<meta name=\"twitter:data2\" content=\"1 minuto\" \/>\n<script type=\"application\/ld+json\" class=\"yoast-schema-graph\">{\"@context\":\"https:\/\/schema.org\",\"@graph\":[{\"@type\":\"Article\",\"@id\":\"https:\/\/www.fundaciobarcelonaolimpica.es\/es\/tribuna-bcn-deporte-y-sociedad-pere-sust-desarrollo-del-deporte-federado-en-cataluna\/#article\",\"isPartOf\":{\"@id\":\"https:\/\/www.fundaciobarcelonaolimpica.es\/es\/tribuna-bcn-deporte-y-sociedad-pere-sust-desarrollo-del-deporte-federado-en-cataluna\/\"},\"author\":{\"name\":\"useradmin\",\"@id\":\"https:\/\/www.fundaciobarcelonaolimpica.es\/ca\/#\/schema\/person\/d05705664e87aa04c6ce53d48133fb39\"},\"headline\":\"Tribuna BCN: Deporte y Sociedad. Pere Sust: Desarrollo del Deporte Federado en Catalu\u00f1a\",\"datePublished\":\"2010-02-17T23:00:00+00:00\",\"dateModified\":\"2010-02-17T23:00:00+00:00\",\"mainEntityOfPage\":{\"@id\":\"https:\/\/www.fundaciobarcelonaolimpica.es\/es\/tribuna-bcn-deporte-y-sociedad-pere-sust-desarrollo-del-deporte-federado-en-cataluna\/\"},\"wordCount\":201,\"commentCount\":7,\"publisher\":{\"@id\":\"https:\/\/www.fundaciobarcelonaolimpica.es\/ca\/#organization\"},\"articleSection\":[\"Sin categorizar\"],\"inLanguage\":\"es\",\"potentialAction\":[{\"@type\":\"CommentAction\",\"name\":\"Comment\",\"target\":[\"https:\/\/www.fundaciobarcelonaolimpica.es\/es\/tribuna-bcn-deporte-y-sociedad-pere-sust-desarrollo-del-deporte-federado-en-cataluna\/#respond\"]}]},{\"@type\":\"WebPage\",\"@id\":\"https:\/\/www.fundaciobarcelonaolimpica.es\/es\/tribuna-bcn-deporte-y-sociedad-pere-sust-desarrollo-del-deporte-federado-en-cataluna\/\",\"url\":\"https:\/\/www.fundaciobarcelonaolimpica.es\/es\/tribuna-bcn-deporte-y-sociedad-pere-sust-desarrollo-del-deporte-federado-en-cataluna\/\",\"name\":\"Tribuna BCN: Deporte y Sociedad. Pere Sust: Desarrollo del Deporte Federado en Catalu\u00f1a - Fundaci\u00f3 Barcelona Ol\u00edmpica\",\"isPartOf\":{\"@id\":\"https:\/\/www.fundaciobarcelonaolimpica.es\/ca\/#website\"},\"datePublished\":\"2010-02-17T23:00:00+00:00\",\"dateModified\":\"2010-02-17T23:00:00+00:00\",\"breadcrumb\":{\"@id\":\"https:\/\/www.fundaciobarcelonaolimpica.es\/es\/tribuna-bcn-deporte-y-sociedad-pere-sust-desarrollo-del-deporte-federado-en-cataluna\/#breadcrumb\"},\"inLanguage\":\"es\",\"potentialAction\":[{\"@type\":\"ReadAction\",\"target\":[\"https:\/\/www.fundaciobarcelonaolimpica.es\/es\/tribuna-bcn-deporte-y-sociedad-pere-sust-desarrollo-del-deporte-federado-en-cataluna\/\"]}]},{\"@type\":\"BreadcrumbList\",\"@id\":\"https:\/\/www.fundaciobarcelonaolimpica.es\/es\/tribuna-bcn-deporte-y-sociedad-pere-sust-desarrollo-del-deporte-federado-en-cataluna\/#breadcrumb\",\"itemListElement\":[{\"@type\":\"ListItem\",\"position\":1,\"name\":\"FBO\",\"item\":\"https:\/\/www.fundaciobarcelonaolimpica.es\/es\/\"},{\"@type\":\"ListItem\",\"position\":2,\"name\":\"Tribuna BCN: Deporte y Sociedad. Pere Sust: Desarrollo del Deporte Federado en Catalu\u00f1a\"}]},{\"@type\":\"WebSite\",\"@id\":\"https:\/\/www.fundaciobarcelonaolimpica.es\/ca\/#website\",\"url\":\"https:\/\/www.fundaciobarcelonaolimpica.es\/ca\/\",\"name\":\"Fundaci\u00f3 Barcelona Ol\u00edmpica\",\"description\":\"Web del Museu Ol\u00edmpic i de l&#039;Esport\",\"publisher\":{\"@id\":\"https:\/\/www.fundaciobarcelonaolimpica.es\/ca\/#organization\"},\"potentialAction\":[{\"@type\":\"SearchAction\",\"target\":{\"@type\":\"EntryPoint\",\"urlTemplate\":\"https:\/\/www.fundaciobarcelonaolimpica.es\/ca\/?s={search_term_string}\"},\"query-input\":{\"@type\":\"PropertyValueSpecification\",\"valueRequired\":true,\"valueName\":\"search_term_string\"}}],\"inLanguage\":\"es\"},{\"@type\":\"Organization\",\"@id\":\"https:\/\/www.fundaciobarcelonaolimpica.es\/ca\/#organization\",\"name\":\"Fundaci\u00f3 Barcelona Ol\u00edmpica\",\"url\":\"https:\/\/www.fundaciobarcelonaolimpica.es\/ca\/\",\"logo\":{\"@type\":\"ImageObject\",\"inLanguage\":\"es\",\"@id\":\"https:\/\/www.fundaciobarcelonaolimpica.es\/ca\/#\/schema\/logo\/image\/\",\"url\":\"https:\/\/www.fundaciobarcelonaolimpica.es\/wp-content\/uploads\/sites\/3\/2019\/02\/logo-fundacio.svg\",\"contentUrl\":\"https:\/\/www.fundaciobarcelonaolimpica.es\/wp-content\/uploads\/sites\/3\/2019\/02\/logo-fundacio.svg\",\"caption\":\"Fundaci\u00f3 Barcelona Ol\u00edmpica\"},\"image\":{\"@id\":\"https:\/\/www.fundaciobarcelonaolimpica.es\/ca\/#\/schema\/logo\/image\/\"}},{\"@type\":\"Person\",\"@id\":\"https:\/\/www.fundaciobarcelonaolimpica.es\/ca\/#\/schema\/person\/d05705664e87aa04c6ce53d48133fb39\",\"name\":\"useradmin\",\"url\":\"https:\/\/www.fundaciobarcelonaolimpica.es\/es\/author\/useradmin\/\"}]}<\/script>\n<!-- \/ Yoast SEO plugin. -->","yoast_head_json":{"title":"Tribuna BCN: Deporte y Sociedad. Pere Sust: Desarrollo del Deporte Federado en Catalu\u00f1a - Fundaci\u00f3 Barcelona Ol\u00edmpica","robots":{"index":"index","follow":"follow","max-snippet":"max-snippet:-1","max-image-preview":"max-image-preview:large","max-video-preview":"max-video-preview:-1"},"canonical":"https:\/\/www.fundaciobarcelonaolimpica.es\/es\/tribuna-bcn-deporte-y-sociedad-pere-sust-desarrollo-del-deporte-federado-en-cataluna\/","og_locale":"es_ES","og_type":"article","og_title":"Tribuna BCN: Deporte y Sociedad. Pere Sust: Desarrollo del Deporte Federado en Catalu\u00f1a - Fundaci\u00f3 Barcelona Ol\u00edmpica","og_description":"El Museu Ol\u00edmpic i de l\u2019Esport acogi\u00f3 la conferencia \u201cDesarrollo del Deporte Federado en Catalunya\u201d por Pere Sust.","og_url":"https:\/\/www.fundaciobarcelonaolimpica.es\/es\/tribuna-bcn-deporte-y-sociedad-pere-sust-desarrollo-del-deporte-federado-en-cataluna\/","og_site_name":"Fundaci\u00f3 Barcelona Ol\u00edmpica","article_published_time":"2010-02-17T23:00:00+00:00","author":"useradmin","twitter_card":"summary_large_image","twitter_misc":{"Escrito por":"useradmin","Tiempo de lectura":"1 minuto"},"schema":{"@context":"https:\/\/schema.org","@graph":[{"@type":"Article","@id":"https:\/\/www.fundaciobarcelonaolimpica.es\/es\/tribuna-bcn-deporte-y-sociedad-pere-sust-desarrollo-del-deporte-federado-en-cataluna\/#article","isPartOf":{"@id":"https:\/\/www.fundaciobarcelonaolimpica.es\/es\/tribuna-bcn-deporte-y-sociedad-pere-sust-desarrollo-del-deporte-federado-en-cataluna\/"},"author":{"name":"useradmin","@id":"https:\/\/www.fundaciobarcelonaolimpica.es\/ca\/#\/schema\/person\/d05705664e87aa04c6ce53d48133fb39"},"headline":"Tribuna BCN: Deporte y Sociedad. Pere Sust: Desarrollo del Deporte Federado en Catalu\u00f1a","datePublished":"2010-02-17T23:00:00+00:00","dateModified":"2010-02-17T23:00:00+00:00","mainEntityOfPage":{"@id":"https:\/\/www.fundaciobarcelonaolimpica.es\/es\/tribuna-bcn-deporte-y-sociedad-pere-sust-desarrollo-del-deporte-federado-en-cataluna\/"},"wordCount":201,"commentCount":7,"publisher":{"@id":"https:\/\/www.fundaciobarcelonaolimpica.es\/ca\/#organization"},"articleSection":["Sin categorizar"],"inLanguage":"es","potentialAction":[{"@type":"CommentAction","name":"Comment","target":["https:\/\/www.fundaciobarcelonaolimpica.es\/es\/tribuna-bcn-deporte-y-sociedad-pere-sust-desarrollo-del-deporte-federado-en-cataluna\/#respond"]}]},{"@type":"WebPage","@id":"https:\/\/www.fundaciobarcelonaolimpica.es\/es\/tribuna-bcn-deporte-y-sociedad-pere-sust-desarrollo-del-deporte-federado-en-cataluna\/","url":"https:\/\/www.fundaciobarcelonaolimpica.es\/es\/tribuna-bcn-deporte-y-sociedad-pere-sust-desarrollo-del-deporte-federado-en-cataluna\/","name":"Tribuna BCN: Deporte y Sociedad. Pere Sust: Desarrollo del Deporte Federado en Catalu\u00f1a - Fundaci\u00f3 Barcelona Ol\u00edmpica","isPartOf":{"@id":"https:\/\/www.fundaciobarcelonaolimpica.es\/ca\/#website"},"datePublished":"2010-02-17T23:00:00+00:00","dateModified":"2010-02-17T23:00:00+00:00","breadcrumb":{"@id":"https:\/\/www.fundaciobarcelonaolimpica.es\/es\/tribuna-bcn-deporte-y-sociedad-pere-sust-desarrollo-del-deporte-federado-en-cataluna\/#breadcrumb"},"inLanguage":"es","potentialAction":[{"@type":"ReadAction","target":["https:\/\/www.fundaciobarcelonaolimpica.es\/es\/tribuna-bcn-deporte-y-sociedad-pere-sust-desarrollo-del-deporte-federado-en-cataluna\/"]}]},{"@type":"BreadcrumbList","@id":"https:\/\/www.fundaciobarcelonaolimpica.es\/es\/tribuna-bcn-deporte-y-sociedad-pere-sust-desarrollo-del-deporte-federado-en-cataluna\/#breadcrumb","itemListElement":[{"@type":"ListItem","position":1,"name":"FBO","item":"https:\/\/www.fundaciobarcelonaolimpica.es\/es\/"},{"@type":"ListItem","position":2,"name":"Tribuna BCN: Deporte y Sociedad. Pere Sust: Desarrollo del Deporte Federado en Catalu\u00f1a"}]},{"@type":"WebSite","@id":"https:\/\/www.fundaciobarcelonaolimpica.es\/ca\/#website","url":"https:\/\/www.fundaciobarcelonaolimpica.es\/ca\/","name":"Fundaci\u00f3 Barcelona Ol\u00edmpica","description":"Web del Museu Ol\u00edmpic i de l&#039;Esport","publisher":{"@id":"https:\/\/www.fundaciobarcelonaolimpica.es\/ca\/#organization"},"potentialAction":[{"@type":"SearchAction","target":{"@type":"EntryPoint","urlTemplate":"https:\/\/www.fundaciobarcelonaolimpica.es\/ca\/?s={search_term_string}"},"query-input":{"@type":"PropertyValueSpecification","valueRequired":true,"valueName":"search_term_string"}}],"inLanguage":"es"},{"@type":"Organization","@id":"https:\/\/www.fundaciobarcelonaolimpica.es\/ca\/#organization","name":"Fundaci\u00f3 Barcelona Ol\u00edmpica","url":"https:\/\/www.fundaciobarcelonaolimpica.es\/ca\/","logo":{"@type":"ImageObject","inLanguage":"es","@id":"https:\/\/www.fundaciobarcelonaolimpica.es\/ca\/#\/schema\/logo\/image\/","url":"https:\/\/www.fundaciobarcelonaolimpica.es\/wp-content\/uploads\/sites\/3\/2019\/02\/logo-fundacio.svg","contentUrl":"https:\/\/www.fundaciobarcelonaolimpica.es\/wp-content\/uploads\/sites\/3\/2019\/02\/logo-fundacio.svg","caption":"Fundaci\u00f3 Barcelona Ol\u00edmpica"},"image":{"@id":"https:\/\/www.fundaciobarcelonaolimpica.es\/ca\/#\/schema\/logo\/image\/"}},{"@type":"Person","@id":"https:\/\/www.fundaciobarcelonaolimpica.es\/ca\/#\/schema\/person\/d05705664e87aa04c6ce53d48133fb39","name":"useradmin","url":"https:\/\/www.fundaciobarcelonaolimpica.es\/es\/author\/useradmin\/"}]}},"_links":{"self":[{"href":"https:\/\/www.fundaciobarcelonaolimpica.es\/es\/wp-json\/wp\/v2\/posts\/2042"}],"collection":[{"href":"https:\/\/www.fundaciobarcelonaolimpica.es\/es\/wp-json\/wp\/v2\/posts"}],"about":[{"href":"https:\/\/www.fundaciobarcelonaolimpica.es\/es\/wp-json\/wp\/v2\/types\/post"}],"author":[{"embeddable":true,"href":"https:\/\/www.fundaciobarcelonaolimpica.es\/es\/wp-json\/wp\/v2\/users\/1"}],"replies":[{"embeddable":true,"href":"https:\/\/www.fundaciobarcelonaolimpica.es\/es\/wp-json\/wp\/v2\/comments?post=2042"}],"version-history":[{"count":0,"href":"https:\/\/www.fundaciobarcelonaolimpica.es\/es\/wp-json\/wp\/v2\/posts\/2042\/revisions"}],"wp:attachment":[{"href":"https:\/\/www.fundaciobarcelonaolimpica.es\/es\/wp-json\/wp\/v2\/media?parent=2042"}],"wp:term":[{"taxonomy":"category","embeddable":true,"href":"https:\/\/www.fundaciobarcelonaolimpica.es\/es\/wp-json\/wp\/v2\/categories?post=2042"},{"taxonomy":"post_tag","embeddable":true,"href":"https:\/\/www.fundaciobarcelonaolimpica.es\/es\/wp-json\/wp\/v2\/tags?post=2042"}],"curies":[{"name":"wp","href":"https:\/\/api.w.org\/{rel}","templated":true}]}}