{"id":20640,"date":"2019-10-11T13:34:08","date_gmt":"2019-10-11T11:34:08","guid":{"rendered":"https:\/\/www.fundaciobarcelonaolimpica.es\/?p=20640"},"modified":"2019-10-11T13:37:17","modified_gmt":"2019-10-11T11:37:17","slug":"el-ceo-samaranch-incorpora-la-donacion-de-isidre-rigau-consultor-de-planificacion-y-organizacion-para-grandes-eventos-deportivos","status":"publish","type":"post","link":"https:\/\/www.fundaciobarcelonaolimpica.es\/es\/el-ceo-samaranch-incorpora-la-donacion-de-isidre-rigau-consultor-de-planificacion-y-organizacion-para-grandes-eventos-deportivos\/","title":{"rendered":"El CEO Samaranch incorpora la donaci\u00f3n de Isidre Rigau, consultor de planificaci\u00f3n y organizaci\u00f3n para grandes eventos deportivos"},"content":{"rendered":"<p>La donaci\u00f3n del fondo contiene m\u00e1s de 5000 vol\u00famenes (documentaci\u00f3n, libros, publicaciones, informes, proyectos, etc.), donde destacan la documentaci\u00f3n relativa a la organizaci\u00f3n de los Campeonatos del Mundo de Nataci\u00f3n de Barcelona (2003 y 2013), la Candidatura de Madrid para los Juegos Ol\u00edmpicos de 2012 y 2016, as\u00ed como la final de la Copa Davis de 2009, el Campeonato del Mundo de Balonmano de 2013 o los World Roller Games de 2019 celebrados en Barcelona.<\/p>\n<p>Isidre Rigau, licenciado en arquitectura, fue Director de Log\u00edstica Deportiva del COOB\u201992. Actualmente, Rigau es socio-fundador y director de Summa Sports (1993) donde desarrolla su labor como consultor de planificaci\u00f3n y organizaci\u00f3n para grandes eventos deportivos, destacando por su rigor, metodolog\u00eda y una visi\u00f3n amplia e innovadora.<\/p>\n","protected":false},"excerpt":{"rendered":"<p>La donaci\u00f3n del fondo contiene m\u00e1s de 5000 vol\u00famenes (documentaci\u00f3n, libros, publicaciones, informes, proyectos, etc.), donde destacan la documentaci\u00f3n relativa a la organizaci\u00f3n de los Campeonatos del Mundo de Nataci\u00f3n de Barcelona (2003 y 2013), la Candidatura de Madrid para los Juegos Ol\u00edmpicos de 2012 y 2016, as\u00ed como la final de la Copa Davis [&hellip;]<\/p>\n","protected":false},"author":11,"featured_media":20641,"comment_status":"closed","ping_status":"closed","sticky":false,"template":"","format":"standard","meta":{"_acf_changed":false,"footnotes":""},"categories":[1],"tags":[],"class_list":["post-20640","post","type-post","status-publish","format-standard","has-post-thumbnail","hentry","category-sin-categorizar"],"acf":[],"yoast_head":"<!-- This site is optimized with the Yoast SEO plugin v23.7 - https:\/\/yoast.com\/wordpress\/plugins\/seo\/ -->\n<title>El CEO Samaranch incorpora la donaci\u00f3n de Isidre Rigau, consultor de planificaci\u00f3n y organizaci\u00f3n para grandes eventos deportivos - Fundaci\u00f3 Barcelona Ol\u00edmpica<\/title>\n<meta name=\"robots\" content=\"index, follow, max-snippet:-1, max-image-preview:large, max-video-preview:-1\" \/>\n<link rel=\"canonical\" href=\"https:\/\/www.fundaciobarcelonaolimpica.es\/es\/el-ceo-samaranch-incorpora-la-donacion-de-isidre-rigau-consultor-de-planificacion-y-organizacion-para-grandes-eventos-deportivos\/\" \/>\n<meta property=\"og:locale\" content=\"es_ES\" \/>\n<meta property=\"og:type\" content=\"article\" \/>\n<meta property=\"og:title\" content=\"El CEO Samaranch incorpora la donaci\u00f3n de Isidre Rigau, consultor de planificaci\u00f3n y organizaci\u00f3n para grandes eventos deportivos - Fundaci\u00f3 Barcelona Ol\u00edmpica\" \/>\n<meta property=\"og:description\" content=\"La donaci\u00f3n del fondo contiene m\u00e1s de 5000 vol\u00famenes (documentaci\u00f3n, libros, publicaciones, informes, proyectos, etc.), donde destacan la documentaci\u00f3n relativa a la organizaci\u00f3n de los Campeonatos del Mundo de Nataci\u00f3n de Barcelona (2003 y 2013), la Candidatura de Madrid para los Juegos Ol\u00edmpicos de 2012 y 2016, as\u00ed como la final de la Copa Davis [&hellip;]\" \/>\n<meta property=\"og:url\" content=\"https:\/\/www.fundaciobarcelonaolimpica.es\/es\/el-ceo-samaranch-incorpora-la-donacion-de-isidre-rigau-consultor-de-planificacion-y-organizacion-para-grandes-eventos-deportivos\/\" \/>\n<meta property=\"og:site_name\" content=\"Fundaci\u00f3 Barcelona Ol\u00edmpica\" \/>\n<meta property=\"article:published_time\" content=\"2019-10-11T11:34:08+00:00\" \/>\n<meta property=\"article:modified_time\" content=\"2019-10-11T11:37:17+00:00\" \/>\n<meta property=\"og:image\" content=\"https:\/\/www.fundaciobarcelonaolimpica.es\/wp-content\/uploads\/sites\/3\/2019\/10\/Isidre-Rigau-Donacion_1.jpg\" \/>\n\t<meta property=\"og:image:width\" content=\"1903\" \/>\n\t<meta property=\"og:image:height\" content=\"1203\" \/>\n\t<meta property=\"og:image:type\" content=\"image\/jpeg\" \/>\n<meta name=\"author\" content=\"Ibone\" \/>\n<meta name=\"twitter:card\" content=\"summary_large_image\" \/>\n<meta name=\"twitter:label1\" content=\"Escrito por\" \/>\n\t<meta name=\"twitter:data1\" content=\"Ibone\" \/>\n\t<meta name=\"twitter:label2\" content=\"Tiempo de lectura\" \/>\n\t<meta name=\"twitter:data2\" content=\"1 minuto\" \/>\n<script type=\"application\/ld+json\" class=\"yoast-schema-graph\">{\"@context\":\"https:\/\/schema.org\",\"@graph\":[{\"@type\":\"Article\",\"@id\":\"https:\/\/www.fundaciobarcelonaolimpica.es\/es\/el-ceo-samaranch-incorpora-la-donacion-de-isidre-rigau-consultor-de-planificacion-y-organizacion-para-grandes-eventos-deportivos\/#article\",\"isPartOf\":{\"@id\":\"https:\/\/www.fundaciobarcelonaolimpica.es\/es\/el-ceo-samaranch-incorpora-la-donacion-de-isidre-rigau-consultor-de-planificacion-y-organizacion-para-grandes-eventos-deportivos\/\"},\"author\":{\"name\":\"Ibone\",\"@id\":\"https:\/\/www.fundaciobarcelonaolimpica.es\/ca\/#\/schema\/person\/b792834a53f193977df425a499287aa9\"},\"headline\":\"El CEO Samaranch incorpora la donaci\u00f3n de Isidre Rigau, consultor de planificaci\u00f3n y organizaci\u00f3n para grandes eventos deportivos\",\"datePublished\":\"2019-10-11T11:34:08+00:00\",\"dateModified\":\"2019-10-11T11:37:17+00:00\",\"mainEntityOfPage\":{\"@id\":\"https:\/\/www.fundaciobarcelonaolimpica.es\/es\/el-ceo-samaranch-incorpora-la-donacion-de-isidre-rigau-consultor-de-planificacion-y-organizacion-para-grandes-eventos-deportivos\/\"},\"wordCount\":147,\"publisher\":{\"@id\":\"https:\/\/www.fundaciobarcelonaolimpica.es\/ca\/#organization\"},\"image\":{\"@id\":\"https:\/\/www.fundaciobarcelonaolimpica.es\/es\/el-ceo-samaranch-incorpora-la-donacion-de-isidre-rigau-consultor-de-planificacion-y-organizacion-para-grandes-eventos-deportivos\/#primaryimage\"},\"thumbnailUrl\":\"https:\/\/www.fundaciobarcelonaolimpica.es\/wp-content\/uploads\/sites\/3\/2019\/10\/Isidre-Rigau-Donacion_1.jpg\",\"articleSection\":[\"Sin categorizar\"],\"inLanguage\":\"es\"},{\"@type\":\"WebPage\",\"@id\":\"https:\/\/www.fundaciobarcelonaolimpica.es\/es\/el-ceo-samaranch-incorpora-la-donacion-de-isidre-rigau-consultor-de-planificacion-y-organizacion-para-grandes-eventos-deportivos\/\",\"url\":\"https:\/\/www.fundaciobarcelonaolimpica.es\/es\/el-ceo-samaranch-incorpora-la-donacion-de-isidre-rigau-consultor-de-planificacion-y-organizacion-para-grandes-eventos-deportivos\/\",\"name\":\"El CEO Samaranch incorpora la donaci\u00f3n de Isidre Rigau, consultor de planificaci\u00f3n y organizaci\u00f3n para grandes eventos deportivos - Fundaci\u00f3 Barcelona Ol\u00edmpica\",\"isPartOf\":{\"@id\":\"https:\/\/www.fundaciobarcelonaolimpica.es\/ca\/#website\"},\"primaryImageOfPage\":{\"@id\":\"https:\/\/www.fundaciobarcelonaolimpica.es\/es\/el-ceo-samaranch-incorpora-la-donacion-de-isidre-rigau-consultor-de-planificacion-y-organizacion-para-grandes-eventos-deportivos\/#primaryimage\"},\"image\":{\"@id\":\"https:\/\/www.fundaciobarcelonaolimpica.es\/es\/el-ceo-samaranch-incorpora-la-donacion-de-isidre-rigau-consultor-de-planificacion-y-organizacion-para-grandes-eventos-deportivos\/#primaryimage\"},\"thumbnailUrl\":\"https:\/\/www.fundaciobarcelonaolimpica.es\/wp-content\/uploads\/sites\/3\/2019\/10\/Isidre-Rigau-Donacion_1.jpg\",\"datePublished\":\"2019-10-11T11:34:08+00:00\",\"dateModified\":\"2019-10-11T11:37:17+00:00\",\"breadcrumb\":{\"@id\":\"https:\/\/www.fundaciobarcelonaolimpica.es\/es\/el-ceo-samaranch-incorpora-la-donacion-de-isidre-rigau-consultor-de-planificacion-y-organizacion-para-grandes-eventos-deportivos\/#breadcrumb\"},\"inLanguage\":\"es\",\"potentialAction\":[{\"@type\":\"ReadAction\",\"target\":[\"https:\/\/www.fundaciobarcelonaolimpica.es\/es\/el-ceo-samaranch-incorpora-la-donacion-de-isidre-rigau-consultor-de-planificacion-y-organizacion-para-grandes-eventos-deportivos\/\"]}]},{\"@type\":\"ImageObject\",\"inLanguage\":\"es\",\"@id\":\"https:\/\/www.fundaciobarcelonaolimpica.es\/es\/el-ceo-samaranch-incorpora-la-donacion-de-isidre-rigau-consultor-de-planificacion-y-organizacion-para-grandes-eventos-deportivos\/#primaryimage\",\"url\":\"https:\/\/www.fundaciobarcelonaolimpica.es\/wp-content\/uploads\/sites\/3\/2019\/10\/Isidre-Rigau-Donacion_1.jpg\",\"contentUrl\":\"https:\/\/www.fundaciobarcelonaolimpica.es\/wp-content\/uploads\/sites\/3\/2019\/10\/Isidre-Rigau-Donacion_1.jpg\",\"width\":1903,\"height\":1203},{\"@type\":\"BreadcrumbList\",\"@id\":\"https:\/\/www.fundaciobarcelonaolimpica.es\/es\/el-ceo-samaranch-incorpora-la-donacion-de-isidre-rigau-consultor-de-planificacion-y-organizacion-para-grandes-eventos-deportivos\/#breadcrumb\",\"itemListElement\":[{\"@type\":\"ListItem\",\"position\":1,\"name\":\"FBO\",\"item\":\"https:\/\/www.fundaciobarcelonaolimpica.es\/es\/\"},{\"@type\":\"ListItem\",\"position\":2,\"name\":\"El CEO Samaranch incorpora la donaci\u00f3n de Isidre Rigau, consultor de planificaci\u00f3n y organizaci\u00f3n para grandes eventos deportivos\"}]},{\"@type\":\"WebSite\",\"@id\":\"https:\/\/www.fundaciobarcelonaolimpica.es\/ca\/#website\",\"url\":\"https:\/\/www.fundaciobarcelonaolimpica.es\/ca\/\",\"name\":\"Fundaci\u00f3 Barcelona Ol\u00edmpica\",\"description\":\"Web del Museu Ol\u00edmpic i de l&#039;Esport\",\"publisher\":{\"@id\":\"https:\/\/www.fundaciobarcelonaolimpica.es\/ca\/#organization\"},\"potentialAction\":[{\"@type\":\"SearchAction\",\"target\":{\"@type\":\"EntryPoint\",\"urlTemplate\":\"https:\/\/www.fundaciobarcelonaolimpica.es\/ca\/?s={search_term_string}\"},\"query-input\":{\"@type\":\"PropertyValueSpecification\",\"valueRequired\":true,\"valueName\":\"search_term_string\"}}],\"inLanguage\":\"es\"},{\"@type\":\"Organization\",\"@id\":\"https:\/\/www.fundaciobarcelonaolimpica.es\/ca\/#organization\",\"name\":\"Fundaci\u00f3 Barcelona Ol\u00edmpica\",\"url\":\"https:\/\/www.fundaciobarcelonaolimpica.es\/ca\/\",\"logo\":{\"@type\":\"ImageObject\",\"inLanguage\":\"es\",\"@id\":\"https:\/\/www.fundaciobarcelonaolimpica.es\/ca\/#\/schema\/logo\/image\/\",\"url\":\"https:\/\/www.fundaciobarcelonaolimpica.es\/wp-content\/uploads\/sites\/3\/2019\/02\/logo-fundacio.svg\",\"contentUrl\":\"https:\/\/www.fundaciobarcelonaolimpica.es\/wp-content\/uploads\/sites\/3\/2019\/02\/logo-fundacio.svg\",\"caption\":\"Fundaci\u00f3 Barcelona Ol\u00edmpica\"},\"image\":{\"@id\":\"https:\/\/www.fundaciobarcelonaolimpica.es\/ca\/#\/schema\/logo\/image\/\"}},{\"@type\":\"Person\",\"@id\":\"https:\/\/www.fundaciobarcelonaolimpica.es\/ca\/#\/schema\/person\/b792834a53f193977df425a499287aa9\",\"name\":\"Ibone\",\"url\":\"https:\/\/www.fundaciobarcelonaolimpica.es\/es\/author\/fbolimpica\/\"}]}<\/script>\n<!-- \/ Yoast SEO plugin. -->","yoast_head_json":{"title":"El CEO Samaranch incorpora la donaci\u00f3n de Isidre Rigau, consultor de planificaci\u00f3n y organizaci\u00f3n para grandes eventos deportivos - Fundaci\u00f3 Barcelona Ol\u00edmpica","robots":{"index":"index","follow":"follow","max-snippet":"max-snippet:-1","max-image-preview":"max-image-preview:large","max-video-preview":"max-video-preview:-1"},"canonical":"https:\/\/www.fundaciobarcelonaolimpica.es\/es\/el-ceo-samaranch-incorpora-la-donacion-de-isidre-rigau-consultor-de-planificacion-y-organizacion-para-grandes-eventos-deportivos\/","og_locale":"es_ES","og_type":"article","og_title":"El CEO Samaranch incorpora la donaci\u00f3n de Isidre Rigau, consultor de planificaci\u00f3n y organizaci\u00f3n para grandes eventos deportivos - Fundaci\u00f3 Barcelona Ol\u00edmpica","og_description":"La donaci\u00f3n del fondo contiene m\u00e1s de 5000 vol\u00famenes (documentaci\u00f3n, libros, publicaciones, informes, proyectos, etc.), donde destacan la documentaci\u00f3n relativa a la organizaci\u00f3n de los Campeonatos del Mundo de Nataci\u00f3n de Barcelona (2003 y 2013), la Candidatura de Madrid para los Juegos Ol\u00edmpicos de 2012 y 2016, as\u00ed como la final de la Copa Davis [&hellip;]","og_url":"https:\/\/www.fundaciobarcelonaolimpica.es\/es\/el-ceo-samaranch-incorpora-la-donacion-de-isidre-rigau-consultor-de-planificacion-y-organizacion-para-grandes-eventos-deportivos\/","og_site_name":"Fundaci\u00f3 Barcelona Ol\u00edmpica","article_published_time":"2019-10-11T11:34:08+00:00","article_modified_time":"2019-10-11T11:37:17+00:00","og_image":[{"width":1903,"height":1203,"url":"https:\/\/www.fundaciobarcelonaolimpica.es\/wp-content\/uploads\/sites\/3\/2019\/10\/Isidre-Rigau-Donacion_1.jpg","type":"image\/jpeg"}],"author":"Ibone","twitter_card":"summary_large_image","twitter_misc":{"Escrito por":"Ibone","Tiempo de lectura":"1 minuto"},"schema":{"@context":"https:\/\/schema.org","@graph":[{"@type":"Article","@id":"https:\/\/www.fundaciobarcelonaolimpica.es\/es\/el-ceo-samaranch-incorpora-la-donacion-de-isidre-rigau-consultor-de-planificacion-y-organizacion-para-grandes-eventos-deportivos\/#article","isPartOf":{"@id":"https:\/\/www.fundaciobarcelonaolimpica.es\/es\/el-ceo-samaranch-incorpora-la-donacion-de-isidre-rigau-consultor-de-planificacion-y-organizacion-para-grandes-eventos-deportivos\/"},"author":{"name":"Ibone","@id":"https:\/\/www.fundaciobarcelonaolimpica.es\/ca\/#\/schema\/person\/b792834a53f193977df425a499287aa9"},"headline":"El CEO Samaranch incorpora la donaci\u00f3n de Isidre Rigau, consultor de planificaci\u00f3n y organizaci\u00f3n para grandes eventos deportivos","datePublished":"2019-10-11T11:34:08+00:00","dateModified":"2019-10-11T11:37:17+00:00","mainEntityOfPage":{"@id":"https:\/\/www.fundaciobarcelonaolimpica.es\/es\/el-ceo-samaranch-incorpora-la-donacion-de-isidre-rigau-consultor-de-planificacion-y-organizacion-para-grandes-eventos-deportivos\/"},"wordCount":147,"publisher":{"@id":"https:\/\/www.fundaciobarcelonaolimpica.es\/ca\/#organization"},"image":{"@id":"https:\/\/www.fundaciobarcelonaolimpica.es\/es\/el-ceo-samaranch-incorpora-la-donacion-de-isidre-rigau-consultor-de-planificacion-y-organizacion-para-grandes-eventos-deportivos\/#primaryimage"},"thumbnailUrl":"https:\/\/www.fundaciobarcelonaolimpica.es\/wp-content\/uploads\/sites\/3\/2019\/10\/Isidre-Rigau-Donacion_1.jpg","articleSection":["Sin categorizar"],"inLanguage":"es"},{"@type":"WebPage","@id":"https:\/\/www.fundaciobarcelonaolimpica.es\/es\/el-ceo-samaranch-incorpora-la-donacion-de-isidre-rigau-consultor-de-planificacion-y-organizacion-para-grandes-eventos-deportivos\/","url":"https:\/\/www.fundaciobarcelonaolimpica.es\/es\/el-ceo-samaranch-incorpora-la-donacion-de-isidre-rigau-consultor-de-planificacion-y-organizacion-para-grandes-eventos-deportivos\/","name":"El CEO Samaranch incorpora la donaci\u00f3n de Isidre Rigau, consultor de planificaci\u00f3n y organizaci\u00f3n para grandes eventos deportivos - Fundaci\u00f3 Barcelona Ol\u00edmpica","isPartOf":{"@id":"https:\/\/www.fundaciobarcelonaolimpica.es\/ca\/#website"},"primaryImageOfPage":{"@id":"https:\/\/www.fundaciobarcelonaolimpica.es\/es\/el-ceo-samaranch-incorpora-la-donacion-de-isidre-rigau-consultor-de-planificacion-y-organizacion-para-grandes-eventos-deportivos\/#primaryimage"},"image":{"@id":"https:\/\/www.fundaciobarcelonaolimpica.es\/es\/el-ceo-samaranch-incorpora-la-donacion-de-isidre-rigau-consultor-de-planificacion-y-organizacion-para-grandes-eventos-deportivos\/#primaryimage"},"thumbnailUrl":"https:\/\/www.fundaciobarcelonaolimpica.es\/wp-content\/uploads\/sites\/3\/2019\/10\/Isidre-Rigau-Donacion_1.jpg","datePublished":"2019-10-11T11:34:08+00:00","dateModified":"2019-10-11T11:37:17+00:00","breadcrumb":{"@id":"https:\/\/www.fundaciobarcelonaolimpica.es\/es\/el-ceo-samaranch-incorpora-la-donacion-de-isidre-rigau-consultor-de-planificacion-y-organizacion-para-grandes-eventos-deportivos\/#breadcrumb"},"inLanguage":"es","potentialAction":[{"@type":"ReadAction","target":["https:\/\/www.fundaciobarcelonaolimpica.es\/es\/el-ceo-samaranch-incorpora-la-donacion-de-isidre-rigau-consultor-de-planificacion-y-organizacion-para-grandes-eventos-deportivos\/"]}]},{"@type":"ImageObject","inLanguage":"es","@id":"https:\/\/www.fundaciobarcelonaolimpica.es\/es\/el-ceo-samaranch-incorpora-la-donacion-de-isidre-rigau-consultor-de-planificacion-y-organizacion-para-grandes-eventos-deportivos\/#primaryimage","url":"https:\/\/www.fundaciobarcelonaolimpica.es\/wp-content\/uploads\/sites\/3\/2019\/10\/Isidre-Rigau-Donacion_1.jpg","contentUrl":"https:\/\/www.fundaciobarcelonaolimpica.es\/wp-content\/uploads\/sites\/3\/2019\/10\/Isidre-Rigau-Donacion_1.jpg","width":1903,"height":1203},{"@type":"BreadcrumbList","@id":"https:\/\/www.fundaciobarcelonaolimpica.es\/es\/el-ceo-samaranch-incorpora-la-donacion-de-isidre-rigau-consultor-de-planificacion-y-organizacion-para-grandes-eventos-deportivos\/#breadcrumb","itemListElement":[{"@type":"ListItem","position":1,"name":"FBO","item":"https:\/\/www.fundaciobarcelonaolimpica.es\/es\/"},{"@type":"ListItem","position":2,"name":"El CEO Samaranch incorpora la donaci\u00f3n de Isidre Rigau, consultor de planificaci\u00f3n y organizaci\u00f3n para grandes eventos deportivos"}]},{"@type":"WebSite","@id":"https:\/\/www.fundaciobarcelonaolimpica.es\/ca\/#website","url":"https:\/\/www.fundaciobarcelonaolimpica.es\/ca\/","name":"Fundaci\u00f3 Barcelona Ol\u00edmpica","description":"Web del Museu Ol\u00edmpic i de l&#039;Esport","publisher":{"@id":"https:\/\/www.fundaciobarcelonaolimpica.es\/ca\/#organization"},"potentialAction":[{"@type":"SearchAction","target":{"@type":"EntryPoint","urlTemplate":"https:\/\/www.fundaciobarcelonaolimpica.es\/ca\/?s={search_term_string}"},"query-input":{"@type":"PropertyValueSpecification","valueRequired":true,"valueName":"search_term_string"}}],"inLanguage":"es"},{"@type":"Organization","@id":"https:\/\/www.fundaciobarcelonaolimpica.es\/ca\/#organization","name":"Fundaci\u00f3 Barcelona Ol\u00edmpica","url":"https:\/\/www.fundaciobarcelonaolimpica.es\/ca\/","logo":{"@type":"ImageObject","inLanguage":"es","@id":"https:\/\/www.fundaciobarcelonaolimpica.es\/ca\/#\/schema\/logo\/image\/","url":"https:\/\/www.fundaciobarcelonaolimpica.es\/wp-content\/uploads\/sites\/3\/2019\/02\/logo-fundacio.svg","contentUrl":"https:\/\/www.fundaciobarcelonaolimpica.es\/wp-content\/uploads\/sites\/3\/2019\/02\/logo-fundacio.svg","caption":"Fundaci\u00f3 Barcelona Ol\u00edmpica"},"image":{"@id":"https:\/\/www.fundaciobarcelonaolimpica.es\/ca\/#\/schema\/logo\/image\/"}},{"@type":"Person","@id":"https:\/\/www.fundaciobarcelonaolimpica.es\/ca\/#\/schema\/person\/b792834a53f193977df425a499287aa9","name":"Ibone","url":"https:\/\/www.fundaciobarcelonaolimpica.es\/es\/author\/fbolimpica\/"}]}},"_links":{"self":[{"href":"https:\/\/www.fundaciobarcelonaolimpica.es\/es\/wp-json\/wp\/v2\/posts\/20640"}],"collection":[{"href":"https:\/\/www.fundaciobarcelonaolimpica.es\/es\/wp-json\/wp\/v2\/posts"}],"about":[{"href":"https:\/\/www.fundaciobarcelonaolimpica.es\/es\/wp-json\/wp\/v2\/types\/post"}],"author":[{"embeddable":true,"href":"https:\/\/www.fundaciobarcelonaolimpica.es\/es\/wp-json\/wp\/v2\/users\/11"}],"replies":[{"embeddable":true,"href":"https:\/\/www.fundaciobarcelonaolimpica.es\/es\/wp-json\/wp\/v2\/comments?post=20640"}],"version-history":[{"count":3,"href":"https:\/\/www.fundaciobarcelonaolimpica.es\/es\/wp-json\/wp\/v2\/posts\/20640\/revisions"}],"predecessor-version":[{"id":20647,"href":"https:\/\/www.fundaciobarcelonaolimpica.es\/es\/wp-json\/wp\/v2\/posts\/20640\/revisions\/20647"}],"wp:featuredmedia":[{"embeddable":true,"href":"https:\/\/www.fundaciobarcelonaolimpica.es\/es\/wp-json\/wp\/v2\/media\/20641"}],"wp:attachment":[{"href":"https:\/\/www.fundaciobarcelonaolimpica.es\/es\/wp-json\/wp\/v2\/media?parent=20640"}],"wp:term":[{"taxonomy":"category","embeddable":true,"href":"https:\/\/www.fundaciobarcelonaolimpica.es\/es\/wp-json\/wp\/v2\/categories?post=20640"},{"taxonomy":"post_tag","embeddable":true,"href":"https:\/\/www.fundaciobarcelonaolimpica.es\/es\/wp-json\/wp\/v2\/tags?post=20640"}],"curies":[{"name":"wp","href":"https:\/\/api.w.org\/{rel}","templated":true}]}}