{"id":2069,"date":"2010-02-25T00:00:00","date_gmt":"2010-02-24T23:00:00","guid":{"rendered":"http:\/\/dev.fundaciobarcelonaolimpica.es\/la-visita-al-museu-olimpic-i-de-lesport-una-de-las-actividades-concertadas-para-directores-de-deportes-de-la-union-europea-en-su-visita-oficial-a-barcelona-durante-los-dias-25-y-26-de-febre\/"},"modified":"2010-02-25T00:00:00","modified_gmt":"2010-02-24T23:00:00","slug":"la-visita-al-museu-olimpic-i-de-lesport-una-de-las-actividades-concertadas-para-directores-de-deportes-de-la-union-europea-en-su-visita-oficial-a-barcelona-durante-los-dias-25-y-26-de-febre","status":"publish","type":"post","link":"https:\/\/www.fundaciobarcelonaolimpica.es\/es\/la-visita-al-museu-olimpic-i-de-lesport-una-de-las-actividades-concertadas-para-directores-de-deportes-de-la-union-europea-en-su-visita-oficial-a-barcelona-durante-los-dias-25-y-26-de-febre\/","title":{"rendered":"La visita al Museu Ol\u00edmpic i de l\u2019Esport  una de las  actividades concertadas para directores de deportes de la Uni\u00f3n Europea en su visita oficial a Barcelona durante los d\u00edas 25 y 26 de febrero."},"content":{"rendered":"<p>Tras la bienveinida al museo Ol&iacute;mpico de Barcelona &#8211; realizada por Javier Lasunci&oacute;n, en representaci&oacute;n del Museo &#8211; habiendo escuchado la propuesta de establecer el D&iacute;a Europeo de el Deporte &#8211; de la mano Josep Monr&agrave;s, presidente de el &aacute;rea de deportes de la Diputaci&oacute;n de Barcelona &#8211; los directores europeos &nbsp;disfrutaron de un tranquilo recorrido por las instalaciones del Museo Ol&iacute;mpico y de el Deporte, teniendo una especial atenci&oacute;n por la secci&oacute;n audiovisual e interactiva.&nbsp;<\/p>\n","protected":false},"excerpt":{"rendered":"<p>Los directores de deportes de la Uni\u00f3n Europea disfrutaron de una grata visita a las instalaciones del Museu Ol\u00edmpic i de l\u2019Esport. Jaime Lissavetzky secretario de estado para el Deportes y presidente del Consejo Superior de  Deportes, Albert Soler, director general de Deportes del Consejo Superior de  Deportes y Pere Alcober, presidente de la Fundaci\u00f3 Barcelona Ol\u00edmpica y delegado de deportes de Barcelona ejercieron de anfitriones para los directores europeos.<\/p>\n","protected":false},"author":1,"featured_media":0,"comment_status":"open","ping_status":"open","sticky":false,"template":"","format":"standard","meta":{"_acf_changed":false,"footnotes":""},"categories":[1],"tags":[],"class_list":["post-2069","post","type-post","status-publish","format-standard","hentry","category-sin-categorizar"],"acf":[],"yoast_head":"<!-- This site is optimized with the Yoast SEO plugin v23.7 - https:\/\/yoast.com\/wordpress\/plugins\/seo\/ -->\n<title>La visita al Museu Ol\u00edmpic i de l\u2019Esport una de las actividades concertadas para directores de deportes de la Uni\u00f3n Europea en su visita oficial a Barcelona durante los d\u00edas 25 y 26 de febrero. - Fundaci\u00f3 Barcelona Ol\u00edmpica<\/title>\n<meta name=\"robots\" content=\"index, follow, max-snippet:-1, max-image-preview:large, max-video-preview:-1\" \/>\n<link rel=\"canonical\" href=\"https:\/\/www.fundaciobarcelonaolimpica.es\/es\/la-visita-al-museu-olimpic-i-de-lesport-una-de-las-actividades-concertadas-para-directores-de-deportes-de-la-union-europea-en-su-visita-oficial-a-barcelona-durante-los-dias-25-y-26-de-febre\/\" \/>\n<meta property=\"og:locale\" content=\"es_ES\" \/>\n<meta property=\"og:type\" content=\"article\" \/>\n<meta property=\"og:title\" content=\"La visita al Museu Ol\u00edmpic i de l\u2019Esport una de las actividades concertadas para directores de deportes de la Uni\u00f3n Europea en su visita oficial a Barcelona durante los d\u00edas 25 y 26 de febrero. - Fundaci\u00f3 Barcelona Ol\u00edmpica\" \/>\n<meta property=\"og:description\" content=\"Los directores de deportes de la Uni\u00f3n Europea disfrutaron de una grata visita a las instalaciones del Museu Ol\u00edmpic i de l\u2019Esport. Jaime Lissavetzky secretario de estado para el Deportes y presidente del Consejo Superior de Deportes, Albert Soler, director general de Deportes del Consejo Superior de Deportes y Pere Alcober, presidente de la Fundaci\u00f3 Barcelona Ol\u00edmpica y delegado de deportes de Barcelona ejercieron de anfitriones para los directores europeos.\" \/>\n<meta property=\"og:url\" content=\"https:\/\/www.fundaciobarcelonaolimpica.es\/es\/la-visita-al-museu-olimpic-i-de-lesport-una-de-las-actividades-concertadas-para-directores-de-deportes-de-la-union-europea-en-su-visita-oficial-a-barcelona-durante-los-dias-25-y-26-de-febre\/\" \/>\n<meta property=\"og:site_name\" content=\"Fundaci\u00f3 Barcelona Ol\u00edmpica\" \/>\n<meta property=\"article:published_time\" content=\"2010-02-24T23:00:00+00:00\" \/>\n<meta name=\"author\" content=\"useradmin\" \/>\n<meta name=\"twitter:card\" content=\"summary_large_image\" \/>\n<meta name=\"twitter:label1\" content=\"Escrito por\" \/>\n\t<meta name=\"twitter:data1\" content=\"useradmin\" \/>\n<script type=\"application\/ld+json\" class=\"yoast-schema-graph\">{\"@context\":\"https:\/\/schema.org\",\"@graph\":[{\"@type\":\"Article\",\"@id\":\"https:\/\/www.fundaciobarcelonaolimpica.es\/es\/la-visita-al-museu-olimpic-i-de-lesport-una-de-las-actividades-concertadas-para-directores-de-deportes-de-la-union-europea-en-su-visita-oficial-a-barcelona-durante-los-dias-25-y-26-de-febre\/#article\",\"isPartOf\":{\"@id\":\"https:\/\/www.fundaciobarcelonaolimpica.es\/es\/la-visita-al-museu-olimpic-i-de-lesport-una-de-las-actividades-concertadas-para-directores-de-deportes-de-la-union-europea-en-su-visita-oficial-a-barcelona-durante-los-dias-25-y-26-de-febre\/\"},\"author\":{\"name\":\"useradmin\",\"@id\":\"https:\/\/www.fundaciobarcelonaolimpica.es\/ca\/#\/schema\/person\/d05705664e87aa04c6ce53d48133fb39\"},\"headline\":\"La visita al Museu Ol\u00edmpic i de l\u2019Esport una de las actividades concertadas para directores de deportes de la Uni\u00f3n Europea en su visita oficial a Barcelona durante los d\u00edas 25 y 26 de febrero.\",\"datePublished\":\"2010-02-24T23:00:00+00:00\",\"dateModified\":\"2010-02-24T23:00:00+00:00\",\"mainEntityOfPage\":{\"@id\":\"https:\/\/www.fundaciobarcelonaolimpica.es\/es\/la-visita-al-museu-olimpic-i-de-lesport-una-de-las-actividades-concertadas-para-directores-de-deportes-de-la-union-europea-en-su-visita-oficial-a-barcelona-durante-los-dias-25-y-26-de-febre\/\"},\"wordCount\":134,\"commentCount\":7,\"publisher\":{\"@id\":\"https:\/\/www.fundaciobarcelonaolimpica.es\/ca\/#organization\"},\"articleSection\":[\"Sin categorizar\"],\"inLanguage\":\"es\",\"potentialAction\":[{\"@type\":\"CommentAction\",\"name\":\"Comment\",\"target\":[\"https:\/\/www.fundaciobarcelonaolimpica.es\/es\/la-visita-al-museu-olimpic-i-de-lesport-una-de-las-actividades-concertadas-para-directores-de-deportes-de-la-union-europea-en-su-visita-oficial-a-barcelona-durante-los-dias-25-y-26-de-febre\/#respond\"]}]},{\"@type\":\"WebPage\",\"@id\":\"https:\/\/www.fundaciobarcelonaolimpica.es\/es\/la-visita-al-museu-olimpic-i-de-lesport-una-de-las-actividades-concertadas-para-directores-de-deportes-de-la-union-europea-en-su-visita-oficial-a-barcelona-durante-los-dias-25-y-26-de-febre\/\",\"url\":\"https:\/\/www.fundaciobarcelonaolimpica.es\/es\/la-visita-al-museu-olimpic-i-de-lesport-una-de-las-actividades-concertadas-para-directores-de-deportes-de-la-union-europea-en-su-visita-oficial-a-barcelona-durante-los-dias-25-y-26-de-febre\/\",\"name\":\"La visita al Museu Ol\u00edmpic i de l\u2019Esport una de las actividades concertadas para directores de deportes de la Uni\u00f3n Europea en su visita oficial a Barcelona durante los d\u00edas 25 y 26 de febrero. - Fundaci\u00f3 Barcelona Ol\u00edmpica\",\"isPartOf\":{\"@id\":\"https:\/\/www.fundaciobarcelonaolimpica.es\/ca\/#website\"},\"datePublished\":\"2010-02-24T23:00:00+00:00\",\"dateModified\":\"2010-02-24T23:00:00+00:00\",\"breadcrumb\":{\"@id\":\"https:\/\/www.fundaciobarcelonaolimpica.es\/es\/la-visita-al-museu-olimpic-i-de-lesport-una-de-las-actividades-concertadas-para-directores-de-deportes-de-la-union-europea-en-su-visita-oficial-a-barcelona-durante-los-dias-25-y-26-de-febre\/#breadcrumb\"},\"inLanguage\":\"es\",\"potentialAction\":[{\"@type\":\"ReadAction\",\"target\":[\"https:\/\/www.fundaciobarcelonaolimpica.es\/es\/la-visita-al-museu-olimpic-i-de-lesport-una-de-las-actividades-concertadas-para-directores-de-deportes-de-la-union-europea-en-su-visita-oficial-a-barcelona-durante-los-dias-25-y-26-de-febre\/\"]}]},{\"@type\":\"BreadcrumbList\",\"@id\":\"https:\/\/www.fundaciobarcelonaolimpica.es\/es\/la-visita-al-museu-olimpic-i-de-lesport-una-de-las-actividades-concertadas-para-directores-de-deportes-de-la-union-europea-en-su-visita-oficial-a-barcelona-durante-los-dias-25-y-26-de-febre\/#breadcrumb\",\"itemListElement\":[{\"@type\":\"ListItem\",\"position\":1,\"name\":\"FBO\",\"item\":\"https:\/\/www.fundaciobarcelonaolimpica.es\/es\/\"},{\"@type\":\"ListItem\",\"position\":2,\"name\":\"La visita al Museu Ol\u00edmpic i de l\u2019Esport una de las actividades concertadas para directores de deportes de la Uni\u00f3n Europea en su visita oficial a Barcelona durante los d\u00edas 25 y 26 de febrero.\"}]},{\"@type\":\"WebSite\",\"@id\":\"https:\/\/www.fundaciobarcelonaolimpica.es\/ca\/#website\",\"url\":\"https:\/\/www.fundaciobarcelonaolimpica.es\/ca\/\",\"name\":\"Fundaci\u00f3 Barcelona Ol\u00edmpica\",\"description\":\"Web del Museu Ol\u00edmpic i de l&#039;Esport\",\"publisher\":{\"@id\":\"https:\/\/www.fundaciobarcelonaolimpica.es\/ca\/#organization\"},\"potentialAction\":[{\"@type\":\"SearchAction\",\"target\":{\"@type\":\"EntryPoint\",\"urlTemplate\":\"https:\/\/www.fundaciobarcelonaolimpica.es\/ca\/?s={search_term_string}\"},\"query-input\":{\"@type\":\"PropertyValueSpecification\",\"valueRequired\":true,\"valueName\":\"search_term_string\"}}],\"inLanguage\":\"es\"},{\"@type\":\"Organization\",\"@id\":\"https:\/\/www.fundaciobarcelonaolimpica.es\/ca\/#organization\",\"name\":\"Fundaci\u00f3 Barcelona Ol\u00edmpica\",\"url\":\"https:\/\/www.fundaciobarcelonaolimpica.es\/ca\/\",\"logo\":{\"@type\":\"ImageObject\",\"inLanguage\":\"es\",\"@id\":\"https:\/\/www.fundaciobarcelonaolimpica.es\/ca\/#\/schema\/logo\/image\/\",\"url\":\"https:\/\/www.fundaciobarcelonaolimpica.es\/wp-content\/uploads\/sites\/3\/2019\/02\/logo-fundacio.svg\",\"contentUrl\":\"https:\/\/www.fundaciobarcelonaolimpica.es\/wp-content\/uploads\/sites\/3\/2019\/02\/logo-fundacio.svg\",\"caption\":\"Fundaci\u00f3 Barcelona Ol\u00edmpica\"},\"image\":{\"@id\":\"https:\/\/www.fundaciobarcelonaolimpica.es\/ca\/#\/schema\/logo\/image\/\"}},{\"@type\":\"Person\",\"@id\":\"https:\/\/www.fundaciobarcelonaolimpica.es\/ca\/#\/schema\/person\/d05705664e87aa04c6ce53d48133fb39\",\"name\":\"useradmin\",\"url\":\"https:\/\/www.fundaciobarcelonaolimpica.es\/es\/author\/useradmin\/\"}]}<\/script>\n<!-- \/ Yoast SEO plugin. -->","yoast_head_json":{"title":"La visita al Museu Ol\u00edmpic i de l\u2019Esport una de las actividades concertadas para directores de deportes de la Uni\u00f3n Europea en su visita oficial a Barcelona durante los d\u00edas 25 y 26 de febrero. - Fundaci\u00f3 Barcelona Ol\u00edmpica","robots":{"index":"index","follow":"follow","max-snippet":"max-snippet:-1","max-image-preview":"max-image-preview:large","max-video-preview":"max-video-preview:-1"},"canonical":"https:\/\/www.fundaciobarcelonaolimpica.es\/es\/la-visita-al-museu-olimpic-i-de-lesport-una-de-las-actividades-concertadas-para-directores-de-deportes-de-la-union-europea-en-su-visita-oficial-a-barcelona-durante-los-dias-25-y-26-de-febre\/","og_locale":"es_ES","og_type":"article","og_title":"La visita al Museu Ol\u00edmpic i de l\u2019Esport una de las actividades concertadas para directores de deportes de la Uni\u00f3n Europea en su visita oficial a Barcelona durante los d\u00edas 25 y 26 de febrero. - Fundaci\u00f3 Barcelona Ol\u00edmpica","og_description":"Los directores de deportes de la Uni\u00f3n Europea disfrutaron de una grata visita a las instalaciones del Museu Ol\u00edmpic i de l\u2019Esport. Jaime Lissavetzky secretario de estado para el Deportes y presidente del Consejo Superior de Deportes, Albert Soler, director general de Deportes del Consejo Superior de Deportes y Pere Alcober, presidente de la Fundaci\u00f3 Barcelona Ol\u00edmpica y delegado de deportes de Barcelona ejercieron de anfitriones para los directores europeos.","og_url":"https:\/\/www.fundaciobarcelonaolimpica.es\/es\/la-visita-al-museu-olimpic-i-de-lesport-una-de-las-actividades-concertadas-para-directores-de-deportes-de-la-union-europea-en-su-visita-oficial-a-barcelona-durante-los-dias-25-y-26-de-febre\/","og_site_name":"Fundaci\u00f3 Barcelona Ol\u00edmpica","article_published_time":"2010-02-24T23:00:00+00:00","author":"useradmin","twitter_card":"summary_large_image","twitter_misc":{"Escrito por":"useradmin"},"schema":{"@context":"https:\/\/schema.org","@graph":[{"@type":"Article","@id":"https:\/\/www.fundaciobarcelonaolimpica.es\/es\/la-visita-al-museu-olimpic-i-de-lesport-una-de-las-actividades-concertadas-para-directores-de-deportes-de-la-union-europea-en-su-visita-oficial-a-barcelona-durante-los-dias-25-y-26-de-febre\/#article","isPartOf":{"@id":"https:\/\/www.fundaciobarcelonaolimpica.es\/es\/la-visita-al-museu-olimpic-i-de-lesport-una-de-las-actividades-concertadas-para-directores-de-deportes-de-la-union-europea-en-su-visita-oficial-a-barcelona-durante-los-dias-25-y-26-de-febre\/"},"author":{"name":"useradmin","@id":"https:\/\/www.fundaciobarcelonaolimpica.es\/ca\/#\/schema\/person\/d05705664e87aa04c6ce53d48133fb39"},"headline":"La visita al Museu Ol\u00edmpic i de l\u2019Esport una de las actividades concertadas para directores de deportes de la Uni\u00f3n Europea en su visita oficial a Barcelona durante los d\u00edas 25 y 26 de febrero.","datePublished":"2010-02-24T23:00:00+00:00","dateModified":"2010-02-24T23:00:00+00:00","mainEntityOfPage":{"@id":"https:\/\/www.fundaciobarcelonaolimpica.es\/es\/la-visita-al-museu-olimpic-i-de-lesport-una-de-las-actividades-concertadas-para-directores-de-deportes-de-la-union-europea-en-su-visita-oficial-a-barcelona-durante-los-dias-25-y-26-de-febre\/"},"wordCount":134,"commentCount":7,"publisher":{"@id":"https:\/\/www.fundaciobarcelonaolimpica.es\/ca\/#organization"},"articleSection":["Sin categorizar"],"inLanguage":"es","potentialAction":[{"@type":"CommentAction","name":"Comment","target":["https:\/\/www.fundaciobarcelonaolimpica.es\/es\/la-visita-al-museu-olimpic-i-de-lesport-una-de-las-actividades-concertadas-para-directores-de-deportes-de-la-union-europea-en-su-visita-oficial-a-barcelona-durante-los-dias-25-y-26-de-febre\/#respond"]}]},{"@type":"WebPage","@id":"https:\/\/www.fundaciobarcelonaolimpica.es\/es\/la-visita-al-museu-olimpic-i-de-lesport-una-de-las-actividades-concertadas-para-directores-de-deportes-de-la-union-europea-en-su-visita-oficial-a-barcelona-durante-los-dias-25-y-26-de-febre\/","url":"https:\/\/www.fundaciobarcelonaolimpica.es\/es\/la-visita-al-museu-olimpic-i-de-lesport-una-de-las-actividades-concertadas-para-directores-de-deportes-de-la-union-europea-en-su-visita-oficial-a-barcelona-durante-los-dias-25-y-26-de-febre\/","name":"La visita al Museu Ol\u00edmpic i de l\u2019Esport una de las actividades concertadas para directores de deportes de la Uni\u00f3n Europea en su visita oficial a Barcelona durante los d\u00edas 25 y 26 de febrero. - Fundaci\u00f3 Barcelona Ol\u00edmpica","isPartOf":{"@id":"https:\/\/www.fundaciobarcelonaolimpica.es\/ca\/#website"},"datePublished":"2010-02-24T23:00:00+00:00","dateModified":"2010-02-24T23:00:00+00:00","breadcrumb":{"@id":"https:\/\/www.fundaciobarcelonaolimpica.es\/es\/la-visita-al-museu-olimpic-i-de-lesport-una-de-las-actividades-concertadas-para-directores-de-deportes-de-la-union-europea-en-su-visita-oficial-a-barcelona-durante-los-dias-25-y-26-de-febre\/#breadcrumb"},"inLanguage":"es","potentialAction":[{"@type":"ReadAction","target":["https:\/\/www.fundaciobarcelonaolimpica.es\/es\/la-visita-al-museu-olimpic-i-de-lesport-una-de-las-actividades-concertadas-para-directores-de-deportes-de-la-union-europea-en-su-visita-oficial-a-barcelona-durante-los-dias-25-y-26-de-febre\/"]}]},{"@type":"BreadcrumbList","@id":"https:\/\/www.fundaciobarcelonaolimpica.es\/es\/la-visita-al-museu-olimpic-i-de-lesport-una-de-las-actividades-concertadas-para-directores-de-deportes-de-la-union-europea-en-su-visita-oficial-a-barcelona-durante-los-dias-25-y-26-de-febre\/#breadcrumb","itemListElement":[{"@type":"ListItem","position":1,"name":"FBO","item":"https:\/\/www.fundaciobarcelonaolimpica.es\/es\/"},{"@type":"ListItem","position":2,"name":"La visita al Museu Ol\u00edmpic i de l\u2019Esport una de las actividades concertadas para directores de deportes de la Uni\u00f3n Europea en su visita oficial a Barcelona durante los d\u00edas 25 y 26 de febrero."}]},{"@type":"WebSite","@id":"https:\/\/www.fundaciobarcelonaolimpica.es\/ca\/#website","url":"https:\/\/www.fundaciobarcelonaolimpica.es\/ca\/","name":"Fundaci\u00f3 Barcelona Ol\u00edmpica","description":"Web del Museu Ol\u00edmpic i de l&#039;Esport","publisher":{"@id":"https:\/\/www.fundaciobarcelonaolimpica.es\/ca\/#organization"},"potentialAction":[{"@type":"SearchAction","target":{"@type":"EntryPoint","urlTemplate":"https:\/\/www.fundaciobarcelonaolimpica.es\/ca\/?s={search_term_string}"},"query-input":{"@type":"PropertyValueSpecification","valueRequired":true,"valueName":"search_term_string"}}],"inLanguage":"es"},{"@type":"Organization","@id":"https:\/\/www.fundaciobarcelonaolimpica.es\/ca\/#organization","name":"Fundaci\u00f3 Barcelona Ol\u00edmpica","url":"https:\/\/www.fundaciobarcelonaolimpica.es\/ca\/","logo":{"@type":"ImageObject","inLanguage":"es","@id":"https:\/\/www.fundaciobarcelonaolimpica.es\/ca\/#\/schema\/logo\/image\/","url":"https:\/\/www.fundaciobarcelonaolimpica.es\/wp-content\/uploads\/sites\/3\/2019\/02\/logo-fundacio.svg","contentUrl":"https:\/\/www.fundaciobarcelonaolimpica.es\/wp-content\/uploads\/sites\/3\/2019\/02\/logo-fundacio.svg","caption":"Fundaci\u00f3 Barcelona Ol\u00edmpica"},"image":{"@id":"https:\/\/www.fundaciobarcelonaolimpica.es\/ca\/#\/schema\/logo\/image\/"}},{"@type":"Person","@id":"https:\/\/www.fundaciobarcelonaolimpica.es\/ca\/#\/schema\/person\/d05705664e87aa04c6ce53d48133fb39","name":"useradmin","url":"https:\/\/www.fundaciobarcelonaolimpica.es\/es\/author\/useradmin\/"}]}},"_links":{"self":[{"href":"https:\/\/www.fundaciobarcelonaolimpica.es\/es\/wp-json\/wp\/v2\/posts\/2069"}],"collection":[{"href":"https:\/\/www.fundaciobarcelonaolimpica.es\/es\/wp-json\/wp\/v2\/posts"}],"about":[{"href":"https:\/\/www.fundaciobarcelonaolimpica.es\/es\/wp-json\/wp\/v2\/types\/post"}],"author":[{"embeddable":true,"href":"https:\/\/www.fundaciobarcelonaolimpica.es\/es\/wp-json\/wp\/v2\/users\/1"}],"replies":[{"embeddable":true,"href":"https:\/\/www.fundaciobarcelonaolimpica.es\/es\/wp-json\/wp\/v2\/comments?post=2069"}],"version-history":[{"count":0,"href":"https:\/\/www.fundaciobarcelonaolimpica.es\/es\/wp-json\/wp\/v2\/posts\/2069\/revisions"}],"wp:attachment":[{"href":"https:\/\/www.fundaciobarcelonaolimpica.es\/es\/wp-json\/wp\/v2\/media?parent=2069"}],"wp:term":[{"taxonomy":"category","embeddable":true,"href":"https:\/\/www.fundaciobarcelonaolimpica.es\/es\/wp-json\/wp\/v2\/categories?post=2069"},{"taxonomy":"post_tag","embeddable":true,"href":"https:\/\/www.fundaciobarcelonaolimpica.es\/es\/wp-json\/wp\/v2\/tags?post=2069"}],"curies":[{"name":"wp","href":"https:\/\/api.w.org\/{rel}","templated":true}]}}