{"id":2078,"date":"2010-03-11T00:00:00","date_gmt":"2010-03-10T23:00:00","guid":{"rendered":"http:\/\/dev.fundaciobarcelonaolimpica.es\/el-museo-olimpico-y-del-deporte-acogio-la-conferencia-de-ramon-besa\/"},"modified":"2010-03-11T00:00:00","modified_gmt":"2010-03-10T23:00:00","slug":"el-museo-olimpico-y-del-deporte-acogio-la-conferencia-de-ramon-besa","status":"publish","type":"post","link":"https:\/\/www.fundaciobarcelonaolimpica.es\/es\/el-museo-olimpico-y-del-deporte-acogio-la-conferencia-de-ramon-besa\/","title":{"rendered":"El Museo Ol\u00edmpico y del Deporte acogi\u00f3 la conferencia de Ram\u00f3n Besa"},"content":{"rendered":"<p>Besa ha ofrecido una conferencia complementaria a la exposici&oacute;n de Manel Mayoral \u00abPasi&oacute;n por f&uacute;tbol\u00bb.  De forma gratuita y hasta el 30 de marzo, el p&uacute;blico podr&aacute; acceder a la sala de exposiciones temporales del Museo Ol&iacute;mpico y del Deporte donde se expone \u00abPasi&oacute;n por el f&uacute;tbol\u00bb, una experiencia inolvidable: un archivo de recuerdos futbol&iacute;sticos y una puerta abierta a la pasi&oacute;n por el deporte rey.<\/p>\n","protected":false},"excerpt":{"rendered":"<p>Ram\u00f3n Besa, profesor de periodismo de la Facultad de Ciencias de la Comunicaci\u00f3n Blanquerna y de los Masters de Periodismo de Les Heures. Actualmente es redactor en jefe del diario El Pa\u00eds y colaborador de Catalu\u00f1a Radio y Radio Barcelona. Con anterioridad, fue redactor del diario El 9 Nou y jefe de deportes del diario Avui.<\/p>\n","protected":false},"author":1,"featured_media":0,"comment_status":"open","ping_status":"open","sticky":false,"template":"","format":"standard","meta":{"_acf_changed":false,"footnotes":""},"categories":[1],"tags":[],"class_list":["post-2078","post","type-post","status-publish","format-standard","hentry","category-sin-categorizar"],"acf":[],"yoast_head":"<!-- This site is optimized with the Yoast SEO plugin v23.7 - https:\/\/yoast.com\/wordpress\/plugins\/seo\/ -->\n<title>El Museo Ol\u00edmpico y del Deporte acogi\u00f3 la conferencia de Ram\u00f3n Besa - Fundaci\u00f3 Barcelona Ol\u00edmpica<\/title>\n<meta name=\"robots\" content=\"index, follow, max-snippet:-1, max-image-preview:large, max-video-preview:-1\" \/>\n<link rel=\"canonical\" href=\"https:\/\/www.fundaciobarcelonaolimpica.es\/es\/el-museo-olimpico-y-del-deporte-acogio-la-conferencia-de-ramon-besa\/\" \/>\n<meta property=\"og:locale\" content=\"es_ES\" \/>\n<meta property=\"og:type\" content=\"article\" \/>\n<meta property=\"og:title\" content=\"El Museo Ol\u00edmpico y del Deporte acogi\u00f3 la conferencia de Ram\u00f3n Besa - Fundaci\u00f3 Barcelona Ol\u00edmpica\" \/>\n<meta property=\"og:description\" content=\"Ram\u00f3n Besa, profesor de periodismo de la Facultad de Ciencias de la Comunicaci\u00f3n Blanquerna y de los Masters de Periodismo de Les Heures. Actualmente es redactor en jefe del diario El Pa\u00eds y colaborador de Catalu\u00f1a Radio y Radio Barcelona. Con anterioridad, fue redactor del diario El 9 Nou y jefe de deportes del diario Avui.\" \/>\n<meta property=\"og:url\" content=\"https:\/\/www.fundaciobarcelonaolimpica.es\/es\/el-museo-olimpico-y-del-deporte-acogio-la-conferencia-de-ramon-besa\/\" \/>\n<meta property=\"og:site_name\" content=\"Fundaci\u00f3 Barcelona Ol\u00edmpica\" \/>\n<meta property=\"article:published_time\" content=\"2010-03-10T23:00:00+00:00\" \/>\n<meta name=\"author\" content=\"useradmin\" \/>\n<meta name=\"twitter:card\" content=\"summary_large_image\" \/>\n<meta name=\"twitter:label1\" content=\"Escrito por\" \/>\n\t<meta name=\"twitter:data1\" content=\"useradmin\" \/>\n<script type=\"application\/ld+json\" class=\"yoast-schema-graph\">{\"@context\":\"https:\/\/schema.org\",\"@graph\":[{\"@type\":\"Article\",\"@id\":\"https:\/\/www.fundaciobarcelonaolimpica.es\/es\/el-museo-olimpico-y-del-deporte-acogio-la-conferencia-de-ramon-besa\/#article\",\"isPartOf\":{\"@id\":\"https:\/\/www.fundaciobarcelonaolimpica.es\/es\/el-museo-olimpico-y-del-deporte-acogio-la-conferencia-de-ramon-besa\/\"},\"author\":{\"name\":\"useradmin\",\"@id\":\"https:\/\/www.fundaciobarcelonaolimpica.es\/ca\/#\/schema\/person\/d05705664e87aa04c6ce53d48133fb39\"},\"headline\":\"El Museo Ol\u00edmpico y del Deporte acogi\u00f3 la conferencia de Ram\u00f3n Besa\",\"datePublished\":\"2010-03-10T23:00:00+00:00\",\"dateModified\":\"2010-03-10T23:00:00+00:00\",\"mainEntityOfPage\":{\"@id\":\"https:\/\/www.fundaciobarcelonaolimpica.es\/es\/el-museo-olimpico-y-del-deporte-acogio-la-conferencia-de-ramon-besa\/\"},\"wordCount\":98,\"commentCount\":11,\"publisher\":{\"@id\":\"https:\/\/www.fundaciobarcelonaolimpica.es\/ca\/#organization\"},\"articleSection\":[\"Sin categorizar\"],\"inLanguage\":\"es\",\"potentialAction\":[{\"@type\":\"CommentAction\",\"name\":\"Comment\",\"target\":[\"https:\/\/www.fundaciobarcelonaolimpica.es\/es\/el-museo-olimpico-y-del-deporte-acogio-la-conferencia-de-ramon-besa\/#respond\"]}]},{\"@type\":\"WebPage\",\"@id\":\"https:\/\/www.fundaciobarcelonaolimpica.es\/es\/el-museo-olimpico-y-del-deporte-acogio-la-conferencia-de-ramon-besa\/\",\"url\":\"https:\/\/www.fundaciobarcelonaolimpica.es\/es\/el-museo-olimpico-y-del-deporte-acogio-la-conferencia-de-ramon-besa\/\",\"name\":\"El Museo Ol\u00edmpico y del Deporte acogi\u00f3 la conferencia de Ram\u00f3n Besa - Fundaci\u00f3 Barcelona Ol\u00edmpica\",\"isPartOf\":{\"@id\":\"https:\/\/www.fundaciobarcelonaolimpica.es\/ca\/#website\"},\"datePublished\":\"2010-03-10T23:00:00+00:00\",\"dateModified\":\"2010-03-10T23:00:00+00:00\",\"breadcrumb\":{\"@id\":\"https:\/\/www.fundaciobarcelonaolimpica.es\/es\/el-museo-olimpico-y-del-deporte-acogio-la-conferencia-de-ramon-besa\/#breadcrumb\"},\"inLanguage\":\"es\",\"potentialAction\":[{\"@type\":\"ReadAction\",\"target\":[\"https:\/\/www.fundaciobarcelonaolimpica.es\/es\/el-museo-olimpico-y-del-deporte-acogio-la-conferencia-de-ramon-besa\/\"]}]},{\"@type\":\"BreadcrumbList\",\"@id\":\"https:\/\/www.fundaciobarcelonaolimpica.es\/es\/el-museo-olimpico-y-del-deporte-acogio-la-conferencia-de-ramon-besa\/#breadcrumb\",\"itemListElement\":[{\"@type\":\"ListItem\",\"position\":1,\"name\":\"FBO\",\"item\":\"https:\/\/www.fundaciobarcelonaolimpica.es\/es\/\"},{\"@type\":\"ListItem\",\"position\":2,\"name\":\"El Museo Ol\u00edmpico y del Deporte acogi\u00f3 la conferencia de Ram\u00f3n Besa\"}]},{\"@type\":\"WebSite\",\"@id\":\"https:\/\/www.fundaciobarcelonaolimpica.es\/ca\/#website\",\"url\":\"https:\/\/www.fundaciobarcelonaolimpica.es\/ca\/\",\"name\":\"Fundaci\u00f3 Barcelona Ol\u00edmpica\",\"description\":\"Web del Museu Ol\u00edmpic i de l&#039;Esport\",\"publisher\":{\"@id\":\"https:\/\/www.fundaciobarcelonaolimpica.es\/ca\/#organization\"},\"potentialAction\":[{\"@type\":\"SearchAction\",\"target\":{\"@type\":\"EntryPoint\",\"urlTemplate\":\"https:\/\/www.fundaciobarcelonaolimpica.es\/ca\/?s={search_term_string}\"},\"query-input\":{\"@type\":\"PropertyValueSpecification\",\"valueRequired\":true,\"valueName\":\"search_term_string\"}}],\"inLanguage\":\"es\"},{\"@type\":\"Organization\",\"@id\":\"https:\/\/www.fundaciobarcelonaolimpica.es\/ca\/#organization\",\"name\":\"Fundaci\u00f3 Barcelona Ol\u00edmpica\",\"url\":\"https:\/\/www.fundaciobarcelonaolimpica.es\/ca\/\",\"logo\":{\"@type\":\"ImageObject\",\"inLanguage\":\"es\",\"@id\":\"https:\/\/www.fundaciobarcelonaolimpica.es\/ca\/#\/schema\/logo\/image\/\",\"url\":\"https:\/\/www.fundaciobarcelonaolimpica.es\/wp-content\/uploads\/sites\/3\/2019\/02\/logo-fundacio.svg\",\"contentUrl\":\"https:\/\/www.fundaciobarcelonaolimpica.es\/wp-content\/uploads\/sites\/3\/2019\/02\/logo-fundacio.svg\",\"caption\":\"Fundaci\u00f3 Barcelona Ol\u00edmpica\"},\"image\":{\"@id\":\"https:\/\/www.fundaciobarcelonaolimpica.es\/ca\/#\/schema\/logo\/image\/\"}},{\"@type\":\"Person\",\"@id\":\"https:\/\/www.fundaciobarcelonaolimpica.es\/ca\/#\/schema\/person\/d05705664e87aa04c6ce53d48133fb39\",\"name\":\"useradmin\",\"url\":\"https:\/\/www.fundaciobarcelonaolimpica.es\/es\/author\/useradmin\/\"}]}<\/script>\n<!-- \/ Yoast SEO plugin. -->","yoast_head_json":{"title":"El Museo Ol\u00edmpico y del Deporte acogi\u00f3 la conferencia de Ram\u00f3n Besa - Fundaci\u00f3 Barcelona Ol\u00edmpica","robots":{"index":"index","follow":"follow","max-snippet":"max-snippet:-1","max-image-preview":"max-image-preview:large","max-video-preview":"max-video-preview:-1"},"canonical":"https:\/\/www.fundaciobarcelonaolimpica.es\/es\/el-museo-olimpico-y-del-deporte-acogio-la-conferencia-de-ramon-besa\/","og_locale":"es_ES","og_type":"article","og_title":"El Museo Ol\u00edmpico y del Deporte acogi\u00f3 la conferencia de Ram\u00f3n Besa - Fundaci\u00f3 Barcelona Ol\u00edmpica","og_description":"Ram\u00f3n Besa, profesor de periodismo de la Facultad de Ciencias de la Comunicaci\u00f3n Blanquerna y de los Masters de Periodismo de Les Heures. Actualmente es redactor en jefe del diario El Pa\u00eds y colaborador de Catalu\u00f1a Radio y Radio Barcelona. Con anterioridad, fue redactor del diario El 9 Nou y jefe de deportes del diario Avui.","og_url":"https:\/\/www.fundaciobarcelonaolimpica.es\/es\/el-museo-olimpico-y-del-deporte-acogio-la-conferencia-de-ramon-besa\/","og_site_name":"Fundaci\u00f3 Barcelona Ol\u00edmpica","article_published_time":"2010-03-10T23:00:00+00:00","author":"useradmin","twitter_card":"summary_large_image","twitter_misc":{"Escrito por":"useradmin"},"schema":{"@context":"https:\/\/schema.org","@graph":[{"@type":"Article","@id":"https:\/\/www.fundaciobarcelonaolimpica.es\/es\/el-museo-olimpico-y-del-deporte-acogio-la-conferencia-de-ramon-besa\/#article","isPartOf":{"@id":"https:\/\/www.fundaciobarcelonaolimpica.es\/es\/el-museo-olimpico-y-del-deporte-acogio-la-conferencia-de-ramon-besa\/"},"author":{"name":"useradmin","@id":"https:\/\/www.fundaciobarcelonaolimpica.es\/ca\/#\/schema\/person\/d05705664e87aa04c6ce53d48133fb39"},"headline":"El Museo Ol\u00edmpico y del Deporte acogi\u00f3 la conferencia de Ram\u00f3n Besa","datePublished":"2010-03-10T23:00:00+00:00","dateModified":"2010-03-10T23:00:00+00:00","mainEntityOfPage":{"@id":"https:\/\/www.fundaciobarcelonaolimpica.es\/es\/el-museo-olimpico-y-del-deporte-acogio-la-conferencia-de-ramon-besa\/"},"wordCount":98,"commentCount":11,"publisher":{"@id":"https:\/\/www.fundaciobarcelonaolimpica.es\/ca\/#organization"},"articleSection":["Sin categorizar"],"inLanguage":"es","potentialAction":[{"@type":"CommentAction","name":"Comment","target":["https:\/\/www.fundaciobarcelonaolimpica.es\/es\/el-museo-olimpico-y-del-deporte-acogio-la-conferencia-de-ramon-besa\/#respond"]}]},{"@type":"WebPage","@id":"https:\/\/www.fundaciobarcelonaolimpica.es\/es\/el-museo-olimpico-y-del-deporte-acogio-la-conferencia-de-ramon-besa\/","url":"https:\/\/www.fundaciobarcelonaolimpica.es\/es\/el-museo-olimpico-y-del-deporte-acogio-la-conferencia-de-ramon-besa\/","name":"El Museo Ol\u00edmpico y del Deporte acogi\u00f3 la conferencia de Ram\u00f3n Besa - Fundaci\u00f3 Barcelona Ol\u00edmpica","isPartOf":{"@id":"https:\/\/www.fundaciobarcelonaolimpica.es\/ca\/#website"},"datePublished":"2010-03-10T23:00:00+00:00","dateModified":"2010-03-10T23:00:00+00:00","breadcrumb":{"@id":"https:\/\/www.fundaciobarcelonaolimpica.es\/es\/el-museo-olimpico-y-del-deporte-acogio-la-conferencia-de-ramon-besa\/#breadcrumb"},"inLanguage":"es","potentialAction":[{"@type":"ReadAction","target":["https:\/\/www.fundaciobarcelonaolimpica.es\/es\/el-museo-olimpico-y-del-deporte-acogio-la-conferencia-de-ramon-besa\/"]}]},{"@type":"BreadcrumbList","@id":"https:\/\/www.fundaciobarcelonaolimpica.es\/es\/el-museo-olimpico-y-del-deporte-acogio-la-conferencia-de-ramon-besa\/#breadcrumb","itemListElement":[{"@type":"ListItem","position":1,"name":"FBO","item":"https:\/\/www.fundaciobarcelonaolimpica.es\/es\/"},{"@type":"ListItem","position":2,"name":"El Museo Ol\u00edmpico y del Deporte acogi\u00f3 la conferencia de Ram\u00f3n Besa"}]},{"@type":"WebSite","@id":"https:\/\/www.fundaciobarcelonaolimpica.es\/ca\/#website","url":"https:\/\/www.fundaciobarcelonaolimpica.es\/ca\/","name":"Fundaci\u00f3 Barcelona Ol\u00edmpica","description":"Web del Museu Ol\u00edmpic i de l&#039;Esport","publisher":{"@id":"https:\/\/www.fundaciobarcelonaolimpica.es\/ca\/#organization"},"potentialAction":[{"@type":"SearchAction","target":{"@type":"EntryPoint","urlTemplate":"https:\/\/www.fundaciobarcelonaolimpica.es\/ca\/?s={search_term_string}"},"query-input":{"@type":"PropertyValueSpecification","valueRequired":true,"valueName":"search_term_string"}}],"inLanguage":"es"},{"@type":"Organization","@id":"https:\/\/www.fundaciobarcelonaolimpica.es\/ca\/#organization","name":"Fundaci\u00f3 Barcelona Ol\u00edmpica","url":"https:\/\/www.fundaciobarcelonaolimpica.es\/ca\/","logo":{"@type":"ImageObject","inLanguage":"es","@id":"https:\/\/www.fundaciobarcelonaolimpica.es\/ca\/#\/schema\/logo\/image\/","url":"https:\/\/www.fundaciobarcelonaolimpica.es\/wp-content\/uploads\/sites\/3\/2019\/02\/logo-fundacio.svg","contentUrl":"https:\/\/www.fundaciobarcelonaolimpica.es\/wp-content\/uploads\/sites\/3\/2019\/02\/logo-fundacio.svg","caption":"Fundaci\u00f3 Barcelona Ol\u00edmpica"},"image":{"@id":"https:\/\/www.fundaciobarcelonaolimpica.es\/ca\/#\/schema\/logo\/image\/"}},{"@type":"Person","@id":"https:\/\/www.fundaciobarcelonaolimpica.es\/ca\/#\/schema\/person\/d05705664e87aa04c6ce53d48133fb39","name":"useradmin","url":"https:\/\/www.fundaciobarcelonaolimpica.es\/es\/author\/useradmin\/"}]}},"_links":{"self":[{"href":"https:\/\/www.fundaciobarcelonaolimpica.es\/es\/wp-json\/wp\/v2\/posts\/2078"}],"collection":[{"href":"https:\/\/www.fundaciobarcelonaolimpica.es\/es\/wp-json\/wp\/v2\/posts"}],"about":[{"href":"https:\/\/www.fundaciobarcelonaolimpica.es\/es\/wp-json\/wp\/v2\/types\/post"}],"author":[{"embeddable":true,"href":"https:\/\/www.fundaciobarcelonaolimpica.es\/es\/wp-json\/wp\/v2\/users\/1"}],"replies":[{"embeddable":true,"href":"https:\/\/www.fundaciobarcelonaolimpica.es\/es\/wp-json\/wp\/v2\/comments?post=2078"}],"version-history":[{"count":0,"href":"https:\/\/www.fundaciobarcelonaolimpica.es\/es\/wp-json\/wp\/v2\/posts\/2078\/revisions"}],"wp:attachment":[{"href":"https:\/\/www.fundaciobarcelonaolimpica.es\/es\/wp-json\/wp\/v2\/media?parent=2078"}],"wp:term":[{"taxonomy":"category","embeddable":true,"href":"https:\/\/www.fundaciobarcelonaolimpica.es\/es\/wp-json\/wp\/v2\/categories?post=2078"},{"taxonomy":"post_tag","embeddable":true,"href":"https:\/\/www.fundaciobarcelonaolimpica.es\/es\/wp-json\/wp\/v2\/tags?post=2078"}],"curies":[{"name":"wp","href":"https:\/\/api.w.org\/{rel}","templated":true}]}}