{"id":21455,"date":"2020-03-11T17:06:52","date_gmt":"2020-03-11T16:06:52","guid":{"rendered":"https:\/\/www.fundaciobarcelonaolimpica.es\/?p=21455"},"modified":"2020-07-14T10:08:43","modified_gmt":"2020-07-14T08:08:43","slug":"la-biblioteca-personal-del-periodista-deportivo-enric-baneres-pasa-a-formar-parte-del-fondo-documental-de-la-fundacio-barcelona-olimpica","status":"publish","type":"post","link":"https:\/\/www.fundaciobarcelonaolimpica.es\/es\/la-biblioteca-personal-del-periodista-deportivo-enric-baneres-pasa-a-formar-parte-del-fondo-documental-de-la-fundacio-barcelona-olimpica\/","title":{"rendered":"La biblioteca personal del periodista deportivo Enric Ba\u00f1eres pasa a formar parte del Fondo Documental de la Fundaci\u00f3 Barcelona Ol\u00edmpica"},"content":{"rendered":"<p>Irene Ba\u00f1eres, en representaci\u00f3n de la familia, ha donado al Centre d\u2019Estudis Ol\u00edmpics i de l\u2019Esport Joan Antoni Samaranch la biblioteca deportiva de su padre, el escritor y periodista deportivo Enric Ba\u00f1eres.<\/p>\n<p>Enric Ba\u00f1eres, fallecido en 2017, fue director de deportes de <em>La Vanguardia<\/em> y del <em>Mundo Deportivo<\/em>, tras retirarse del periodismo activo en el a\u00f1o 2015, dedic\u00f3 sus \u00faltimos a\u00f1os a la docencia universitaria en la Universitat Internacional de Catalunya.<\/p>\n<p>El fondo documental de Ba\u00f1eres consta de unos 200 vol\u00famenes entre los que destacan publicaciones del propio Enric sobre el FC Barcelona: <em>Les Lligues del Bar\u00e7a<\/em>\u00a0(1998),\u00a0<em>Estimada Basilea<\/em>\u00a0(2004),\u00a0<em>Dichoso Bar\u00e7a<\/em>\u00a0(2000),\u00a0<em>Los Mur: masajistas del Bar\u00e7a<\/em>\u00a0(2008).<\/p>\n","protected":false},"excerpt":{"rendered":"<p>Irene Ba\u00f1eres, en representaci\u00f3n de la familia, ha donado al Centre d\u2019Estudis Ol\u00edmpics i de l\u2019Esport Joan Antoni Samaranch la biblioteca deportiva de su padre, el escritor y periodista deportivo Enric Ba\u00f1eres. Enric Ba\u00f1eres, fallecido en 2017, fue director de deportes de La Vanguardia y del Mundo Deportivo, tras retirarse del periodismo activo en el [&hellip;]<\/p>\n","protected":false},"author":11,"featured_media":21459,"comment_status":"closed","ping_status":"closed","sticky":false,"template":"","format":"standard","meta":{"_acf_changed":false,"footnotes":""},"categories":[1],"tags":[],"class_list":["post-21455","post","type-post","status-publish","format-standard","has-post-thumbnail","hentry","category-sin-categorizar"],"acf":[],"yoast_head":"<!-- This site is optimized with the Yoast SEO plugin v23.7 - https:\/\/yoast.com\/wordpress\/plugins\/seo\/ -->\n<title>La biblioteca personal del periodista deportivo Enric Ba\u00f1eres pasa a formar parte del Fondo Documental de la Fundaci\u00f3 Barcelona Ol\u00edmpica - Fundaci\u00f3 Barcelona Ol\u00edmpica<\/title>\n<meta name=\"robots\" content=\"index, follow, max-snippet:-1, max-image-preview:large, max-video-preview:-1\" \/>\n<link rel=\"canonical\" href=\"https:\/\/www.fundaciobarcelonaolimpica.es\/es\/la-biblioteca-personal-del-periodista-deportivo-enric-baneres-pasa-a-formar-parte-del-fondo-documental-de-la-fundacio-barcelona-olimpica\/\" \/>\n<meta property=\"og:locale\" content=\"es_ES\" \/>\n<meta property=\"og:type\" content=\"article\" \/>\n<meta property=\"og:title\" content=\"La biblioteca personal del periodista deportivo Enric Ba\u00f1eres pasa a formar parte del Fondo Documental de la Fundaci\u00f3 Barcelona Ol\u00edmpica - Fundaci\u00f3 Barcelona Ol\u00edmpica\" \/>\n<meta property=\"og:description\" content=\"Irene Ba\u00f1eres, en representaci\u00f3n de la familia, ha donado al Centre d\u2019Estudis Ol\u00edmpics i de l\u2019Esport Joan Antoni Samaranch la biblioteca deportiva de su padre, el escritor y periodista deportivo Enric Ba\u00f1eres. Enric Ba\u00f1eres, fallecido en 2017, fue director de deportes de La Vanguardia y del Mundo Deportivo, tras retirarse del periodismo activo en el [&hellip;]\" \/>\n<meta property=\"og:url\" content=\"https:\/\/www.fundaciobarcelonaolimpica.es\/es\/la-biblioteca-personal-del-periodista-deportivo-enric-baneres-pasa-a-formar-parte-del-fondo-documental-de-la-fundacio-barcelona-olimpica\/\" \/>\n<meta property=\"og:site_name\" content=\"Fundaci\u00f3 Barcelona Ol\u00edmpica\" \/>\n<meta property=\"article:published_time\" content=\"2020-03-11T16:06:52+00:00\" \/>\n<meta property=\"article:modified_time\" content=\"2020-07-14T08:08:43+00:00\" \/>\n<meta property=\"og:image\" content=\"https:\/\/www.fundaciobarcelonaolimpica.es\/wp-content\/uploads\/sites\/3\/2020\/03\/Irene-Baneras-Museu-Oli\u0301mpic_6.jpg\" \/>\n\t<meta property=\"og:image:width\" content=\"5995\" \/>\n\t<meta property=\"og:image:height\" content=\"3538\" \/>\n\t<meta property=\"og:image:type\" content=\"image\/jpeg\" \/>\n<meta name=\"author\" content=\"Ibone\" \/>\n<meta name=\"twitter:card\" content=\"summary_large_image\" \/>\n<meta name=\"twitter:label1\" content=\"Escrito por\" \/>\n\t<meta name=\"twitter:data1\" content=\"Ibone\" \/>\n\t<meta name=\"twitter:label2\" content=\"Tiempo de lectura\" \/>\n\t<meta name=\"twitter:data2\" content=\"1 minuto\" \/>\n<script type=\"application\/ld+json\" class=\"yoast-schema-graph\">{\"@context\":\"https:\/\/schema.org\",\"@graph\":[{\"@type\":\"Article\",\"@id\":\"https:\/\/www.fundaciobarcelonaolimpica.es\/es\/la-biblioteca-personal-del-periodista-deportivo-enric-baneres-pasa-a-formar-parte-del-fondo-documental-de-la-fundacio-barcelona-olimpica\/#article\",\"isPartOf\":{\"@id\":\"https:\/\/www.fundaciobarcelonaolimpica.es\/es\/la-biblioteca-personal-del-periodista-deportivo-enric-baneres-pasa-a-formar-parte-del-fondo-documental-de-la-fundacio-barcelona-olimpica\/\"},\"author\":{\"name\":\"Ibone\",\"@id\":\"https:\/\/www.fundaciobarcelonaolimpica.es\/ca\/#\/schema\/person\/b792834a53f193977df425a499287aa9\"},\"headline\":\"La biblioteca personal del periodista deportivo Enric Ba\u00f1eres pasa a formar parte del Fondo Documental de la Fundaci\u00f3 Barcelona Ol\u00edmpica\",\"datePublished\":\"2020-03-11T16:06:52+00:00\",\"dateModified\":\"2020-07-14T08:08:43+00:00\",\"mainEntityOfPage\":{\"@id\":\"https:\/\/www.fundaciobarcelonaolimpica.es\/es\/la-biblioteca-personal-del-periodista-deportivo-enric-baneres-pasa-a-formar-parte-del-fondo-documental-de-la-fundacio-barcelona-olimpica\/\"},\"wordCount\":139,\"publisher\":{\"@id\":\"https:\/\/www.fundaciobarcelonaolimpica.es\/ca\/#organization\"},\"image\":{\"@id\":\"https:\/\/www.fundaciobarcelonaolimpica.es\/es\/la-biblioteca-personal-del-periodista-deportivo-enric-baneres-pasa-a-formar-parte-del-fondo-documental-de-la-fundacio-barcelona-olimpica\/#primaryimage\"},\"thumbnailUrl\":\"https:\/\/www.fundaciobarcelonaolimpica.es\/wp-content\/uploads\/sites\/3\/2020\/03\/Irene-Baneras-Museu-Oli\u0301mpic_6.jpg\",\"articleSection\":[\"Sin categorizar\"],\"inLanguage\":\"es\"},{\"@type\":\"WebPage\",\"@id\":\"https:\/\/www.fundaciobarcelonaolimpica.es\/es\/la-biblioteca-personal-del-periodista-deportivo-enric-baneres-pasa-a-formar-parte-del-fondo-documental-de-la-fundacio-barcelona-olimpica\/\",\"url\":\"https:\/\/www.fundaciobarcelonaolimpica.es\/es\/la-biblioteca-personal-del-periodista-deportivo-enric-baneres-pasa-a-formar-parte-del-fondo-documental-de-la-fundacio-barcelona-olimpica\/\",\"name\":\"La biblioteca personal del periodista deportivo Enric Ba\u00f1eres pasa a formar parte del Fondo Documental de la Fundaci\u00f3 Barcelona Ol\u00edmpica - Fundaci\u00f3 Barcelona Ol\u00edmpica\",\"isPartOf\":{\"@id\":\"https:\/\/www.fundaciobarcelonaolimpica.es\/ca\/#website\"},\"primaryImageOfPage\":{\"@id\":\"https:\/\/www.fundaciobarcelonaolimpica.es\/es\/la-biblioteca-personal-del-periodista-deportivo-enric-baneres-pasa-a-formar-parte-del-fondo-documental-de-la-fundacio-barcelona-olimpica\/#primaryimage\"},\"image\":{\"@id\":\"https:\/\/www.fundaciobarcelonaolimpica.es\/es\/la-biblioteca-personal-del-periodista-deportivo-enric-baneres-pasa-a-formar-parte-del-fondo-documental-de-la-fundacio-barcelona-olimpica\/#primaryimage\"},\"thumbnailUrl\":\"https:\/\/www.fundaciobarcelonaolimpica.es\/wp-content\/uploads\/sites\/3\/2020\/03\/Irene-Baneras-Museu-Oli\u0301mpic_6.jpg\",\"datePublished\":\"2020-03-11T16:06:52+00:00\",\"dateModified\":\"2020-07-14T08:08:43+00:00\",\"breadcrumb\":{\"@id\":\"https:\/\/www.fundaciobarcelonaolimpica.es\/es\/la-biblioteca-personal-del-periodista-deportivo-enric-baneres-pasa-a-formar-parte-del-fondo-documental-de-la-fundacio-barcelona-olimpica\/#breadcrumb\"},\"inLanguage\":\"es\",\"potentialAction\":[{\"@type\":\"ReadAction\",\"target\":[\"https:\/\/www.fundaciobarcelonaolimpica.es\/es\/la-biblioteca-personal-del-periodista-deportivo-enric-baneres-pasa-a-formar-parte-del-fondo-documental-de-la-fundacio-barcelona-olimpica\/\"]}]},{\"@type\":\"ImageObject\",\"inLanguage\":\"es\",\"@id\":\"https:\/\/www.fundaciobarcelonaolimpica.es\/es\/la-biblioteca-personal-del-periodista-deportivo-enric-baneres-pasa-a-formar-parte-del-fondo-documental-de-la-fundacio-barcelona-olimpica\/#primaryimage\",\"url\":\"https:\/\/www.fundaciobarcelonaolimpica.es\/wp-content\/uploads\/sites\/3\/2020\/03\/Irene-Baneras-Museu-Oli\u0301mpic_6.jpg\",\"contentUrl\":\"https:\/\/www.fundaciobarcelonaolimpica.es\/wp-content\/uploads\/sites\/3\/2020\/03\/Irene-Baneras-Museu-Oli\u0301mpic_6.jpg\",\"width\":5995,\"height\":3538},{\"@type\":\"BreadcrumbList\",\"@id\":\"https:\/\/www.fundaciobarcelonaolimpica.es\/es\/la-biblioteca-personal-del-periodista-deportivo-enric-baneres-pasa-a-formar-parte-del-fondo-documental-de-la-fundacio-barcelona-olimpica\/#breadcrumb\",\"itemListElement\":[{\"@type\":\"ListItem\",\"position\":1,\"name\":\"FBO\",\"item\":\"https:\/\/www.fundaciobarcelonaolimpica.es\/es\/\"},{\"@type\":\"ListItem\",\"position\":2,\"name\":\"La biblioteca personal del periodista deportivo Enric Ba\u00f1eres pasa a formar parte del Fondo Documental de la Fundaci\u00f3 Barcelona Ol\u00edmpica\"}]},{\"@type\":\"WebSite\",\"@id\":\"https:\/\/www.fundaciobarcelonaolimpica.es\/ca\/#website\",\"url\":\"https:\/\/www.fundaciobarcelonaolimpica.es\/ca\/\",\"name\":\"Fundaci\u00f3 Barcelona Ol\u00edmpica\",\"description\":\"Web del Museu Ol\u00edmpic i de l&#039;Esport\",\"publisher\":{\"@id\":\"https:\/\/www.fundaciobarcelonaolimpica.es\/ca\/#organization\"},\"potentialAction\":[{\"@type\":\"SearchAction\",\"target\":{\"@type\":\"EntryPoint\",\"urlTemplate\":\"https:\/\/www.fundaciobarcelonaolimpica.es\/ca\/?s={search_term_string}\"},\"query-input\":{\"@type\":\"PropertyValueSpecification\",\"valueRequired\":true,\"valueName\":\"search_term_string\"}}],\"inLanguage\":\"es\"},{\"@type\":\"Organization\",\"@id\":\"https:\/\/www.fundaciobarcelonaolimpica.es\/ca\/#organization\",\"name\":\"Fundaci\u00f3 Barcelona Ol\u00edmpica\",\"url\":\"https:\/\/www.fundaciobarcelonaolimpica.es\/ca\/\",\"logo\":{\"@type\":\"ImageObject\",\"inLanguage\":\"es\",\"@id\":\"https:\/\/www.fundaciobarcelonaolimpica.es\/ca\/#\/schema\/logo\/image\/\",\"url\":\"https:\/\/www.fundaciobarcelonaolimpica.es\/wp-content\/uploads\/sites\/3\/2019\/02\/logo-fundacio.svg\",\"contentUrl\":\"https:\/\/www.fundaciobarcelonaolimpica.es\/wp-content\/uploads\/sites\/3\/2019\/02\/logo-fundacio.svg\",\"caption\":\"Fundaci\u00f3 Barcelona Ol\u00edmpica\"},\"image\":{\"@id\":\"https:\/\/www.fundaciobarcelonaolimpica.es\/ca\/#\/schema\/logo\/image\/\"}},{\"@type\":\"Person\",\"@id\":\"https:\/\/www.fundaciobarcelonaolimpica.es\/ca\/#\/schema\/person\/b792834a53f193977df425a499287aa9\",\"name\":\"Ibone\",\"url\":\"https:\/\/www.fundaciobarcelonaolimpica.es\/es\/author\/fbolimpica\/\"}]}<\/script>\n<!-- \/ Yoast SEO plugin. -->","yoast_head_json":{"title":"La biblioteca personal del periodista deportivo Enric Ba\u00f1eres pasa a formar parte del Fondo Documental de la Fundaci\u00f3 Barcelona Ol\u00edmpica - Fundaci\u00f3 Barcelona Ol\u00edmpica","robots":{"index":"index","follow":"follow","max-snippet":"max-snippet:-1","max-image-preview":"max-image-preview:large","max-video-preview":"max-video-preview:-1"},"canonical":"https:\/\/www.fundaciobarcelonaolimpica.es\/es\/la-biblioteca-personal-del-periodista-deportivo-enric-baneres-pasa-a-formar-parte-del-fondo-documental-de-la-fundacio-barcelona-olimpica\/","og_locale":"es_ES","og_type":"article","og_title":"La biblioteca personal del periodista deportivo Enric Ba\u00f1eres pasa a formar parte del Fondo Documental de la Fundaci\u00f3 Barcelona Ol\u00edmpica - Fundaci\u00f3 Barcelona Ol\u00edmpica","og_description":"Irene Ba\u00f1eres, en representaci\u00f3n de la familia, ha donado al Centre d\u2019Estudis Ol\u00edmpics i de l\u2019Esport Joan Antoni Samaranch la biblioteca deportiva de su padre, el escritor y periodista deportivo Enric Ba\u00f1eres. Enric Ba\u00f1eres, fallecido en 2017, fue director de deportes de La Vanguardia y del Mundo Deportivo, tras retirarse del periodismo activo en el [&hellip;]","og_url":"https:\/\/www.fundaciobarcelonaolimpica.es\/es\/la-biblioteca-personal-del-periodista-deportivo-enric-baneres-pasa-a-formar-parte-del-fondo-documental-de-la-fundacio-barcelona-olimpica\/","og_site_name":"Fundaci\u00f3 Barcelona Ol\u00edmpica","article_published_time":"2020-03-11T16:06:52+00:00","article_modified_time":"2020-07-14T08:08:43+00:00","og_image":[{"width":5995,"height":3538,"url":"https:\/\/www.fundaciobarcelonaolimpica.es\/wp-content\/uploads\/sites\/3\/2020\/03\/Irene-Baneras-Museu-Oli\u0301mpic_6.jpg","type":"image\/jpeg"}],"author":"Ibone","twitter_card":"summary_large_image","twitter_misc":{"Escrito por":"Ibone","Tiempo de lectura":"1 minuto"},"schema":{"@context":"https:\/\/schema.org","@graph":[{"@type":"Article","@id":"https:\/\/www.fundaciobarcelonaolimpica.es\/es\/la-biblioteca-personal-del-periodista-deportivo-enric-baneres-pasa-a-formar-parte-del-fondo-documental-de-la-fundacio-barcelona-olimpica\/#article","isPartOf":{"@id":"https:\/\/www.fundaciobarcelonaolimpica.es\/es\/la-biblioteca-personal-del-periodista-deportivo-enric-baneres-pasa-a-formar-parte-del-fondo-documental-de-la-fundacio-barcelona-olimpica\/"},"author":{"name":"Ibone","@id":"https:\/\/www.fundaciobarcelonaolimpica.es\/ca\/#\/schema\/person\/b792834a53f193977df425a499287aa9"},"headline":"La biblioteca personal del periodista deportivo Enric Ba\u00f1eres pasa a formar parte del Fondo Documental de la Fundaci\u00f3 Barcelona Ol\u00edmpica","datePublished":"2020-03-11T16:06:52+00:00","dateModified":"2020-07-14T08:08:43+00:00","mainEntityOfPage":{"@id":"https:\/\/www.fundaciobarcelonaolimpica.es\/es\/la-biblioteca-personal-del-periodista-deportivo-enric-baneres-pasa-a-formar-parte-del-fondo-documental-de-la-fundacio-barcelona-olimpica\/"},"wordCount":139,"publisher":{"@id":"https:\/\/www.fundaciobarcelonaolimpica.es\/ca\/#organization"},"image":{"@id":"https:\/\/www.fundaciobarcelonaolimpica.es\/es\/la-biblioteca-personal-del-periodista-deportivo-enric-baneres-pasa-a-formar-parte-del-fondo-documental-de-la-fundacio-barcelona-olimpica\/#primaryimage"},"thumbnailUrl":"https:\/\/www.fundaciobarcelonaolimpica.es\/wp-content\/uploads\/sites\/3\/2020\/03\/Irene-Baneras-Museu-Oli\u0301mpic_6.jpg","articleSection":["Sin categorizar"],"inLanguage":"es"},{"@type":"WebPage","@id":"https:\/\/www.fundaciobarcelonaolimpica.es\/es\/la-biblioteca-personal-del-periodista-deportivo-enric-baneres-pasa-a-formar-parte-del-fondo-documental-de-la-fundacio-barcelona-olimpica\/","url":"https:\/\/www.fundaciobarcelonaolimpica.es\/es\/la-biblioteca-personal-del-periodista-deportivo-enric-baneres-pasa-a-formar-parte-del-fondo-documental-de-la-fundacio-barcelona-olimpica\/","name":"La biblioteca personal del periodista deportivo Enric Ba\u00f1eres pasa a formar parte del Fondo Documental de la Fundaci\u00f3 Barcelona Ol\u00edmpica - Fundaci\u00f3 Barcelona Ol\u00edmpica","isPartOf":{"@id":"https:\/\/www.fundaciobarcelonaolimpica.es\/ca\/#website"},"primaryImageOfPage":{"@id":"https:\/\/www.fundaciobarcelonaolimpica.es\/es\/la-biblioteca-personal-del-periodista-deportivo-enric-baneres-pasa-a-formar-parte-del-fondo-documental-de-la-fundacio-barcelona-olimpica\/#primaryimage"},"image":{"@id":"https:\/\/www.fundaciobarcelonaolimpica.es\/es\/la-biblioteca-personal-del-periodista-deportivo-enric-baneres-pasa-a-formar-parte-del-fondo-documental-de-la-fundacio-barcelona-olimpica\/#primaryimage"},"thumbnailUrl":"https:\/\/www.fundaciobarcelonaolimpica.es\/wp-content\/uploads\/sites\/3\/2020\/03\/Irene-Baneras-Museu-Oli\u0301mpic_6.jpg","datePublished":"2020-03-11T16:06:52+00:00","dateModified":"2020-07-14T08:08:43+00:00","breadcrumb":{"@id":"https:\/\/www.fundaciobarcelonaolimpica.es\/es\/la-biblioteca-personal-del-periodista-deportivo-enric-baneres-pasa-a-formar-parte-del-fondo-documental-de-la-fundacio-barcelona-olimpica\/#breadcrumb"},"inLanguage":"es","potentialAction":[{"@type":"ReadAction","target":["https:\/\/www.fundaciobarcelonaolimpica.es\/es\/la-biblioteca-personal-del-periodista-deportivo-enric-baneres-pasa-a-formar-parte-del-fondo-documental-de-la-fundacio-barcelona-olimpica\/"]}]},{"@type":"ImageObject","inLanguage":"es","@id":"https:\/\/www.fundaciobarcelonaolimpica.es\/es\/la-biblioteca-personal-del-periodista-deportivo-enric-baneres-pasa-a-formar-parte-del-fondo-documental-de-la-fundacio-barcelona-olimpica\/#primaryimage","url":"https:\/\/www.fundaciobarcelonaolimpica.es\/wp-content\/uploads\/sites\/3\/2020\/03\/Irene-Baneras-Museu-Oli\u0301mpic_6.jpg","contentUrl":"https:\/\/www.fundaciobarcelonaolimpica.es\/wp-content\/uploads\/sites\/3\/2020\/03\/Irene-Baneras-Museu-Oli\u0301mpic_6.jpg","width":5995,"height":3538},{"@type":"BreadcrumbList","@id":"https:\/\/www.fundaciobarcelonaolimpica.es\/es\/la-biblioteca-personal-del-periodista-deportivo-enric-baneres-pasa-a-formar-parte-del-fondo-documental-de-la-fundacio-barcelona-olimpica\/#breadcrumb","itemListElement":[{"@type":"ListItem","position":1,"name":"FBO","item":"https:\/\/www.fundaciobarcelonaolimpica.es\/es\/"},{"@type":"ListItem","position":2,"name":"La biblioteca personal del periodista deportivo Enric Ba\u00f1eres pasa a formar parte del Fondo Documental de la Fundaci\u00f3 Barcelona Ol\u00edmpica"}]},{"@type":"WebSite","@id":"https:\/\/www.fundaciobarcelonaolimpica.es\/ca\/#website","url":"https:\/\/www.fundaciobarcelonaolimpica.es\/ca\/","name":"Fundaci\u00f3 Barcelona Ol\u00edmpica","description":"Web del Museu Ol\u00edmpic i de l&#039;Esport","publisher":{"@id":"https:\/\/www.fundaciobarcelonaolimpica.es\/ca\/#organization"},"potentialAction":[{"@type":"SearchAction","target":{"@type":"EntryPoint","urlTemplate":"https:\/\/www.fundaciobarcelonaolimpica.es\/ca\/?s={search_term_string}"},"query-input":{"@type":"PropertyValueSpecification","valueRequired":true,"valueName":"search_term_string"}}],"inLanguage":"es"},{"@type":"Organization","@id":"https:\/\/www.fundaciobarcelonaolimpica.es\/ca\/#organization","name":"Fundaci\u00f3 Barcelona Ol\u00edmpica","url":"https:\/\/www.fundaciobarcelonaolimpica.es\/ca\/","logo":{"@type":"ImageObject","inLanguage":"es","@id":"https:\/\/www.fundaciobarcelonaolimpica.es\/ca\/#\/schema\/logo\/image\/","url":"https:\/\/www.fundaciobarcelonaolimpica.es\/wp-content\/uploads\/sites\/3\/2019\/02\/logo-fundacio.svg","contentUrl":"https:\/\/www.fundaciobarcelonaolimpica.es\/wp-content\/uploads\/sites\/3\/2019\/02\/logo-fundacio.svg","caption":"Fundaci\u00f3 Barcelona Ol\u00edmpica"},"image":{"@id":"https:\/\/www.fundaciobarcelonaolimpica.es\/ca\/#\/schema\/logo\/image\/"}},{"@type":"Person","@id":"https:\/\/www.fundaciobarcelonaolimpica.es\/ca\/#\/schema\/person\/b792834a53f193977df425a499287aa9","name":"Ibone","url":"https:\/\/www.fundaciobarcelonaolimpica.es\/es\/author\/fbolimpica\/"}]}},"_links":{"self":[{"href":"https:\/\/www.fundaciobarcelonaolimpica.es\/es\/wp-json\/wp\/v2\/posts\/21455"}],"collection":[{"href":"https:\/\/www.fundaciobarcelonaolimpica.es\/es\/wp-json\/wp\/v2\/posts"}],"about":[{"href":"https:\/\/www.fundaciobarcelonaolimpica.es\/es\/wp-json\/wp\/v2\/types\/post"}],"author":[{"embeddable":true,"href":"https:\/\/www.fundaciobarcelonaolimpica.es\/es\/wp-json\/wp\/v2\/users\/11"}],"replies":[{"embeddable":true,"href":"https:\/\/www.fundaciobarcelonaolimpica.es\/es\/wp-json\/wp\/v2\/comments?post=21455"}],"version-history":[{"count":2,"href":"https:\/\/www.fundaciobarcelonaolimpica.es\/es\/wp-json\/wp\/v2\/posts\/21455\/revisions"}],"predecessor-version":[{"id":21464,"href":"https:\/\/www.fundaciobarcelonaolimpica.es\/es\/wp-json\/wp\/v2\/posts\/21455\/revisions\/21464"}],"wp:featuredmedia":[{"embeddable":true,"href":"https:\/\/www.fundaciobarcelonaolimpica.es\/es\/wp-json\/wp\/v2\/media\/21459"}],"wp:attachment":[{"href":"https:\/\/www.fundaciobarcelonaolimpica.es\/es\/wp-json\/wp\/v2\/media?parent=21455"}],"wp:term":[{"taxonomy":"category","embeddable":true,"href":"https:\/\/www.fundaciobarcelonaolimpica.es\/es\/wp-json\/wp\/v2\/categories?post=21455"},{"taxonomy":"post_tag","embeddable":true,"href":"https:\/\/www.fundaciobarcelonaolimpica.es\/es\/wp-json\/wp\/v2\/tags?post=21455"}],"curies":[{"name":"wp","href":"https:\/\/api.w.org\/{rel}","templated":true}]}}