{"id":21553,"date":"2020-07-16T11:17:13","date_gmt":"2020-07-16T09:17:13","guid":{"rendered":"https:\/\/www.fundaciobarcelonaolimpica.es\/?p=21553"},"modified":"2020-07-16T12:26:34","modified_gmt":"2020-07-16T10:26:34","slug":"joan-antoni-samaranch-i-torello-17-julio-1920-21-abril-2010","status":"publish","type":"post","link":"https:\/\/www.fundaciobarcelonaolimpica.es\/es\/joan-antoni-samaranch-i-torello-17-julio-1920-21-abril-2010\/","title":{"rendered":"Joan Antoni Samaranch i Torell\u00f3 (17 julio 1920 &#8211; 21 abril 2010)"},"content":{"rendered":"<p>El 17 de julio de 2020 tiene lugar la conmemoraci\u00f3n del 100 cumplea\u00f1os del nacimiento del dirigente deportivo m\u00e1s internacional que ha tenido nuestro pa\u00eds: Joan Antoni Samaranch i Torell\u00f3 (17\/07\/1920-21\/04\/2010).<\/p>\n<p>Samaranch fue empresario, pol\u00edtico y sobretodo, un dirigente deportivo que lleg\u00f3 a la presidencia del Comit\u00e9 Ol\u00edmpico Internacional (1980- 2001) hasta convertirse de forma vitalicia en su presidente honorario.<\/p>\n<p>Antes de su carrera como presidente del Comit\u00e9 Ol\u00edmpico Internacional, Samaranch ocup\u00f3 el cargo de Regidor de Deportes del Ayuntamiento de Barcelona, siendo una figura fundamental en la organizaci\u00f3n y celebraci\u00f3n de los II Juegos del Mediterr\u00e1neo de 1955, el primer gran acontecimiento deportivo celebrado en Barcelona, as\u00ed como en la celebraci\u00f3n de otros campeonatos del mundo. Tambi\u00e9n ocup\u00f3 el cargo de Delegado Nacional de Educaci\u00f3n F\u00edsica y Deportes y Presidente de la Diputaci\u00f3n Provincial de Barcelona.<\/p>\n<p>Sin ning\u00fan tipo de duda, la influencia de Samaranch jug\u00f3 un papel fundamental para que Barcelona organizara los Juegos Ol\u00edmpicos y Paral\u00edmpicos de 1992. Tambi\u00e9n mejor\u00f3 y consolid\u00f3 el prestigio de la ciudad, tanto en el mundo deportivo como ol\u00edmpico. Inolvidable fue el momento cuando pronunci\u00f3 la frase \u201c\u00c0 la ville de &#8230; Barcelona\u201d, el 17 de octubre de 1986, en Lausana, donde de manera oficial se asignaron los Juegos Ol\u00edmpicos y Paral\u00edmpicos a su ciudad, Barcelona. Jacques Rogge, su sucesor al Comit\u00e9 Ol\u00edmpico Internacional, lo calific\u00f3 como \u201cel arquitecto del movimiento ol\u00edmpico\u201d.<\/p>\n<p>Hay que reconocer que, Joan Antoni Samaranch fue el principal defensor e impulsor de la necesidad e importancia que una ciudad como Barcelona, que hab\u00eda sido sede de los Juegos Ol\u00edmpicos y Paral\u00edmpicos de 1992, tuviera un centro muse\u00edstico dedicado al mundo ol\u00edmpico y deportivo, as\u00ed como tener un espacio de conservaci\u00f3n del legado de los mencionados Juegos Ol\u00edmpicos.<\/p>\n<p>A finales de abril de 2010, apenas diez d\u00edas despu\u00e9s de su muerte, en el transcurso del Pleno Municipal del Ayuntamiento de Barcelona, el entonces alcalde, Jordi Hereu, propuso que el Museu Ol\u00edmpic y de l\u2019Esport incorporara el nombre de Joan Antoni Samaranch como agradecimiento a su legado deportivo arraigado en Barcelona.<\/p>\n<p>Una parte de su legado se encuentra conservado a la Fundaci\u00f3n Barcelona Ol\u00edmpica, tanto en el recorrido permanente del Museu Ol\u00edmpic i de l\u2019Esport JA Samaranch como en el Centre d\u2019Estudis Ol\u00edmpics i de l\u2019Esport JA Samaranch, donde conservamos, investigamos y difundimos la historia del olimpismo y del deporte en general. Estas dos entidades est\u00e1n gestionadas por la Fundaci\u00f3n Barcelona Ol\u00edmpica, entidad de la cual Samaranch fue el impulsor y form\u00f3 parte de su Patronato Fundacional, perteneciendo al mismo hasta su muerte.<\/p>\n<p>La nuestra humilde conmemoraci\u00f3n a una personalidad que hizo mucho por el deporte y por Barcelona.<\/p>\n<p>\u201cQue nunca se apague la llama ol\u00edmpica que brilla entre nosotros.\u201d<\/p>\n<p>Durante este a\u00f1o esperemos poder informaros de la creaci\u00f3n de un eje cronol\u00f3gico de la vida y obra de Samaranch, que se ubicar\u00e1 en el espacio que el Museu Ol\u00edmpic tiene dedicado a Joan Antoni Samaranch, y donde se explicar\u00e1 su excepcional trayectoria deportiva.<\/p>\n","protected":false},"excerpt":{"rendered":"<p>El 17 de julio de 2020 tiene lugar la conmemoraci\u00f3n del 100 cumplea\u00f1os del nacimiento del dirigente deportivo m\u00e1s internacional que ha tenido nuestro pa\u00eds: Joan Antoni Samaranch i Torell\u00f3 (17\/07\/1920-21\/04\/2010). Samaranch fue empresario, pol\u00edtico y sobretodo, un dirigente deportivo que lleg\u00f3 a la presidencia del Comit\u00e9 Ol\u00edmpico Internacional (1980- 2001) hasta convertirse de forma [&hellip;]<\/p>\n","protected":false},"author":11,"featured_media":21563,"comment_status":"closed","ping_status":"closed","sticky":false,"template":"","format":"standard","meta":{"_acf_changed":false,"footnotes":""},"categories":[1],"tags":[],"class_list":["post-21553","post","type-post","status-publish","format-standard","has-post-thumbnail","hentry","category-sin-categorizar"],"acf":[],"yoast_head":"<!-- This site is optimized with the Yoast SEO plugin v23.7 - https:\/\/yoast.com\/wordpress\/plugins\/seo\/ -->\n<title>Joan Antoni Samaranch i Torell\u00f3 (17 julio 1920 - 21 abril 2010) - Fundaci\u00f3 Barcelona Ol\u00edmpica<\/title>\n<meta name=\"robots\" content=\"index, follow, max-snippet:-1, max-image-preview:large, max-video-preview:-1\" \/>\n<link rel=\"canonical\" href=\"https:\/\/www.fundaciobarcelonaolimpica.es\/es\/joan-antoni-samaranch-i-torello-17-julio-1920-21-abril-2010\/\" \/>\n<meta property=\"og:locale\" content=\"es_ES\" \/>\n<meta property=\"og:type\" content=\"article\" \/>\n<meta property=\"og:title\" content=\"Joan Antoni Samaranch i Torell\u00f3 (17 julio 1920 - 21 abril 2010) - Fundaci\u00f3 Barcelona Ol\u00edmpica\" \/>\n<meta property=\"og:description\" content=\"El 17 de julio de 2020 tiene lugar la conmemoraci\u00f3n del 100 cumplea\u00f1os del nacimiento del dirigente deportivo m\u00e1s internacional que ha tenido nuestro pa\u00eds: Joan Antoni Samaranch i Torell\u00f3 (17\/07\/1920-21\/04\/2010). Samaranch fue empresario, pol\u00edtico y sobretodo, un dirigente deportivo que lleg\u00f3 a la presidencia del Comit\u00e9 Ol\u00edmpico Internacional (1980- 2001) hasta convertirse de forma [&hellip;]\" \/>\n<meta property=\"og:url\" content=\"https:\/\/www.fundaciobarcelonaolimpica.es\/es\/joan-antoni-samaranch-i-torello-17-julio-1920-21-abril-2010\/\" \/>\n<meta property=\"og:site_name\" content=\"Fundaci\u00f3 Barcelona Ol\u00edmpica\" \/>\n<meta property=\"article:published_time\" content=\"2020-07-16T09:17:13+00:00\" \/>\n<meta property=\"article:modified_time\" content=\"2020-07-16T10:26:34+00:00\" \/>\n<meta property=\"og:image\" content=\"https:\/\/www.fundaciobarcelonaolimpica.es\/wp-content\/uploads\/sites\/3\/2020\/07\/Samaranch-Aniversario-Museu-Olimpic-04-copy.jpg\" \/>\n\t<meta property=\"og:image:width\" content=\"1984\" \/>\n\t<meta property=\"og:image:height\" content=\"1450\" \/>\n\t<meta property=\"og:image:type\" content=\"image\/jpeg\" \/>\n<meta name=\"author\" content=\"Ibone\" \/>\n<meta name=\"twitter:card\" content=\"summary_large_image\" \/>\n<meta name=\"twitter:label1\" content=\"Escrito por\" \/>\n\t<meta name=\"twitter:data1\" content=\"Ibone\" \/>\n\t<meta name=\"twitter:label2\" content=\"Tiempo de lectura\" \/>\n\t<meta name=\"twitter:data2\" content=\"3 minutos\" \/>\n<script type=\"application\/ld+json\" class=\"yoast-schema-graph\">{\"@context\":\"https:\/\/schema.org\",\"@graph\":[{\"@type\":\"Article\",\"@id\":\"https:\/\/www.fundaciobarcelonaolimpica.es\/es\/joan-antoni-samaranch-i-torello-17-julio-1920-21-abril-2010\/#article\",\"isPartOf\":{\"@id\":\"https:\/\/www.fundaciobarcelonaolimpica.es\/es\/joan-antoni-samaranch-i-torello-17-julio-1920-21-abril-2010\/\"},\"author\":{\"name\":\"Ibone\",\"@id\":\"https:\/\/www.fundaciobarcelonaolimpica.es\/ca\/#\/schema\/person\/b792834a53f193977df425a499287aa9\"},\"headline\":\"Joan Antoni Samaranch i Torell\u00f3 (17 julio 1920 &#8211; 21 abril 2010)\",\"datePublished\":\"2020-07-16T09:17:13+00:00\",\"dateModified\":\"2020-07-16T10:26:34+00:00\",\"mainEntityOfPage\":{\"@id\":\"https:\/\/www.fundaciobarcelonaolimpica.es\/es\/joan-antoni-samaranch-i-torello-17-julio-1920-21-abril-2010\/\"},\"wordCount\":541,\"publisher\":{\"@id\":\"https:\/\/www.fundaciobarcelonaolimpica.es\/ca\/#organization\"},\"image\":{\"@id\":\"https:\/\/www.fundaciobarcelonaolimpica.es\/es\/joan-antoni-samaranch-i-torello-17-julio-1920-21-abril-2010\/#primaryimage\"},\"thumbnailUrl\":\"https:\/\/www.fundaciobarcelonaolimpica.es\/wp-content\/uploads\/sites\/3\/2020\/07\/Samaranch-Aniversario-Museu-Olimpic-04-copy.jpg\",\"articleSection\":[\"Sin categorizar\"],\"inLanguage\":\"es\"},{\"@type\":\"WebPage\",\"@id\":\"https:\/\/www.fundaciobarcelonaolimpica.es\/es\/joan-antoni-samaranch-i-torello-17-julio-1920-21-abril-2010\/\",\"url\":\"https:\/\/www.fundaciobarcelonaolimpica.es\/es\/joan-antoni-samaranch-i-torello-17-julio-1920-21-abril-2010\/\",\"name\":\"Joan Antoni Samaranch i Torell\u00f3 (17 julio 1920 - 21 abril 2010) - Fundaci\u00f3 Barcelona Ol\u00edmpica\",\"isPartOf\":{\"@id\":\"https:\/\/www.fundaciobarcelonaolimpica.es\/ca\/#website\"},\"primaryImageOfPage\":{\"@id\":\"https:\/\/www.fundaciobarcelonaolimpica.es\/es\/joan-antoni-samaranch-i-torello-17-julio-1920-21-abril-2010\/#primaryimage\"},\"image\":{\"@id\":\"https:\/\/www.fundaciobarcelonaolimpica.es\/es\/joan-antoni-samaranch-i-torello-17-julio-1920-21-abril-2010\/#primaryimage\"},\"thumbnailUrl\":\"https:\/\/www.fundaciobarcelonaolimpica.es\/wp-content\/uploads\/sites\/3\/2020\/07\/Samaranch-Aniversario-Museu-Olimpic-04-copy.jpg\",\"datePublished\":\"2020-07-16T09:17:13+00:00\",\"dateModified\":\"2020-07-16T10:26:34+00:00\",\"breadcrumb\":{\"@id\":\"https:\/\/www.fundaciobarcelonaolimpica.es\/es\/joan-antoni-samaranch-i-torello-17-julio-1920-21-abril-2010\/#breadcrumb\"},\"inLanguage\":\"es\",\"potentialAction\":[{\"@type\":\"ReadAction\",\"target\":[\"https:\/\/www.fundaciobarcelonaolimpica.es\/es\/joan-antoni-samaranch-i-torello-17-julio-1920-21-abril-2010\/\"]}]},{\"@type\":\"ImageObject\",\"inLanguage\":\"es\",\"@id\":\"https:\/\/www.fundaciobarcelonaolimpica.es\/es\/joan-antoni-samaranch-i-torello-17-julio-1920-21-abril-2010\/#primaryimage\",\"url\":\"https:\/\/www.fundaciobarcelonaolimpica.es\/wp-content\/uploads\/sites\/3\/2020\/07\/Samaranch-Aniversario-Museu-Olimpic-04-copy.jpg\",\"contentUrl\":\"https:\/\/www.fundaciobarcelonaolimpica.es\/wp-content\/uploads\/sites\/3\/2020\/07\/Samaranch-Aniversario-Museu-Olimpic-04-copy.jpg\",\"width\":1984,\"height\":1450,\"caption\":\"\u00a9FBO\"},{\"@type\":\"BreadcrumbList\",\"@id\":\"https:\/\/www.fundaciobarcelonaolimpica.es\/es\/joan-antoni-samaranch-i-torello-17-julio-1920-21-abril-2010\/#breadcrumb\",\"itemListElement\":[{\"@type\":\"ListItem\",\"position\":1,\"name\":\"FBO\",\"item\":\"https:\/\/www.fundaciobarcelonaolimpica.es\/es\/\"},{\"@type\":\"ListItem\",\"position\":2,\"name\":\"Joan Antoni Samaranch i Torell\u00f3 (17 julio 1920 &#8211; 21 abril 2010)\"}]},{\"@type\":\"WebSite\",\"@id\":\"https:\/\/www.fundaciobarcelonaolimpica.es\/ca\/#website\",\"url\":\"https:\/\/www.fundaciobarcelonaolimpica.es\/ca\/\",\"name\":\"Fundaci\u00f3 Barcelona Ol\u00edmpica\",\"description\":\"Web del Museu Ol\u00edmpic i de l&#039;Esport\",\"publisher\":{\"@id\":\"https:\/\/www.fundaciobarcelonaolimpica.es\/ca\/#organization\"},\"potentialAction\":[{\"@type\":\"SearchAction\",\"target\":{\"@type\":\"EntryPoint\",\"urlTemplate\":\"https:\/\/www.fundaciobarcelonaolimpica.es\/ca\/?s={search_term_string}\"},\"query-input\":{\"@type\":\"PropertyValueSpecification\",\"valueRequired\":true,\"valueName\":\"search_term_string\"}}],\"inLanguage\":\"es\"},{\"@type\":\"Organization\",\"@id\":\"https:\/\/www.fundaciobarcelonaolimpica.es\/ca\/#organization\",\"name\":\"Fundaci\u00f3 Barcelona Ol\u00edmpica\",\"url\":\"https:\/\/www.fundaciobarcelonaolimpica.es\/ca\/\",\"logo\":{\"@type\":\"ImageObject\",\"inLanguage\":\"es\",\"@id\":\"https:\/\/www.fundaciobarcelonaolimpica.es\/ca\/#\/schema\/logo\/image\/\",\"url\":\"https:\/\/www.fundaciobarcelonaolimpica.es\/wp-content\/uploads\/sites\/3\/2019\/02\/logo-fundacio.svg\",\"contentUrl\":\"https:\/\/www.fundaciobarcelonaolimpica.es\/wp-content\/uploads\/sites\/3\/2019\/02\/logo-fundacio.svg\",\"caption\":\"Fundaci\u00f3 Barcelona Ol\u00edmpica\"},\"image\":{\"@id\":\"https:\/\/www.fundaciobarcelonaolimpica.es\/ca\/#\/schema\/logo\/image\/\"}},{\"@type\":\"Person\",\"@id\":\"https:\/\/www.fundaciobarcelonaolimpica.es\/ca\/#\/schema\/person\/b792834a53f193977df425a499287aa9\",\"name\":\"Ibone\",\"url\":\"https:\/\/www.fundaciobarcelonaolimpica.es\/es\/author\/fbolimpica\/\"}]}<\/script>\n<!-- \/ Yoast SEO plugin. -->","yoast_head_json":{"title":"Joan Antoni Samaranch i Torell\u00f3 (17 julio 1920 - 21 abril 2010) - Fundaci\u00f3 Barcelona Ol\u00edmpica","robots":{"index":"index","follow":"follow","max-snippet":"max-snippet:-1","max-image-preview":"max-image-preview:large","max-video-preview":"max-video-preview:-1"},"canonical":"https:\/\/www.fundaciobarcelonaolimpica.es\/es\/joan-antoni-samaranch-i-torello-17-julio-1920-21-abril-2010\/","og_locale":"es_ES","og_type":"article","og_title":"Joan Antoni Samaranch i Torell\u00f3 (17 julio 1920 - 21 abril 2010) - Fundaci\u00f3 Barcelona Ol\u00edmpica","og_description":"El 17 de julio de 2020 tiene lugar la conmemoraci\u00f3n del 100 cumplea\u00f1os del nacimiento del dirigente deportivo m\u00e1s internacional que ha tenido nuestro pa\u00eds: Joan Antoni Samaranch i Torell\u00f3 (17\/07\/1920-21\/04\/2010). Samaranch fue empresario, pol\u00edtico y sobretodo, un dirigente deportivo que lleg\u00f3 a la presidencia del Comit\u00e9 Ol\u00edmpico Internacional (1980- 2001) hasta convertirse de forma [&hellip;]","og_url":"https:\/\/www.fundaciobarcelonaolimpica.es\/es\/joan-antoni-samaranch-i-torello-17-julio-1920-21-abril-2010\/","og_site_name":"Fundaci\u00f3 Barcelona Ol\u00edmpica","article_published_time":"2020-07-16T09:17:13+00:00","article_modified_time":"2020-07-16T10:26:34+00:00","og_image":[{"width":1984,"height":1450,"url":"https:\/\/www.fundaciobarcelonaolimpica.es\/wp-content\/uploads\/sites\/3\/2020\/07\/Samaranch-Aniversario-Museu-Olimpic-04-copy.jpg","type":"image\/jpeg"}],"author":"Ibone","twitter_card":"summary_large_image","twitter_misc":{"Escrito por":"Ibone","Tiempo de lectura":"3 minutos"},"schema":{"@context":"https:\/\/schema.org","@graph":[{"@type":"Article","@id":"https:\/\/www.fundaciobarcelonaolimpica.es\/es\/joan-antoni-samaranch-i-torello-17-julio-1920-21-abril-2010\/#article","isPartOf":{"@id":"https:\/\/www.fundaciobarcelonaolimpica.es\/es\/joan-antoni-samaranch-i-torello-17-julio-1920-21-abril-2010\/"},"author":{"name":"Ibone","@id":"https:\/\/www.fundaciobarcelonaolimpica.es\/ca\/#\/schema\/person\/b792834a53f193977df425a499287aa9"},"headline":"Joan Antoni Samaranch i Torell\u00f3 (17 julio 1920 &#8211; 21 abril 2010)","datePublished":"2020-07-16T09:17:13+00:00","dateModified":"2020-07-16T10:26:34+00:00","mainEntityOfPage":{"@id":"https:\/\/www.fundaciobarcelonaolimpica.es\/es\/joan-antoni-samaranch-i-torello-17-julio-1920-21-abril-2010\/"},"wordCount":541,"publisher":{"@id":"https:\/\/www.fundaciobarcelonaolimpica.es\/ca\/#organization"},"image":{"@id":"https:\/\/www.fundaciobarcelonaolimpica.es\/es\/joan-antoni-samaranch-i-torello-17-julio-1920-21-abril-2010\/#primaryimage"},"thumbnailUrl":"https:\/\/www.fundaciobarcelonaolimpica.es\/wp-content\/uploads\/sites\/3\/2020\/07\/Samaranch-Aniversario-Museu-Olimpic-04-copy.jpg","articleSection":["Sin categorizar"],"inLanguage":"es"},{"@type":"WebPage","@id":"https:\/\/www.fundaciobarcelonaolimpica.es\/es\/joan-antoni-samaranch-i-torello-17-julio-1920-21-abril-2010\/","url":"https:\/\/www.fundaciobarcelonaolimpica.es\/es\/joan-antoni-samaranch-i-torello-17-julio-1920-21-abril-2010\/","name":"Joan Antoni Samaranch i Torell\u00f3 (17 julio 1920 - 21 abril 2010) - Fundaci\u00f3 Barcelona Ol\u00edmpica","isPartOf":{"@id":"https:\/\/www.fundaciobarcelonaolimpica.es\/ca\/#website"},"primaryImageOfPage":{"@id":"https:\/\/www.fundaciobarcelonaolimpica.es\/es\/joan-antoni-samaranch-i-torello-17-julio-1920-21-abril-2010\/#primaryimage"},"image":{"@id":"https:\/\/www.fundaciobarcelonaolimpica.es\/es\/joan-antoni-samaranch-i-torello-17-julio-1920-21-abril-2010\/#primaryimage"},"thumbnailUrl":"https:\/\/www.fundaciobarcelonaolimpica.es\/wp-content\/uploads\/sites\/3\/2020\/07\/Samaranch-Aniversario-Museu-Olimpic-04-copy.jpg","datePublished":"2020-07-16T09:17:13+00:00","dateModified":"2020-07-16T10:26:34+00:00","breadcrumb":{"@id":"https:\/\/www.fundaciobarcelonaolimpica.es\/es\/joan-antoni-samaranch-i-torello-17-julio-1920-21-abril-2010\/#breadcrumb"},"inLanguage":"es","potentialAction":[{"@type":"ReadAction","target":["https:\/\/www.fundaciobarcelonaolimpica.es\/es\/joan-antoni-samaranch-i-torello-17-julio-1920-21-abril-2010\/"]}]},{"@type":"ImageObject","inLanguage":"es","@id":"https:\/\/www.fundaciobarcelonaolimpica.es\/es\/joan-antoni-samaranch-i-torello-17-julio-1920-21-abril-2010\/#primaryimage","url":"https:\/\/www.fundaciobarcelonaolimpica.es\/wp-content\/uploads\/sites\/3\/2020\/07\/Samaranch-Aniversario-Museu-Olimpic-04-copy.jpg","contentUrl":"https:\/\/www.fundaciobarcelonaolimpica.es\/wp-content\/uploads\/sites\/3\/2020\/07\/Samaranch-Aniversario-Museu-Olimpic-04-copy.jpg","width":1984,"height":1450,"caption":"\u00a9FBO"},{"@type":"BreadcrumbList","@id":"https:\/\/www.fundaciobarcelonaolimpica.es\/es\/joan-antoni-samaranch-i-torello-17-julio-1920-21-abril-2010\/#breadcrumb","itemListElement":[{"@type":"ListItem","position":1,"name":"FBO","item":"https:\/\/www.fundaciobarcelonaolimpica.es\/es\/"},{"@type":"ListItem","position":2,"name":"Joan Antoni Samaranch i Torell\u00f3 (17 julio 1920 &#8211; 21 abril 2010)"}]},{"@type":"WebSite","@id":"https:\/\/www.fundaciobarcelonaolimpica.es\/ca\/#website","url":"https:\/\/www.fundaciobarcelonaolimpica.es\/ca\/","name":"Fundaci\u00f3 Barcelona Ol\u00edmpica","description":"Web del Museu Ol\u00edmpic i de l&#039;Esport","publisher":{"@id":"https:\/\/www.fundaciobarcelonaolimpica.es\/ca\/#organization"},"potentialAction":[{"@type":"SearchAction","target":{"@type":"EntryPoint","urlTemplate":"https:\/\/www.fundaciobarcelonaolimpica.es\/ca\/?s={search_term_string}"},"query-input":{"@type":"PropertyValueSpecification","valueRequired":true,"valueName":"search_term_string"}}],"inLanguage":"es"},{"@type":"Organization","@id":"https:\/\/www.fundaciobarcelonaolimpica.es\/ca\/#organization","name":"Fundaci\u00f3 Barcelona Ol\u00edmpica","url":"https:\/\/www.fundaciobarcelonaolimpica.es\/ca\/","logo":{"@type":"ImageObject","inLanguage":"es","@id":"https:\/\/www.fundaciobarcelonaolimpica.es\/ca\/#\/schema\/logo\/image\/","url":"https:\/\/www.fundaciobarcelonaolimpica.es\/wp-content\/uploads\/sites\/3\/2019\/02\/logo-fundacio.svg","contentUrl":"https:\/\/www.fundaciobarcelonaolimpica.es\/wp-content\/uploads\/sites\/3\/2019\/02\/logo-fundacio.svg","caption":"Fundaci\u00f3 Barcelona Ol\u00edmpica"},"image":{"@id":"https:\/\/www.fundaciobarcelonaolimpica.es\/ca\/#\/schema\/logo\/image\/"}},{"@type":"Person","@id":"https:\/\/www.fundaciobarcelonaolimpica.es\/ca\/#\/schema\/person\/b792834a53f193977df425a499287aa9","name":"Ibone","url":"https:\/\/www.fundaciobarcelonaolimpica.es\/es\/author\/fbolimpica\/"}]}},"_links":{"self":[{"href":"https:\/\/www.fundaciobarcelonaolimpica.es\/es\/wp-json\/wp\/v2\/posts\/21553"}],"collection":[{"href":"https:\/\/www.fundaciobarcelonaolimpica.es\/es\/wp-json\/wp\/v2\/posts"}],"about":[{"href":"https:\/\/www.fundaciobarcelonaolimpica.es\/es\/wp-json\/wp\/v2\/types\/post"}],"author":[{"embeddable":true,"href":"https:\/\/www.fundaciobarcelonaolimpica.es\/es\/wp-json\/wp\/v2\/users\/11"}],"replies":[{"embeddable":true,"href":"https:\/\/www.fundaciobarcelonaolimpica.es\/es\/wp-json\/wp\/v2\/comments?post=21553"}],"version-history":[{"count":1,"href":"https:\/\/www.fundaciobarcelonaolimpica.es\/es\/wp-json\/wp\/v2\/posts\/21553\/revisions"}],"predecessor-version":[{"id":21569,"href":"https:\/\/www.fundaciobarcelonaolimpica.es\/es\/wp-json\/wp\/v2\/posts\/21553\/revisions\/21569"}],"wp:featuredmedia":[{"embeddable":true,"href":"https:\/\/www.fundaciobarcelonaolimpica.es\/es\/wp-json\/wp\/v2\/media\/21563"}],"wp:attachment":[{"href":"https:\/\/www.fundaciobarcelonaolimpica.es\/es\/wp-json\/wp\/v2\/media?parent=21553"}],"wp:term":[{"taxonomy":"category","embeddable":true,"href":"https:\/\/www.fundaciobarcelonaolimpica.es\/es\/wp-json\/wp\/v2\/categories?post=21553"},{"taxonomy":"post_tag","embeddable":true,"href":"https:\/\/www.fundaciobarcelonaolimpica.es\/es\/wp-json\/wp\/v2\/tags?post=21553"}],"curies":[{"name":"wp","href":"https:\/\/api.w.org\/{rel}","templated":true}]}}