{"id":21578,"date":"2020-10-20T12:02:46","date_gmt":"2020-10-20T10:02:46","guid":{"rendered":"https:\/\/www.fundaciobarcelonaolimpica.es\/?p=21578"},"modified":"2020-10-20T12:02:46","modified_gmt":"2020-10-20T10:02:46","slug":"hay-que-adaptarse-y-las-tecnologias-nos-lo-permite","status":"publish","type":"post","link":"https:\/\/www.fundaciobarcelonaolimpica.es\/es\/hay-que-adaptarse-y-las-tecnologias-nos-lo-permite\/","title":{"rendered":"Hay que adaptarse y las tecnolog\u00edas nos lo permite."},"content":{"rendered":"<p>La jornada \u201cLos nuevos escenarios virtuales en el deporte\u201d del ciclo de conferencias \u201cel valor del deporte en el siglo XXI\u201d se ha realizado en las instalaciones del Museu Ol\u00edmpic y ha sido retransmitida v\u00eda streaming a trav\u00e9s del canal YouTube del BCN Esports. David Escud\u00e9, regidor de deportes del Ayuntamiento de Barcelona y presidente de la Fundaci\u00f3 Barcelona Ol\u00edmpica ha destacado la importancia de esta jornada, ya que la necesidad nos ha hecho adaptar a la demanda de los ciudadanos.<\/p>\n<p>La jornada coordinada por el periodista de TV3 Jordi Fandillo ha contado con la presencia de Bernat Gay\u00e0, socio-consultor\u00a0de 3 POC Consulting; Josep Maria Figueras, Managing Director de YFS Barcelona; Olga L\u00f3pez, Directora de Innovaci\u00f3n y Calidad deportiva del Club Claror y Miriam Garc\u00eda, conocida influencer en el \u00e1mbito deportivo.<\/p>\n<p>Los ponentes han dialogado sobre las perspectivas de futuro del deporte haciendo hincapi\u00e9 en Barcelona, ciudad muy vinculada al deporte y donde gran parte de la poblaci\u00f3n practica deporte de forma activa.<\/p>\n<p>Una conferencia muy interesante que puedes volver a ver <a href=\"https:\/\/youtu.be\/SsOzAovNWx4\">AQU\u00cd<\/a><\/p>\n","protected":false},"excerpt":{"rendered":"<p>La jornada \u201cLos nuevos escenarios virtuales en el deporte\u201d del ciclo de conferencias \u201cel valor del deporte en el siglo XXI\u201d se ha realizado en las instalaciones del Museu Ol\u00edmpic y ha sido retransmitida v\u00eda streaming a trav\u00e9s del canal YouTube del BCN Esports. David Escud\u00e9, regidor de deportes del Ayuntamiento de Barcelona y presidente [&hellip;]<\/p>\n","protected":false},"author":11,"featured_media":21579,"comment_status":"closed","ping_status":"closed","sticky":false,"template":"","format":"standard","meta":{"_acf_changed":false,"footnotes":""},"categories":[1],"tags":[],"class_list":["post-21578","post","type-post","status-publish","format-standard","has-post-thumbnail","hentry","category-sin-categorizar"],"acf":[],"yoast_head":"<!-- This site is optimized with the Yoast SEO plugin v23.7 - https:\/\/yoast.com\/wordpress\/plugins\/seo\/ -->\n<title>Hay que adaptarse y las tecnolog\u00edas nos lo permite. - Fundaci\u00f3 Barcelona Ol\u00edmpica<\/title>\n<meta name=\"robots\" content=\"index, follow, max-snippet:-1, max-image-preview:large, max-video-preview:-1\" \/>\n<link rel=\"canonical\" href=\"https:\/\/www.fundaciobarcelonaolimpica.es\/es\/hay-que-adaptarse-y-las-tecnologias-nos-lo-permite\/\" \/>\n<meta property=\"og:locale\" content=\"es_ES\" \/>\n<meta property=\"og:type\" content=\"article\" \/>\n<meta property=\"og:title\" content=\"Hay que adaptarse y las tecnolog\u00edas nos lo permite. - Fundaci\u00f3 Barcelona Ol\u00edmpica\" \/>\n<meta property=\"og:description\" content=\"La jornada \u201cLos nuevos escenarios virtuales en el deporte\u201d del ciclo de conferencias \u201cel valor del deporte en el siglo XXI\u201d se ha realizado en las instalaciones del Museu Ol\u00edmpic y ha sido retransmitida v\u00eda streaming a trav\u00e9s del canal YouTube del BCN Esports. David Escud\u00e9, regidor de deportes del Ayuntamiento de Barcelona y presidente [&hellip;]\" \/>\n<meta property=\"og:url\" content=\"https:\/\/www.fundaciobarcelonaolimpica.es\/es\/hay-que-adaptarse-y-las-tecnologias-nos-lo-permite\/\" \/>\n<meta property=\"og:site_name\" content=\"Fundaci\u00f3 Barcelona Ol\u00edmpica\" \/>\n<meta property=\"article:published_time\" content=\"2020-10-20T10:02:46+00:00\" \/>\n<meta property=\"og:image\" content=\"https:\/\/www.fundaciobarcelonaolimpica.es\/wp-content\/uploads\/sites\/3\/2020\/09\/MuseuOlimpicBCN_Jornadas_Esport_Escude.jpeg\" \/>\n\t<meta property=\"og:image:width\" content=\"1600\" \/>\n\t<meta property=\"og:image:height\" content=\"1200\" \/>\n\t<meta property=\"og:image:type\" content=\"image\/jpeg\" \/>\n<meta name=\"author\" content=\"Ibone\" \/>\n<meta name=\"twitter:card\" content=\"summary_large_image\" \/>\n<meta name=\"twitter:label1\" content=\"Escrito por\" \/>\n\t<meta name=\"twitter:data1\" content=\"Ibone\" \/>\n\t<meta name=\"twitter:label2\" content=\"Tiempo de lectura\" \/>\n\t<meta name=\"twitter:data2\" content=\"1 minuto\" \/>\n<script type=\"application\/ld+json\" class=\"yoast-schema-graph\">{\"@context\":\"https:\/\/schema.org\",\"@graph\":[{\"@type\":\"Article\",\"@id\":\"https:\/\/www.fundaciobarcelonaolimpica.es\/es\/hay-que-adaptarse-y-las-tecnologias-nos-lo-permite\/#article\",\"isPartOf\":{\"@id\":\"https:\/\/www.fundaciobarcelonaolimpica.es\/es\/hay-que-adaptarse-y-las-tecnologias-nos-lo-permite\/\"},\"author\":{\"name\":\"Ibone\",\"@id\":\"https:\/\/www.fundaciobarcelonaolimpica.es\/ca\/#\/schema\/person\/b792834a53f193977df425a499287aa9\"},\"headline\":\"Hay que adaptarse y las tecnolog\u00edas nos lo permite.\",\"datePublished\":\"2020-10-20T10:02:46+00:00\",\"dateModified\":\"2020-10-20T10:02:46+00:00\",\"mainEntityOfPage\":{\"@id\":\"https:\/\/www.fundaciobarcelonaolimpica.es\/es\/hay-que-adaptarse-y-las-tecnologias-nos-lo-permite\/\"},\"wordCount\":191,\"publisher\":{\"@id\":\"https:\/\/www.fundaciobarcelonaolimpica.es\/ca\/#organization\"},\"image\":{\"@id\":\"https:\/\/www.fundaciobarcelonaolimpica.es\/es\/hay-que-adaptarse-y-las-tecnologias-nos-lo-permite\/#primaryimage\"},\"thumbnailUrl\":\"https:\/\/www.fundaciobarcelonaolimpica.es\/wp-content\/uploads\/sites\/3\/2020\/09\/MuseuOlimpicBCN_Jornadas_Esport_Escude.jpeg\",\"articleSection\":[\"Sin categorizar\"],\"inLanguage\":\"es\"},{\"@type\":\"WebPage\",\"@id\":\"https:\/\/www.fundaciobarcelonaolimpica.es\/es\/hay-que-adaptarse-y-las-tecnologias-nos-lo-permite\/\",\"url\":\"https:\/\/www.fundaciobarcelonaolimpica.es\/es\/hay-que-adaptarse-y-las-tecnologias-nos-lo-permite\/\",\"name\":\"Hay que adaptarse y las tecnolog\u00edas nos lo permite. - Fundaci\u00f3 Barcelona Ol\u00edmpica\",\"isPartOf\":{\"@id\":\"https:\/\/www.fundaciobarcelonaolimpica.es\/ca\/#website\"},\"primaryImageOfPage\":{\"@id\":\"https:\/\/www.fundaciobarcelonaolimpica.es\/es\/hay-que-adaptarse-y-las-tecnologias-nos-lo-permite\/#primaryimage\"},\"image\":{\"@id\":\"https:\/\/www.fundaciobarcelonaolimpica.es\/es\/hay-que-adaptarse-y-las-tecnologias-nos-lo-permite\/#primaryimage\"},\"thumbnailUrl\":\"https:\/\/www.fundaciobarcelonaolimpica.es\/wp-content\/uploads\/sites\/3\/2020\/09\/MuseuOlimpicBCN_Jornadas_Esport_Escude.jpeg\",\"datePublished\":\"2020-10-20T10:02:46+00:00\",\"dateModified\":\"2020-10-20T10:02:46+00:00\",\"breadcrumb\":{\"@id\":\"https:\/\/www.fundaciobarcelonaolimpica.es\/es\/hay-que-adaptarse-y-las-tecnologias-nos-lo-permite\/#breadcrumb\"},\"inLanguage\":\"es\",\"potentialAction\":[{\"@type\":\"ReadAction\",\"target\":[\"https:\/\/www.fundaciobarcelonaolimpica.es\/es\/hay-que-adaptarse-y-las-tecnologias-nos-lo-permite\/\"]}]},{\"@type\":\"ImageObject\",\"inLanguage\":\"es\",\"@id\":\"https:\/\/www.fundaciobarcelonaolimpica.es\/es\/hay-que-adaptarse-y-las-tecnologias-nos-lo-permite\/#primaryimage\",\"url\":\"https:\/\/www.fundaciobarcelonaolimpica.es\/wp-content\/uploads\/sites\/3\/2020\/09\/MuseuOlimpicBCN_Jornadas_Esport_Escude.jpeg\",\"contentUrl\":\"https:\/\/www.fundaciobarcelonaolimpica.es\/wp-content\/uploads\/sites\/3\/2020\/09\/MuseuOlimpicBCN_Jornadas_Esport_Escude.jpeg\",\"width\":1600,\"height\":1200},{\"@type\":\"BreadcrumbList\",\"@id\":\"https:\/\/www.fundaciobarcelonaolimpica.es\/es\/hay-que-adaptarse-y-las-tecnologias-nos-lo-permite\/#breadcrumb\",\"itemListElement\":[{\"@type\":\"ListItem\",\"position\":1,\"name\":\"FBO\",\"item\":\"https:\/\/www.fundaciobarcelonaolimpica.es\/es\/\"},{\"@type\":\"ListItem\",\"position\":2,\"name\":\"Hay que adaptarse y las tecnolog\u00edas nos lo permite.\"}]},{\"@type\":\"WebSite\",\"@id\":\"https:\/\/www.fundaciobarcelonaolimpica.es\/ca\/#website\",\"url\":\"https:\/\/www.fundaciobarcelonaolimpica.es\/ca\/\",\"name\":\"Fundaci\u00f3 Barcelona Ol\u00edmpica\",\"description\":\"Web del Museu Ol\u00edmpic i de l&#039;Esport\",\"publisher\":{\"@id\":\"https:\/\/www.fundaciobarcelonaolimpica.es\/ca\/#organization\"},\"potentialAction\":[{\"@type\":\"SearchAction\",\"target\":{\"@type\":\"EntryPoint\",\"urlTemplate\":\"https:\/\/www.fundaciobarcelonaolimpica.es\/ca\/?s={search_term_string}\"},\"query-input\":{\"@type\":\"PropertyValueSpecification\",\"valueRequired\":true,\"valueName\":\"search_term_string\"}}],\"inLanguage\":\"es\"},{\"@type\":\"Organization\",\"@id\":\"https:\/\/www.fundaciobarcelonaolimpica.es\/ca\/#organization\",\"name\":\"Fundaci\u00f3 Barcelona Ol\u00edmpica\",\"url\":\"https:\/\/www.fundaciobarcelonaolimpica.es\/ca\/\",\"logo\":{\"@type\":\"ImageObject\",\"inLanguage\":\"es\",\"@id\":\"https:\/\/www.fundaciobarcelonaolimpica.es\/ca\/#\/schema\/logo\/image\/\",\"url\":\"https:\/\/www.fundaciobarcelonaolimpica.es\/wp-content\/uploads\/sites\/3\/2019\/02\/logo-fundacio.svg\",\"contentUrl\":\"https:\/\/www.fundaciobarcelonaolimpica.es\/wp-content\/uploads\/sites\/3\/2019\/02\/logo-fundacio.svg\",\"caption\":\"Fundaci\u00f3 Barcelona Ol\u00edmpica\"},\"image\":{\"@id\":\"https:\/\/www.fundaciobarcelonaolimpica.es\/ca\/#\/schema\/logo\/image\/\"}},{\"@type\":\"Person\",\"@id\":\"https:\/\/www.fundaciobarcelonaolimpica.es\/ca\/#\/schema\/person\/b792834a53f193977df425a499287aa9\",\"name\":\"Ibone\",\"url\":\"https:\/\/www.fundaciobarcelonaolimpica.es\/es\/author\/fbolimpica\/\"}]}<\/script>\n<!-- \/ Yoast SEO plugin. -->","yoast_head_json":{"title":"Hay que adaptarse y las tecnolog\u00edas nos lo permite. - Fundaci\u00f3 Barcelona Ol\u00edmpica","robots":{"index":"index","follow":"follow","max-snippet":"max-snippet:-1","max-image-preview":"max-image-preview:large","max-video-preview":"max-video-preview:-1"},"canonical":"https:\/\/www.fundaciobarcelonaolimpica.es\/es\/hay-que-adaptarse-y-las-tecnologias-nos-lo-permite\/","og_locale":"es_ES","og_type":"article","og_title":"Hay que adaptarse y las tecnolog\u00edas nos lo permite. - Fundaci\u00f3 Barcelona Ol\u00edmpica","og_description":"La jornada \u201cLos nuevos escenarios virtuales en el deporte\u201d del ciclo de conferencias \u201cel valor del deporte en el siglo XXI\u201d se ha realizado en las instalaciones del Museu Ol\u00edmpic y ha sido retransmitida v\u00eda streaming a trav\u00e9s del canal YouTube del BCN Esports. David Escud\u00e9, regidor de deportes del Ayuntamiento de Barcelona y presidente [&hellip;]","og_url":"https:\/\/www.fundaciobarcelonaolimpica.es\/es\/hay-que-adaptarse-y-las-tecnologias-nos-lo-permite\/","og_site_name":"Fundaci\u00f3 Barcelona Ol\u00edmpica","article_published_time":"2020-10-20T10:02:46+00:00","og_image":[{"width":1600,"height":1200,"url":"https:\/\/www.fundaciobarcelonaolimpica.es\/wp-content\/uploads\/sites\/3\/2020\/09\/MuseuOlimpicBCN_Jornadas_Esport_Escude.jpeg","type":"image\/jpeg"}],"author":"Ibone","twitter_card":"summary_large_image","twitter_misc":{"Escrito por":"Ibone","Tiempo de lectura":"1 minuto"},"schema":{"@context":"https:\/\/schema.org","@graph":[{"@type":"Article","@id":"https:\/\/www.fundaciobarcelonaolimpica.es\/es\/hay-que-adaptarse-y-las-tecnologias-nos-lo-permite\/#article","isPartOf":{"@id":"https:\/\/www.fundaciobarcelonaolimpica.es\/es\/hay-que-adaptarse-y-las-tecnologias-nos-lo-permite\/"},"author":{"name":"Ibone","@id":"https:\/\/www.fundaciobarcelonaolimpica.es\/ca\/#\/schema\/person\/b792834a53f193977df425a499287aa9"},"headline":"Hay que adaptarse y las tecnolog\u00edas nos lo permite.","datePublished":"2020-10-20T10:02:46+00:00","dateModified":"2020-10-20T10:02:46+00:00","mainEntityOfPage":{"@id":"https:\/\/www.fundaciobarcelonaolimpica.es\/es\/hay-que-adaptarse-y-las-tecnologias-nos-lo-permite\/"},"wordCount":191,"publisher":{"@id":"https:\/\/www.fundaciobarcelonaolimpica.es\/ca\/#organization"},"image":{"@id":"https:\/\/www.fundaciobarcelonaolimpica.es\/es\/hay-que-adaptarse-y-las-tecnologias-nos-lo-permite\/#primaryimage"},"thumbnailUrl":"https:\/\/www.fundaciobarcelonaolimpica.es\/wp-content\/uploads\/sites\/3\/2020\/09\/MuseuOlimpicBCN_Jornadas_Esport_Escude.jpeg","articleSection":["Sin categorizar"],"inLanguage":"es"},{"@type":"WebPage","@id":"https:\/\/www.fundaciobarcelonaolimpica.es\/es\/hay-que-adaptarse-y-las-tecnologias-nos-lo-permite\/","url":"https:\/\/www.fundaciobarcelonaolimpica.es\/es\/hay-que-adaptarse-y-las-tecnologias-nos-lo-permite\/","name":"Hay que adaptarse y las tecnolog\u00edas nos lo permite. - Fundaci\u00f3 Barcelona Ol\u00edmpica","isPartOf":{"@id":"https:\/\/www.fundaciobarcelonaolimpica.es\/ca\/#website"},"primaryImageOfPage":{"@id":"https:\/\/www.fundaciobarcelonaolimpica.es\/es\/hay-que-adaptarse-y-las-tecnologias-nos-lo-permite\/#primaryimage"},"image":{"@id":"https:\/\/www.fundaciobarcelonaolimpica.es\/es\/hay-que-adaptarse-y-las-tecnologias-nos-lo-permite\/#primaryimage"},"thumbnailUrl":"https:\/\/www.fundaciobarcelonaolimpica.es\/wp-content\/uploads\/sites\/3\/2020\/09\/MuseuOlimpicBCN_Jornadas_Esport_Escude.jpeg","datePublished":"2020-10-20T10:02:46+00:00","dateModified":"2020-10-20T10:02:46+00:00","breadcrumb":{"@id":"https:\/\/www.fundaciobarcelonaolimpica.es\/es\/hay-que-adaptarse-y-las-tecnologias-nos-lo-permite\/#breadcrumb"},"inLanguage":"es","potentialAction":[{"@type":"ReadAction","target":["https:\/\/www.fundaciobarcelonaolimpica.es\/es\/hay-que-adaptarse-y-las-tecnologias-nos-lo-permite\/"]}]},{"@type":"ImageObject","inLanguage":"es","@id":"https:\/\/www.fundaciobarcelonaolimpica.es\/es\/hay-que-adaptarse-y-las-tecnologias-nos-lo-permite\/#primaryimage","url":"https:\/\/www.fundaciobarcelonaolimpica.es\/wp-content\/uploads\/sites\/3\/2020\/09\/MuseuOlimpicBCN_Jornadas_Esport_Escude.jpeg","contentUrl":"https:\/\/www.fundaciobarcelonaolimpica.es\/wp-content\/uploads\/sites\/3\/2020\/09\/MuseuOlimpicBCN_Jornadas_Esport_Escude.jpeg","width":1600,"height":1200},{"@type":"BreadcrumbList","@id":"https:\/\/www.fundaciobarcelonaolimpica.es\/es\/hay-que-adaptarse-y-las-tecnologias-nos-lo-permite\/#breadcrumb","itemListElement":[{"@type":"ListItem","position":1,"name":"FBO","item":"https:\/\/www.fundaciobarcelonaolimpica.es\/es\/"},{"@type":"ListItem","position":2,"name":"Hay que adaptarse y las tecnolog\u00edas nos lo permite."}]},{"@type":"WebSite","@id":"https:\/\/www.fundaciobarcelonaolimpica.es\/ca\/#website","url":"https:\/\/www.fundaciobarcelonaolimpica.es\/ca\/","name":"Fundaci\u00f3 Barcelona Ol\u00edmpica","description":"Web del Museu Ol\u00edmpic i de l&#039;Esport","publisher":{"@id":"https:\/\/www.fundaciobarcelonaolimpica.es\/ca\/#organization"},"potentialAction":[{"@type":"SearchAction","target":{"@type":"EntryPoint","urlTemplate":"https:\/\/www.fundaciobarcelonaolimpica.es\/ca\/?s={search_term_string}"},"query-input":{"@type":"PropertyValueSpecification","valueRequired":true,"valueName":"search_term_string"}}],"inLanguage":"es"},{"@type":"Organization","@id":"https:\/\/www.fundaciobarcelonaolimpica.es\/ca\/#organization","name":"Fundaci\u00f3 Barcelona Ol\u00edmpica","url":"https:\/\/www.fundaciobarcelonaolimpica.es\/ca\/","logo":{"@type":"ImageObject","inLanguage":"es","@id":"https:\/\/www.fundaciobarcelonaolimpica.es\/ca\/#\/schema\/logo\/image\/","url":"https:\/\/www.fundaciobarcelonaolimpica.es\/wp-content\/uploads\/sites\/3\/2019\/02\/logo-fundacio.svg","contentUrl":"https:\/\/www.fundaciobarcelonaolimpica.es\/wp-content\/uploads\/sites\/3\/2019\/02\/logo-fundacio.svg","caption":"Fundaci\u00f3 Barcelona Ol\u00edmpica"},"image":{"@id":"https:\/\/www.fundaciobarcelonaolimpica.es\/ca\/#\/schema\/logo\/image\/"}},{"@type":"Person","@id":"https:\/\/www.fundaciobarcelonaolimpica.es\/ca\/#\/schema\/person\/b792834a53f193977df425a499287aa9","name":"Ibone","url":"https:\/\/www.fundaciobarcelonaolimpica.es\/es\/author\/fbolimpica\/"}]}},"_links":{"self":[{"href":"https:\/\/www.fundaciobarcelonaolimpica.es\/es\/wp-json\/wp\/v2\/posts\/21578"}],"collection":[{"href":"https:\/\/www.fundaciobarcelonaolimpica.es\/es\/wp-json\/wp\/v2\/posts"}],"about":[{"href":"https:\/\/www.fundaciobarcelonaolimpica.es\/es\/wp-json\/wp\/v2\/types\/post"}],"author":[{"embeddable":true,"href":"https:\/\/www.fundaciobarcelonaolimpica.es\/es\/wp-json\/wp\/v2\/users\/11"}],"replies":[{"embeddable":true,"href":"https:\/\/www.fundaciobarcelonaolimpica.es\/es\/wp-json\/wp\/v2\/comments?post=21578"}],"version-history":[{"count":1,"href":"https:\/\/www.fundaciobarcelonaolimpica.es\/es\/wp-json\/wp\/v2\/posts\/21578\/revisions"}],"predecessor-version":[{"id":21582,"href":"https:\/\/www.fundaciobarcelonaolimpica.es\/es\/wp-json\/wp\/v2\/posts\/21578\/revisions\/21582"}],"wp:featuredmedia":[{"embeddable":true,"href":"https:\/\/www.fundaciobarcelonaolimpica.es\/es\/wp-json\/wp\/v2\/media\/21579"}],"wp:attachment":[{"href":"https:\/\/www.fundaciobarcelonaolimpica.es\/es\/wp-json\/wp\/v2\/media?parent=21578"}],"wp:term":[{"taxonomy":"category","embeddable":true,"href":"https:\/\/www.fundaciobarcelonaolimpica.es\/es\/wp-json\/wp\/v2\/categories?post=21578"},{"taxonomy":"post_tag","embeddable":true,"href":"https:\/\/www.fundaciobarcelonaolimpica.es\/es\/wp-json\/wp\/v2\/tags?post=21578"}],"curies":[{"name":"wp","href":"https:\/\/api.w.org\/{rel}","templated":true}]}}