{"id":21669,"date":"2020-12-18T10:25:50","date_gmt":"2020-12-18T09:25:50","guid":{"rendered":"https:\/\/www.fundaciobarcelonaolimpica.es\/?p=21669"},"modified":"2020-12-18T10:25:50","modified_gmt":"2020-12-18T09:25:50","slug":"fallo-2020-del-jurado-de-la-x-del-premio-internacional-arte-sobre-papel-fundacio-barcelona-olimpica","status":"publish","type":"post","link":"https:\/\/www.fundaciobarcelonaolimpica.es\/es\/fallo-2020-del-jurado-de-la-x-del-premio-internacional-arte-sobre-papel-fundacio-barcelona-olimpica\/","title":{"rendered":"Fallo 2020 del jurado de la X del Premio Internacional Arte Sobre Papel Fundaci\u00f3 Barcelona Ol\u00edmpica"},"content":{"rendered":"<p>Reunido el Jurado Formado por: Juli Pernas representante del Patronato de la Fundaci\u00f3n Barcelona Ol\u00edmpica; Rom\u00e0 Arranz, exprofesor de Bellas Artes; Raquel Medina, cr\u00edtico de la asociaci\u00f3n catalana de cr\u00edticos ACCA e internacional AICA; y Anna Comellas, doctora en Bellas Artes con gran recorrido art\u00edstico, se ha determinado, tras una re\u00f1ida final, que los ganadores de esta X edici\u00f3n del Premio Internacional Arte Sobre Papel Fundaci\u00f3 Barcelona Ol\u00edmpica son:<\/p>\n<p>1\u00ba premio: \u00a0<em>Salto al Vac\u00edo II: Montserrat Mech\u00f3 VS Yves Klein<\/em>, de <strong>Bel\u00e9n Mazuecos.<\/strong><\/p>\n<p>2\u00ba premio: <em>Peveter enc\u00e8s<\/em>, de <strong>Mireia Mateo<\/strong><\/p>\n<p>3\u00ba premio: <em>Siempre hay un comienzo para cada historia<\/em>, de <strong>Oscar Santasusagna<\/strong><\/p>\n<p>Los ganadores junto con los finalistas se expondr\u00e1n en la Sala Temporal del Museu Ol\u00edmpic i de l\u2019Esport Joan Antoni Samaranch a partir del 2 de febrero.<\/p>\n<p>Recordamos que este certamen internacional cuenta con diversos premios en met\u00e1lico: 2.500\u20ac (1\u00ba premio), 1.800\u20ac (2\u00ba premio) y 1.200\u20ac (3\u00ba premio).<\/p>\n<p><strong>Finalistas:<\/strong><\/p>\n<p>Aguadas \u2013 Maite Pinto<br \/>\nAtletismo \u2013 Jose Manuel Vela<br \/>\nBailamos juntos de nuevo I \u2013 Juana C\u00e9spedes<br \/>\nCalle V \u2013 Adrian Marmolejo<br \/>\nEl tiempo corre \u2013 \u00c0ngel Alguer\u00f3<br \/>\nEsfor\u00e7 \u2013 Jordi Torrent<br \/>\nEstadi-Ciutat \u2013 Juli Mart\u00ed<br \/>\nGran partido de futbol \u2013 Jes\u00fas Barbeito<br \/>\nHomenaje a Coubertin \u2013 Jes\u00fas Dougnac<br \/>\nI want a canoe \u2013 Sara Moyano<br \/>\nLa antorcha y el fuego \u2013 Miquel Garcia<br \/>\nLa lluita que volem \u2013 Carme Magem<br \/>\nPassi\u00f3 pel futbol (homenatge al pare) \u2013 Rosa Solano<br \/>\nSue\u00f1os ol\u00edmpicos \u2013 Felipe Alarc\u00f3n<br \/>\nThe Ring \u2013 Pedro Pablo Cuadra<\/p>\n","protected":false},"excerpt":{"rendered":"<p>Reunido el Jurado Formado por: Juli Pernas representante del Patronato de la Fundaci\u00f3n Barcelona Ol\u00edmpica; Rom\u00e0 Arranz, exprofesor de Bellas Artes; Raquel Medina, cr\u00edtico de la asociaci\u00f3n catalana de cr\u00edticos ACCA e internacional AICA; y Anna Comellas, doctora en Bellas Artes con gran recorrido art\u00edstico, se ha determinado, tras una re\u00f1ida final, que los ganadores [&hellip;]<\/p>\n","protected":false},"author":11,"featured_media":21666,"comment_status":"closed","ping_status":"closed","sticky":false,"template":"","format":"standard","meta":{"_acf_changed":false,"footnotes":""},"categories":[1],"tags":[],"class_list":["post-21669","post","type-post","status-publish","format-standard","has-post-thumbnail","hentry","category-sin-categorizar"],"acf":[],"yoast_head":"<!-- This site is optimized with the Yoast SEO plugin v23.7 - https:\/\/yoast.com\/wordpress\/plugins\/seo\/ -->\n<title>Fallo 2020 del jurado de la X del Premio Internacional Arte Sobre Papel Fundaci\u00f3 Barcelona Ol\u00edmpica - Fundaci\u00f3 Barcelona Ol\u00edmpica<\/title>\n<meta name=\"robots\" content=\"index, follow, max-snippet:-1, max-image-preview:large, max-video-preview:-1\" \/>\n<link rel=\"canonical\" href=\"https:\/\/www.fundaciobarcelonaolimpica.es\/es\/fallo-2020-del-jurado-de-la-x-del-premio-internacional-arte-sobre-papel-fundacio-barcelona-olimpica\/\" \/>\n<meta property=\"og:locale\" content=\"es_ES\" \/>\n<meta property=\"og:type\" content=\"article\" \/>\n<meta property=\"og:title\" content=\"Fallo 2020 del jurado de la X del Premio Internacional Arte Sobre Papel Fundaci\u00f3 Barcelona Ol\u00edmpica - Fundaci\u00f3 Barcelona Ol\u00edmpica\" \/>\n<meta property=\"og:description\" content=\"Reunido el Jurado Formado por: Juli Pernas representante del Patronato de la Fundaci\u00f3n Barcelona Ol\u00edmpica; Rom\u00e0 Arranz, exprofesor de Bellas Artes; Raquel Medina, cr\u00edtico de la asociaci\u00f3n catalana de cr\u00edticos ACCA e internacional AICA; y Anna Comellas, doctora en Bellas Artes con gran recorrido art\u00edstico, se ha determinado, tras una re\u00f1ida final, que los ganadores [&hellip;]\" \/>\n<meta property=\"og:url\" content=\"https:\/\/www.fundaciobarcelonaolimpica.es\/es\/fallo-2020-del-jurado-de-la-x-del-premio-internacional-arte-sobre-papel-fundacio-barcelona-olimpica\/\" \/>\n<meta property=\"og:site_name\" content=\"Fundaci\u00f3 Barcelona Ol\u00edmpica\" \/>\n<meta property=\"article:published_time\" content=\"2020-12-18T09:25:50+00:00\" \/>\n<meta property=\"og:image\" content=\"https:\/\/www.fundaciobarcelonaolimpica.es\/wp-content\/uploads\/sites\/3\/2020\/12\/Art-Sobre-Papel-2020-MuseuOlimpicBCN_1.jpg\" \/>\n\t<meta property=\"og:image:width\" content=\"6000\" \/>\n\t<meta property=\"og:image:height\" content=\"4000\" \/>\n\t<meta property=\"og:image:type\" content=\"image\/jpeg\" \/>\n<meta name=\"author\" content=\"Ibone\" \/>\n<meta name=\"twitter:card\" content=\"summary_large_image\" \/>\n<meta name=\"twitter:label1\" content=\"Escrito por\" \/>\n\t<meta name=\"twitter:data1\" content=\"Ibone\" \/>\n\t<meta name=\"twitter:label2\" content=\"Tiempo de lectura\" \/>\n\t<meta name=\"twitter:data2\" content=\"1 minuto\" \/>\n<script type=\"application\/ld+json\" class=\"yoast-schema-graph\">{\"@context\":\"https:\/\/schema.org\",\"@graph\":[{\"@type\":\"Article\",\"@id\":\"https:\/\/www.fundaciobarcelonaolimpica.es\/es\/fallo-2020-del-jurado-de-la-x-del-premio-internacional-arte-sobre-papel-fundacio-barcelona-olimpica\/#article\",\"isPartOf\":{\"@id\":\"https:\/\/www.fundaciobarcelonaolimpica.es\/es\/fallo-2020-del-jurado-de-la-x-del-premio-internacional-arte-sobre-papel-fundacio-barcelona-olimpica\/\"},\"author\":{\"name\":\"Ibone\",\"@id\":\"https:\/\/www.fundaciobarcelonaolimpica.es\/ca\/#\/schema\/person\/b792834a53f193977df425a499287aa9\"},\"headline\":\"Fallo 2020 del jurado de la X del Premio Internacional Arte Sobre Papel Fundaci\u00f3 Barcelona Ol\u00edmpica\",\"datePublished\":\"2020-12-18T09:25:50+00:00\",\"dateModified\":\"2020-12-18T09:25:50+00:00\",\"mainEntityOfPage\":{\"@id\":\"https:\/\/www.fundaciobarcelonaolimpica.es\/es\/fallo-2020-del-jurado-de-la-x-del-premio-internacional-arte-sobre-papel-fundacio-barcelona-olimpica\/\"},\"wordCount\":255,\"publisher\":{\"@id\":\"https:\/\/www.fundaciobarcelonaolimpica.es\/ca\/#organization\"},\"image\":{\"@id\":\"https:\/\/www.fundaciobarcelonaolimpica.es\/es\/fallo-2020-del-jurado-de-la-x-del-premio-internacional-arte-sobre-papel-fundacio-barcelona-olimpica\/#primaryimage\"},\"thumbnailUrl\":\"https:\/\/www.fundaciobarcelonaolimpica.es\/wp-content\/uploads\/sites\/3\/2020\/12\/Art-Sobre-Papel-2020-MuseuOlimpicBCN_1.jpg\",\"articleSection\":[\"Sin categorizar\"],\"inLanguage\":\"es\"},{\"@type\":\"WebPage\",\"@id\":\"https:\/\/www.fundaciobarcelonaolimpica.es\/es\/fallo-2020-del-jurado-de-la-x-del-premio-internacional-arte-sobre-papel-fundacio-barcelona-olimpica\/\",\"url\":\"https:\/\/www.fundaciobarcelonaolimpica.es\/es\/fallo-2020-del-jurado-de-la-x-del-premio-internacional-arte-sobre-papel-fundacio-barcelona-olimpica\/\",\"name\":\"Fallo 2020 del jurado de la X del Premio Internacional Arte Sobre Papel Fundaci\u00f3 Barcelona Ol\u00edmpica - Fundaci\u00f3 Barcelona Ol\u00edmpica\",\"isPartOf\":{\"@id\":\"https:\/\/www.fundaciobarcelonaolimpica.es\/ca\/#website\"},\"primaryImageOfPage\":{\"@id\":\"https:\/\/www.fundaciobarcelonaolimpica.es\/es\/fallo-2020-del-jurado-de-la-x-del-premio-internacional-arte-sobre-papel-fundacio-barcelona-olimpica\/#primaryimage\"},\"image\":{\"@id\":\"https:\/\/www.fundaciobarcelonaolimpica.es\/es\/fallo-2020-del-jurado-de-la-x-del-premio-internacional-arte-sobre-papel-fundacio-barcelona-olimpica\/#primaryimage\"},\"thumbnailUrl\":\"https:\/\/www.fundaciobarcelonaolimpica.es\/wp-content\/uploads\/sites\/3\/2020\/12\/Art-Sobre-Papel-2020-MuseuOlimpicBCN_1.jpg\",\"datePublished\":\"2020-12-18T09:25:50+00:00\",\"dateModified\":\"2020-12-18T09:25:50+00:00\",\"breadcrumb\":{\"@id\":\"https:\/\/www.fundaciobarcelonaolimpica.es\/es\/fallo-2020-del-jurado-de-la-x-del-premio-internacional-arte-sobre-papel-fundacio-barcelona-olimpica\/#breadcrumb\"},\"inLanguage\":\"es\",\"potentialAction\":[{\"@type\":\"ReadAction\",\"target\":[\"https:\/\/www.fundaciobarcelonaolimpica.es\/es\/fallo-2020-del-jurado-de-la-x-del-premio-internacional-arte-sobre-papel-fundacio-barcelona-olimpica\/\"]}]},{\"@type\":\"ImageObject\",\"inLanguage\":\"es\",\"@id\":\"https:\/\/www.fundaciobarcelonaolimpica.es\/es\/fallo-2020-del-jurado-de-la-x-del-premio-internacional-arte-sobre-papel-fundacio-barcelona-olimpica\/#primaryimage\",\"url\":\"https:\/\/www.fundaciobarcelonaolimpica.es\/wp-content\/uploads\/sites\/3\/2020\/12\/Art-Sobre-Papel-2020-MuseuOlimpicBCN_1.jpg\",\"contentUrl\":\"https:\/\/www.fundaciobarcelonaolimpica.es\/wp-content\/uploads\/sites\/3\/2020\/12\/Art-Sobre-Papel-2020-MuseuOlimpicBCN_1.jpg\",\"width\":6000,\"height\":4000},{\"@type\":\"BreadcrumbList\",\"@id\":\"https:\/\/www.fundaciobarcelonaolimpica.es\/es\/fallo-2020-del-jurado-de-la-x-del-premio-internacional-arte-sobre-papel-fundacio-barcelona-olimpica\/#breadcrumb\",\"itemListElement\":[{\"@type\":\"ListItem\",\"position\":1,\"name\":\"FBO\",\"item\":\"https:\/\/www.fundaciobarcelonaolimpica.es\/es\/\"},{\"@type\":\"ListItem\",\"position\":2,\"name\":\"Fallo 2020 del jurado de la X del Premio Internacional Arte Sobre Papel Fundaci\u00f3 Barcelona Ol\u00edmpica\"}]},{\"@type\":\"WebSite\",\"@id\":\"https:\/\/www.fundaciobarcelonaolimpica.es\/ca\/#website\",\"url\":\"https:\/\/www.fundaciobarcelonaolimpica.es\/ca\/\",\"name\":\"Fundaci\u00f3 Barcelona Ol\u00edmpica\",\"description\":\"Web del Museu Ol\u00edmpic i de l&#039;Esport\",\"publisher\":{\"@id\":\"https:\/\/www.fundaciobarcelonaolimpica.es\/ca\/#organization\"},\"potentialAction\":[{\"@type\":\"SearchAction\",\"target\":{\"@type\":\"EntryPoint\",\"urlTemplate\":\"https:\/\/www.fundaciobarcelonaolimpica.es\/ca\/?s={search_term_string}\"},\"query-input\":{\"@type\":\"PropertyValueSpecification\",\"valueRequired\":true,\"valueName\":\"search_term_string\"}}],\"inLanguage\":\"es\"},{\"@type\":\"Organization\",\"@id\":\"https:\/\/www.fundaciobarcelonaolimpica.es\/ca\/#organization\",\"name\":\"Fundaci\u00f3 Barcelona Ol\u00edmpica\",\"url\":\"https:\/\/www.fundaciobarcelonaolimpica.es\/ca\/\",\"logo\":{\"@type\":\"ImageObject\",\"inLanguage\":\"es\",\"@id\":\"https:\/\/www.fundaciobarcelonaolimpica.es\/ca\/#\/schema\/logo\/image\/\",\"url\":\"https:\/\/www.fundaciobarcelonaolimpica.es\/wp-content\/uploads\/sites\/3\/2019\/02\/logo-fundacio.svg\",\"contentUrl\":\"https:\/\/www.fundaciobarcelonaolimpica.es\/wp-content\/uploads\/sites\/3\/2019\/02\/logo-fundacio.svg\",\"caption\":\"Fundaci\u00f3 Barcelona Ol\u00edmpica\"},\"image\":{\"@id\":\"https:\/\/www.fundaciobarcelonaolimpica.es\/ca\/#\/schema\/logo\/image\/\"}},{\"@type\":\"Person\",\"@id\":\"https:\/\/www.fundaciobarcelonaolimpica.es\/ca\/#\/schema\/person\/b792834a53f193977df425a499287aa9\",\"name\":\"Ibone\",\"url\":\"https:\/\/www.fundaciobarcelonaolimpica.es\/es\/author\/fbolimpica\/\"}]}<\/script>\n<!-- \/ Yoast SEO plugin. -->","yoast_head_json":{"title":"Fallo 2020 del jurado de la X del Premio Internacional Arte Sobre Papel Fundaci\u00f3 Barcelona Ol\u00edmpica - Fundaci\u00f3 Barcelona Ol\u00edmpica","robots":{"index":"index","follow":"follow","max-snippet":"max-snippet:-1","max-image-preview":"max-image-preview:large","max-video-preview":"max-video-preview:-1"},"canonical":"https:\/\/www.fundaciobarcelonaolimpica.es\/es\/fallo-2020-del-jurado-de-la-x-del-premio-internacional-arte-sobre-papel-fundacio-barcelona-olimpica\/","og_locale":"es_ES","og_type":"article","og_title":"Fallo 2020 del jurado de la X del Premio Internacional Arte Sobre Papel Fundaci\u00f3 Barcelona Ol\u00edmpica - Fundaci\u00f3 Barcelona Ol\u00edmpica","og_description":"Reunido el Jurado Formado por: Juli Pernas representante del Patronato de la Fundaci\u00f3n Barcelona Ol\u00edmpica; Rom\u00e0 Arranz, exprofesor de Bellas Artes; Raquel Medina, cr\u00edtico de la asociaci\u00f3n catalana de cr\u00edticos ACCA e internacional AICA; y Anna Comellas, doctora en Bellas Artes con gran recorrido art\u00edstico, se ha determinado, tras una re\u00f1ida final, que los ganadores [&hellip;]","og_url":"https:\/\/www.fundaciobarcelonaolimpica.es\/es\/fallo-2020-del-jurado-de-la-x-del-premio-internacional-arte-sobre-papel-fundacio-barcelona-olimpica\/","og_site_name":"Fundaci\u00f3 Barcelona Ol\u00edmpica","article_published_time":"2020-12-18T09:25:50+00:00","og_image":[{"width":6000,"height":4000,"url":"https:\/\/www.fundaciobarcelonaolimpica.es\/wp-content\/uploads\/sites\/3\/2020\/12\/Art-Sobre-Papel-2020-MuseuOlimpicBCN_1.jpg","type":"image\/jpeg"}],"author":"Ibone","twitter_card":"summary_large_image","twitter_misc":{"Escrito por":"Ibone","Tiempo de lectura":"1 minuto"},"schema":{"@context":"https:\/\/schema.org","@graph":[{"@type":"Article","@id":"https:\/\/www.fundaciobarcelonaolimpica.es\/es\/fallo-2020-del-jurado-de-la-x-del-premio-internacional-arte-sobre-papel-fundacio-barcelona-olimpica\/#article","isPartOf":{"@id":"https:\/\/www.fundaciobarcelonaolimpica.es\/es\/fallo-2020-del-jurado-de-la-x-del-premio-internacional-arte-sobre-papel-fundacio-barcelona-olimpica\/"},"author":{"name":"Ibone","@id":"https:\/\/www.fundaciobarcelonaolimpica.es\/ca\/#\/schema\/person\/b792834a53f193977df425a499287aa9"},"headline":"Fallo 2020 del jurado de la X del Premio Internacional Arte Sobre Papel Fundaci\u00f3 Barcelona Ol\u00edmpica","datePublished":"2020-12-18T09:25:50+00:00","dateModified":"2020-12-18T09:25:50+00:00","mainEntityOfPage":{"@id":"https:\/\/www.fundaciobarcelonaolimpica.es\/es\/fallo-2020-del-jurado-de-la-x-del-premio-internacional-arte-sobre-papel-fundacio-barcelona-olimpica\/"},"wordCount":255,"publisher":{"@id":"https:\/\/www.fundaciobarcelonaolimpica.es\/ca\/#organization"},"image":{"@id":"https:\/\/www.fundaciobarcelonaolimpica.es\/es\/fallo-2020-del-jurado-de-la-x-del-premio-internacional-arte-sobre-papel-fundacio-barcelona-olimpica\/#primaryimage"},"thumbnailUrl":"https:\/\/www.fundaciobarcelonaolimpica.es\/wp-content\/uploads\/sites\/3\/2020\/12\/Art-Sobre-Papel-2020-MuseuOlimpicBCN_1.jpg","articleSection":["Sin categorizar"],"inLanguage":"es"},{"@type":"WebPage","@id":"https:\/\/www.fundaciobarcelonaolimpica.es\/es\/fallo-2020-del-jurado-de-la-x-del-premio-internacional-arte-sobre-papel-fundacio-barcelona-olimpica\/","url":"https:\/\/www.fundaciobarcelonaolimpica.es\/es\/fallo-2020-del-jurado-de-la-x-del-premio-internacional-arte-sobre-papel-fundacio-barcelona-olimpica\/","name":"Fallo 2020 del jurado de la X del Premio Internacional Arte Sobre Papel Fundaci\u00f3 Barcelona Ol\u00edmpica - Fundaci\u00f3 Barcelona Ol\u00edmpica","isPartOf":{"@id":"https:\/\/www.fundaciobarcelonaolimpica.es\/ca\/#website"},"primaryImageOfPage":{"@id":"https:\/\/www.fundaciobarcelonaolimpica.es\/es\/fallo-2020-del-jurado-de-la-x-del-premio-internacional-arte-sobre-papel-fundacio-barcelona-olimpica\/#primaryimage"},"image":{"@id":"https:\/\/www.fundaciobarcelonaolimpica.es\/es\/fallo-2020-del-jurado-de-la-x-del-premio-internacional-arte-sobre-papel-fundacio-barcelona-olimpica\/#primaryimage"},"thumbnailUrl":"https:\/\/www.fundaciobarcelonaolimpica.es\/wp-content\/uploads\/sites\/3\/2020\/12\/Art-Sobre-Papel-2020-MuseuOlimpicBCN_1.jpg","datePublished":"2020-12-18T09:25:50+00:00","dateModified":"2020-12-18T09:25:50+00:00","breadcrumb":{"@id":"https:\/\/www.fundaciobarcelonaolimpica.es\/es\/fallo-2020-del-jurado-de-la-x-del-premio-internacional-arte-sobre-papel-fundacio-barcelona-olimpica\/#breadcrumb"},"inLanguage":"es","potentialAction":[{"@type":"ReadAction","target":["https:\/\/www.fundaciobarcelonaolimpica.es\/es\/fallo-2020-del-jurado-de-la-x-del-premio-internacional-arte-sobre-papel-fundacio-barcelona-olimpica\/"]}]},{"@type":"ImageObject","inLanguage":"es","@id":"https:\/\/www.fundaciobarcelonaolimpica.es\/es\/fallo-2020-del-jurado-de-la-x-del-premio-internacional-arte-sobre-papel-fundacio-barcelona-olimpica\/#primaryimage","url":"https:\/\/www.fundaciobarcelonaolimpica.es\/wp-content\/uploads\/sites\/3\/2020\/12\/Art-Sobre-Papel-2020-MuseuOlimpicBCN_1.jpg","contentUrl":"https:\/\/www.fundaciobarcelonaolimpica.es\/wp-content\/uploads\/sites\/3\/2020\/12\/Art-Sobre-Papel-2020-MuseuOlimpicBCN_1.jpg","width":6000,"height":4000},{"@type":"BreadcrumbList","@id":"https:\/\/www.fundaciobarcelonaolimpica.es\/es\/fallo-2020-del-jurado-de-la-x-del-premio-internacional-arte-sobre-papel-fundacio-barcelona-olimpica\/#breadcrumb","itemListElement":[{"@type":"ListItem","position":1,"name":"FBO","item":"https:\/\/www.fundaciobarcelonaolimpica.es\/es\/"},{"@type":"ListItem","position":2,"name":"Fallo 2020 del jurado de la X del Premio Internacional Arte Sobre Papel Fundaci\u00f3 Barcelona Ol\u00edmpica"}]},{"@type":"WebSite","@id":"https:\/\/www.fundaciobarcelonaolimpica.es\/ca\/#website","url":"https:\/\/www.fundaciobarcelonaolimpica.es\/ca\/","name":"Fundaci\u00f3 Barcelona Ol\u00edmpica","description":"Web del Museu Ol\u00edmpic i de l&#039;Esport","publisher":{"@id":"https:\/\/www.fundaciobarcelonaolimpica.es\/ca\/#organization"},"potentialAction":[{"@type":"SearchAction","target":{"@type":"EntryPoint","urlTemplate":"https:\/\/www.fundaciobarcelonaolimpica.es\/ca\/?s={search_term_string}"},"query-input":{"@type":"PropertyValueSpecification","valueRequired":true,"valueName":"search_term_string"}}],"inLanguage":"es"},{"@type":"Organization","@id":"https:\/\/www.fundaciobarcelonaolimpica.es\/ca\/#organization","name":"Fundaci\u00f3 Barcelona Ol\u00edmpica","url":"https:\/\/www.fundaciobarcelonaolimpica.es\/ca\/","logo":{"@type":"ImageObject","inLanguage":"es","@id":"https:\/\/www.fundaciobarcelonaolimpica.es\/ca\/#\/schema\/logo\/image\/","url":"https:\/\/www.fundaciobarcelonaolimpica.es\/wp-content\/uploads\/sites\/3\/2019\/02\/logo-fundacio.svg","contentUrl":"https:\/\/www.fundaciobarcelonaolimpica.es\/wp-content\/uploads\/sites\/3\/2019\/02\/logo-fundacio.svg","caption":"Fundaci\u00f3 Barcelona Ol\u00edmpica"},"image":{"@id":"https:\/\/www.fundaciobarcelonaolimpica.es\/ca\/#\/schema\/logo\/image\/"}},{"@type":"Person","@id":"https:\/\/www.fundaciobarcelonaolimpica.es\/ca\/#\/schema\/person\/b792834a53f193977df425a499287aa9","name":"Ibone","url":"https:\/\/www.fundaciobarcelonaolimpica.es\/es\/author\/fbolimpica\/"}]}},"_links":{"self":[{"href":"https:\/\/www.fundaciobarcelonaolimpica.es\/es\/wp-json\/wp\/v2\/posts\/21669"}],"collection":[{"href":"https:\/\/www.fundaciobarcelonaolimpica.es\/es\/wp-json\/wp\/v2\/posts"}],"about":[{"href":"https:\/\/www.fundaciobarcelonaolimpica.es\/es\/wp-json\/wp\/v2\/types\/post"}],"author":[{"embeddable":true,"href":"https:\/\/www.fundaciobarcelonaolimpica.es\/es\/wp-json\/wp\/v2\/users\/11"}],"replies":[{"embeddable":true,"href":"https:\/\/www.fundaciobarcelonaolimpica.es\/es\/wp-json\/wp\/v2\/comments?post=21669"}],"version-history":[{"count":2,"href":"https:\/\/www.fundaciobarcelonaolimpica.es\/es\/wp-json\/wp\/v2\/posts\/21669\/revisions"}],"predecessor-version":[{"id":21673,"href":"https:\/\/www.fundaciobarcelonaolimpica.es\/es\/wp-json\/wp\/v2\/posts\/21669\/revisions\/21673"}],"wp:featuredmedia":[{"embeddable":true,"href":"https:\/\/www.fundaciobarcelonaolimpica.es\/es\/wp-json\/wp\/v2\/media\/21666"}],"wp:attachment":[{"href":"https:\/\/www.fundaciobarcelonaolimpica.es\/es\/wp-json\/wp\/v2\/media?parent=21669"}],"wp:term":[{"taxonomy":"category","embeddable":true,"href":"https:\/\/www.fundaciobarcelonaolimpica.es\/es\/wp-json\/wp\/v2\/categories?post=21669"},{"taxonomy":"post_tag","embeddable":true,"href":"https:\/\/www.fundaciobarcelonaolimpica.es\/es\/wp-json\/wp\/v2\/tags?post=21669"}],"curies":[{"name":"wp","href":"https:\/\/api.w.org\/{rel}","templated":true}]}}